{"id":8527,"date":"2021-06-29T14:00:42","date_gmt":"2021-06-29T14:00:42","guid":{"rendered":"https:\/\/www.africa-press.net\/centrafricaine\/?p=8527"},"modified":"2021-06-29T19:37:47","modified_gmt":"2021-06-29T19:37:47","slug":"apres-paris-lue-reflechit-a-son-tour-a-suspendre-son-appui-budgetaire-en-centrafrique","status":"publish","type":"post","link":"https:\/\/www.africa-press.net\/centrafricaine\/politique\/apres-paris-lue-reflechit-a-son-tour-a-suspendre-son-appui-budgetaire-en-centrafrique","title":{"rendered":"Apr\u00e8s Paris, l\u2019UE r\u00e9fl\u00e9chit \u00e0 son tour \u00e0 suspendre son appui budg\u00e9taire en Centrafrique"},"content":{"rendered":"<p><span style=\"color: #ff6600\"><strong><a href=\"https:\/\/www.africa-press.net\/\">Africa-Press<\/a> &#8211; <a href=\"https:\/\/www.africa-press.net\/centrafricaine\">CentrAfricaine<\/a>.\u00a0 <\/strong><\/span>Alors que l\u2019influence du groupe paramilitaire russe Wagner ne cesse de s\u2019\u00e9tendre en Centrafrique, l\u2019Union europ\u00e9enne envisage de geler son prochain d\u00e9caissement de 30 millions d\u2019euros d\u2019appui budg\u00e9taire \u00e0 Bangui.<\/p>\n<p>Embo\u00eetant le pas \u00e0 la France (AI du 05\/05\/21), l\u2019Union europ\u00e9enne (UE) va-t-elle, elle aussi, suspendre son appui budg\u00e9taire \u00e0 la Centrafrique ? Le sujet fait actuellement l\u2019objet de discussions serr\u00e9es entre les 27 Etats-membres. Bruxelles doit th\u00e9oriquement verser une aide directe de 30 millions d\u2019euros \u00e0 l\u2019Etat centrafricain cet automne. Mais l\u2019activisme accru de la Russie dans le pays, combin\u00e9 aux campagnes visant la France et la mission des Nations unies dans le pays (Minusca), pourrait geler ce d\u00e9caissement.<\/p>\n<p>L\u2019UE craint que cet appui budg\u00e9taire ne vienne financer les Forces arm\u00e9es centrafricaines (FACA) et, donc, indirectement, le groupe paramilitaire russe Wagner associ\u00e9 \u00e0 la quasi-totalit\u00e9 de leurs op\u00e9rations. Le sujet a \u00e9t\u00e9 directement \u00e9voqu\u00e9 d\u00e9but juin avec le pr\u00e9sident centrafricain Faustin-Archange Touad\u00e9ra lors de la visite \u00e0 Bangui d\u2019une mission de l\u2019UE. Cette derni\u00e8re \u00e9tait emmen\u00e9e par Charles Fries, secr\u00e9taire g\u00e9n\u00e9ral adjoint charg\u00e9 \u201cde la politique de s\u00e9curit\u00e9 et de d\u00e9fense commune et de la r\u00e9ponse aux crises\u201d au Service europ\u00e9en pour l\u2019action ext\u00e9rieure (SEAE), et Rita Laranjinha, directrice Afrique de l\u2019UE.<\/p>\n<p>Cette probable inflexion de Bruxelles se produit dans un contexte de changement au sein de la d\u00e9l\u00e9gation de l\u2019UE \u00e0 Bangui. L\u2019actuelle ambassadrice, la diplomate italienne Samuela Isopi, en poste depuis 2018, est en effet sur le d\u00e9part.<\/p>\n<p><b>Le pr\u00e9c\u00e9dent de la France<\/b><\/p>\n<p>D\u00e8s le d\u00e9but du mois de mai, Africa Intelligence avait r\u00e9v\u00e9l\u00e9 que Paris avait suspendu son aide budg\u00e9taire \u00e0 la RCA pour les ann\u00e9es 2020 et 2021, ainsi que sa coop\u00e9ration militaire. Cette d\u00e9cision, relay\u00e9e par plusieurs journaux fran\u00e7ais d\u00e9but juin, est intervenue apr\u00e8s la multiplication ces derniers mois de campagnes visant la France, orchestr\u00e9es par plusieurs proches de Touad\u00e9ra.<\/p>\n<p><b>Paris y voit l\u2019ombre de Moscou.<\/b><\/p>\n<p>Dans ce contexte, le pr\u00e9sident centrafricain a tent\u00e9, \u00e0 la faveur du dernier remaniement, un \u2013 tr\u00e8s \u2013 l\u00e9ger \u201cr\u00e9\u00e9quilibrage\u201d. Il s\u2019est s\u00e9par\u00e9 de son premier ministre Firmin Ngrebada, pr\u00e9sent\u00e9 comme le principal soutien de la Russie dans le pays. Son successeur \u00e0 la primature, Henri-Marie Dondra, dit \u201cHMD\u201d, a re\u00e7u l\u2019ambassadeur de France \u00e0 Bangui fin juin et lui a assur\u00e9 son souhait de \u201ccoop\u00e9rer davantage avec Paris\u201d.<\/p>\n<p>&nbsp;<\/p>\n","protected":false},"excerpt":{"rendered":"<p>Africa-Press &#8211; CentrAfricaine.\u00a0 Alors que l\u2019influence du groupe paramilitaire russe Wagner ne cesse de s\u2019\u00e9tendre en Centrafrique, l\u2019Union europ\u00e9enne envisage de geler son prochain d\u00e9caissement de 30 millions d\u2019euros d\u2019appui budg\u00e9taire \u00e0 Bangui. Embo\u00eetant le pas \u00e0 la France (AI du 05\/05\/21), l\u2019Union europ\u00e9enne (UE) va-t-elle, elle aussi, suspendre son appui budg\u00e9taire \u00e0 la Centrafrique [&hellip;]<\/p>\n","protected":false},"author":82,"featured_media":8526,"comment_status":"open","ping_status":"closed","sticky":false,"template":"","format":"standard","meta":{"footnotes":""},"categories":[11,2,20,10],"tags":[36,58,30],"class_list":["post-8527","post","type-post","status-publish","format-standard","has-post-thumbnail","hentry","category-homepage-french","category-politique","category-top-nouvelles","category-toutes-les-actualites","tag-africa-press","tag-africa-press-centrafricaine","tag-centrafricaine"],"yoast_head":"<!-- This site is optimized with the Yoast SEO Premium plugin v26.1 (Yoast SEO v27.0) - https:\/\/yoast.com\/product\/yoast-seo-premium-wordpress\/ -->\n<title>Apr\u00e8s Paris, l\u2019UE r\u00e9fl\u00e9chit \u00e0 son tour \u00e0 suspendre son appui budg\u00e9taire en Centrafrique - centrafricaine<\/title>\n<meta name=\"description\" content=\"Bangui, R\u00e9publique centrafricaine, mardi, 29 juin 2021, 08:00:05 ( Corbeaunews-Centrafrique ). Alors que l\u2019influ ...\" \/>\n<meta name=\"robots\" content=\"index, follow, max-snippet:-1, max-image-preview:large, max-video-preview:-1\" \/>\n<link rel=\"canonical\" href=\"https:\/\/www.africa-press.net\/centrafricaine\/politique\/apres-paris-lue-reflechit-a-son-tour-a-suspendre-son-appui-budgetaire-en-centrafrique\" \/>\n<meta property=\"og:locale\" content=\"fr_FR\" \/>\n<meta property=\"og:type\" content=\"article\" \/>\n<meta property=\"og:title\" content=\"Apr\u00e8s Paris, l\u2019UE r\u00e9fl\u00e9chit \u00e0 son tour \u00e0 suspendre son appui budg\u00e9taire en Centrafrique\" \/>\n<meta property=\"og:description\" content=\"Bangui, R\u00e9publique centrafricaine, mardi, 29 juin 2021, 08:00:05 ( Corbeaunews-Centrafrique ). Alors que l\u2019influ ...\" \/>\n<meta property=\"og:url\" content=\"https:\/\/www.africa-press.net\/centrafricaine\/politique\/apres-paris-lue-reflechit-a-son-tour-a-suspendre-son-appui-budgetaire-en-centrafrique\" \/>\n<meta property=\"og:site_name\" content=\"centrafricaine\" \/>\n<meta property=\"article:published_time\" content=\"2021-06-29T14:00:42+00:00\" \/>\n<meta property=\"article:modified_time\" content=\"2021-06-29T19:37:47+00:00\" \/>\n<meta property=\"og:image\" content=\"https:\/\/static.africa-press.net\/centrafricaine\/sites\/45\/2021\/06\/img-60db26816572d.jpg\" \/>\n\t<meta property=\"og:image:width\" content=\"720\" \/>\n\t<meta property=\"og:image:height\" content=\"480\" \/>\n\t<meta property=\"og:image:type\" content=\"image\/jpeg\" \/>\n<meta name=\"author\" content=\"cfeditorfr\" \/>\n<meta name=\"twitter:card\" content=\"summary_large_image\" \/>\n<meta name=\"twitter:label1\" content=\"\u00c9crit par\" \/>\n\t<meta name=\"twitter:data1\" content=\"cfeditorfr\" \/>\n\t<meta name=\"twitter:label2\" content=\"Dur\u00e9e de lecture estim\u00e9e\" \/>\n\t<meta name=\"twitter:data2\" content=\"2 minutes\" \/>\n<script type=\"application\/ld+json\" class=\"yoast-schema-graph\">{\"@context\":\"https:\/\/schema.org\",\"@graph\":[{\"@type\":\"Article\",\"@id\":\"https:\/\/www.africa-press.net\/centrafricaine\/politique\/apres-paris-lue-reflechit-a-son-tour-a-suspendre-son-appui-budgetaire-en-centrafrique#article\",\"isPartOf\":{\"@id\":\"https:\/\/www.africa-press.net\/centrafricaine\/politique\/apres-paris-lue-reflechit-a-son-tour-a-suspendre-son-appui-budgetaire-en-centrafrique\"},\"author\":{\"name\":\"cfeditorfr\",\"@id\":\"https:\/\/www.africa-press.net\/centrafricaine\/#\/schema\/person\/2b1cf3cd81a31e3cd26889ca66d677f1\"},\"headline\":\"Apr\u00e8s Paris, l\u2019UE r\u00e9fl\u00e9chit \u00e0 son tour \u00e0 suspendre son appui budg\u00e9taire en Centrafrique\",\"datePublished\":\"2021-06-29T14:00:42+00:00\",\"dateModified\":\"2021-06-29T19:37:47+00:00\",\"mainEntityOfPage\":{\"@id\":\"https:\/\/www.africa-press.net\/centrafricaine\/politique\/apres-paris-lue-reflechit-a-son-tour-a-suspendre-son-appui-budgetaire-en-centrafrique\"},\"wordCount\":453,\"commentCount\":0,\"image\":{\"@id\":\"https:\/\/www.africa-press.net\/centrafricaine\/politique\/apres-paris-lue-reflechit-a-son-tour-a-suspendre-son-appui-budgetaire-en-centrafrique#primaryimage\"},\"thumbnailUrl\":\"https:\/\/static.africa-press.net\/centrafricaine\/sites\/45\/2021\/06\/img-60db26816572d.jpg\",\"keywords\":[\"Africa Press\",\"Africa Press-CentrAfricaine\",\"CentrAfricaine\"],\"articleSection\":[\"homepage-french\",\"Politique\",\"Top Nouvelles\",\"Toutes les actualit\u00e9s\"],\"inLanguage\":\"fr-FR\",\"potentialAction\":[{\"@type\":\"CommentAction\",\"name\":\"Comment\",\"target\":[\"https:\/\/www.africa-press.net\/centrafricaine\/politique\/apres-paris-lue-reflechit-a-son-tour-a-suspendre-son-appui-budgetaire-en-centrafrique#respond\"]}]},{\"@type\":\"WebPage\",\"@id\":\"https:\/\/www.africa-press.net\/centrafricaine\/politique\/apres-paris-lue-reflechit-a-son-tour-a-suspendre-son-appui-budgetaire-en-centrafrique\",\"url\":\"https:\/\/www.africa-press.net\/centrafricaine\/politique\/apres-paris-lue-reflechit-a-son-tour-a-suspendre-son-appui-budgetaire-en-centrafrique\",\"name\":\"Apr\u00e8s Paris, l\u2019UE r\u00e9fl\u00e9chit \u00e0 son tour \u00e0 suspendre son appui budg\u00e9taire en Centrafrique - centrafricaine\",\"isPartOf\":{\"@id\":\"https:\/\/www.africa-press.net\/centrafricaine\/#website\"},\"primaryImageOfPage\":{\"@id\":\"https:\/\/www.africa-press.net\/centrafricaine\/politique\/apres-paris-lue-reflechit-a-son-tour-a-suspendre-son-appui-budgetaire-en-centrafrique#primaryimage\"},\"image\":{\"@id\":\"https:\/\/www.africa-press.net\/centrafricaine\/politique\/apres-paris-lue-reflechit-a-son-tour-a-suspendre-son-appui-budgetaire-en-centrafrique#primaryimage\"},\"thumbnailUrl\":\"https:\/\/static.africa-press.net\/centrafricaine\/sites\/45\/2021\/06\/img-60db26816572d.jpg\",\"datePublished\":\"2021-06-29T14:00:42+00:00\",\"dateModified\":\"2021-06-29T19:37:47+00:00\",\"author\":{\"@id\":\"https:\/\/www.africa-press.net\/centrafricaine\/#\/schema\/person\/2b1cf3cd81a31e3cd26889ca66d677f1\"},\"description\":\"Bangui, R\u00e9publique centrafricaine, mardi, 29 juin 2021, 08:00:05 ( Corbeaunews-Centrafrique ). Alors que l\u2019influ ...\",\"breadcrumb\":{\"@id\":\"https:\/\/www.africa-press.net\/centrafricaine\/politique\/apres-paris-lue-reflechit-a-son-tour-a-suspendre-son-appui-budgetaire-en-centrafrique#breadcrumb\"},\"inLanguage\":\"fr-FR\",\"potentialAction\":[{\"@type\":\"ReadAction\",\"target\":[\"https:\/\/www.africa-press.net\/centrafricaine\/politique\/apres-paris-lue-reflechit-a-son-tour-a-suspendre-son-appui-budgetaire-en-centrafrique\"]}]},{\"@type\":\"ImageObject\",\"inLanguage\":\"fr-FR\",\"@id\":\"https:\/\/www.africa-press.net\/centrafricaine\/politique\/apres-paris-lue-reflechit-a-son-tour-a-suspendre-son-appui-budgetaire-en-centrafrique#primaryimage\",\"url\":\"https:\/\/static.africa-press.net\/centrafricaine\/sites\/45\/2021\/06\/img-60db26816572d.jpg\",\"contentUrl\":\"https:\/\/static.africa-press.net\/centrafricaine\/sites\/45\/2021\/06\/img-60db26816572d.jpg\",\"width\":720,\"height\":480,\"caption\":\"Apr\u00e8s Paris, l\u2019UE r\u00e9fl\u00e9chit \u00e0 son tour \u00e0 suspendre son appui budg\u00e9taire en Centrafrique\"},{\"@type\":\"BreadcrumbList\",\"@id\":\"https:\/\/www.africa-press.net\/centrafricaine\/politique\/apres-paris-lue-reflechit-a-son-tour-a-suspendre-son-appui-budgetaire-en-centrafrique#breadcrumb\",\"itemListElement\":[{\"@type\":\"ListItem\",\"position\":1,\"name\":\"Accueil\",\"item\":\"https:\/\/www.africa-press.net\/centrafricaine\/\"},{\"@type\":\"ListItem\",\"position\":2,\"name\":\"Apr\u00e8s Paris, l\u2019UE r\u00e9fl\u00e9chit \u00e0 son tour \u00e0 suspendre son appui budg\u00e9taire en Centrafrique\"}]},{\"@type\":\"WebSite\",\"@id\":\"https:\/\/www.africa-press.net\/centrafricaine\/#website\",\"url\":\"https:\/\/www.africa-press.net\/centrafricaine\/\",\"name\":\"centrafricaine\",\"description\":\"Just another Africa News Agency Sites site\",\"potentialAction\":[{\"@type\":\"SearchAction\",\"target\":{\"@type\":\"EntryPoint\",\"urlTemplate\":\"https:\/\/www.africa-press.net\/centrafricaine\/?s={search_term_string}\"},\"query-input\":{\"@type\":\"PropertyValueSpecification\",\"valueRequired\":true,\"valueName\":\"search_term_string\"}}],\"inLanguage\":\"fr-FR\"},{\"@type\":\"Person\",\"@id\":\"https:\/\/www.africa-press.net\/centrafricaine\/#\/schema\/person\/2b1cf3cd81a31e3cd26889ca66d677f1\",\"name\":\"cfeditorfr\"}]}<\/script>\n<!-- \/ Yoast SEO Premium plugin. -->","yoast_head_json":{"title":"Apr\u00e8s Paris, l\u2019UE r\u00e9fl\u00e9chit \u00e0 son tour \u00e0 suspendre son appui budg\u00e9taire en Centrafrique - centrafricaine","description":"Bangui, R\u00e9publique centrafricaine, mardi, 29 juin 2021, 08:00:05 ( Corbeaunews-Centrafrique ). Alors que l\u2019influ ...","robots":{"index":"index","follow":"follow","max-snippet":"max-snippet:-1","max-image-preview":"max-image-preview:large","max-video-preview":"max-video-preview:-1"},"canonical":"https:\/\/www.africa-press.net\/centrafricaine\/politique\/apres-paris-lue-reflechit-a-son-tour-a-suspendre-son-appui-budgetaire-en-centrafrique","og_locale":"fr_FR","og_type":"article","og_title":"Apr\u00e8s Paris, l\u2019UE r\u00e9fl\u00e9chit \u00e0 son tour \u00e0 suspendre son appui budg\u00e9taire en Centrafrique","og_description":"Bangui, R\u00e9publique centrafricaine, mardi, 29 juin 2021, 08:00:05 ( Corbeaunews-Centrafrique ). Alors que l\u2019influ ...","og_url":"https:\/\/www.africa-press.net\/centrafricaine\/politique\/apres-paris-lue-reflechit-a-son-tour-a-suspendre-son-appui-budgetaire-en-centrafrique","og_site_name":"centrafricaine","article_published_time":"2021-06-29T14:00:42+00:00","article_modified_time":"2021-06-29T19:37:47+00:00","og_image":[{"width":720,"height":480,"url":"https:\/\/static.africa-press.net\/centrafricaine\/sites\/45\/2021\/06\/img-60db26816572d.jpg","type":"image\/jpeg"}],"author":"cfeditorfr","twitter_card":"summary_large_image","twitter_misc":{"\u00c9crit par":"cfeditorfr","Dur\u00e9e de lecture estim\u00e9e":"2 minutes"},"schema":{"@context":"https:\/\/schema.org","@graph":[{"@type":"Article","@id":"https:\/\/www.africa-press.net\/centrafricaine\/politique\/apres-paris-lue-reflechit-a-son-tour-a-suspendre-son-appui-budgetaire-en-centrafrique#article","isPartOf":{"@id":"https:\/\/www.africa-press.net\/centrafricaine\/politique\/apres-paris-lue-reflechit-a-son-tour-a-suspendre-son-appui-budgetaire-en-centrafrique"},"author":{"name":"cfeditorfr","@id":"https:\/\/www.africa-press.net\/centrafricaine\/#\/schema\/person\/2b1cf3cd81a31e3cd26889ca66d677f1"},"headline":"Apr\u00e8s Paris, l\u2019UE r\u00e9fl\u00e9chit \u00e0 son tour \u00e0 suspendre son appui budg\u00e9taire en Centrafrique","datePublished":"2021-06-29T14:00:42+00:00","dateModified":"2021-06-29T19:37:47+00:00","mainEntityOfPage":{"@id":"https:\/\/www.africa-press.net\/centrafricaine\/politique\/apres-paris-lue-reflechit-a-son-tour-a-suspendre-son-appui-budgetaire-en-centrafrique"},"wordCount":453,"commentCount":0,"image":{"@id":"https:\/\/www.africa-press.net\/centrafricaine\/politique\/apres-paris-lue-reflechit-a-son-tour-a-suspendre-son-appui-budgetaire-en-centrafrique#primaryimage"},"thumbnailUrl":"https:\/\/static.africa-press.net\/centrafricaine\/sites\/45\/2021\/06\/img-60db26816572d.jpg","keywords":["Africa Press","Africa Press-CentrAfricaine","CentrAfricaine"],"articleSection":["homepage-french","Politique","Top Nouvelles","Toutes les actualit\u00e9s"],"inLanguage":"fr-FR","potentialAction":[{"@type":"CommentAction","name":"Comment","target":["https:\/\/www.africa-press.net\/centrafricaine\/politique\/apres-paris-lue-reflechit-a-son-tour-a-suspendre-son-appui-budgetaire-en-centrafrique#respond"]}]},{"@type":"WebPage","@id":"https:\/\/www.africa-press.net\/centrafricaine\/politique\/apres-paris-lue-reflechit-a-son-tour-a-suspendre-son-appui-budgetaire-en-centrafrique","url":"https:\/\/www.africa-press.net\/centrafricaine\/politique\/apres-paris-lue-reflechit-a-son-tour-a-suspendre-son-appui-budgetaire-en-centrafrique","name":"Apr\u00e8s Paris, l\u2019UE r\u00e9fl\u00e9chit \u00e0 son tour \u00e0 suspendre son appui budg\u00e9taire en Centrafrique - centrafricaine","isPartOf":{"@id":"https:\/\/www.africa-press.net\/centrafricaine\/#website"},"primaryImageOfPage":{"@id":"https:\/\/www.africa-press.net\/centrafricaine\/politique\/apres-paris-lue-reflechit-a-son-tour-a-suspendre-son-appui-budgetaire-en-centrafrique#primaryimage"},"image":{"@id":"https:\/\/www.africa-press.net\/centrafricaine\/politique\/apres-paris-lue-reflechit-a-son-tour-a-suspendre-son-appui-budgetaire-en-centrafrique#primaryimage"},"thumbnailUrl":"https:\/\/static.africa-press.net\/centrafricaine\/sites\/45\/2021\/06\/img-60db26816572d.jpg","datePublished":"2021-06-29T14:00:42+00:00","dateModified":"2021-06-29T19:37:47+00:00","author":{"@id":"https:\/\/www.africa-press.net\/centrafricaine\/#\/schema\/person\/2b1cf3cd81a31e3cd26889ca66d677f1"},"description":"Bangui, R\u00e9publique centrafricaine, mardi, 29 juin 2021, 08:00:05 ( Corbeaunews-Centrafrique ). Alors que l\u2019influ ...","breadcrumb":{"@id":"https:\/\/www.africa-press.net\/centrafricaine\/politique\/apres-paris-lue-reflechit-a-son-tour-a-suspendre-son-appui-budgetaire-en-centrafrique#breadcrumb"},"inLanguage":"fr-FR","potentialAction":[{"@type":"ReadAction","target":["https:\/\/www.africa-press.net\/centrafricaine\/politique\/apres-paris-lue-reflechit-a-son-tour-a-suspendre-son-appui-budgetaire-en-centrafrique"]}]},{"@type":"ImageObject","inLanguage":"fr-FR","@id":"https:\/\/www.africa-press.net\/centrafricaine\/politique\/apres-paris-lue-reflechit-a-son-tour-a-suspendre-son-appui-budgetaire-en-centrafrique#primaryimage","url":"https:\/\/static.africa-press.net\/centrafricaine\/sites\/45\/2021\/06\/img-60db26816572d.jpg","contentUrl":"https:\/\/static.africa-press.net\/centrafricaine\/sites\/45\/2021\/06\/img-60db26816572d.jpg","width":720,"height":480,"caption":"Apr\u00e8s Paris, l\u2019UE r\u00e9fl\u00e9chit \u00e0 son tour \u00e0 suspendre son appui budg\u00e9taire en Centrafrique"},{"@type":"BreadcrumbList","@id":"https:\/\/www.africa-press.net\/centrafricaine\/politique\/apres-paris-lue-reflechit-a-son-tour-a-suspendre-son-appui-budgetaire-en-centrafrique#breadcrumb","itemListElement":[{"@type":"ListItem","position":1,"name":"Accueil","item":"https:\/\/www.africa-press.net\/centrafricaine\/"},{"@type":"ListItem","position":2,"name":"Apr\u00e8s Paris, l\u2019UE r\u00e9fl\u00e9chit \u00e0 son tour \u00e0 suspendre son appui budg\u00e9taire en Centrafrique"}]},{"@type":"WebSite","@id":"https:\/\/www.africa-press.net\/centrafricaine\/#website","url":"https:\/\/www.africa-press.net\/centrafricaine\/","name":"centrafricaine","description":"Just another Africa News Agency Sites site","potentialAction":[{"@type":"SearchAction","target":{"@type":"EntryPoint","urlTemplate":"https:\/\/www.africa-press.net\/centrafricaine\/?s={search_term_string}"},"query-input":{"@type":"PropertyValueSpecification","valueRequired":true,"valueName":"search_term_string"}}],"inLanguage":"fr-FR"},{"@type":"Person","@id":"https:\/\/www.africa-press.net\/centrafricaine\/#\/schema\/person\/2b1cf3cd81a31e3cd26889ca66d677f1","name":"cfeditorfr"}]}},"_links":{"self":[{"href":"https:\/\/www.africa-press.net\/centrafricaine\/wp-json\/wp\/v2\/posts\/8527","targetHints":{"allow":["GET"]}}],"collection":[{"href":"https:\/\/www.africa-press.net\/centrafricaine\/wp-json\/wp\/v2\/posts"}],"about":[{"href":"https:\/\/www.africa-press.net\/centrafricaine\/wp-json\/wp\/v2\/types\/post"}],"author":[{"embeddable":true,"href":"https:\/\/www.africa-press.net\/centrafricaine\/wp-json\/wp\/v2\/users\/82"}],"replies":[{"embeddable":true,"href":"https:\/\/www.africa-press.net\/centrafricaine\/wp-json\/wp\/v2\/comments?post=8527"}],"version-history":[{"count":0,"href":"https:\/\/www.africa-press.net\/centrafricaine\/wp-json\/wp\/v2\/posts\/8527\/revisions"}],"wp:featuredmedia":[{"embeddable":true,"href":"https:\/\/www.africa-press.net\/centrafricaine\/wp-json\/wp\/v2\/media\/8526"}],"wp:attachment":[{"href":"https:\/\/www.africa-press.net\/centrafricaine\/wp-json\/wp\/v2\/media?parent=8527"}],"wp:term":[{"taxonomy":"category","embeddable":true,"href":"https:\/\/www.africa-press.net\/centrafricaine\/wp-json\/wp\/v2\/categories?post=8527"},{"taxonomy":"post_tag","embeddable":true,"href":"https:\/\/www.africa-press.net\/centrafricaine\/wp-json\/wp\/v2\/tags?post=8527"}],"curies":[{"name":"wp","href":"https:\/\/api.w.org\/{rel}","templated":true}]}}