{"id":8530,"date":"2021-06-29T14:08:36","date_gmt":"2021-06-29T14:08:36","guid":{"rendered":"https:\/\/www.africa-press.net\/centrafricaine\/?p=8530"},"modified":"2021-06-29T19:38:23","modified_gmt":"2021-06-29T19:38:23","slug":"rca-le-gouvernement-centrafricain-et-lunion-europeenne-renforcent-leur-cooperation-a-travers-un-dialogue-dit-politique","status":"publish","type":"post","link":"https:\/\/www.africa-press.net\/centrafricaine\/politique\/rca-le-gouvernement-centrafricain-et-lunion-europeenne-renforcent-leur-cooperation-a-travers-un-dialogue-dit-politique","title":{"rendered":"Le Gouvernement centrafricain et l\u2019Union europ\u00e9enne renforcent leur coop\u00e9ration \u00e0 travers un dialogue dit \u00ab\u00a0politique\u00a0\u00bb"},"content":{"rendered":"<p><span style=\"color: #ff6600\"><strong><a href=\"https:\/\/www.africa-press.net\/\">Africa-Press<\/a> &#8211; <a href=\"https:\/\/www.africa-press.net\/centrafricaine\">CentrAfricaine<\/a>.\u00a0 <\/strong><\/span>\u00a0L\u2019Union europ\u00e9enne et le Gouvernement centrafricain ont boucl\u00e9 leur troisi\u00e8me \u00e9dition du dialogue politique depuis 2016, visant \u00e0 d\u00e9finir un nouveau cycle de coop\u00e9ration de 2021 \u00e0 2027.<\/p>\n<p><b>Cette rencontre qui s\u2019est d\u00e9roul\u00e9e ce vendredi 25 juin 2021 \u00e0 Bangui, s\u2019inscrit dans le cadre de l\u2019article 8 de l\u2019Accord de Cotonou du 23 juin 2000 et sign\u00e9 par l\u2019Union europ\u00e9enne et les Etats d\u2019Afrique, des Cara\u00efbes et Pacifique.<\/b><\/p>\n<p>Depuis le retour \u00e0 l\u2019ordre constitutionnel en 2016, la RCA et l\u2019UE entrent dans leur phase de la troisi\u00e8me \u00e9dition annuelle du dialogue politique. C\u2019est un cadre qui permet aux deux parties d\u2019aborder sans ambages tous les sujets communs et de pr\u00e9occupations dans un esprit de partenariat, d\u2019amiti\u00e9 et de coop\u00e9ration b\u00e9n\u00e9fique.<\/p>\n<p>Cette rencontre annuelle a \u00e9t\u00e9 pr\u00e9sid\u00e9e personnellement par le Pr\u00e9sident centrafricain, Faustin Archange TOUADERA, et ceci en pr\u00e9sence de quelques hauts responsables de l\u2019UE dont Samuela Isopi, l\u2019Ambassadrice de l\u2019UE en Centrafrique. Huit (8) th\u00e9matiques ont \u00e9t\u00e9 inscrites \u00e0 l\u2019ordre du jour entre autres, la situation politique, le dialogue r\u00e9publicain, les droits de l\u2019Homme et les questions de la justice.<\/p>\n<p>Ce dialogue est un espace qui permet \u00e0 la R\u00e9publique centrafricaine et l\u2019Union europ\u00e9enne d\u2019\u00e9changer chaque ann\u00e9e sur des questions de compr\u00e9hension dans le cadre de coop\u00e9ration entre les deux parties. Ces pourparlers interviennent dans un contexte o\u00f9 la RCA fait face \u00e0 certaines pr\u00e9occupations qui r\u00e9clament l\u2019appui de ses partenaires dont l\u2019UE.<\/p>\n<p><b>\u00ab Aujourd\u2019hui, notre pays traverse des moments difficiles et cette situation a donn\u00e9 l\u2019opportunit\u00e9 au Chef de l\u2019Etat et au gouvernement, de r\u00e9pondre \u00e0 certaines pr\u00e9occupations pour une meilleure compr\u00e9hension avec nos partenaires. Je vous assure que toutes les questions pertinentes ont \u00e9t\u00e9 pos\u00e9es mais qui ont permis \u00e0 cette sortie de cette rencontre d\u2019avoir le c\u0153ur net que nous avons de bonne compr\u00e9hension et que nous devrions poursuivre ses \u00e9changes au niveau sectoriel pour renforcer ce cadre de coop\u00e9ration avec l\u2019Union europ\u00e9enne qui est notre meilleure partenaire \u00bb<\/b><\/p>\n<p>, a d\u00e9clar\u00e9 \u00e0 la presse F\u00e9lix MOLOUA, ministre d\u2019Etat de l\u2019\u00e9conomie et du plan qui a profit\u00e9 de cette occasion pour remercier la Cheffe de la d\u00e9l\u00e9gation de l\u2019UE-RCA, qui va bient\u00f4t arriver au terme de son mandat. Et selon ses propres termes, elle a beaucoup \u0153uvr\u00e9 pour la relance de l\u2019\u00e9conomie de son pays et une conseill\u00e8re qui discute avec le gouvernement d\u2019une mani\u00e8re directe et franche.<\/p>\n<p>Du c\u00f4t\u00e9 de l\u2019Union europ\u00e9enne, c\u2019est la satisfaction d\u2019avoir un \u00e9change franc avec les autorit\u00e9s du pays \u00e0 quelques jours de la nouvelle phase de la coop\u00e9ration de 2021 \u00e0 2027.<\/p>\n<p><b>\u00ab Cette r\u00e9union nous a permis surtout, d\u2019aborder les questions qui sont au c\u0153ur de certaines pr\u00e9occupations exprim\u00e9es par l\u2019Union europ\u00e9enne au gouvernement lors de la derni\u00e8re mission conjointe (l\u2019UE, l\u2019UA, CEEAC et UN). Nous avons discut\u00e9 en toute franchise de toutes les questions li\u00e9es \u00e0 des violations de droit humain, la d\u00e9sinformation, la situation humanitaire, la reforme du secteur de la s\u00e9curit\u00e9, le climat politique et le dialogue r\u00e9publicain\u2026 \u00bb<\/b><\/p>\n<p>, a d\u00e9clar\u00e9 \u00e0 la presse Samuela Isopi, l\u2019Ambassadrice de l\u2019UE-RCA.<\/p>\n<p>A l\u2019issue de cette rencontre, le Pr\u00e9sident centrafricain a remerci\u00e9 l\u2019UE pour son appui suppl\u00e9mentaire via la Mission civile, de politique de s\u00e9curit\u00e9 de d\u00e9fense commune afin d\u2019aider son pays dans le cadre de la formation des forces de d\u00e9fense et de s\u00e9curit\u00e9 et le renforcement des minist\u00e8res concern\u00e9s.<\/p>\n<p><b>\u00a0<\/b><\/p>\n","protected":false},"excerpt":{"rendered":"<p>Africa-Press &#8211; CentrAfricaine.\u00a0 \u00a0L\u2019Union europ\u00e9enne et le Gouvernement centrafricain ont boucl\u00e9 leur troisi\u00e8me \u00e9dition du dialogue politique depuis 2016, visant \u00e0 d\u00e9finir un nouveau cycle de coop\u00e9ration de 2021 \u00e0 2027. Cette rencontre qui s\u2019est d\u00e9roul\u00e9e ce vendredi 25 juin 2021 \u00e0 Bangui, s\u2019inscrit dans le cadre de l\u2019article 8 de l\u2019Accord de Cotonou du [&hellip;]<\/p>\n","protected":false},"author":82,"featured_media":8529,"comment_status":"open","ping_status":"closed","sticky":false,"template":"","format":"standard","meta":{"footnotes":""},"categories":[11,2,20,10],"tags":[36,58,30],"class_list":["post-8530","post","type-post","status-publish","format-standard","has-post-thumbnail","hentry","category-homepage-french","category-politique","category-top-nouvelles","category-toutes-les-actualites","tag-africa-press","tag-africa-press-centrafricaine","tag-centrafricaine"],"yoast_head":"<!-- This site is optimized with the Yoast SEO Premium plugin v26.1 (Yoast SEO v27.0) - https:\/\/yoast.com\/product\/yoast-seo-premium-wordpress\/ -->\n<title>Le Gouvernement centrafricain et l\u2019Union europ\u00e9enne renforcent leur coop\u00e9ration \u00e0 travers un dialogue dit \u00ab\u00a0politique\u00a0\u00bb - centrafricaine<\/title>\n<meta name=\"description\" content=\"Bangui, R\u00e9publique centrafricaine, mardi, 29 juin 2021, 03:01:18 ( Corbeaunews-Centrafrique ). L\u2019Union europ\u00e9enn ...\" \/>\n<meta name=\"robots\" content=\"index, follow, max-snippet:-1, max-image-preview:large, max-video-preview:-1\" \/>\n<link rel=\"canonical\" href=\"https:\/\/www.africa-press.net\/centrafricaine\/politique\/rca-le-gouvernement-centrafricain-et-lunion-europeenne-renforcent-leur-cooperation-a-travers-un-dialogue-dit-politique\" \/>\n<meta property=\"og:locale\" content=\"fr_FR\" \/>\n<meta property=\"og:type\" content=\"article\" \/>\n<meta property=\"og:title\" content=\"Le Gouvernement centrafricain et l\u2019Union europ\u00e9enne renforcent leur coop\u00e9ration \u00e0 travers un dialogue dit \u00ab\u00a0politique\u00a0\u00bb\" \/>\n<meta property=\"og:description\" content=\"Bangui, R\u00e9publique centrafricaine, mardi, 29 juin 2021, 03:01:18 ( Corbeaunews-Centrafrique ). L\u2019Union europ\u00e9enn ...\" \/>\n<meta property=\"og:url\" content=\"https:\/\/www.africa-press.net\/centrafricaine\/politique\/rca-le-gouvernement-centrafricain-et-lunion-europeenne-renforcent-leur-cooperation-a-travers-un-dialogue-dit-politique\" \/>\n<meta property=\"og:site_name\" content=\"centrafricaine\" \/>\n<meta property=\"article:published_time\" content=\"2021-06-29T14:08:36+00:00\" \/>\n<meta property=\"article:modified_time\" content=\"2021-06-29T19:38:23+00:00\" \/>\n<meta property=\"og:image\" content=\"https:\/\/static.africa-press.net\/centrafricaine\/sites\/45\/2021\/06\/img-60db26c0d7a18.jpg\" \/>\n\t<meta property=\"og:image:width\" content=\"720\" \/>\n\t<meta property=\"og:image:height\" content=\"540\" \/>\n\t<meta property=\"og:image:type\" content=\"image\/jpeg\" \/>\n<meta name=\"author\" content=\"cfeditorfr\" \/>\n<meta name=\"twitter:card\" content=\"summary_large_image\" \/>\n<meta name=\"twitter:label1\" content=\"\u00c9crit par\" \/>\n\t<meta name=\"twitter:data1\" content=\"cfeditorfr\" \/>\n\t<meta name=\"twitter:label2\" content=\"Dur\u00e9e de lecture estim\u00e9e\" \/>\n\t<meta name=\"twitter:data2\" content=\"3 minutes\" \/>\n<script type=\"application\/ld+json\" class=\"yoast-schema-graph\">{\"@context\":\"https:\/\/schema.org\",\"@graph\":[{\"@type\":\"Article\",\"@id\":\"https:\/\/www.africa-press.net\/centrafricaine\/politique\/rca-le-gouvernement-centrafricain-et-lunion-europeenne-renforcent-leur-cooperation-a-travers-un-dialogue-dit-politique#article\",\"isPartOf\":{\"@id\":\"https:\/\/www.africa-press.net\/centrafricaine\/politique\/rca-le-gouvernement-centrafricain-et-lunion-europeenne-renforcent-leur-cooperation-a-travers-un-dialogue-dit-politique\"},\"author\":{\"name\":\"cfeditorfr\",\"@id\":\"https:\/\/www.africa-press.net\/centrafricaine\/#\/schema\/person\/2b1cf3cd81a31e3cd26889ca66d677f1\"},\"headline\":\"Le Gouvernement centrafricain et l\u2019Union europ\u00e9enne renforcent leur coop\u00e9ration \u00e0 travers un dialogue dit \u00ab\u00a0politique\u00a0\u00bb\",\"datePublished\":\"2021-06-29T14:08:36+00:00\",\"dateModified\":\"2021-06-29T19:38:23+00:00\",\"mainEntityOfPage\":{\"@id\":\"https:\/\/www.africa-press.net\/centrafricaine\/politique\/rca-le-gouvernement-centrafricain-et-lunion-europeenne-renforcent-leur-cooperation-a-travers-un-dialogue-dit-politique\"},\"wordCount\":648,\"commentCount\":0,\"image\":{\"@id\":\"https:\/\/www.africa-press.net\/centrafricaine\/politique\/rca-le-gouvernement-centrafricain-et-lunion-europeenne-renforcent-leur-cooperation-a-travers-un-dialogue-dit-politique#primaryimage\"},\"thumbnailUrl\":\"https:\/\/static.africa-press.net\/centrafricaine\/sites\/45\/2021\/06\/img-60db26c0d7a18.jpg\",\"keywords\":[\"Africa Press\",\"Africa Press-CentrAfricaine\",\"CentrAfricaine\"],\"articleSection\":[\"homepage-french\",\"Politique\",\"Top Nouvelles\",\"Toutes les actualit\u00e9s\"],\"inLanguage\":\"fr-FR\",\"potentialAction\":[{\"@type\":\"CommentAction\",\"name\":\"Comment\",\"target\":[\"https:\/\/www.africa-press.net\/centrafricaine\/politique\/rca-le-gouvernement-centrafricain-et-lunion-europeenne-renforcent-leur-cooperation-a-travers-un-dialogue-dit-politique#respond\"]}]},{\"@type\":\"WebPage\",\"@id\":\"https:\/\/www.africa-press.net\/centrafricaine\/politique\/rca-le-gouvernement-centrafricain-et-lunion-europeenne-renforcent-leur-cooperation-a-travers-un-dialogue-dit-politique\",\"url\":\"https:\/\/www.africa-press.net\/centrafricaine\/politique\/rca-le-gouvernement-centrafricain-et-lunion-europeenne-renforcent-leur-cooperation-a-travers-un-dialogue-dit-politique\",\"name\":\"Le Gouvernement centrafricain et l\u2019Union europ\u00e9enne renforcent leur coop\u00e9ration \u00e0 travers un dialogue dit \u00ab\u00a0politique\u00a0\u00bb - centrafricaine\",\"isPartOf\":{\"@id\":\"https:\/\/www.africa-press.net\/centrafricaine\/#website\"},\"primaryImageOfPage\":{\"@id\":\"https:\/\/www.africa-press.net\/centrafricaine\/politique\/rca-le-gouvernement-centrafricain-et-lunion-europeenne-renforcent-leur-cooperation-a-travers-un-dialogue-dit-politique#primaryimage\"},\"image\":{\"@id\":\"https:\/\/www.africa-press.net\/centrafricaine\/politique\/rca-le-gouvernement-centrafricain-et-lunion-europeenne-renforcent-leur-cooperation-a-travers-un-dialogue-dit-politique#primaryimage\"},\"thumbnailUrl\":\"https:\/\/static.africa-press.net\/centrafricaine\/sites\/45\/2021\/06\/img-60db26c0d7a18.jpg\",\"datePublished\":\"2021-06-29T14:08:36+00:00\",\"dateModified\":\"2021-06-29T19:38:23+00:00\",\"author\":{\"@id\":\"https:\/\/www.africa-press.net\/centrafricaine\/#\/schema\/person\/2b1cf3cd81a31e3cd26889ca66d677f1\"},\"description\":\"Bangui, R\u00e9publique centrafricaine, mardi, 29 juin 2021, 03:01:18 ( Corbeaunews-Centrafrique ). L\u2019Union europ\u00e9enn ...\",\"breadcrumb\":{\"@id\":\"https:\/\/www.africa-press.net\/centrafricaine\/politique\/rca-le-gouvernement-centrafricain-et-lunion-europeenne-renforcent-leur-cooperation-a-travers-un-dialogue-dit-politique#breadcrumb\"},\"inLanguage\":\"fr-FR\",\"potentialAction\":[{\"@type\":\"ReadAction\",\"target\":[\"https:\/\/www.africa-press.net\/centrafricaine\/politique\/rca-le-gouvernement-centrafricain-et-lunion-europeenne-renforcent-leur-cooperation-a-travers-un-dialogue-dit-politique\"]}]},{\"@type\":\"ImageObject\",\"inLanguage\":\"fr-FR\",\"@id\":\"https:\/\/www.africa-press.net\/centrafricaine\/politique\/rca-le-gouvernement-centrafricain-et-lunion-europeenne-renforcent-leur-cooperation-a-travers-un-dialogue-dit-politique#primaryimage\",\"url\":\"https:\/\/static.africa-press.net\/centrafricaine\/sites\/45\/2021\/06\/img-60db26c0d7a18.jpg\",\"contentUrl\":\"https:\/\/static.africa-press.net\/centrafricaine\/sites\/45\/2021\/06\/img-60db26c0d7a18.jpg\",\"width\":720,\"height\":540,\"caption\":\"RCA\u00a0: Le Gouvernement centrafricain et l\u2019Union europ\u00e9enne renforcent leur coop\u00e9ration \u00e0 travers un dialogue dit \u00ab\u00a0politique\u00a0\u00bb\"},{\"@type\":\"BreadcrumbList\",\"@id\":\"https:\/\/www.africa-press.net\/centrafricaine\/politique\/rca-le-gouvernement-centrafricain-et-lunion-europeenne-renforcent-leur-cooperation-a-travers-un-dialogue-dit-politique#breadcrumb\",\"itemListElement\":[{\"@type\":\"ListItem\",\"position\":1,\"name\":\"Accueil\",\"item\":\"https:\/\/www.africa-press.net\/centrafricaine\/\"},{\"@type\":\"ListItem\",\"position\":2,\"name\":\"Le Gouvernement centrafricain et l\u2019Union europ\u00e9enne renforcent leur coop\u00e9ration \u00e0 travers un dialogue dit \u00ab\u00a0politique\u00a0\u00bb\"}]},{\"@type\":\"WebSite\",\"@id\":\"https:\/\/www.africa-press.net\/centrafricaine\/#website\",\"url\":\"https:\/\/www.africa-press.net\/centrafricaine\/\",\"name\":\"centrafricaine\",\"description\":\"Just another Africa News Agency Sites site\",\"potentialAction\":[{\"@type\":\"SearchAction\",\"target\":{\"@type\":\"EntryPoint\",\"urlTemplate\":\"https:\/\/www.africa-press.net\/centrafricaine\/?s={search_term_string}\"},\"query-input\":{\"@type\":\"PropertyValueSpecification\",\"valueRequired\":true,\"valueName\":\"search_term_string\"}}],\"inLanguage\":\"fr-FR\"},{\"@type\":\"Person\",\"@id\":\"https:\/\/www.africa-press.net\/centrafricaine\/#\/schema\/person\/2b1cf3cd81a31e3cd26889ca66d677f1\",\"name\":\"cfeditorfr\"}]}<\/script>\n<!-- \/ Yoast SEO Premium plugin. -->","yoast_head_json":{"title":"Le Gouvernement centrafricain et l\u2019Union europ\u00e9enne renforcent leur coop\u00e9ration \u00e0 travers un dialogue dit \u00ab\u00a0politique\u00a0\u00bb - centrafricaine","description":"Bangui, R\u00e9publique centrafricaine, mardi, 29 juin 2021, 03:01:18 ( Corbeaunews-Centrafrique ). L\u2019Union europ\u00e9enn ...","robots":{"index":"index","follow":"follow","max-snippet":"max-snippet:-1","max-image-preview":"max-image-preview:large","max-video-preview":"max-video-preview:-1"},"canonical":"https:\/\/www.africa-press.net\/centrafricaine\/politique\/rca-le-gouvernement-centrafricain-et-lunion-europeenne-renforcent-leur-cooperation-a-travers-un-dialogue-dit-politique","og_locale":"fr_FR","og_type":"article","og_title":"Le Gouvernement centrafricain et l\u2019Union europ\u00e9enne renforcent leur coop\u00e9ration \u00e0 travers un dialogue dit \u00ab\u00a0politique\u00a0\u00bb","og_description":"Bangui, R\u00e9publique centrafricaine, mardi, 29 juin 2021, 03:01:18 ( Corbeaunews-Centrafrique ). L\u2019Union europ\u00e9enn ...","og_url":"https:\/\/www.africa-press.net\/centrafricaine\/politique\/rca-le-gouvernement-centrafricain-et-lunion-europeenne-renforcent-leur-cooperation-a-travers-un-dialogue-dit-politique","og_site_name":"centrafricaine","article_published_time":"2021-06-29T14:08:36+00:00","article_modified_time":"2021-06-29T19:38:23+00:00","og_image":[{"width":720,"height":540,"url":"https:\/\/static.africa-press.net\/centrafricaine\/sites\/45\/2021\/06\/img-60db26c0d7a18.jpg","type":"image\/jpeg"}],"author":"cfeditorfr","twitter_card":"summary_large_image","twitter_misc":{"\u00c9crit par":"cfeditorfr","Dur\u00e9e de lecture estim\u00e9e":"3 minutes"},"schema":{"@context":"https:\/\/schema.org","@graph":[{"@type":"Article","@id":"https:\/\/www.africa-press.net\/centrafricaine\/politique\/rca-le-gouvernement-centrafricain-et-lunion-europeenne-renforcent-leur-cooperation-a-travers-un-dialogue-dit-politique#article","isPartOf":{"@id":"https:\/\/www.africa-press.net\/centrafricaine\/politique\/rca-le-gouvernement-centrafricain-et-lunion-europeenne-renforcent-leur-cooperation-a-travers-un-dialogue-dit-politique"},"author":{"name":"cfeditorfr","@id":"https:\/\/www.africa-press.net\/centrafricaine\/#\/schema\/person\/2b1cf3cd81a31e3cd26889ca66d677f1"},"headline":"Le Gouvernement centrafricain et l\u2019Union europ\u00e9enne renforcent leur coop\u00e9ration \u00e0 travers un dialogue dit \u00ab\u00a0politique\u00a0\u00bb","datePublished":"2021-06-29T14:08:36+00:00","dateModified":"2021-06-29T19:38:23+00:00","mainEntityOfPage":{"@id":"https:\/\/www.africa-press.net\/centrafricaine\/politique\/rca-le-gouvernement-centrafricain-et-lunion-europeenne-renforcent-leur-cooperation-a-travers-un-dialogue-dit-politique"},"wordCount":648,"commentCount":0,"image":{"@id":"https:\/\/www.africa-press.net\/centrafricaine\/politique\/rca-le-gouvernement-centrafricain-et-lunion-europeenne-renforcent-leur-cooperation-a-travers-un-dialogue-dit-politique#primaryimage"},"thumbnailUrl":"https:\/\/static.africa-press.net\/centrafricaine\/sites\/45\/2021\/06\/img-60db26c0d7a18.jpg","keywords":["Africa Press","Africa Press-CentrAfricaine","CentrAfricaine"],"articleSection":["homepage-french","Politique","Top Nouvelles","Toutes les actualit\u00e9s"],"inLanguage":"fr-FR","potentialAction":[{"@type":"CommentAction","name":"Comment","target":["https:\/\/www.africa-press.net\/centrafricaine\/politique\/rca-le-gouvernement-centrafricain-et-lunion-europeenne-renforcent-leur-cooperation-a-travers-un-dialogue-dit-politique#respond"]}]},{"@type":"WebPage","@id":"https:\/\/www.africa-press.net\/centrafricaine\/politique\/rca-le-gouvernement-centrafricain-et-lunion-europeenne-renforcent-leur-cooperation-a-travers-un-dialogue-dit-politique","url":"https:\/\/www.africa-press.net\/centrafricaine\/politique\/rca-le-gouvernement-centrafricain-et-lunion-europeenne-renforcent-leur-cooperation-a-travers-un-dialogue-dit-politique","name":"Le Gouvernement centrafricain et l\u2019Union europ\u00e9enne renforcent leur coop\u00e9ration \u00e0 travers un dialogue dit \u00ab\u00a0politique\u00a0\u00bb - centrafricaine","isPartOf":{"@id":"https:\/\/www.africa-press.net\/centrafricaine\/#website"},"primaryImageOfPage":{"@id":"https:\/\/www.africa-press.net\/centrafricaine\/politique\/rca-le-gouvernement-centrafricain-et-lunion-europeenne-renforcent-leur-cooperation-a-travers-un-dialogue-dit-politique#primaryimage"},"image":{"@id":"https:\/\/www.africa-press.net\/centrafricaine\/politique\/rca-le-gouvernement-centrafricain-et-lunion-europeenne-renforcent-leur-cooperation-a-travers-un-dialogue-dit-politique#primaryimage"},"thumbnailUrl":"https:\/\/static.africa-press.net\/centrafricaine\/sites\/45\/2021\/06\/img-60db26c0d7a18.jpg","datePublished":"2021-06-29T14:08:36+00:00","dateModified":"2021-06-29T19:38:23+00:00","author":{"@id":"https:\/\/www.africa-press.net\/centrafricaine\/#\/schema\/person\/2b1cf3cd81a31e3cd26889ca66d677f1"},"description":"Bangui, R\u00e9publique centrafricaine, mardi, 29 juin 2021, 03:01:18 ( Corbeaunews-Centrafrique ). L\u2019Union europ\u00e9enn ...","breadcrumb":{"@id":"https:\/\/www.africa-press.net\/centrafricaine\/politique\/rca-le-gouvernement-centrafricain-et-lunion-europeenne-renforcent-leur-cooperation-a-travers-un-dialogue-dit-politique#breadcrumb"},"inLanguage":"fr-FR","potentialAction":[{"@type":"ReadAction","target":["https:\/\/www.africa-press.net\/centrafricaine\/politique\/rca-le-gouvernement-centrafricain-et-lunion-europeenne-renforcent-leur-cooperation-a-travers-un-dialogue-dit-politique"]}]},{"@type":"ImageObject","inLanguage":"fr-FR","@id":"https:\/\/www.africa-press.net\/centrafricaine\/politique\/rca-le-gouvernement-centrafricain-et-lunion-europeenne-renforcent-leur-cooperation-a-travers-un-dialogue-dit-politique#primaryimage","url":"https:\/\/static.africa-press.net\/centrafricaine\/sites\/45\/2021\/06\/img-60db26c0d7a18.jpg","contentUrl":"https:\/\/static.africa-press.net\/centrafricaine\/sites\/45\/2021\/06\/img-60db26c0d7a18.jpg","width":720,"height":540,"caption":"RCA\u00a0: Le Gouvernement centrafricain et l\u2019Union europ\u00e9enne renforcent leur coop\u00e9ration \u00e0 travers un dialogue dit \u00ab\u00a0politique\u00a0\u00bb"},{"@type":"BreadcrumbList","@id":"https:\/\/www.africa-press.net\/centrafricaine\/politique\/rca-le-gouvernement-centrafricain-et-lunion-europeenne-renforcent-leur-cooperation-a-travers-un-dialogue-dit-politique#breadcrumb","itemListElement":[{"@type":"ListItem","position":1,"name":"Accueil","item":"https:\/\/www.africa-press.net\/centrafricaine\/"},{"@type":"ListItem","position":2,"name":"Le Gouvernement centrafricain et l\u2019Union europ\u00e9enne renforcent leur coop\u00e9ration \u00e0 travers un dialogue dit \u00ab\u00a0politique\u00a0\u00bb"}]},{"@type":"WebSite","@id":"https:\/\/www.africa-press.net\/centrafricaine\/#website","url":"https:\/\/www.africa-press.net\/centrafricaine\/","name":"centrafricaine","description":"Just another Africa News Agency Sites site","potentialAction":[{"@type":"SearchAction","target":{"@type":"EntryPoint","urlTemplate":"https:\/\/www.africa-press.net\/centrafricaine\/?s={search_term_string}"},"query-input":{"@type":"PropertyValueSpecification","valueRequired":true,"valueName":"search_term_string"}}],"inLanguage":"fr-FR"},{"@type":"Person","@id":"https:\/\/www.africa-press.net\/centrafricaine\/#\/schema\/person\/2b1cf3cd81a31e3cd26889ca66d677f1","name":"cfeditorfr"}]}},"_links":{"self":[{"href":"https:\/\/www.africa-press.net\/centrafricaine\/wp-json\/wp\/v2\/posts\/8530","targetHints":{"allow":["GET"]}}],"collection":[{"href":"https:\/\/www.africa-press.net\/centrafricaine\/wp-json\/wp\/v2\/posts"}],"about":[{"href":"https:\/\/www.africa-press.net\/centrafricaine\/wp-json\/wp\/v2\/types\/post"}],"author":[{"embeddable":true,"href":"https:\/\/www.africa-press.net\/centrafricaine\/wp-json\/wp\/v2\/users\/82"}],"replies":[{"embeddable":true,"href":"https:\/\/www.africa-press.net\/centrafricaine\/wp-json\/wp\/v2\/comments?post=8530"}],"version-history":[{"count":0,"href":"https:\/\/www.africa-press.net\/centrafricaine\/wp-json\/wp\/v2\/posts\/8530\/revisions"}],"wp:featuredmedia":[{"embeddable":true,"href":"https:\/\/www.africa-press.net\/centrafricaine\/wp-json\/wp\/v2\/media\/8529"}],"wp:attachment":[{"href":"https:\/\/www.africa-press.net\/centrafricaine\/wp-json\/wp\/v2\/media?parent=8530"}],"wp:term":[{"taxonomy":"category","embeddable":true,"href":"https:\/\/www.africa-press.net\/centrafricaine\/wp-json\/wp\/v2\/categories?post=8530"},{"taxonomy":"post_tag","embeddable":true,"href":"https:\/\/www.africa-press.net\/centrafricaine\/wp-json\/wp\/v2\/tags?post=8530"}],"curies":[{"name":"wp","href":"https:\/\/api.w.org\/{rel}","templated":true}]}}