{"id":8536,"date":"2021-06-29T14:21:11","date_gmt":"2021-06-29T14:21:11","guid":{"rendered":"https:\/\/www.africa-press.net\/centrafricaine\/?p=8536"},"modified":"2021-06-29T19:38:47","modified_gmt":"2021-06-29T19:38:47","slug":"alindao-larmee-centrafricaine-indique-avoir-repousse-une-attaque-de-lupc-avec-le-soutien-de-la-minusca","status":"publish","type":"post","link":"https:\/\/www.africa-press.net\/centrafricaine\/politique\/alindao-larmee-centrafricaine-indique-avoir-repousse-une-attaque-de-lupc-avec-le-soutien-de-la-minusca","title":{"rendered":"Alindao, l\u2019arm\u00e9e centrafricaine indique avoir repouss\u00e9 une attaque de l\u2019UPC avec le soutien de la Minusca"},"content":{"rendered":"<p><span style=\"color: #ff6600\"><strong><a href=\"https:\/\/www.africa-press.net\/\">Africa-Press<\/a> &#8211; <a href=\"https:\/\/www.africa-press.net\/centrafricaine\">CentrAfricaine<\/a>. <\/strong><\/span>\u00a0Des hommes arm\u00e9s assimil\u00e9s aux rebelles de l\u2019UPC ont lanc\u00e9 un violent assaut ce lundi 28 juin vers 4h50 du matin contre les positions des forces de d\u00e9fense nationale. Apr\u00e8s quelques heures d\u2019affrontement, l\u2019arm\u00e9e centrafricaine avec l\u2019appui de la Minusca affirme que l\u2019attaque est repouss\u00e9e, et que les assaillants seraient mis en d\u00e9route. Or, sur le terrain, des sources locales affirment le contraire.<\/p>\n<p><b>\u00ab Les informations que nous avons du terrain c\u2019est que il y\u2019a eu effectivement ce matin tr\u00e8s t\u00f4t une attaque men\u00e9e par les combattants de l\u2019UPC contre les forces de d\u00e9fense et de s\u00e9curit\u00e9 centrafricaine. Nous n\u2019avons pas de bilan mais nos Casques bleus ont travaill\u00e9 ensemble avec les forces de d\u00e9fense et de s\u00e9curit\u00e9. Il y\u2019a eu des \u00e9changes des tirs, ce qui a pouss\u00e9 ces \u00e9l\u00e9ments de l\u2019UPC \u00e0 s\u2019enfuir vers la brousse. Nous continuons sur place \u00e0 monitorer la situation. Encore une fois, nous resterons ensemble au c\u00f4t\u00e9 des FACA \u00bb<\/b><\/p>\n<p>, d\u00e9clare Vladimir Monteiro, porte-parole de la Minusca.<\/p>\n<p>Pendant ce temps, des sources locales jointes au t\u00e9l\u00e9phone indiquent le contraire. Elles disent que les rebelles sont toujours dans la ville tandis que les Casques bleus gabonais patrouillent au centre-ville.<\/p>\n<p>Selon les m\u00eame sources, les d\u00e9tonations d\u2019armes se sont estomp\u00e9es, et les rebelles n\u2019attaquent pas particuli\u00e8rement les civils.<\/p>\n<p>Le bilan fait \u00e9tat de quatre morts, dont deux gendarmes et deux civils. Pendant ce temps, ces brefs affrontements ont engendr\u00e9 le d\u00e9placement massif de la population vers l\u2019h\u00f4pital du district d\u2019Alindao. Aucune installation humanitaire n\u2019a \u00e9t\u00e9 touch\u00e9e par ces violences.<\/p>\n<p><b>\u00a0<\/b><\/p>\n","protected":false},"excerpt":{"rendered":"<p>Africa-Press &#8211; CentrAfricaine. \u00a0Des hommes arm\u00e9s assimil\u00e9s aux rebelles de l\u2019UPC ont lanc\u00e9 un violent assaut ce lundi 28 juin vers 4h50 du matin contre les positions des forces de d\u00e9fense nationale. Apr\u00e8s quelques heures d\u2019affrontement, l\u2019arm\u00e9e centrafricaine avec l\u2019appui de la Minusca affirme que l\u2019attaque est repouss\u00e9e, et que les assaillants seraient mis en [&hellip;]<\/p>\n","protected":false},"author":82,"featured_media":8535,"comment_status":"open","ping_status":"closed","sticky":false,"template":"","format":"standard","meta":{"footnotes":""},"categories":[11,2,10],"tags":[36,58,30],"class_list":["post-8536","post","type-post","status-publish","format-standard","has-post-thumbnail","hentry","category-homepage-french","category-politique","category-toutes-les-actualites","tag-africa-press","tag-africa-press-centrafricaine","tag-centrafricaine"],"yoast_head":"<!-- This site is optimized with the Yoast SEO Premium plugin v26.1 (Yoast SEO v27.0) - https:\/\/yoast.com\/product\/yoast-seo-premium-wordpress\/ -->\n<title>Alindao, l\u2019arm\u00e9e centrafricaine indique avoir repouss\u00e9 une attaque de l\u2019UPC avec le soutien de la Minusca - centrafricaine<\/title>\n<meta name=\"description\" content=\"Bangui, R\u00e9publique centrafricaine, mardi, 29 juin 2021, 03:40:32 ( Corbeaunews-Centrafrique ). Des hommes arm\u00e9s ...\" \/>\n<meta name=\"robots\" content=\"index, follow, max-snippet:-1, max-image-preview:large, max-video-preview:-1\" \/>\n<link rel=\"canonical\" href=\"https:\/\/www.africa-press.net\/centrafricaine\/politique\/alindao-larmee-centrafricaine-indique-avoir-repousse-une-attaque-de-lupc-avec-le-soutien-de-la-minusca\" \/>\n<meta property=\"og:locale\" content=\"fr_FR\" \/>\n<meta property=\"og:type\" content=\"article\" \/>\n<meta property=\"og:title\" content=\"Alindao, l\u2019arm\u00e9e centrafricaine indique avoir repouss\u00e9 une attaque de l\u2019UPC avec le soutien de la Minusca\" \/>\n<meta property=\"og:description\" content=\"Bangui, R\u00e9publique centrafricaine, mardi, 29 juin 2021, 03:40:32 ( Corbeaunews-Centrafrique ). Des hommes arm\u00e9s ...\" \/>\n<meta property=\"og:url\" content=\"https:\/\/www.africa-press.net\/centrafricaine\/politique\/alindao-larmee-centrafricaine-indique-avoir-repousse-une-attaque-de-lupc-avec-le-soutien-de-la-minusca\" \/>\n<meta property=\"og:site_name\" content=\"centrafricaine\" \/>\n<meta property=\"article:published_time\" content=\"2021-06-29T14:21:11+00:00\" \/>\n<meta property=\"article:modified_time\" content=\"2021-06-29T19:38:47+00:00\" \/>\n<meta property=\"og:image\" content=\"https:\/\/static.africa-press.net\/centrafricaine\/sites\/45\/2021\/06\/img-60db271fea816.jpg\" \/>\n\t<meta property=\"og:image:width\" content=\"750\" \/>\n\t<meta property=\"og:image:height\" content=\"500\" \/>\n\t<meta property=\"og:image:type\" content=\"image\/jpeg\" \/>\n<meta name=\"author\" content=\"cfeditorfr\" \/>\n<meta name=\"twitter:card\" content=\"summary_large_image\" \/>\n<meta name=\"twitter:label1\" content=\"\u00c9crit par\" \/>\n\t<meta name=\"twitter:data1\" content=\"cfeditorfr\" \/>\n\t<meta name=\"twitter:label2\" content=\"Dur\u00e9e de lecture estim\u00e9e\" \/>\n\t<meta name=\"twitter:data2\" content=\"2 minutes\" \/>\n<script type=\"application\/ld+json\" class=\"yoast-schema-graph\">{\"@context\":\"https:\/\/schema.org\",\"@graph\":[{\"@type\":\"Article\",\"@id\":\"https:\/\/www.africa-press.net\/centrafricaine\/politique\/alindao-larmee-centrafricaine-indique-avoir-repousse-une-attaque-de-lupc-avec-le-soutien-de-la-minusca#article\",\"isPartOf\":{\"@id\":\"https:\/\/www.africa-press.net\/centrafricaine\/politique\/alindao-larmee-centrafricaine-indique-avoir-repousse-une-attaque-de-lupc-avec-le-soutien-de-la-minusca\"},\"author\":{\"name\":\"cfeditorfr\",\"@id\":\"https:\/\/www.africa-press.net\/centrafricaine\/#\/schema\/person\/2b1cf3cd81a31e3cd26889ca66d677f1\"},\"headline\":\"Alindao, l\u2019arm\u00e9e centrafricaine indique avoir repouss\u00e9 une attaque de l\u2019UPC avec le soutien de la Minusca\",\"datePublished\":\"2021-06-29T14:21:11+00:00\",\"dateModified\":\"2021-06-29T19:38:47+00:00\",\"mainEntityOfPage\":{\"@id\":\"https:\/\/www.africa-press.net\/centrafricaine\/politique\/alindao-larmee-centrafricaine-indique-avoir-repousse-une-attaque-de-lupc-avec-le-soutien-de-la-minusca\"},\"wordCount\":314,\"commentCount\":0,\"image\":{\"@id\":\"https:\/\/www.africa-press.net\/centrafricaine\/politique\/alindao-larmee-centrafricaine-indique-avoir-repousse-une-attaque-de-lupc-avec-le-soutien-de-la-minusca#primaryimage\"},\"thumbnailUrl\":\"https:\/\/static.africa-press.net\/centrafricaine\/sites\/45\/2021\/06\/img-60db271fea816.jpg\",\"keywords\":[\"Africa Press\",\"Africa Press-CentrAfricaine\",\"CentrAfricaine\"],\"articleSection\":[\"homepage-french\",\"Politique\",\"Toutes les actualit\u00e9s\"],\"inLanguage\":\"fr-FR\",\"potentialAction\":[{\"@type\":\"CommentAction\",\"name\":\"Comment\",\"target\":[\"https:\/\/www.africa-press.net\/centrafricaine\/politique\/alindao-larmee-centrafricaine-indique-avoir-repousse-une-attaque-de-lupc-avec-le-soutien-de-la-minusca#respond\"]}]},{\"@type\":\"WebPage\",\"@id\":\"https:\/\/www.africa-press.net\/centrafricaine\/politique\/alindao-larmee-centrafricaine-indique-avoir-repousse-une-attaque-de-lupc-avec-le-soutien-de-la-minusca\",\"url\":\"https:\/\/www.africa-press.net\/centrafricaine\/politique\/alindao-larmee-centrafricaine-indique-avoir-repousse-une-attaque-de-lupc-avec-le-soutien-de-la-minusca\",\"name\":\"Alindao, l\u2019arm\u00e9e centrafricaine indique avoir repouss\u00e9 une attaque de l\u2019UPC avec le soutien de la Minusca - centrafricaine\",\"isPartOf\":{\"@id\":\"https:\/\/www.africa-press.net\/centrafricaine\/#website\"},\"primaryImageOfPage\":{\"@id\":\"https:\/\/www.africa-press.net\/centrafricaine\/politique\/alindao-larmee-centrafricaine-indique-avoir-repousse-une-attaque-de-lupc-avec-le-soutien-de-la-minusca#primaryimage\"},\"image\":{\"@id\":\"https:\/\/www.africa-press.net\/centrafricaine\/politique\/alindao-larmee-centrafricaine-indique-avoir-repousse-une-attaque-de-lupc-avec-le-soutien-de-la-minusca#primaryimage\"},\"thumbnailUrl\":\"https:\/\/static.africa-press.net\/centrafricaine\/sites\/45\/2021\/06\/img-60db271fea816.jpg\",\"datePublished\":\"2021-06-29T14:21:11+00:00\",\"dateModified\":\"2021-06-29T19:38:47+00:00\",\"author\":{\"@id\":\"https:\/\/www.africa-press.net\/centrafricaine\/#\/schema\/person\/2b1cf3cd81a31e3cd26889ca66d677f1\"},\"description\":\"Bangui, R\u00e9publique centrafricaine, mardi, 29 juin 2021, 03:40:32 ( Corbeaunews-Centrafrique ). Des hommes arm\u00e9s ...\",\"breadcrumb\":{\"@id\":\"https:\/\/www.africa-press.net\/centrafricaine\/politique\/alindao-larmee-centrafricaine-indique-avoir-repousse-une-attaque-de-lupc-avec-le-soutien-de-la-minusca#breadcrumb\"},\"inLanguage\":\"fr-FR\",\"potentialAction\":[{\"@type\":\"ReadAction\",\"target\":[\"https:\/\/www.africa-press.net\/centrafricaine\/politique\/alindao-larmee-centrafricaine-indique-avoir-repousse-une-attaque-de-lupc-avec-le-soutien-de-la-minusca\"]}]},{\"@type\":\"ImageObject\",\"inLanguage\":\"fr-FR\",\"@id\":\"https:\/\/www.africa-press.net\/centrafricaine\/politique\/alindao-larmee-centrafricaine-indique-avoir-repousse-une-attaque-de-lupc-avec-le-soutien-de-la-minusca#primaryimage\",\"url\":\"https:\/\/static.africa-press.net\/centrafricaine\/sites\/45\/2021\/06\/img-60db271fea816.jpg\",\"contentUrl\":\"https:\/\/static.africa-press.net\/centrafricaine\/sites\/45\/2021\/06\/img-60db271fea816.jpg\",\"width\":750,\"height\":500,\"caption\":\"Alindao, l\u2019arm\u00e9e centrafricaine indique avoir repouss\u00e9 une attaque de l\u2019UPC avec le soutien de la Minusca\"},{\"@type\":\"BreadcrumbList\",\"@id\":\"https:\/\/www.africa-press.net\/centrafricaine\/politique\/alindao-larmee-centrafricaine-indique-avoir-repousse-une-attaque-de-lupc-avec-le-soutien-de-la-minusca#breadcrumb\",\"itemListElement\":[{\"@type\":\"ListItem\",\"position\":1,\"name\":\"Accueil\",\"item\":\"https:\/\/www.africa-press.net\/centrafricaine\/\"},{\"@type\":\"ListItem\",\"position\":2,\"name\":\"Alindao, l\u2019arm\u00e9e centrafricaine indique avoir repouss\u00e9 une attaque de l\u2019UPC avec le soutien de la Minusca\"}]},{\"@type\":\"WebSite\",\"@id\":\"https:\/\/www.africa-press.net\/centrafricaine\/#website\",\"url\":\"https:\/\/www.africa-press.net\/centrafricaine\/\",\"name\":\"centrafricaine\",\"description\":\"Just another Africa News Agency Sites site\",\"potentialAction\":[{\"@type\":\"SearchAction\",\"target\":{\"@type\":\"EntryPoint\",\"urlTemplate\":\"https:\/\/www.africa-press.net\/centrafricaine\/?s={search_term_string}\"},\"query-input\":{\"@type\":\"PropertyValueSpecification\",\"valueRequired\":true,\"valueName\":\"search_term_string\"}}],\"inLanguage\":\"fr-FR\"},{\"@type\":\"Person\",\"@id\":\"https:\/\/www.africa-press.net\/centrafricaine\/#\/schema\/person\/2b1cf3cd81a31e3cd26889ca66d677f1\",\"name\":\"cfeditorfr\"}]}<\/script>\n<!-- \/ Yoast SEO Premium plugin. -->","yoast_head_json":{"title":"Alindao, l\u2019arm\u00e9e centrafricaine indique avoir repouss\u00e9 une attaque de l\u2019UPC avec le soutien de la Minusca - centrafricaine","description":"Bangui, R\u00e9publique centrafricaine, mardi, 29 juin 2021, 03:40:32 ( Corbeaunews-Centrafrique ). Des hommes arm\u00e9s ...","robots":{"index":"index","follow":"follow","max-snippet":"max-snippet:-1","max-image-preview":"max-image-preview:large","max-video-preview":"max-video-preview:-1"},"canonical":"https:\/\/www.africa-press.net\/centrafricaine\/politique\/alindao-larmee-centrafricaine-indique-avoir-repousse-une-attaque-de-lupc-avec-le-soutien-de-la-minusca","og_locale":"fr_FR","og_type":"article","og_title":"Alindao, l\u2019arm\u00e9e centrafricaine indique avoir repouss\u00e9 une attaque de l\u2019UPC avec le soutien de la Minusca","og_description":"Bangui, R\u00e9publique centrafricaine, mardi, 29 juin 2021, 03:40:32 ( Corbeaunews-Centrafrique ). Des hommes arm\u00e9s ...","og_url":"https:\/\/www.africa-press.net\/centrafricaine\/politique\/alindao-larmee-centrafricaine-indique-avoir-repousse-une-attaque-de-lupc-avec-le-soutien-de-la-minusca","og_site_name":"centrafricaine","article_published_time":"2021-06-29T14:21:11+00:00","article_modified_time":"2021-06-29T19:38:47+00:00","og_image":[{"width":750,"height":500,"url":"https:\/\/static.africa-press.net\/centrafricaine\/sites\/45\/2021\/06\/img-60db271fea816.jpg","type":"image\/jpeg"}],"author":"cfeditorfr","twitter_card":"summary_large_image","twitter_misc":{"\u00c9crit par":"cfeditorfr","Dur\u00e9e de lecture estim\u00e9e":"2 minutes"},"schema":{"@context":"https:\/\/schema.org","@graph":[{"@type":"Article","@id":"https:\/\/www.africa-press.net\/centrafricaine\/politique\/alindao-larmee-centrafricaine-indique-avoir-repousse-une-attaque-de-lupc-avec-le-soutien-de-la-minusca#article","isPartOf":{"@id":"https:\/\/www.africa-press.net\/centrafricaine\/politique\/alindao-larmee-centrafricaine-indique-avoir-repousse-une-attaque-de-lupc-avec-le-soutien-de-la-minusca"},"author":{"name":"cfeditorfr","@id":"https:\/\/www.africa-press.net\/centrafricaine\/#\/schema\/person\/2b1cf3cd81a31e3cd26889ca66d677f1"},"headline":"Alindao, l\u2019arm\u00e9e centrafricaine indique avoir repouss\u00e9 une attaque de l\u2019UPC avec le soutien de la Minusca","datePublished":"2021-06-29T14:21:11+00:00","dateModified":"2021-06-29T19:38:47+00:00","mainEntityOfPage":{"@id":"https:\/\/www.africa-press.net\/centrafricaine\/politique\/alindao-larmee-centrafricaine-indique-avoir-repousse-une-attaque-de-lupc-avec-le-soutien-de-la-minusca"},"wordCount":314,"commentCount":0,"image":{"@id":"https:\/\/www.africa-press.net\/centrafricaine\/politique\/alindao-larmee-centrafricaine-indique-avoir-repousse-une-attaque-de-lupc-avec-le-soutien-de-la-minusca#primaryimage"},"thumbnailUrl":"https:\/\/static.africa-press.net\/centrafricaine\/sites\/45\/2021\/06\/img-60db271fea816.jpg","keywords":["Africa Press","Africa Press-CentrAfricaine","CentrAfricaine"],"articleSection":["homepage-french","Politique","Toutes les actualit\u00e9s"],"inLanguage":"fr-FR","potentialAction":[{"@type":"CommentAction","name":"Comment","target":["https:\/\/www.africa-press.net\/centrafricaine\/politique\/alindao-larmee-centrafricaine-indique-avoir-repousse-une-attaque-de-lupc-avec-le-soutien-de-la-minusca#respond"]}]},{"@type":"WebPage","@id":"https:\/\/www.africa-press.net\/centrafricaine\/politique\/alindao-larmee-centrafricaine-indique-avoir-repousse-une-attaque-de-lupc-avec-le-soutien-de-la-minusca","url":"https:\/\/www.africa-press.net\/centrafricaine\/politique\/alindao-larmee-centrafricaine-indique-avoir-repousse-une-attaque-de-lupc-avec-le-soutien-de-la-minusca","name":"Alindao, l\u2019arm\u00e9e centrafricaine indique avoir repouss\u00e9 une attaque de l\u2019UPC avec le soutien de la Minusca - centrafricaine","isPartOf":{"@id":"https:\/\/www.africa-press.net\/centrafricaine\/#website"},"primaryImageOfPage":{"@id":"https:\/\/www.africa-press.net\/centrafricaine\/politique\/alindao-larmee-centrafricaine-indique-avoir-repousse-une-attaque-de-lupc-avec-le-soutien-de-la-minusca#primaryimage"},"image":{"@id":"https:\/\/www.africa-press.net\/centrafricaine\/politique\/alindao-larmee-centrafricaine-indique-avoir-repousse-une-attaque-de-lupc-avec-le-soutien-de-la-minusca#primaryimage"},"thumbnailUrl":"https:\/\/static.africa-press.net\/centrafricaine\/sites\/45\/2021\/06\/img-60db271fea816.jpg","datePublished":"2021-06-29T14:21:11+00:00","dateModified":"2021-06-29T19:38:47+00:00","author":{"@id":"https:\/\/www.africa-press.net\/centrafricaine\/#\/schema\/person\/2b1cf3cd81a31e3cd26889ca66d677f1"},"description":"Bangui, R\u00e9publique centrafricaine, mardi, 29 juin 2021, 03:40:32 ( Corbeaunews-Centrafrique ). Des hommes arm\u00e9s ...","breadcrumb":{"@id":"https:\/\/www.africa-press.net\/centrafricaine\/politique\/alindao-larmee-centrafricaine-indique-avoir-repousse-une-attaque-de-lupc-avec-le-soutien-de-la-minusca#breadcrumb"},"inLanguage":"fr-FR","potentialAction":[{"@type":"ReadAction","target":["https:\/\/www.africa-press.net\/centrafricaine\/politique\/alindao-larmee-centrafricaine-indique-avoir-repousse-une-attaque-de-lupc-avec-le-soutien-de-la-minusca"]}]},{"@type":"ImageObject","inLanguage":"fr-FR","@id":"https:\/\/www.africa-press.net\/centrafricaine\/politique\/alindao-larmee-centrafricaine-indique-avoir-repousse-une-attaque-de-lupc-avec-le-soutien-de-la-minusca#primaryimage","url":"https:\/\/static.africa-press.net\/centrafricaine\/sites\/45\/2021\/06\/img-60db271fea816.jpg","contentUrl":"https:\/\/static.africa-press.net\/centrafricaine\/sites\/45\/2021\/06\/img-60db271fea816.jpg","width":750,"height":500,"caption":"Alindao, l\u2019arm\u00e9e centrafricaine indique avoir repouss\u00e9 une attaque de l\u2019UPC avec le soutien de la Minusca"},{"@type":"BreadcrumbList","@id":"https:\/\/www.africa-press.net\/centrafricaine\/politique\/alindao-larmee-centrafricaine-indique-avoir-repousse-une-attaque-de-lupc-avec-le-soutien-de-la-minusca#breadcrumb","itemListElement":[{"@type":"ListItem","position":1,"name":"Accueil","item":"https:\/\/www.africa-press.net\/centrafricaine\/"},{"@type":"ListItem","position":2,"name":"Alindao, l\u2019arm\u00e9e centrafricaine indique avoir repouss\u00e9 une attaque de l\u2019UPC avec le soutien de la Minusca"}]},{"@type":"WebSite","@id":"https:\/\/www.africa-press.net\/centrafricaine\/#website","url":"https:\/\/www.africa-press.net\/centrafricaine\/","name":"centrafricaine","description":"Just another Africa News Agency Sites site","potentialAction":[{"@type":"SearchAction","target":{"@type":"EntryPoint","urlTemplate":"https:\/\/www.africa-press.net\/centrafricaine\/?s={search_term_string}"},"query-input":{"@type":"PropertyValueSpecification","valueRequired":true,"valueName":"search_term_string"}}],"inLanguage":"fr-FR"},{"@type":"Person","@id":"https:\/\/www.africa-press.net\/centrafricaine\/#\/schema\/person\/2b1cf3cd81a31e3cd26889ca66d677f1","name":"cfeditorfr"}]}},"_links":{"self":[{"href":"https:\/\/www.africa-press.net\/centrafricaine\/wp-json\/wp\/v2\/posts\/8536","targetHints":{"allow":["GET"]}}],"collection":[{"href":"https:\/\/www.africa-press.net\/centrafricaine\/wp-json\/wp\/v2\/posts"}],"about":[{"href":"https:\/\/www.africa-press.net\/centrafricaine\/wp-json\/wp\/v2\/types\/post"}],"author":[{"embeddable":true,"href":"https:\/\/www.africa-press.net\/centrafricaine\/wp-json\/wp\/v2\/users\/82"}],"replies":[{"embeddable":true,"href":"https:\/\/www.africa-press.net\/centrafricaine\/wp-json\/wp\/v2\/comments?post=8536"}],"version-history":[{"count":0,"href":"https:\/\/www.africa-press.net\/centrafricaine\/wp-json\/wp\/v2\/posts\/8536\/revisions"}],"wp:featuredmedia":[{"embeddable":true,"href":"https:\/\/www.africa-press.net\/centrafricaine\/wp-json\/wp\/v2\/media\/8535"}],"wp:attachment":[{"href":"https:\/\/www.africa-press.net\/centrafricaine\/wp-json\/wp\/v2\/media?parent=8536"}],"wp:term":[{"taxonomy":"category","embeddable":true,"href":"https:\/\/www.africa-press.net\/centrafricaine\/wp-json\/wp\/v2\/categories?post=8536"},{"taxonomy":"post_tag","embeddable":true,"href":"https:\/\/www.africa-press.net\/centrafricaine\/wp-json\/wp\/v2\/tags?post=8536"}],"curies":[{"name":"wp","href":"https:\/\/api.w.org\/{rel}","templated":true}]}}