{"id":8542,"date":"2021-06-29T14:37:51","date_gmt":"2021-06-29T14:37:51","guid":{"rendered":"https:\/\/www.africa-press.net\/centrafricaine\/?p=8542"},"modified":"2021-06-29T19:39:11","modified_gmt":"2021-06-29T19:39:11","slug":"rca-un-commandant-de-police-tue-par-les-elements-du-cpc","status":"publish","type":"post","link":"https:\/\/www.africa-press.net\/centrafricaine\/politique\/rca-un-commandant-de-police-tue-par-les-elements-du-cpc","title":{"rendered":"un commandant de police tu\u00e9 par les \u00e9l\u00e9ments du CPC"},"content":{"rendered":"<p><span style=\"color: #ff6600\"><strong><a href=\"https:\/\/www.africa-press.net\/\">Africa-Press<\/a> &#8211; <a href=\"https:\/\/www.africa-press.net\/centrafricaine\">CentrAfricaine<\/a>. <\/strong><\/span>La sc\u00e8ne criminelle a eu lieu ce lundi 28 juin au village RCA situ\u00e9 \u00e0 50km entre Carnot et Baoro, au nord-ouest de la RCA. Les assaillants seraient des combattants rebelles du CPC, selon des sources officielles locales.<\/p>\n<p>Selon les m\u00eames sources, le commandant de police, sur sa moto, \u00e9tait en provenance de la ville de Carnot quand il a crois\u00e9 ses criminels au village RCA, situ\u00e9 \u00e0 50 kilom\u00e8tres sur l\u2019axe Baoro.<\/p>\n<p>Les assaillants, de passage, auraient stopp\u00e9 la moto de la victime vers 17 heures avant de la poignarder \u00e0 plusieurs reprises avec des objets tranchants jusqu\u2019\u00e0 sa mort.<\/p>\n<p>Selon notre correspondant dans la localit\u00e9, la d\u00e9pouille de la victime se trouvait encore au sol deux heures apr\u00e8s son agression.<\/p>\n<p>\u00c0 Bossempt\u00e9l\u00e9, l\u2019annonce de la mort de ce commandant de 41 ans a fait trembler la ville. \u00ab Sa gentillesse, son humour, sa qualit\u00e9 d\u2019un homme rassembleur et sa comp\u00e9tence a fait de lui un commissaire pragmatique et appr\u00e9ci\u00e9 de tout le monde \u00bb, a expliqu\u00e9 un gardien de la paix \u00e0 Bossempt\u00e9l\u00e9.<\/p>\n<p>Notons que le Village RCA c\u2019est l\u2019un des villages ou circulaient depuis plusieurs ann\u00e9es des hommes arm\u00e9s, car \u00e7a position g\u00e9ographique, reliant Gadzi, Bouar et Carnot est propice au passage des bandits arm\u00e9s.<\/p>\n<p><b>\u00a0<\/b><\/p>\n","protected":false},"excerpt":{"rendered":"<p>Africa-Press &#8211; CentrAfricaine. La sc\u00e8ne criminelle a eu lieu ce lundi 28 juin au village RCA situ\u00e9 \u00e0 50km entre Carnot et Baoro, au nord-ouest de la RCA. Les assaillants seraient des combattants rebelles du CPC, selon des sources officielles locales. Selon les m\u00eames sources, le commandant de police, sur sa moto, \u00e9tait en provenance [&hellip;]<\/p>\n","protected":false},"author":82,"featured_media":8541,"comment_status":"open","ping_status":"closed","sticky":false,"template":"","format":"standard","meta":{"footnotes":""},"categories":[11,2,10],"tags":[36,58,30],"class_list":["post-8542","post","type-post","status-publish","format-standard","has-post-thumbnail","hentry","category-homepage-french","category-politique","category-toutes-les-actualites","tag-africa-press","tag-africa-press-centrafricaine","tag-centrafricaine"],"yoast_head":"<!-- This site is optimized with the Yoast SEO Premium plugin v26.1 (Yoast SEO v27.0) - https:\/\/yoast.com\/product\/yoast-seo-premium-wordpress\/ -->\n<title>un commandant de police tu\u00e9 par les \u00e9l\u00e9ments du CPC - centrafricaine<\/title>\n<meta name=\"description\" content=\"Bangui, R\u00e9publique centrafricaine, mardi, 29 juin 2021, 03:51:23 ( Corbeaunews-Centrafrique ). La sc\u00e8ne criminel ...\" \/>\n<meta name=\"robots\" content=\"index, follow, max-snippet:-1, max-image-preview:large, max-video-preview:-1\" \/>\n<link rel=\"canonical\" href=\"https:\/\/www.africa-press.net\/centrafricaine\/politique\/rca-un-commandant-de-police-tue-par-les-elements-du-cpc\" \/>\n<meta property=\"og:locale\" content=\"fr_FR\" \/>\n<meta property=\"og:type\" content=\"article\" \/>\n<meta property=\"og:title\" content=\"un commandant de police tu\u00e9 par les \u00e9l\u00e9ments du CPC\" \/>\n<meta property=\"og:description\" content=\"Bangui, R\u00e9publique centrafricaine, mardi, 29 juin 2021, 03:51:23 ( Corbeaunews-Centrafrique ). La sc\u00e8ne criminel ...\" \/>\n<meta property=\"og:url\" content=\"https:\/\/www.africa-press.net\/centrafricaine\/politique\/rca-un-commandant-de-police-tue-par-les-elements-du-cpc\" \/>\n<meta property=\"og:site_name\" content=\"centrafricaine\" \/>\n<meta property=\"article:published_time\" content=\"2021-06-29T14:37:51+00:00\" \/>\n<meta property=\"article:modified_time\" content=\"2021-06-29T19:39:11+00:00\" \/>\n<meta property=\"og:image\" content=\"https:\/\/static.africa-press.net\/centrafricaine\/sites\/45\/2021\/06\/img-60db2782c7dd7.jpg\" \/>\n\t<meta property=\"og:image:width\" content=\"750\" \/>\n\t<meta property=\"og:image:height\" content=\"562\" \/>\n\t<meta property=\"og:image:type\" content=\"image\/jpeg\" \/>\n<meta name=\"author\" content=\"cfeditorfr\" \/>\n<meta name=\"twitter:card\" content=\"summary_large_image\" \/>\n<meta name=\"twitter:label1\" content=\"\u00c9crit par\" \/>\n\t<meta name=\"twitter:data1\" content=\"cfeditorfr\" \/>\n\t<meta name=\"twitter:label2\" content=\"Dur\u00e9e de lecture estim\u00e9e\" \/>\n\t<meta name=\"twitter:data2\" content=\"1 minute\" \/>\n<script type=\"application\/ld+json\" class=\"yoast-schema-graph\">{\"@context\":\"https:\/\/schema.org\",\"@graph\":[{\"@type\":\"Article\",\"@id\":\"https:\/\/www.africa-press.net\/centrafricaine\/politique\/rca-un-commandant-de-police-tue-par-les-elements-du-cpc#article\",\"isPartOf\":{\"@id\":\"https:\/\/www.africa-press.net\/centrafricaine\/politique\/rca-un-commandant-de-police-tue-par-les-elements-du-cpc\"},\"author\":{\"name\":\"cfeditorfr\",\"@id\":\"https:\/\/www.africa-press.net\/centrafricaine\/#\/schema\/person\/2b1cf3cd81a31e3cd26889ca66d677f1\"},\"headline\":\"un commandant de police tu\u00e9 par les \u00e9l\u00e9ments du CPC\",\"datePublished\":\"2021-06-29T14:37:51+00:00\",\"dateModified\":\"2021-06-29T19:39:11+00:00\",\"mainEntityOfPage\":{\"@id\":\"https:\/\/www.africa-press.net\/centrafricaine\/politique\/rca-un-commandant-de-police-tue-par-les-elements-du-cpc\"},\"wordCount\":229,\"commentCount\":0,\"image\":{\"@id\":\"https:\/\/www.africa-press.net\/centrafricaine\/politique\/rca-un-commandant-de-police-tue-par-les-elements-du-cpc#primaryimage\"},\"thumbnailUrl\":\"https:\/\/static.africa-press.net\/centrafricaine\/sites\/45\/2021\/06\/img-60db2782c7dd7.jpg\",\"keywords\":[\"Africa Press\",\"Africa Press-CentrAfricaine\",\"CentrAfricaine\"],\"articleSection\":[\"homepage-french\",\"Politique\",\"Toutes les actualit\u00e9s\"],\"inLanguage\":\"fr-FR\",\"potentialAction\":[{\"@type\":\"CommentAction\",\"name\":\"Comment\",\"target\":[\"https:\/\/www.africa-press.net\/centrafricaine\/politique\/rca-un-commandant-de-police-tue-par-les-elements-du-cpc#respond\"]}]},{\"@type\":\"WebPage\",\"@id\":\"https:\/\/www.africa-press.net\/centrafricaine\/politique\/rca-un-commandant-de-police-tue-par-les-elements-du-cpc\",\"url\":\"https:\/\/www.africa-press.net\/centrafricaine\/politique\/rca-un-commandant-de-police-tue-par-les-elements-du-cpc\",\"name\":\"un commandant de police tu\u00e9 par les \u00e9l\u00e9ments du CPC - centrafricaine\",\"isPartOf\":{\"@id\":\"https:\/\/www.africa-press.net\/centrafricaine\/#website\"},\"primaryImageOfPage\":{\"@id\":\"https:\/\/www.africa-press.net\/centrafricaine\/politique\/rca-un-commandant-de-police-tue-par-les-elements-du-cpc#primaryimage\"},\"image\":{\"@id\":\"https:\/\/www.africa-press.net\/centrafricaine\/politique\/rca-un-commandant-de-police-tue-par-les-elements-du-cpc#primaryimage\"},\"thumbnailUrl\":\"https:\/\/static.africa-press.net\/centrafricaine\/sites\/45\/2021\/06\/img-60db2782c7dd7.jpg\",\"datePublished\":\"2021-06-29T14:37:51+00:00\",\"dateModified\":\"2021-06-29T19:39:11+00:00\",\"author\":{\"@id\":\"https:\/\/www.africa-press.net\/centrafricaine\/#\/schema\/person\/2b1cf3cd81a31e3cd26889ca66d677f1\"},\"description\":\"Bangui, R\u00e9publique centrafricaine, mardi, 29 juin 2021, 03:51:23 ( Corbeaunews-Centrafrique ). La sc\u00e8ne criminel ...\",\"breadcrumb\":{\"@id\":\"https:\/\/www.africa-press.net\/centrafricaine\/politique\/rca-un-commandant-de-police-tue-par-les-elements-du-cpc#breadcrumb\"},\"inLanguage\":\"fr-FR\",\"potentialAction\":[{\"@type\":\"ReadAction\",\"target\":[\"https:\/\/www.africa-press.net\/centrafricaine\/politique\/rca-un-commandant-de-police-tue-par-les-elements-du-cpc\"]}]},{\"@type\":\"ImageObject\",\"inLanguage\":\"fr-FR\",\"@id\":\"https:\/\/www.africa-press.net\/centrafricaine\/politique\/rca-un-commandant-de-police-tue-par-les-elements-du-cpc#primaryimage\",\"url\":\"https:\/\/static.africa-press.net\/centrafricaine\/sites\/45\/2021\/06\/img-60db2782c7dd7.jpg\",\"contentUrl\":\"https:\/\/static.africa-press.net\/centrafricaine\/sites\/45\/2021\/06\/img-60db2782c7dd7.jpg\",\"width\":750,\"height\":562,\"caption\":\"RCA\u00a0: un commandant de police tu\u00e9 par les \u00e9l\u00e9ments du CPC\"},{\"@type\":\"BreadcrumbList\",\"@id\":\"https:\/\/www.africa-press.net\/centrafricaine\/politique\/rca-un-commandant-de-police-tue-par-les-elements-du-cpc#breadcrumb\",\"itemListElement\":[{\"@type\":\"ListItem\",\"position\":1,\"name\":\"Accueil\",\"item\":\"https:\/\/www.africa-press.net\/centrafricaine\/\"},{\"@type\":\"ListItem\",\"position\":2,\"name\":\"un commandant de police tu\u00e9 par les \u00e9l\u00e9ments du CPC\"}]},{\"@type\":\"WebSite\",\"@id\":\"https:\/\/www.africa-press.net\/centrafricaine\/#website\",\"url\":\"https:\/\/www.africa-press.net\/centrafricaine\/\",\"name\":\"centrafricaine\",\"description\":\"Just another Africa News Agency Sites site\",\"potentialAction\":[{\"@type\":\"SearchAction\",\"target\":{\"@type\":\"EntryPoint\",\"urlTemplate\":\"https:\/\/www.africa-press.net\/centrafricaine\/?s={search_term_string}\"},\"query-input\":{\"@type\":\"PropertyValueSpecification\",\"valueRequired\":true,\"valueName\":\"search_term_string\"}}],\"inLanguage\":\"fr-FR\"},{\"@type\":\"Person\",\"@id\":\"https:\/\/www.africa-press.net\/centrafricaine\/#\/schema\/person\/2b1cf3cd81a31e3cd26889ca66d677f1\",\"name\":\"cfeditorfr\"}]}<\/script>\n<!-- \/ Yoast SEO Premium plugin. -->","yoast_head_json":{"title":"un commandant de police tu\u00e9 par les \u00e9l\u00e9ments du CPC - centrafricaine","description":"Bangui, R\u00e9publique centrafricaine, mardi, 29 juin 2021, 03:51:23 ( Corbeaunews-Centrafrique ). La sc\u00e8ne criminel ...","robots":{"index":"index","follow":"follow","max-snippet":"max-snippet:-1","max-image-preview":"max-image-preview:large","max-video-preview":"max-video-preview:-1"},"canonical":"https:\/\/www.africa-press.net\/centrafricaine\/politique\/rca-un-commandant-de-police-tue-par-les-elements-du-cpc","og_locale":"fr_FR","og_type":"article","og_title":"un commandant de police tu\u00e9 par les \u00e9l\u00e9ments du CPC","og_description":"Bangui, R\u00e9publique centrafricaine, mardi, 29 juin 2021, 03:51:23 ( Corbeaunews-Centrafrique ). La sc\u00e8ne criminel ...","og_url":"https:\/\/www.africa-press.net\/centrafricaine\/politique\/rca-un-commandant-de-police-tue-par-les-elements-du-cpc","og_site_name":"centrafricaine","article_published_time":"2021-06-29T14:37:51+00:00","article_modified_time":"2021-06-29T19:39:11+00:00","og_image":[{"width":750,"height":562,"url":"https:\/\/static.africa-press.net\/centrafricaine\/sites\/45\/2021\/06\/img-60db2782c7dd7.jpg","type":"image\/jpeg"}],"author":"cfeditorfr","twitter_card":"summary_large_image","twitter_misc":{"\u00c9crit par":"cfeditorfr","Dur\u00e9e de lecture estim\u00e9e":"1 minute"},"schema":{"@context":"https:\/\/schema.org","@graph":[{"@type":"Article","@id":"https:\/\/www.africa-press.net\/centrafricaine\/politique\/rca-un-commandant-de-police-tue-par-les-elements-du-cpc#article","isPartOf":{"@id":"https:\/\/www.africa-press.net\/centrafricaine\/politique\/rca-un-commandant-de-police-tue-par-les-elements-du-cpc"},"author":{"name":"cfeditorfr","@id":"https:\/\/www.africa-press.net\/centrafricaine\/#\/schema\/person\/2b1cf3cd81a31e3cd26889ca66d677f1"},"headline":"un commandant de police tu\u00e9 par les \u00e9l\u00e9ments du CPC","datePublished":"2021-06-29T14:37:51+00:00","dateModified":"2021-06-29T19:39:11+00:00","mainEntityOfPage":{"@id":"https:\/\/www.africa-press.net\/centrafricaine\/politique\/rca-un-commandant-de-police-tue-par-les-elements-du-cpc"},"wordCount":229,"commentCount":0,"image":{"@id":"https:\/\/www.africa-press.net\/centrafricaine\/politique\/rca-un-commandant-de-police-tue-par-les-elements-du-cpc#primaryimage"},"thumbnailUrl":"https:\/\/static.africa-press.net\/centrafricaine\/sites\/45\/2021\/06\/img-60db2782c7dd7.jpg","keywords":["Africa Press","Africa Press-CentrAfricaine","CentrAfricaine"],"articleSection":["homepage-french","Politique","Toutes les actualit\u00e9s"],"inLanguage":"fr-FR","potentialAction":[{"@type":"CommentAction","name":"Comment","target":["https:\/\/www.africa-press.net\/centrafricaine\/politique\/rca-un-commandant-de-police-tue-par-les-elements-du-cpc#respond"]}]},{"@type":"WebPage","@id":"https:\/\/www.africa-press.net\/centrafricaine\/politique\/rca-un-commandant-de-police-tue-par-les-elements-du-cpc","url":"https:\/\/www.africa-press.net\/centrafricaine\/politique\/rca-un-commandant-de-police-tue-par-les-elements-du-cpc","name":"un commandant de police tu\u00e9 par les \u00e9l\u00e9ments du CPC - centrafricaine","isPartOf":{"@id":"https:\/\/www.africa-press.net\/centrafricaine\/#website"},"primaryImageOfPage":{"@id":"https:\/\/www.africa-press.net\/centrafricaine\/politique\/rca-un-commandant-de-police-tue-par-les-elements-du-cpc#primaryimage"},"image":{"@id":"https:\/\/www.africa-press.net\/centrafricaine\/politique\/rca-un-commandant-de-police-tue-par-les-elements-du-cpc#primaryimage"},"thumbnailUrl":"https:\/\/static.africa-press.net\/centrafricaine\/sites\/45\/2021\/06\/img-60db2782c7dd7.jpg","datePublished":"2021-06-29T14:37:51+00:00","dateModified":"2021-06-29T19:39:11+00:00","author":{"@id":"https:\/\/www.africa-press.net\/centrafricaine\/#\/schema\/person\/2b1cf3cd81a31e3cd26889ca66d677f1"},"description":"Bangui, R\u00e9publique centrafricaine, mardi, 29 juin 2021, 03:51:23 ( Corbeaunews-Centrafrique ). La sc\u00e8ne criminel ...","breadcrumb":{"@id":"https:\/\/www.africa-press.net\/centrafricaine\/politique\/rca-un-commandant-de-police-tue-par-les-elements-du-cpc#breadcrumb"},"inLanguage":"fr-FR","potentialAction":[{"@type":"ReadAction","target":["https:\/\/www.africa-press.net\/centrafricaine\/politique\/rca-un-commandant-de-police-tue-par-les-elements-du-cpc"]}]},{"@type":"ImageObject","inLanguage":"fr-FR","@id":"https:\/\/www.africa-press.net\/centrafricaine\/politique\/rca-un-commandant-de-police-tue-par-les-elements-du-cpc#primaryimage","url":"https:\/\/static.africa-press.net\/centrafricaine\/sites\/45\/2021\/06\/img-60db2782c7dd7.jpg","contentUrl":"https:\/\/static.africa-press.net\/centrafricaine\/sites\/45\/2021\/06\/img-60db2782c7dd7.jpg","width":750,"height":562,"caption":"RCA\u00a0: un commandant de police tu\u00e9 par les \u00e9l\u00e9ments du CPC"},{"@type":"BreadcrumbList","@id":"https:\/\/www.africa-press.net\/centrafricaine\/politique\/rca-un-commandant-de-police-tue-par-les-elements-du-cpc#breadcrumb","itemListElement":[{"@type":"ListItem","position":1,"name":"Accueil","item":"https:\/\/www.africa-press.net\/centrafricaine\/"},{"@type":"ListItem","position":2,"name":"un commandant de police tu\u00e9 par les \u00e9l\u00e9ments du CPC"}]},{"@type":"WebSite","@id":"https:\/\/www.africa-press.net\/centrafricaine\/#website","url":"https:\/\/www.africa-press.net\/centrafricaine\/","name":"centrafricaine","description":"Just another Africa News Agency Sites site","potentialAction":[{"@type":"SearchAction","target":{"@type":"EntryPoint","urlTemplate":"https:\/\/www.africa-press.net\/centrafricaine\/?s={search_term_string}"},"query-input":{"@type":"PropertyValueSpecification","valueRequired":true,"valueName":"search_term_string"}}],"inLanguage":"fr-FR"},{"@type":"Person","@id":"https:\/\/www.africa-press.net\/centrafricaine\/#\/schema\/person\/2b1cf3cd81a31e3cd26889ca66d677f1","name":"cfeditorfr"}]}},"_links":{"self":[{"href":"https:\/\/www.africa-press.net\/centrafricaine\/wp-json\/wp\/v2\/posts\/8542","targetHints":{"allow":["GET"]}}],"collection":[{"href":"https:\/\/www.africa-press.net\/centrafricaine\/wp-json\/wp\/v2\/posts"}],"about":[{"href":"https:\/\/www.africa-press.net\/centrafricaine\/wp-json\/wp\/v2\/types\/post"}],"author":[{"embeddable":true,"href":"https:\/\/www.africa-press.net\/centrafricaine\/wp-json\/wp\/v2\/users\/82"}],"replies":[{"embeddable":true,"href":"https:\/\/www.africa-press.net\/centrafricaine\/wp-json\/wp\/v2\/comments?post=8542"}],"version-history":[{"count":0,"href":"https:\/\/www.africa-press.net\/centrafricaine\/wp-json\/wp\/v2\/posts\/8542\/revisions"}],"wp:featuredmedia":[{"embeddable":true,"href":"https:\/\/www.africa-press.net\/centrafricaine\/wp-json\/wp\/v2\/media\/8541"}],"wp:attachment":[{"href":"https:\/\/www.africa-press.net\/centrafricaine\/wp-json\/wp\/v2\/media?parent=8542"}],"wp:term":[{"taxonomy":"category","embeddable":true,"href":"https:\/\/www.africa-press.net\/centrafricaine\/wp-json\/wp\/v2\/categories?post=8542"},{"taxonomy":"post_tag","embeddable":true,"href":"https:\/\/www.africa-press.net\/centrafricaine\/wp-json\/wp\/v2\/tags?post=8542"}],"curies":[{"name":"wp","href":"https:\/\/api.w.org\/{rel}","templated":true}]}}