{"id":8571,"date":"2021-06-30T16:32:57","date_gmt":"2021-06-30T16:32:57","guid":{"rendered":"https:\/\/www.africa-press.net\/centrafricaine\/?p=8571"},"modified":"2021-06-30T18:44:32","modified_gmt":"2021-06-30T18:44:32","slug":"rca-leutm-rca-accentue-le-niveau-des-faca-sur-les-piliers-strategique-education-et-operationnel-au-camp-kassai","status":"publish","type":"post","link":"https:\/\/www.africa-press.net\/centrafricaine\/politique\/rca-leutm-rca-accentue-le-niveau-des-faca-sur-les-piliers-strategique-education-et-operationnel-au-camp-kassai","title":{"rendered":"L\u2019EUTM-RCA accentue le niveau des FACA\u00a0 sur les piliers strat\u00e9gique, \u00e9ducation et op\u00e9rationnel au camp Kassa\u00ef"},"content":{"rendered":"<p><span style=\"color: #ff6600\"><strong><a href=\"https:\/\/www.africa-press.net\/\">Africa-Press<\/a> &#8211; <a href=\"https:\/\/www.africa-press.net\/centrafricaine\">CentrAfricaine<\/a>. <\/strong><\/span><b>\u00a0Les trois compagnies du bataillon d\u2019infanterie territorial n\u00b0 7 en abr\u00e9g\u00e9 (BIT7), b\u00e9n\u00e9ficient de la formation de la mission militaire de l\u2019Union europ\u00e9enne EUTM-RCA sur les piliers strat\u00e9gique, \u00e9ducation et op\u00e9rationnel sur le terrain. Cette s\u00e9rie de formation des FACA continue de faire son petit bonhomme de chemin au camp Kassa\u00ef avec en toile de fond, l\u2019entra\u00eenement quotidien dispens\u00e9 par la mission au profit du corps de BIT7.<\/b><\/p>\n<p>Plusieurs journalistes centrafricains ont effectu\u00e9 un d\u00e9placement dans le camp militaire de Kassa\u00ef dans le 7\u00e8me arrondissement de Bangui pour assister \u00e0 la formation des forces arm\u00e9es centrafricaines (FACA), dispens\u00e9e par l\u2019EUTM-RCA sur les diff\u00e9rents modules de formation militaire.<\/p>\n<p>D\u2019entr\u00e9e de jeu, les stagiaires militaires, tous du BIT7, b\u00e9n\u00e9ficient d\u2019une formation de qualit\u00e9 de leurs instructeurs de l\u2019EUTM sur les piliers strat\u00e9gique de combat, \u00e9ducation bas\u00e9e sur les modules d\u2019administration militaire et op\u00e9rationnel sur l\u2019exercice des tirs de mortiers, la cartographie et le syst\u00e8me de combat.<\/p>\n<p><b>\u00ab Vous avez l\u00e0 devant vous quelques stagiaires de la CCS et de la premi\u00e8re compagnie du BIT7 divis\u00e9es en deux, afin de leur donner un stage de mortiers 60 et 82. Actuellement, on est en train de faire la simulation des tirs de mortiers aux stagiaires qui sont l\u00e0, premi\u00e8re compagnie et cette s\u00e9ance va durer pendant 15 jours \u00bb<\/b><\/p>\n<p>, a pr\u00e9cis\u00e9 l\u2019adjudant Fabrice de l\u2019EUTM.<\/p>\n<p>Le syst\u00e8me de formation des instructeurs des forces militaires de l\u2019Union europ\u00e9enne, est appr\u00e9ci\u00e9 par les stagiaires qui ne cachent pas leur satisfaction.<\/p>\n<p><b>\u00ab La formation va bon train. Les instructeurs europ\u00e9ens nous enseignent dans de bonne condition et nous assimilons assez facilement les notions. Depuis deux semaines qu\u2019on a eu \u00e0 passer ici, nous sommes heureux d\u2019\u00eatre l\u00e0 pour continuer d\u2019acqu\u00e9rir d\u2019avantage les exp\u00e9riences \u00bb<\/b><\/p>\n<p>, a t\u00e9moign\u00e9 le caporal-chef, Vivien NGBANGBA.<\/p>\n<p>Par ailleurs, certains instructeurs en charge de l\u2019\u00e9ducation de l\u2019EUTM-RCA encadrent les stagiaires sur le poste de commandement (PC) du bataillon d\u2019infanterie territorial n\u00b07, et sur les six semaines de formation, on leur apprend la planification et la programmation d\u2019une op\u00e9ration militaire sur le terrain.<\/p>\n<p>Le capitaine Paul de l\u2019EUTM enseigne la mani\u00e8re \u00e0 laquelle la programmation d\u2019une op\u00e9ration militaire se fait sur le terrain aux stagiaires : \u00ab La planification et la programmation d\u2019une op\u00e9ration militaire se passe en trois temps, la premi\u00e8re est l\u2019\u00e9tude du terrain et des forces amies et ennemies, la deuxi\u00e8me est une conception de la man\u0153uvre et la troisi\u00e8me est la diffusion des ordres. Voil\u00e0 les trois \u00e9tapes essentielles de la programmation et la diffusion d\u2019une op\u00e9ration militaire \u00bb, a-t-il indiqu\u00e9.<\/p>\n<p>Or, d\u2019autres modules de formation concernent entre autres, l\u2019instruction sp\u00e9cialis\u00e9e pour la compagnie de soutien qui s\u2019occupe de la logistique sur le terrain et l\u2019entra\u00eenement des compagnies de combat de la BIT7.<\/p>\n<p>Par ailleurs, \u00e0 la fin de cette formation, les \u00e9l\u00e9ments du BIT7 form\u00e9s par la mission europ\u00e9enne seront mis \u00e0 la disposition de l\u2019Etat major des arm\u00e9es centrafricaines.<\/p>\n<p>A la fin de cette visite, les journalistes ont \u00e9chang\u00e9 avec l\u2019Amiral Bl\u00e9jean, directeur de la capacit\u00e9 militaire de planification et conduite (CMPC). Il est dans la capitale centrafricaine dans le cadre d\u2019une mission d\u2019\u00e9valuation de la mission europ\u00e9enne en Afrique. Nous vous proposerons l\u2019int\u00e9gralit\u00e9 d\u2019interview r\u00e9alis\u00e9e \u00e0 cet Amiral de l\u2019EUTM dans les prochains jours.<\/p>\n<p><b>\u00a0<\/b><\/p>\n","protected":false},"excerpt":{"rendered":"<p>Africa-Press &#8211; CentrAfricaine. \u00a0Les trois compagnies du bataillon d\u2019infanterie territorial n\u00b0 7 en abr\u00e9g\u00e9 (BIT7), b\u00e9n\u00e9ficient de la formation de la mission militaire de l\u2019Union europ\u00e9enne EUTM-RCA sur les piliers strat\u00e9gique, \u00e9ducation et op\u00e9rationnel sur le terrain. Cette s\u00e9rie de formation des FACA continue de faire son petit bonhomme de chemin au camp Kassa\u00ef avec [&hellip;]<\/p>\n","protected":false},"author":82,"featured_media":8566,"comment_status":"open","ping_status":"closed","sticky":false,"template":"","format":"standard","meta":{"footnotes":""},"categories":[11,2,10],"tags":[36,58,30],"class_list":["post-8571","post","type-post","status-publish","format-standard","has-post-thumbnail","hentry","category-homepage-french","category-politique","category-toutes-les-actualites","tag-africa-press","tag-africa-press-centrafricaine","tag-centrafricaine"],"yoast_head":"<!-- This site is optimized with the Yoast SEO Premium plugin v26.1 (Yoast SEO v27.0) - https:\/\/yoast.com\/product\/yoast-seo-premium-wordpress\/ -->\n<title>L\u2019EUTM-RCA accentue le niveau des FACA\u00a0 sur les piliers strat\u00e9gique, \u00e9ducation et op\u00e9rationnel au camp Kassa\u00ef - centrafricaine<\/title>\n<meta name=\"robots\" content=\"index, follow, max-snippet:-1, max-image-preview:large, max-video-preview:-1\" \/>\n<link rel=\"canonical\" href=\"https:\/\/www.africa-press.net\/centrafricaine\/politique\/rca-leutm-rca-accentue-le-niveau-des-faca-sur-les-piliers-strategique-education-et-operationnel-au-camp-kassai\" \/>\n<meta property=\"og:locale\" content=\"fr_FR\" \/>\n<meta property=\"og:type\" content=\"article\" \/>\n<meta property=\"og:title\" content=\"L\u2019EUTM-RCA accentue le niveau des FACA\u00a0 sur les piliers strat\u00e9gique, \u00e9ducation et op\u00e9rationnel au camp Kassa\u00ef\" \/>\n<meta property=\"og:description\" content=\"Africa-Press &#8211; CentrAfricaine. \u00a0Les trois compagnies du bataillon d\u2019infanterie territorial n\u00b0 7 en abr\u00e9g\u00e9 (BIT7), b\u00e9n\u00e9ficient de la formation de la mission militaire de l\u2019Union europ\u00e9enne EUTM-RCA sur les piliers strat\u00e9gique, \u00e9ducation et op\u00e9rationnel sur le terrain. Cette s\u00e9rie de formation des FACA continue de faire son petit bonhomme de chemin au camp Kassa\u00ef avec [&hellip;]\" \/>\n<meta property=\"og:url\" content=\"https:\/\/www.africa-press.net\/centrafricaine\/politique\/rca-leutm-rca-accentue-le-niveau-des-faca-sur-les-piliers-strategique-education-et-operationnel-au-camp-kassai\" \/>\n<meta property=\"og:site_name\" content=\"centrafricaine\" \/>\n<meta property=\"article:published_time\" content=\"2021-06-30T16:32:57+00:00\" \/>\n<meta property=\"article:modified_time\" content=\"2021-06-30T18:44:32+00:00\" \/>\n<meta property=\"og:image\" content=\"https:\/\/static.africa-press.net\/centrafricaine\/sites\/45\/2021\/06\/img-60dc97325da97.jpg\" \/>\n\t<meta property=\"og:image:width\" content=\"720\" \/>\n\t<meta property=\"og:image:height\" content=\"540\" \/>\n\t<meta property=\"og:image:type\" content=\"image\/jpeg\" \/>\n<meta name=\"author\" content=\"cfeditorfr\" \/>\n<meta name=\"twitter:card\" content=\"summary_large_image\" \/>\n<meta name=\"twitter:label1\" content=\"\u00c9crit par\" \/>\n\t<meta name=\"twitter:data1\" content=\"cfeditorfr\" \/>\n\t<meta name=\"twitter:label2\" content=\"Dur\u00e9e de lecture estim\u00e9e\" \/>\n\t<meta name=\"twitter:data2\" content=\"3 minutes\" \/>\n<script type=\"application\/ld+json\" class=\"yoast-schema-graph\">{\"@context\":\"https:\/\/schema.org\",\"@graph\":[{\"@type\":\"Article\",\"@id\":\"https:\/\/www.africa-press.net\/centrafricaine\/politique\/rca-leutm-rca-accentue-le-niveau-des-faca-sur-les-piliers-strategique-education-et-operationnel-au-camp-kassai#article\",\"isPartOf\":{\"@id\":\"https:\/\/www.africa-press.net\/centrafricaine\/politique\/rca-leutm-rca-accentue-le-niveau-des-faca-sur-les-piliers-strategique-education-et-operationnel-au-camp-kassai\"},\"author\":{\"name\":\"cfeditorfr\",\"@id\":\"https:\/\/www.africa-press.net\/centrafricaine\/#\/schema\/person\/2b1cf3cd81a31e3cd26889ca66d677f1\"},\"headline\":\"L\u2019EUTM-RCA accentue le niveau des FACA\u00a0 sur les piliers strat\u00e9gique, \u00e9ducation et op\u00e9rationnel au camp Kassa\u00ef\",\"datePublished\":\"2021-06-30T16:32:57+00:00\",\"dateModified\":\"2021-06-30T18:44:32+00:00\",\"mainEntityOfPage\":{\"@id\":\"https:\/\/www.africa-press.net\/centrafricaine\/politique\/rca-leutm-rca-accentue-le-niveau-des-faca-sur-les-piliers-strategique-education-et-operationnel-au-camp-kassai\"},\"wordCount\":629,\"commentCount\":0,\"image\":{\"@id\":\"https:\/\/www.africa-press.net\/centrafricaine\/politique\/rca-leutm-rca-accentue-le-niveau-des-faca-sur-les-piliers-strategique-education-et-operationnel-au-camp-kassai#primaryimage\"},\"thumbnailUrl\":\"https:\/\/static.africa-press.net\/centrafricaine\/sites\/45\/2021\/06\/img-60dc97325da97.jpg\",\"keywords\":[\"Africa Press\",\"Africa Press-CentrAfricaine\",\"CentrAfricaine\"],\"articleSection\":[\"homepage-french\",\"Politique\",\"Toutes les actualit\u00e9s\"],\"inLanguage\":\"fr-FR\",\"potentialAction\":[{\"@type\":\"CommentAction\",\"name\":\"Comment\",\"target\":[\"https:\/\/www.africa-press.net\/centrafricaine\/politique\/rca-leutm-rca-accentue-le-niveau-des-faca-sur-les-piliers-strategique-education-et-operationnel-au-camp-kassai#respond\"]}]},{\"@type\":\"WebPage\",\"@id\":\"https:\/\/www.africa-press.net\/centrafricaine\/politique\/rca-leutm-rca-accentue-le-niveau-des-faca-sur-les-piliers-strategique-education-et-operationnel-au-camp-kassai\",\"url\":\"https:\/\/www.africa-press.net\/centrafricaine\/politique\/rca-leutm-rca-accentue-le-niveau-des-faca-sur-les-piliers-strategique-education-et-operationnel-au-camp-kassai\",\"name\":\"L\u2019EUTM-RCA accentue le niveau des FACA\u00a0 sur les piliers strat\u00e9gique, \u00e9ducation et op\u00e9rationnel au camp Kassa\u00ef - centrafricaine\",\"isPartOf\":{\"@id\":\"https:\/\/www.africa-press.net\/centrafricaine\/#website\"},\"primaryImageOfPage\":{\"@id\":\"https:\/\/www.africa-press.net\/centrafricaine\/politique\/rca-leutm-rca-accentue-le-niveau-des-faca-sur-les-piliers-strategique-education-et-operationnel-au-camp-kassai#primaryimage\"},\"image\":{\"@id\":\"https:\/\/www.africa-press.net\/centrafricaine\/politique\/rca-leutm-rca-accentue-le-niveau-des-faca-sur-les-piliers-strategique-education-et-operationnel-au-camp-kassai#primaryimage\"},\"thumbnailUrl\":\"https:\/\/static.africa-press.net\/centrafricaine\/sites\/45\/2021\/06\/img-60dc97325da97.jpg\",\"datePublished\":\"2021-06-30T16:32:57+00:00\",\"dateModified\":\"2021-06-30T18:44:32+00:00\",\"author\":{\"@id\":\"https:\/\/www.africa-press.net\/centrafricaine\/#\/schema\/person\/2b1cf3cd81a31e3cd26889ca66d677f1\"},\"breadcrumb\":{\"@id\":\"https:\/\/www.africa-press.net\/centrafricaine\/politique\/rca-leutm-rca-accentue-le-niveau-des-faca-sur-les-piliers-strategique-education-et-operationnel-au-camp-kassai#breadcrumb\"},\"inLanguage\":\"fr-FR\",\"potentialAction\":[{\"@type\":\"ReadAction\",\"target\":[\"https:\/\/www.africa-press.net\/centrafricaine\/politique\/rca-leutm-rca-accentue-le-niveau-des-faca-sur-les-piliers-strategique-education-et-operationnel-au-camp-kassai\"]}]},{\"@type\":\"ImageObject\",\"inLanguage\":\"fr-FR\",\"@id\":\"https:\/\/www.africa-press.net\/centrafricaine\/politique\/rca-leutm-rca-accentue-le-niveau-des-faca-sur-les-piliers-strategique-education-et-operationnel-au-camp-kassai#primaryimage\",\"url\":\"https:\/\/static.africa-press.net\/centrafricaine\/sites\/45\/2021\/06\/img-60dc97325da97.jpg\",\"contentUrl\":\"https:\/\/static.africa-press.net\/centrafricaine\/sites\/45\/2021\/06\/img-60dc97325da97.jpg\",\"width\":720,\"height\":540,\"caption\":\"RCA\u00a0: L\u2019EUTM-RCA accentue le niveau des FACA\u00a0 sur les piliers strat\u00e9gique, \u00e9ducation et op\u00e9rationnel au camp Kassa\u00ef\"},{\"@type\":\"BreadcrumbList\",\"@id\":\"https:\/\/www.africa-press.net\/centrafricaine\/politique\/rca-leutm-rca-accentue-le-niveau-des-faca-sur-les-piliers-strategique-education-et-operationnel-au-camp-kassai#breadcrumb\",\"itemListElement\":[{\"@type\":\"ListItem\",\"position\":1,\"name\":\"Accueil\",\"item\":\"https:\/\/www.africa-press.net\/centrafricaine\/\"},{\"@type\":\"ListItem\",\"position\":2,\"name\":\"L\u2019EUTM-RCA accentue le niveau des FACA\u00a0 sur les piliers strat\u00e9gique, \u00e9ducation et op\u00e9rationnel au camp Kassa\u00ef\"}]},{\"@type\":\"WebSite\",\"@id\":\"https:\/\/www.africa-press.net\/centrafricaine\/#website\",\"url\":\"https:\/\/www.africa-press.net\/centrafricaine\/\",\"name\":\"centrafricaine\",\"description\":\"Just another Africa News Agency Sites site\",\"potentialAction\":[{\"@type\":\"SearchAction\",\"target\":{\"@type\":\"EntryPoint\",\"urlTemplate\":\"https:\/\/www.africa-press.net\/centrafricaine\/?s={search_term_string}\"},\"query-input\":{\"@type\":\"PropertyValueSpecification\",\"valueRequired\":true,\"valueName\":\"search_term_string\"}}],\"inLanguage\":\"fr-FR\"},{\"@type\":\"Person\",\"@id\":\"https:\/\/www.africa-press.net\/centrafricaine\/#\/schema\/person\/2b1cf3cd81a31e3cd26889ca66d677f1\",\"name\":\"cfeditorfr\"}]}<\/script>\n<!-- \/ Yoast SEO Premium plugin. -->","yoast_head_json":{"title":"L\u2019EUTM-RCA accentue le niveau des FACA\u00a0 sur les piliers strat\u00e9gique, \u00e9ducation et op\u00e9rationnel au camp Kassa\u00ef - centrafricaine","robots":{"index":"index","follow":"follow","max-snippet":"max-snippet:-1","max-image-preview":"max-image-preview:large","max-video-preview":"max-video-preview:-1"},"canonical":"https:\/\/www.africa-press.net\/centrafricaine\/politique\/rca-leutm-rca-accentue-le-niveau-des-faca-sur-les-piliers-strategique-education-et-operationnel-au-camp-kassai","og_locale":"fr_FR","og_type":"article","og_title":"L\u2019EUTM-RCA accentue le niveau des FACA\u00a0 sur les piliers strat\u00e9gique, \u00e9ducation et op\u00e9rationnel au camp Kassa\u00ef","og_description":"Africa-Press &#8211; CentrAfricaine. \u00a0Les trois compagnies du bataillon d\u2019infanterie territorial n\u00b0 7 en abr\u00e9g\u00e9 (BIT7), b\u00e9n\u00e9ficient de la formation de la mission militaire de l\u2019Union europ\u00e9enne EUTM-RCA sur les piliers strat\u00e9gique, \u00e9ducation et op\u00e9rationnel sur le terrain. Cette s\u00e9rie de formation des FACA continue de faire son petit bonhomme de chemin au camp Kassa\u00ef avec [&hellip;]","og_url":"https:\/\/www.africa-press.net\/centrafricaine\/politique\/rca-leutm-rca-accentue-le-niveau-des-faca-sur-les-piliers-strategique-education-et-operationnel-au-camp-kassai","og_site_name":"centrafricaine","article_published_time":"2021-06-30T16:32:57+00:00","article_modified_time":"2021-06-30T18:44:32+00:00","og_image":[{"width":720,"height":540,"url":"https:\/\/static.africa-press.net\/centrafricaine\/sites\/45\/2021\/06\/img-60dc97325da97.jpg","type":"image\/jpeg"}],"author":"cfeditorfr","twitter_card":"summary_large_image","twitter_misc":{"\u00c9crit par":"cfeditorfr","Dur\u00e9e de lecture estim\u00e9e":"3 minutes"},"schema":{"@context":"https:\/\/schema.org","@graph":[{"@type":"Article","@id":"https:\/\/www.africa-press.net\/centrafricaine\/politique\/rca-leutm-rca-accentue-le-niveau-des-faca-sur-les-piliers-strategique-education-et-operationnel-au-camp-kassai#article","isPartOf":{"@id":"https:\/\/www.africa-press.net\/centrafricaine\/politique\/rca-leutm-rca-accentue-le-niveau-des-faca-sur-les-piliers-strategique-education-et-operationnel-au-camp-kassai"},"author":{"name":"cfeditorfr","@id":"https:\/\/www.africa-press.net\/centrafricaine\/#\/schema\/person\/2b1cf3cd81a31e3cd26889ca66d677f1"},"headline":"L\u2019EUTM-RCA accentue le niveau des FACA\u00a0 sur les piliers strat\u00e9gique, \u00e9ducation et op\u00e9rationnel au camp Kassa\u00ef","datePublished":"2021-06-30T16:32:57+00:00","dateModified":"2021-06-30T18:44:32+00:00","mainEntityOfPage":{"@id":"https:\/\/www.africa-press.net\/centrafricaine\/politique\/rca-leutm-rca-accentue-le-niveau-des-faca-sur-les-piliers-strategique-education-et-operationnel-au-camp-kassai"},"wordCount":629,"commentCount":0,"image":{"@id":"https:\/\/www.africa-press.net\/centrafricaine\/politique\/rca-leutm-rca-accentue-le-niveau-des-faca-sur-les-piliers-strategique-education-et-operationnel-au-camp-kassai#primaryimage"},"thumbnailUrl":"https:\/\/static.africa-press.net\/centrafricaine\/sites\/45\/2021\/06\/img-60dc97325da97.jpg","keywords":["Africa Press","Africa Press-CentrAfricaine","CentrAfricaine"],"articleSection":["homepage-french","Politique","Toutes les actualit\u00e9s"],"inLanguage":"fr-FR","potentialAction":[{"@type":"CommentAction","name":"Comment","target":["https:\/\/www.africa-press.net\/centrafricaine\/politique\/rca-leutm-rca-accentue-le-niveau-des-faca-sur-les-piliers-strategique-education-et-operationnel-au-camp-kassai#respond"]}]},{"@type":"WebPage","@id":"https:\/\/www.africa-press.net\/centrafricaine\/politique\/rca-leutm-rca-accentue-le-niveau-des-faca-sur-les-piliers-strategique-education-et-operationnel-au-camp-kassai","url":"https:\/\/www.africa-press.net\/centrafricaine\/politique\/rca-leutm-rca-accentue-le-niveau-des-faca-sur-les-piliers-strategique-education-et-operationnel-au-camp-kassai","name":"L\u2019EUTM-RCA accentue le niveau des FACA\u00a0 sur les piliers strat\u00e9gique, \u00e9ducation et op\u00e9rationnel au camp Kassa\u00ef - centrafricaine","isPartOf":{"@id":"https:\/\/www.africa-press.net\/centrafricaine\/#website"},"primaryImageOfPage":{"@id":"https:\/\/www.africa-press.net\/centrafricaine\/politique\/rca-leutm-rca-accentue-le-niveau-des-faca-sur-les-piliers-strategique-education-et-operationnel-au-camp-kassai#primaryimage"},"image":{"@id":"https:\/\/www.africa-press.net\/centrafricaine\/politique\/rca-leutm-rca-accentue-le-niveau-des-faca-sur-les-piliers-strategique-education-et-operationnel-au-camp-kassai#primaryimage"},"thumbnailUrl":"https:\/\/static.africa-press.net\/centrafricaine\/sites\/45\/2021\/06\/img-60dc97325da97.jpg","datePublished":"2021-06-30T16:32:57+00:00","dateModified":"2021-06-30T18:44:32+00:00","author":{"@id":"https:\/\/www.africa-press.net\/centrafricaine\/#\/schema\/person\/2b1cf3cd81a31e3cd26889ca66d677f1"},"breadcrumb":{"@id":"https:\/\/www.africa-press.net\/centrafricaine\/politique\/rca-leutm-rca-accentue-le-niveau-des-faca-sur-les-piliers-strategique-education-et-operationnel-au-camp-kassai#breadcrumb"},"inLanguage":"fr-FR","potentialAction":[{"@type":"ReadAction","target":["https:\/\/www.africa-press.net\/centrafricaine\/politique\/rca-leutm-rca-accentue-le-niveau-des-faca-sur-les-piliers-strategique-education-et-operationnel-au-camp-kassai"]}]},{"@type":"ImageObject","inLanguage":"fr-FR","@id":"https:\/\/www.africa-press.net\/centrafricaine\/politique\/rca-leutm-rca-accentue-le-niveau-des-faca-sur-les-piliers-strategique-education-et-operationnel-au-camp-kassai#primaryimage","url":"https:\/\/static.africa-press.net\/centrafricaine\/sites\/45\/2021\/06\/img-60dc97325da97.jpg","contentUrl":"https:\/\/static.africa-press.net\/centrafricaine\/sites\/45\/2021\/06\/img-60dc97325da97.jpg","width":720,"height":540,"caption":"RCA\u00a0: L\u2019EUTM-RCA accentue le niveau des FACA\u00a0 sur les piliers strat\u00e9gique, \u00e9ducation et op\u00e9rationnel au camp Kassa\u00ef"},{"@type":"BreadcrumbList","@id":"https:\/\/www.africa-press.net\/centrafricaine\/politique\/rca-leutm-rca-accentue-le-niveau-des-faca-sur-les-piliers-strategique-education-et-operationnel-au-camp-kassai#breadcrumb","itemListElement":[{"@type":"ListItem","position":1,"name":"Accueil","item":"https:\/\/www.africa-press.net\/centrafricaine\/"},{"@type":"ListItem","position":2,"name":"L\u2019EUTM-RCA accentue le niveau des FACA\u00a0 sur les piliers strat\u00e9gique, \u00e9ducation et op\u00e9rationnel au camp Kassa\u00ef"}]},{"@type":"WebSite","@id":"https:\/\/www.africa-press.net\/centrafricaine\/#website","url":"https:\/\/www.africa-press.net\/centrafricaine\/","name":"centrafricaine","description":"Just another Africa News Agency Sites site","potentialAction":[{"@type":"SearchAction","target":{"@type":"EntryPoint","urlTemplate":"https:\/\/www.africa-press.net\/centrafricaine\/?s={search_term_string}"},"query-input":{"@type":"PropertyValueSpecification","valueRequired":true,"valueName":"search_term_string"}}],"inLanguage":"fr-FR"},{"@type":"Person","@id":"https:\/\/www.africa-press.net\/centrafricaine\/#\/schema\/person\/2b1cf3cd81a31e3cd26889ca66d677f1","name":"cfeditorfr"}]}},"_links":{"self":[{"href":"https:\/\/www.africa-press.net\/centrafricaine\/wp-json\/wp\/v2\/posts\/8571","targetHints":{"allow":["GET"]}}],"collection":[{"href":"https:\/\/www.africa-press.net\/centrafricaine\/wp-json\/wp\/v2\/posts"}],"about":[{"href":"https:\/\/www.africa-press.net\/centrafricaine\/wp-json\/wp\/v2\/types\/post"}],"author":[{"embeddable":true,"href":"https:\/\/www.africa-press.net\/centrafricaine\/wp-json\/wp\/v2\/users\/82"}],"replies":[{"embeddable":true,"href":"https:\/\/www.africa-press.net\/centrafricaine\/wp-json\/wp\/v2\/comments?post=8571"}],"version-history":[{"count":0,"href":"https:\/\/www.africa-press.net\/centrafricaine\/wp-json\/wp\/v2\/posts\/8571\/revisions"}],"wp:featuredmedia":[{"embeddable":true,"href":"https:\/\/www.africa-press.net\/centrafricaine\/wp-json\/wp\/v2\/media\/8566"}],"wp:attachment":[{"href":"https:\/\/www.africa-press.net\/centrafricaine\/wp-json\/wp\/v2\/media?parent=8571"}],"wp:term":[{"taxonomy":"category","embeddable":true,"href":"https:\/\/www.africa-press.net\/centrafricaine\/wp-json\/wp\/v2\/categories?post=8571"},{"taxonomy":"post_tag","embeddable":true,"href":"https:\/\/www.africa-press.net\/centrafricaine\/wp-json\/wp\/v2\/tags?post=8571"}],"curies":[{"name":"wp","href":"https:\/\/api.w.org\/{rel}","templated":true}]}}