{"id":8594,"date":"2021-07-01T14:40:58","date_gmt":"2021-07-01T14:40:58","guid":{"rendered":"https:\/\/www.africa-press.net\/centrafricaine\/?p=8594"},"modified":"2021-07-01T20:43:02","modified_gmt":"2021-07-01T20:43:02","slug":"rca-bambari-les-mercenaires-de-wagner-accuse-une-nouvelle-fois-de-braquage-au-village-timbolo","status":"publish","type":"post","link":"https:\/\/www.africa-press.net\/centrafricaine\/politique\/rca-bambari-les-mercenaires-de-wagner-accuse-une-nouvelle-fois-de-braquage-au-village-timbolo","title":{"rendered":"les mercenaires de Wagner accus\u00e9 une nouvelle fois de braquage au village Timbolo"},"content":{"rendered":"<p><span style=\"color: #ff6600\"><strong><a href=\"https:\/\/www.africa-press.net\/\">Africa-Press<\/a> &#8211; <a href=\"https:\/\/www.africa-press.net\/centrafricaine\">CentrAfricaine<\/a>. <\/strong><\/span>Les mercenaires russes de la soci\u00e9t\u00e9 Wagner sont \u00e0 nouveau accus\u00e9s de braquage des \u00e9leveurs peuls au village Timbolo, situ\u00e9 \u00e0 20 kilom\u00e8tres de Bambari, chef-lieu de la pr\u00e9fecture de l\u2019Ouaka, au centre de la R\u00e9publique centrafricaine.<\/p>\n<p>Selon des t\u00e9moins interrog\u00e9s par la r\u00e9daction, les faits criminels ont eu lieu au village Timbolo ce mardi 29 juin. D\u2019apr\u00e8s eux, les hommes de Wagner, dans leur recherche de butins, sont arriv\u00e9s dans leur village vers 9 heures. Ils n\u2019y trouvaient personne, sauf des enfants qui surveillaient les troupeaux de b\u0153ufs. Mais \u00e0 la surprise des enfants, les hommes de Wagner ont ouvert le feu en l\u2019air pour les intimider. C\u2019est ainsi qu\u2019ils se sont \u00e9parpill\u00e9s dans la brousse, laissant les b\u0153ufs derri\u00e8re eux que les assaillants ont litt\u00e9ralement abattu en toute aisance au moins 10 d\u2019entre eux qu\u2019ils ont ensuite emport\u00e9s dans leurs v\u00e9hicules.<\/p>\n<p>Selon le repr\u00e9sentant des \u00e9leveurs du village Timbolo, le pr\u00e9fet de la Ouaka et le maire de Bambari ont \u00e9t\u00e9 saisis de l\u2019affaire, mais ils n\u2019ont rien pu faire jusqu\u2019\u00e0 lors.<\/p>\n<p>Rappelons que la viande de b\u0153uf est tr\u00e8s recherch\u00e9e en Russie. Les crimes commis par les hommes de Wagner ont permis \u00e0 cette soci\u00e9t\u00e9 de mafia russe de ravitailler cet immense pays pauvre du nord, voisin de la Chine et du Canada.<\/p>\n<p>Il faut noter au passage que la soci\u00e9t\u00e9 Wagner, venue en R\u00e9publique centrafricaine depuis 2017 dans le cadre du partenariat avec le gouvernement centrafricain, avait construit un abattoir moderne au village Bokologbo, fief du chef rebelle Ali Darassa. L\u2019objectif, selon eux, favoriser l\u2019exportation vers la Russie des viandes de b\u0153ufs et autres animaux.<\/p>\n<p><b>\u00a0<\/b><\/p>\n","protected":false},"excerpt":{"rendered":"<p>Africa-Press &#8211; CentrAfricaine. Les mercenaires russes de la soci\u00e9t\u00e9 Wagner sont \u00e0 nouveau accus\u00e9s de braquage des \u00e9leveurs peuls au village Timbolo, situ\u00e9 \u00e0 20 kilom\u00e8tres de Bambari, chef-lieu de la pr\u00e9fecture de l\u2019Ouaka, au centre de la R\u00e9publique centrafricaine. Selon des t\u00e9moins interrog\u00e9s par la r\u00e9daction, les faits criminels ont eu lieu au village [&hellip;]<\/p>\n","protected":false},"author":82,"featured_media":8593,"comment_status":"open","ping_status":"closed","sticky":false,"template":"","format":"standard","meta":{"footnotes":""},"categories":[11,2,10],"tags":[36,58,30],"class_list":["post-8594","post","type-post","status-publish","format-standard","has-post-thumbnail","hentry","category-homepage-french","category-politique","category-toutes-les-actualites","tag-africa-press","tag-africa-press-centrafricaine","tag-centrafricaine"],"yoast_head":"<!-- This site is optimized with the Yoast SEO Premium plugin v26.1 (Yoast SEO v27.0) - https:\/\/yoast.com\/product\/yoast-seo-premium-wordpress\/ -->\n<title>les mercenaires de Wagner accus\u00e9 une nouvelle fois de braquage au village Timbolo - centrafricaine<\/title>\n<meta name=\"description\" content=\"Bangui, R\u00e9publique centrafricaine, jjeudi, 1 juillet 2021, 03:21:32 ( Corbeaunews-Centrafrique ). Les mercenaire ...\" \/>\n<meta name=\"robots\" content=\"index, follow, max-snippet:-1, max-image-preview:large, max-video-preview:-1\" \/>\n<link rel=\"canonical\" href=\"https:\/\/www.africa-press.net\/centrafricaine\/politique\/rca-bambari-les-mercenaires-de-wagner-accuse-une-nouvelle-fois-de-braquage-au-village-timbolo\" \/>\n<meta property=\"og:locale\" content=\"fr_FR\" \/>\n<meta property=\"og:type\" content=\"article\" \/>\n<meta property=\"og:title\" content=\"les mercenaires de Wagner accus\u00e9 une nouvelle fois de braquage au village Timbolo\" \/>\n<meta property=\"og:description\" content=\"Bangui, R\u00e9publique centrafricaine, jjeudi, 1 juillet 2021, 03:21:32 ( Corbeaunews-Centrafrique ). Les mercenaire ...\" \/>\n<meta property=\"og:url\" content=\"https:\/\/www.africa-press.net\/centrafricaine\/politique\/rca-bambari-les-mercenaires-de-wagner-accuse-une-nouvelle-fois-de-braquage-au-village-timbolo\" \/>\n<meta property=\"og:site_name\" content=\"centrafricaine\" \/>\n<meta property=\"article:published_time\" content=\"2021-07-01T14:40:58+00:00\" \/>\n<meta property=\"article:modified_time\" content=\"2021-07-01T20:43:02+00:00\" \/>\n<meta property=\"og:image\" content=\"https:\/\/static.africa-press.net\/centrafricaine\/sites\/45\/2021\/07\/img-60ddd1d1ee76f.jpg\" \/>\n\t<meta property=\"og:image:width\" content=\"720\" \/>\n\t<meta property=\"og:image:height\" content=\"696\" \/>\n\t<meta property=\"og:image:type\" content=\"image\/jpeg\" \/>\n<meta name=\"author\" content=\"cfeditorfr\" \/>\n<meta name=\"twitter:card\" content=\"summary_large_image\" \/>\n<meta name=\"twitter:label1\" content=\"\u00c9crit par\" \/>\n\t<meta name=\"twitter:data1\" content=\"cfeditorfr\" \/>\n\t<meta name=\"twitter:label2\" content=\"Dur\u00e9e de lecture estim\u00e9e\" \/>\n\t<meta name=\"twitter:data2\" content=\"2 minutes\" \/>\n<script type=\"application\/ld+json\" class=\"yoast-schema-graph\">{\"@context\":\"https:\/\/schema.org\",\"@graph\":[{\"@type\":\"Article\",\"@id\":\"https:\/\/www.africa-press.net\/centrafricaine\/politique\/rca-bambari-les-mercenaires-de-wagner-accuse-une-nouvelle-fois-de-braquage-au-village-timbolo#article\",\"isPartOf\":{\"@id\":\"https:\/\/www.africa-press.net\/centrafricaine\/politique\/rca-bambari-les-mercenaires-de-wagner-accuse-une-nouvelle-fois-de-braquage-au-village-timbolo\"},\"author\":{\"name\":\"cfeditorfr\",\"@id\":\"https:\/\/www.africa-press.net\/centrafricaine\/#\/schema\/person\/2b1cf3cd81a31e3cd26889ca66d677f1\"},\"headline\":\"les mercenaires de Wagner accus\u00e9 une nouvelle fois de braquage au village Timbolo\",\"datePublished\":\"2021-07-01T14:40:58+00:00\",\"dateModified\":\"2021-07-01T20:43:02+00:00\",\"mainEntityOfPage\":{\"@id\":\"https:\/\/www.africa-press.net\/centrafricaine\/politique\/rca-bambari-les-mercenaires-de-wagner-accuse-une-nouvelle-fois-de-braquage-au-village-timbolo\"},\"wordCount\":314,\"commentCount\":0,\"image\":{\"@id\":\"https:\/\/www.africa-press.net\/centrafricaine\/politique\/rca-bambari-les-mercenaires-de-wagner-accuse-une-nouvelle-fois-de-braquage-au-village-timbolo#primaryimage\"},\"thumbnailUrl\":\"https:\/\/static.africa-press.net\/centrafricaine\/sites\/45\/2021\/07\/img-60ddd1d1ee76f.jpg\",\"keywords\":[\"Africa Press\",\"Africa Press-CentrAfricaine\",\"CentrAfricaine\"],\"articleSection\":[\"homepage-french\",\"Politique\",\"Toutes les actualit\u00e9s\"],\"inLanguage\":\"fr-FR\",\"potentialAction\":[{\"@type\":\"CommentAction\",\"name\":\"Comment\",\"target\":[\"https:\/\/www.africa-press.net\/centrafricaine\/politique\/rca-bambari-les-mercenaires-de-wagner-accuse-une-nouvelle-fois-de-braquage-au-village-timbolo#respond\"]}]},{\"@type\":\"WebPage\",\"@id\":\"https:\/\/www.africa-press.net\/centrafricaine\/politique\/rca-bambari-les-mercenaires-de-wagner-accuse-une-nouvelle-fois-de-braquage-au-village-timbolo\",\"url\":\"https:\/\/www.africa-press.net\/centrafricaine\/politique\/rca-bambari-les-mercenaires-de-wagner-accuse-une-nouvelle-fois-de-braquage-au-village-timbolo\",\"name\":\"les mercenaires de Wagner accus\u00e9 une nouvelle fois de braquage au village Timbolo - centrafricaine\",\"isPartOf\":{\"@id\":\"https:\/\/www.africa-press.net\/centrafricaine\/#website\"},\"primaryImageOfPage\":{\"@id\":\"https:\/\/www.africa-press.net\/centrafricaine\/politique\/rca-bambari-les-mercenaires-de-wagner-accuse-une-nouvelle-fois-de-braquage-au-village-timbolo#primaryimage\"},\"image\":{\"@id\":\"https:\/\/www.africa-press.net\/centrafricaine\/politique\/rca-bambari-les-mercenaires-de-wagner-accuse-une-nouvelle-fois-de-braquage-au-village-timbolo#primaryimage\"},\"thumbnailUrl\":\"https:\/\/static.africa-press.net\/centrafricaine\/sites\/45\/2021\/07\/img-60ddd1d1ee76f.jpg\",\"datePublished\":\"2021-07-01T14:40:58+00:00\",\"dateModified\":\"2021-07-01T20:43:02+00:00\",\"author\":{\"@id\":\"https:\/\/www.africa-press.net\/centrafricaine\/#\/schema\/person\/2b1cf3cd81a31e3cd26889ca66d677f1\"},\"description\":\"Bangui, R\u00e9publique centrafricaine, jjeudi, 1 juillet 2021, 03:21:32 ( Corbeaunews-Centrafrique ). Les mercenaire ...\",\"breadcrumb\":{\"@id\":\"https:\/\/www.africa-press.net\/centrafricaine\/politique\/rca-bambari-les-mercenaires-de-wagner-accuse-une-nouvelle-fois-de-braquage-au-village-timbolo#breadcrumb\"},\"inLanguage\":\"fr-FR\",\"potentialAction\":[{\"@type\":\"ReadAction\",\"target\":[\"https:\/\/www.africa-press.net\/centrafricaine\/politique\/rca-bambari-les-mercenaires-de-wagner-accuse-une-nouvelle-fois-de-braquage-au-village-timbolo\"]}]},{\"@type\":\"ImageObject\",\"inLanguage\":\"fr-FR\",\"@id\":\"https:\/\/www.africa-press.net\/centrafricaine\/politique\/rca-bambari-les-mercenaires-de-wagner-accuse-une-nouvelle-fois-de-braquage-au-village-timbolo#primaryimage\",\"url\":\"https:\/\/static.africa-press.net\/centrafricaine\/sites\/45\/2021\/07\/img-60ddd1d1ee76f.jpg\",\"contentUrl\":\"https:\/\/static.africa-press.net\/centrafricaine\/sites\/45\/2021\/07\/img-60ddd1d1ee76f.jpg\",\"width\":720,\"height\":696,\"caption\":\"RCA\u00a0: Bambari, les mercenaires de Wagner accus\u00e9 une nouvelle fois de braquage au village Timbolo\"},{\"@type\":\"BreadcrumbList\",\"@id\":\"https:\/\/www.africa-press.net\/centrafricaine\/politique\/rca-bambari-les-mercenaires-de-wagner-accuse-une-nouvelle-fois-de-braquage-au-village-timbolo#breadcrumb\",\"itemListElement\":[{\"@type\":\"ListItem\",\"position\":1,\"name\":\"Accueil\",\"item\":\"https:\/\/www.africa-press.net\/centrafricaine\/\"},{\"@type\":\"ListItem\",\"position\":2,\"name\":\"les mercenaires de Wagner accus\u00e9 une nouvelle fois de braquage au village Timbolo\"}]},{\"@type\":\"WebSite\",\"@id\":\"https:\/\/www.africa-press.net\/centrafricaine\/#website\",\"url\":\"https:\/\/www.africa-press.net\/centrafricaine\/\",\"name\":\"centrafricaine\",\"description\":\"Just another Africa News Agency Sites site\",\"potentialAction\":[{\"@type\":\"SearchAction\",\"target\":{\"@type\":\"EntryPoint\",\"urlTemplate\":\"https:\/\/www.africa-press.net\/centrafricaine\/?s={search_term_string}\"},\"query-input\":{\"@type\":\"PropertyValueSpecification\",\"valueRequired\":true,\"valueName\":\"search_term_string\"}}],\"inLanguage\":\"fr-FR\"},{\"@type\":\"Person\",\"@id\":\"https:\/\/www.africa-press.net\/centrafricaine\/#\/schema\/person\/2b1cf3cd81a31e3cd26889ca66d677f1\",\"name\":\"cfeditorfr\"}]}<\/script>\n<!-- \/ Yoast SEO Premium plugin. -->","yoast_head_json":{"title":"les mercenaires de Wagner accus\u00e9 une nouvelle fois de braquage au village Timbolo - centrafricaine","description":"Bangui, R\u00e9publique centrafricaine, jjeudi, 1 juillet 2021, 03:21:32 ( Corbeaunews-Centrafrique ). Les mercenaire ...","robots":{"index":"index","follow":"follow","max-snippet":"max-snippet:-1","max-image-preview":"max-image-preview:large","max-video-preview":"max-video-preview:-1"},"canonical":"https:\/\/www.africa-press.net\/centrafricaine\/politique\/rca-bambari-les-mercenaires-de-wagner-accuse-une-nouvelle-fois-de-braquage-au-village-timbolo","og_locale":"fr_FR","og_type":"article","og_title":"les mercenaires de Wagner accus\u00e9 une nouvelle fois de braquage au village Timbolo","og_description":"Bangui, R\u00e9publique centrafricaine, jjeudi, 1 juillet 2021, 03:21:32 ( Corbeaunews-Centrafrique ). Les mercenaire ...","og_url":"https:\/\/www.africa-press.net\/centrafricaine\/politique\/rca-bambari-les-mercenaires-de-wagner-accuse-une-nouvelle-fois-de-braquage-au-village-timbolo","og_site_name":"centrafricaine","article_published_time":"2021-07-01T14:40:58+00:00","article_modified_time":"2021-07-01T20:43:02+00:00","og_image":[{"width":720,"height":696,"url":"https:\/\/static.africa-press.net\/centrafricaine\/sites\/45\/2021\/07\/img-60ddd1d1ee76f.jpg","type":"image\/jpeg"}],"author":"cfeditorfr","twitter_card":"summary_large_image","twitter_misc":{"\u00c9crit par":"cfeditorfr","Dur\u00e9e de lecture estim\u00e9e":"2 minutes"},"schema":{"@context":"https:\/\/schema.org","@graph":[{"@type":"Article","@id":"https:\/\/www.africa-press.net\/centrafricaine\/politique\/rca-bambari-les-mercenaires-de-wagner-accuse-une-nouvelle-fois-de-braquage-au-village-timbolo#article","isPartOf":{"@id":"https:\/\/www.africa-press.net\/centrafricaine\/politique\/rca-bambari-les-mercenaires-de-wagner-accuse-une-nouvelle-fois-de-braquage-au-village-timbolo"},"author":{"name":"cfeditorfr","@id":"https:\/\/www.africa-press.net\/centrafricaine\/#\/schema\/person\/2b1cf3cd81a31e3cd26889ca66d677f1"},"headline":"les mercenaires de Wagner accus\u00e9 une nouvelle fois de braquage au village Timbolo","datePublished":"2021-07-01T14:40:58+00:00","dateModified":"2021-07-01T20:43:02+00:00","mainEntityOfPage":{"@id":"https:\/\/www.africa-press.net\/centrafricaine\/politique\/rca-bambari-les-mercenaires-de-wagner-accuse-une-nouvelle-fois-de-braquage-au-village-timbolo"},"wordCount":314,"commentCount":0,"image":{"@id":"https:\/\/www.africa-press.net\/centrafricaine\/politique\/rca-bambari-les-mercenaires-de-wagner-accuse-une-nouvelle-fois-de-braquage-au-village-timbolo#primaryimage"},"thumbnailUrl":"https:\/\/static.africa-press.net\/centrafricaine\/sites\/45\/2021\/07\/img-60ddd1d1ee76f.jpg","keywords":["Africa Press","Africa Press-CentrAfricaine","CentrAfricaine"],"articleSection":["homepage-french","Politique","Toutes les actualit\u00e9s"],"inLanguage":"fr-FR","potentialAction":[{"@type":"CommentAction","name":"Comment","target":["https:\/\/www.africa-press.net\/centrafricaine\/politique\/rca-bambari-les-mercenaires-de-wagner-accuse-une-nouvelle-fois-de-braquage-au-village-timbolo#respond"]}]},{"@type":"WebPage","@id":"https:\/\/www.africa-press.net\/centrafricaine\/politique\/rca-bambari-les-mercenaires-de-wagner-accuse-une-nouvelle-fois-de-braquage-au-village-timbolo","url":"https:\/\/www.africa-press.net\/centrafricaine\/politique\/rca-bambari-les-mercenaires-de-wagner-accuse-une-nouvelle-fois-de-braquage-au-village-timbolo","name":"les mercenaires de Wagner accus\u00e9 une nouvelle fois de braquage au village Timbolo - centrafricaine","isPartOf":{"@id":"https:\/\/www.africa-press.net\/centrafricaine\/#website"},"primaryImageOfPage":{"@id":"https:\/\/www.africa-press.net\/centrafricaine\/politique\/rca-bambari-les-mercenaires-de-wagner-accuse-une-nouvelle-fois-de-braquage-au-village-timbolo#primaryimage"},"image":{"@id":"https:\/\/www.africa-press.net\/centrafricaine\/politique\/rca-bambari-les-mercenaires-de-wagner-accuse-une-nouvelle-fois-de-braquage-au-village-timbolo#primaryimage"},"thumbnailUrl":"https:\/\/static.africa-press.net\/centrafricaine\/sites\/45\/2021\/07\/img-60ddd1d1ee76f.jpg","datePublished":"2021-07-01T14:40:58+00:00","dateModified":"2021-07-01T20:43:02+00:00","author":{"@id":"https:\/\/www.africa-press.net\/centrafricaine\/#\/schema\/person\/2b1cf3cd81a31e3cd26889ca66d677f1"},"description":"Bangui, R\u00e9publique centrafricaine, jjeudi, 1 juillet 2021, 03:21:32 ( Corbeaunews-Centrafrique ). Les mercenaire ...","breadcrumb":{"@id":"https:\/\/www.africa-press.net\/centrafricaine\/politique\/rca-bambari-les-mercenaires-de-wagner-accuse-une-nouvelle-fois-de-braquage-au-village-timbolo#breadcrumb"},"inLanguage":"fr-FR","potentialAction":[{"@type":"ReadAction","target":["https:\/\/www.africa-press.net\/centrafricaine\/politique\/rca-bambari-les-mercenaires-de-wagner-accuse-une-nouvelle-fois-de-braquage-au-village-timbolo"]}]},{"@type":"ImageObject","inLanguage":"fr-FR","@id":"https:\/\/www.africa-press.net\/centrafricaine\/politique\/rca-bambari-les-mercenaires-de-wagner-accuse-une-nouvelle-fois-de-braquage-au-village-timbolo#primaryimage","url":"https:\/\/static.africa-press.net\/centrafricaine\/sites\/45\/2021\/07\/img-60ddd1d1ee76f.jpg","contentUrl":"https:\/\/static.africa-press.net\/centrafricaine\/sites\/45\/2021\/07\/img-60ddd1d1ee76f.jpg","width":720,"height":696,"caption":"RCA\u00a0: Bambari, les mercenaires de Wagner accus\u00e9 une nouvelle fois de braquage au village Timbolo"},{"@type":"BreadcrumbList","@id":"https:\/\/www.africa-press.net\/centrafricaine\/politique\/rca-bambari-les-mercenaires-de-wagner-accuse-une-nouvelle-fois-de-braquage-au-village-timbolo#breadcrumb","itemListElement":[{"@type":"ListItem","position":1,"name":"Accueil","item":"https:\/\/www.africa-press.net\/centrafricaine\/"},{"@type":"ListItem","position":2,"name":"les mercenaires de Wagner accus\u00e9 une nouvelle fois de braquage au village Timbolo"}]},{"@type":"WebSite","@id":"https:\/\/www.africa-press.net\/centrafricaine\/#website","url":"https:\/\/www.africa-press.net\/centrafricaine\/","name":"centrafricaine","description":"Just another Africa News Agency Sites site","potentialAction":[{"@type":"SearchAction","target":{"@type":"EntryPoint","urlTemplate":"https:\/\/www.africa-press.net\/centrafricaine\/?s={search_term_string}"},"query-input":{"@type":"PropertyValueSpecification","valueRequired":true,"valueName":"search_term_string"}}],"inLanguage":"fr-FR"},{"@type":"Person","@id":"https:\/\/www.africa-press.net\/centrafricaine\/#\/schema\/person\/2b1cf3cd81a31e3cd26889ca66d677f1","name":"cfeditorfr"}]}},"_links":{"self":[{"href":"https:\/\/www.africa-press.net\/centrafricaine\/wp-json\/wp\/v2\/posts\/8594","targetHints":{"allow":["GET"]}}],"collection":[{"href":"https:\/\/www.africa-press.net\/centrafricaine\/wp-json\/wp\/v2\/posts"}],"about":[{"href":"https:\/\/www.africa-press.net\/centrafricaine\/wp-json\/wp\/v2\/types\/post"}],"author":[{"embeddable":true,"href":"https:\/\/www.africa-press.net\/centrafricaine\/wp-json\/wp\/v2\/users\/82"}],"replies":[{"embeddable":true,"href":"https:\/\/www.africa-press.net\/centrafricaine\/wp-json\/wp\/v2\/comments?post=8594"}],"version-history":[{"count":0,"href":"https:\/\/www.africa-press.net\/centrafricaine\/wp-json\/wp\/v2\/posts\/8594\/revisions"}],"wp:featuredmedia":[{"embeddable":true,"href":"https:\/\/www.africa-press.net\/centrafricaine\/wp-json\/wp\/v2\/media\/8593"}],"wp:attachment":[{"href":"https:\/\/www.africa-press.net\/centrafricaine\/wp-json\/wp\/v2\/media?parent=8594"}],"wp:term":[{"taxonomy":"category","embeddable":true,"href":"https:\/\/www.africa-press.net\/centrafricaine\/wp-json\/wp\/v2\/categories?post=8594"},{"taxonomy":"post_tag","embeddable":true,"href":"https:\/\/www.africa-press.net\/centrafricaine\/wp-json\/wp\/v2\/tags?post=8594"}],"curies":[{"name":"wp","href":"https:\/\/api.w.org\/{rel}","templated":true}]}}