{"id":8600,"date":"2021-07-01T14:56:17","date_gmt":"2021-07-01T14:56:17","guid":{"rendered":"https:\/\/www.africa-press.net\/centrafricaine\/?p=8600"},"modified":"2021-07-01T20:43:50","modified_gmt":"2021-07-01T20:43:50","slug":"rca-un-jeune-de-bouar-de-passage-a-bossemptele-a-ete-grievement-agresse-par-les-faca","status":"publish","type":"post","link":"https:\/\/www.africa-press.net\/centrafricaine\/politique\/rca-un-jeune-de-bouar-de-passage-a-bossemptele-a-ete-grievement-agresse-par-les-faca","title":{"rendered":"un jeune de Bouar, de passage \u00e0 Bossempt\u00e9l\u00e9, a \u00e9t\u00e9 gri\u00e8vement agress\u00e9 par les FACA"},"content":{"rendered":"<p><span style=\"color: #ff6600\"><strong><a href=\"https:\/\/www.africa-press.net\/\">Africa-Press<\/a> &#8211; <a href=\"https:\/\/www.africa-press.net\/centrafricaine\">CentrAfricaine<\/a>. <\/strong><\/span>\u00a0Un jeune homme d\u2019une vingtaine d\u2019ann\u00e9es se trouve dans un \u00e9tat critique apr\u00e8s avoir \u00e9t\u00e9 agress\u00e9 par les soldats des forces arm\u00e9es centrafricaines (FACA) \u00e0 Bossempt\u00e9l\u00e9, dans la pr\u00e9fecture de l\u2019Ouham-P\u00e9nd\u00e9.<\/p>\n<p>Selon les t\u00e9moins, la victime \u00e9tait un passager d\u2019un minibus qui faisait la navette entre Bouar et Bangui. Mais ce samedi 26 juin, vers 13 heures, le minibus, en provenance de Bangui, \u00e9tait tomb\u00e9 en panne \u00e0 moins de 2 kilom\u00e8tres de l\u2019entr\u00e9e de Bossempt\u00e9l\u00e9 sur l\u2019axe Yalok\u00e9. Tous les passagers sont descendus du minibus pour aller se soulager et chercher \u00e0 manger au centre Bossempt\u00e9l\u00e9. Or \u00e0 l\u2019entr\u00e9e et \u00e0 la sortie de la ville, il y\u2019a des barri\u00e8res des soldats FACA, et chaque passager doit y passer pour faire<\/p>\n<p>de la formalit\u00e9, et verser une somme d\u2019argent aux forces de l\u2019ordre. Et comme pr\u00e9vu, tous les passagers ont r\u00e9guli\u00e8rement pass\u00e9 la formalit\u00e9, sauf un, un jeune homme d\u2019une vingtaine d\u2019ann\u00e9es.<\/p>\n<p>Selon le conducteur du minibus, il ne savait pas ce que le jeune homme a fait, mais tous les soldats se sont rou\u00e9s sur lui pour l\u2019agresser. Ils l\u2019ont pouss\u00e9 \u00e0 l\u2019int\u00e9rieur de leur poste, et sauvagement tabass\u00e9 durant plusieurs minutes avec des planches et de gros b\u00e2tons. Ses pieds et sa t\u00eate ont \u00e9t\u00e9 fractur\u00e9s, n\u00e9cessitant une hospitalisation, mais la victime redoute que ses agresseurs puissent se rendre \u00e0 l\u2019h\u00f4pital et l\u2019achever. Il demande \u00e0 ce qu\u2019on le ram\u00e8ne \u00e0 Bouar, sa ville. Ce qui a \u00e9t\u00e9 fait, et il est actuellement plac\u00e9 en urgence de l\u2019h\u00f4pital de Bouar.<\/p>\n<p>Alors, pour les habitants de Bossempt\u00e9l\u00e9, le comportement des soldats FACA d\u00e9ploy\u00e9s dans leur ville est tout \u00e0 fait contraire \u00e0 la protection des civils.<\/p>\n<p><b>\u00ab Ils sont devenus des femmes devant les mercenaires de Wagner, et subitement agressifs face \u00e0 la population civile \u00bb<\/b><\/p>\n<p>, d\u00e9plore Mathurin, un agent de douane d\u00e9tach\u00e9 \u00e0 Bossempt\u00e9l\u00e9.<\/p>\n<p>Interrog\u00e9e par CNC, la victime affirme qu\u2019\u00e0 Bouar, leur chef, le colonel Wa\u00eflo \u00e9tait venu le voir, et disait qu\u2019il va prendre en charge ses d\u00e9penses m\u00e9dicales.<\/p>\n<p><b>\u00a0<\/b><\/p>\n","protected":false},"excerpt":{"rendered":"<p>Africa-Press &#8211; CentrAfricaine. \u00a0Un jeune homme d\u2019une vingtaine d\u2019ann\u00e9es se trouve dans un \u00e9tat critique apr\u00e8s avoir \u00e9t\u00e9 agress\u00e9 par les soldats des forces arm\u00e9es centrafricaines (FACA) \u00e0 Bossempt\u00e9l\u00e9, dans la pr\u00e9fecture de l\u2019Ouham-P\u00e9nd\u00e9. Selon les t\u00e9moins, la victime \u00e9tait un passager d\u2019un minibus qui faisait la navette entre Bouar et Bangui. Mais ce samedi [&hellip;]<\/p>\n","protected":false},"author":82,"featured_media":8599,"comment_status":"open","ping_status":"closed","sticky":false,"template":"","format":"standard","meta":{"footnotes":""},"categories":[11,2,10],"tags":[36,58,30],"class_list":["post-8600","post","type-post","status-publish","format-standard","has-post-thumbnail","hentry","category-homepage-french","category-politique","category-toutes-les-actualites","tag-africa-press","tag-africa-press-centrafricaine","tag-centrafricaine"],"yoast_head":"<!-- This site is optimized with the Yoast SEO Premium plugin v26.1 (Yoast SEO v27.0) - https:\/\/yoast.com\/product\/yoast-seo-premium-wordpress\/ -->\n<title>un jeune de Bouar, de passage \u00e0 Bossempt\u00e9l\u00e9, a \u00e9t\u00e9 gri\u00e8vement agress\u00e9 par les FACA - centrafricaine<\/title>\n<meta name=\"description\" content=\"Bangui, R\u00e9publique centrafricaine, jeudi, 1 juillet 2021, 03:04:20 ( Corbeaunews-Centrafrique ). Un jeune homme ...\" \/>\n<meta name=\"robots\" content=\"index, follow, max-snippet:-1, max-image-preview:large, max-video-preview:-1\" \/>\n<link rel=\"canonical\" href=\"https:\/\/www.africa-press.net\/centrafricaine\/politique\/rca-un-jeune-de-bouar-de-passage-a-bossemptele-a-ete-grievement-agresse-par-les-faca\" \/>\n<meta property=\"og:locale\" content=\"fr_FR\" \/>\n<meta property=\"og:type\" content=\"article\" \/>\n<meta property=\"og:title\" content=\"un jeune de Bouar, de passage \u00e0 Bossempt\u00e9l\u00e9, a \u00e9t\u00e9 gri\u00e8vement agress\u00e9 par les FACA\" \/>\n<meta property=\"og:description\" content=\"Bangui, R\u00e9publique centrafricaine, jeudi, 1 juillet 2021, 03:04:20 ( Corbeaunews-Centrafrique ). Un jeune homme ...\" \/>\n<meta property=\"og:url\" content=\"https:\/\/www.africa-press.net\/centrafricaine\/politique\/rca-un-jeune-de-bouar-de-passage-a-bossemptele-a-ete-grievement-agresse-par-les-faca\" \/>\n<meta property=\"og:site_name\" content=\"centrafricaine\" \/>\n<meta property=\"article:published_time\" content=\"2021-07-01T14:56:17+00:00\" \/>\n<meta property=\"article:modified_time\" content=\"2021-07-01T20:43:50+00:00\" \/>\n<meta property=\"og:image\" content=\"https:\/\/static.africa-press.net\/centrafricaine\/sites\/45\/2021\/07\/img-60ddd21f5983b.jpg\" \/>\n\t<meta property=\"og:image:width\" content=\"720\" \/>\n\t<meta property=\"og:image:height\" content=\"711\" \/>\n\t<meta property=\"og:image:type\" content=\"image\/jpeg\" \/>\n<meta name=\"author\" content=\"cfeditorfr\" \/>\n<meta name=\"twitter:card\" content=\"summary_large_image\" \/>\n<meta name=\"twitter:label1\" content=\"\u00c9crit par\" \/>\n\t<meta name=\"twitter:data1\" content=\"cfeditorfr\" \/>\n\t<meta name=\"twitter:label2\" content=\"Dur\u00e9e de lecture estim\u00e9e\" \/>\n\t<meta name=\"twitter:data2\" content=\"2 minutes\" \/>\n<script type=\"application\/ld+json\" class=\"yoast-schema-graph\">{\"@context\":\"https:\/\/schema.org\",\"@graph\":[{\"@type\":\"Article\",\"@id\":\"https:\/\/www.africa-press.net\/centrafricaine\/politique\/rca-un-jeune-de-bouar-de-passage-a-bossemptele-a-ete-grievement-agresse-par-les-faca#article\",\"isPartOf\":{\"@id\":\"https:\/\/www.africa-press.net\/centrafricaine\/politique\/rca-un-jeune-de-bouar-de-passage-a-bossemptele-a-ete-grievement-agresse-par-les-faca\"},\"author\":{\"name\":\"cfeditorfr\",\"@id\":\"https:\/\/www.africa-press.net\/centrafricaine\/#\/schema\/person\/2b1cf3cd81a31e3cd26889ca66d677f1\"},\"headline\":\"un jeune de Bouar, de passage \u00e0 Bossempt\u00e9l\u00e9, a \u00e9t\u00e9 gri\u00e8vement agress\u00e9 par les FACA\",\"datePublished\":\"2021-07-01T14:56:17+00:00\",\"dateModified\":\"2021-07-01T20:43:50+00:00\",\"mainEntityOfPage\":{\"@id\":\"https:\/\/www.africa-press.net\/centrafricaine\/politique\/rca-un-jeune-de-bouar-de-passage-a-bossemptele-a-ete-grievement-agresse-par-les-faca\"},\"wordCount\":391,\"commentCount\":0,\"image\":{\"@id\":\"https:\/\/www.africa-press.net\/centrafricaine\/politique\/rca-un-jeune-de-bouar-de-passage-a-bossemptele-a-ete-grievement-agresse-par-les-faca#primaryimage\"},\"thumbnailUrl\":\"https:\/\/static.africa-press.net\/centrafricaine\/sites\/45\/2021\/07\/img-60ddd21f5983b.jpg\",\"keywords\":[\"Africa Press\",\"Africa Press-CentrAfricaine\",\"CentrAfricaine\"],\"articleSection\":[\"homepage-french\",\"Politique\",\"Toutes les actualit\u00e9s\"],\"inLanguage\":\"fr-FR\",\"potentialAction\":[{\"@type\":\"CommentAction\",\"name\":\"Comment\",\"target\":[\"https:\/\/www.africa-press.net\/centrafricaine\/politique\/rca-un-jeune-de-bouar-de-passage-a-bossemptele-a-ete-grievement-agresse-par-les-faca#respond\"]}]},{\"@type\":\"WebPage\",\"@id\":\"https:\/\/www.africa-press.net\/centrafricaine\/politique\/rca-un-jeune-de-bouar-de-passage-a-bossemptele-a-ete-grievement-agresse-par-les-faca\",\"url\":\"https:\/\/www.africa-press.net\/centrafricaine\/politique\/rca-un-jeune-de-bouar-de-passage-a-bossemptele-a-ete-grievement-agresse-par-les-faca\",\"name\":\"un jeune de Bouar, de passage \u00e0 Bossempt\u00e9l\u00e9, a \u00e9t\u00e9 gri\u00e8vement agress\u00e9 par les FACA - centrafricaine\",\"isPartOf\":{\"@id\":\"https:\/\/www.africa-press.net\/centrafricaine\/#website\"},\"primaryImageOfPage\":{\"@id\":\"https:\/\/www.africa-press.net\/centrafricaine\/politique\/rca-un-jeune-de-bouar-de-passage-a-bossemptele-a-ete-grievement-agresse-par-les-faca#primaryimage\"},\"image\":{\"@id\":\"https:\/\/www.africa-press.net\/centrafricaine\/politique\/rca-un-jeune-de-bouar-de-passage-a-bossemptele-a-ete-grievement-agresse-par-les-faca#primaryimage\"},\"thumbnailUrl\":\"https:\/\/static.africa-press.net\/centrafricaine\/sites\/45\/2021\/07\/img-60ddd21f5983b.jpg\",\"datePublished\":\"2021-07-01T14:56:17+00:00\",\"dateModified\":\"2021-07-01T20:43:50+00:00\",\"author\":{\"@id\":\"https:\/\/www.africa-press.net\/centrafricaine\/#\/schema\/person\/2b1cf3cd81a31e3cd26889ca66d677f1\"},\"description\":\"Bangui, R\u00e9publique centrafricaine, jeudi, 1 juillet 2021, 03:04:20 ( Corbeaunews-Centrafrique ). Un jeune homme ...\",\"breadcrumb\":{\"@id\":\"https:\/\/www.africa-press.net\/centrafricaine\/politique\/rca-un-jeune-de-bouar-de-passage-a-bossemptele-a-ete-grievement-agresse-par-les-faca#breadcrumb\"},\"inLanguage\":\"fr-FR\",\"potentialAction\":[{\"@type\":\"ReadAction\",\"target\":[\"https:\/\/www.africa-press.net\/centrafricaine\/politique\/rca-un-jeune-de-bouar-de-passage-a-bossemptele-a-ete-grievement-agresse-par-les-faca\"]}]},{\"@type\":\"ImageObject\",\"inLanguage\":\"fr-FR\",\"@id\":\"https:\/\/www.africa-press.net\/centrafricaine\/politique\/rca-un-jeune-de-bouar-de-passage-a-bossemptele-a-ete-grievement-agresse-par-les-faca#primaryimage\",\"url\":\"https:\/\/static.africa-press.net\/centrafricaine\/sites\/45\/2021\/07\/img-60ddd21f5983b.jpg\",\"contentUrl\":\"https:\/\/static.africa-press.net\/centrafricaine\/sites\/45\/2021\/07\/img-60ddd21f5983b.jpg\",\"width\":720,\"height\":711,\"caption\":\"RCA\u00a0: un jeune de Bouar, de passage \u00e0 Bossempt\u00e9l\u00e9, a \u00e9t\u00e9 gri\u00e8vement agress\u00e9 par les FACA\"},{\"@type\":\"BreadcrumbList\",\"@id\":\"https:\/\/www.africa-press.net\/centrafricaine\/politique\/rca-un-jeune-de-bouar-de-passage-a-bossemptele-a-ete-grievement-agresse-par-les-faca#breadcrumb\",\"itemListElement\":[{\"@type\":\"ListItem\",\"position\":1,\"name\":\"Accueil\",\"item\":\"https:\/\/www.africa-press.net\/centrafricaine\/\"},{\"@type\":\"ListItem\",\"position\":2,\"name\":\"un jeune de Bouar, de passage \u00e0 Bossempt\u00e9l\u00e9, a \u00e9t\u00e9 gri\u00e8vement agress\u00e9 par les FACA\"}]},{\"@type\":\"WebSite\",\"@id\":\"https:\/\/www.africa-press.net\/centrafricaine\/#website\",\"url\":\"https:\/\/www.africa-press.net\/centrafricaine\/\",\"name\":\"centrafricaine\",\"description\":\"Just another Africa News Agency Sites site\",\"potentialAction\":[{\"@type\":\"SearchAction\",\"target\":{\"@type\":\"EntryPoint\",\"urlTemplate\":\"https:\/\/www.africa-press.net\/centrafricaine\/?s={search_term_string}\"},\"query-input\":{\"@type\":\"PropertyValueSpecification\",\"valueRequired\":true,\"valueName\":\"search_term_string\"}}],\"inLanguage\":\"fr-FR\"},{\"@type\":\"Person\",\"@id\":\"https:\/\/www.africa-press.net\/centrafricaine\/#\/schema\/person\/2b1cf3cd81a31e3cd26889ca66d677f1\",\"name\":\"cfeditorfr\"}]}<\/script>\n<!-- \/ Yoast SEO Premium plugin. -->","yoast_head_json":{"title":"un jeune de Bouar, de passage \u00e0 Bossempt\u00e9l\u00e9, a \u00e9t\u00e9 gri\u00e8vement agress\u00e9 par les FACA - centrafricaine","description":"Bangui, R\u00e9publique centrafricaine, jeudi, 1 juillet 2021, 03:04:20 ( Corbeaunews-Centrafrique ). Un jeune homme ...","robots":{"index":"index","follow":"follow","max-snippet":"max-snippet:-1","max-image-preview":"max-image-preview:large","max-video-preview":"max-video-preview:-1"},"canonical":"https:\/\/www.africa-press.net\/centrafricaine\/politique\/rca-un-jeune-de-bouar-de-passage-a-bossemptele-a-ete-grievement-agresse-par-les-faca","og_locale":"fr_FR","og_type":"article","og_title":"un jeune de Bouar, de passage \u00e0 Bossempt\u00e9l\u00e9, a \u00e9t\u00e9 gri\u00e8vement agress\u00e9 par les FACA","og_description":"Bangui, R\u00e9publique centrafricaine, jeudi, 1 juillet 2021, 03:04:20 ( Corbeaunews-Centrafrique ). Un jeune homme ...","og_url":"https:\/\/www.africa-press.net\/centrafricaine\/politique\/rca-un-jeune-de-bouar-de-passage-a-bossemptele-a-ete-grievement-agresse-par-les-faca","og_site_name":"centrafricaine","article_published_time":"2021-07-01T14:56:17+00:00","article_modified_time":"2021-07-01T20:43:50+00:00","og_image":[{"width":720,"height":711,"url":"https:\/\/static.africa-press.net\/centrafricaine\/sites\/45\/2021\/07\/img-60ddd21f5983b.jpg","type":"image\/jpeg"}],"author":"cfeditorfr","twitter_card":"summary_large_image","twitter_misc":{"\u00c9crit par":"cfeditorfr","Dur\u00e9e de lecture estim\u00e9e":"2 minutes"},"schema":{"@context":"https:\/\/schema.org","@graph":[{"@type":"Article","@id":"https:\/\/www.africa-press.net\/centrafricaine\/politique\/rca-un-jeune-de-bouar-de-passage-a-bossemptele-a-ete-grievement-agresse-par-les-faca#article","isPartOf":{"@id":"https:\/\/www.africa-press.net\/centrafricaine\/politique\/rca-un-jeune-de-bouar-de-passage-a-bossemptele-a-ete-grievement-agresse-par-les-faca"},"author":{"name":"cfeditorfr","@id":"https:\/\/www.africa-press.net\/centrafricaine\/#\/schema\/person\/2b1cf3cd81a31e3cd26889ca66d677f1"},"headline":"un jeune de Bouar, de passage \u00e0 Bossempt\u00e9l\u00e9, a \u00e9t\u00e9 gri\u00e8vement agress\u00e9 par les FACA","datePublished":"2021-07-01T14:56:17+00:00","dateModified":"2021-07-01T20:43:50+00:00","mainEntityOfPage":{"@id":"https:\/\/www.africa-press.net\/centrafricaine\/politique\/rca-un-jeune-de-bouar-de-passage-a-bossemptele-a-ete-grievement-agresse-par-les-faca"},"wordCount":391,"commentCount":0,"image":{"@id":"https:\/\/www.africa-press.net\/centrafricaine\/politique\/rca-un-jeune-de-bouar-de-passage-a-bossemptele-a-ete-grievement-agresse-par-les-faca#primaryimage"},"thumbnailUrl":"https:\/\/static.africa-press.net\/centrafricaine\/sites\/45\/2021\/07\/img-60ddd21f5983b.jpg","keywords":["Africa Press","Africa Press-CentrAfricaine","CentrAfricaine"],"articleSection":["homepage-french","Politique","Toutes les actualit\u00e9s"],"inLanguage":"fr-FR","potentialAction":[{"@type":"CommentAction","name":"Comment","target":["https:\/\/www.africa-press.net\/centrafricaine\/politique\/rca-un-jeune-de-bouar-de-passage-a-bossemptele-a-ete-grievement-agresse-par-les-faca#respond"]}]},{"@type":"WebPage","@id":"https:\/\/www.africa-press.net\/centrafricaine\/politique\/rca-un-jeune-de-bouar-de-passage-a-bossemptele-a-ete-grievement-agresse-par-les-faca","url":"https:\/\/www.africa-press.net\/centrafricaine\/politique\/rca-un-jeune-de-bouar-de-passage-a-bossemptele-a-ete-grievement-agresse-par-les-faca","name":"un jeune de Bouar, de passage \u00e0 Bossempt\u00e9l\u00e9, a \u00e9t\u00e9 gri\u00e8vement agress\u00e9 par les FACA - centrafricaine","isPartOf":{"@id":"https:\/\/www.africa-press.net\/centrafricaine\/#website"},"primaryImageOfPage":{"@id":"https:\/\/www.africa-press.net\/centrafricaine\/politique\/rca-un-jeune-de-bouar-de-passage-a-bossemptele-a-ete-grievement-agresse-par-les-faca#primaryimage"},"image":{"@id":"https:\/\/www.africa-press.net\/centrafricaine\/politique\/rca-un-jeune-de-bouar-de-passage-a-bossemptele-a-ete-grievement-agresse-par-les-faca#primaryimage"},"thumbnailUrl":"https:\/\/static.africa-press.net\/centrafricaine\/sites\/45\/2021\/07\/img-60ddd21f5983b.jpg","datePublished":"2021-07-01T14:56:17+00:00","dateModified":"2021-07-01T20:43:50+00:00","author":{"@id":"https:\/\/www.africa-press.net\/centrafricaine\/#\/schema\/person\/2b1cf3cd81a31e3cd26889ca66d677f1"},"description":"Bangui, R\u00e9publique centrafricaine, jeudi, 1 juillet 2021, 03:04:20 ( Corbeaunews-Centrafrique ). Un jeune homme ...","breadcrumb":{"@id":"https:\/\/www.africa-press.net\/centrafricaine\/politique\/rca-un-jeune-de-bouar-de-passage-a-bossemptele-a-ete-grievement-agresse-par-les-faca#breadcrumb"},"inLanguage":"fr-FR","potentialAction":[{"@type":"ReadAction","target":["https:\/\/www.africa-press.net\/centrafricaine\/politique\/rca-un-jeune-de-bouar-de-passage-a-bossemptele-a-ete-grievement-agresse-par-les-faca"]}]},{"@type":"ImageObject","inLanguage":"fr-FR","@id":"https:\/\/www.africa-press.net\/centrafricaine\/politique\/rca-un-jeune-de-bouar-de-passage-a-bossemptele-a-ete-grievement-agresse-par-les-faca#primaryimage","url":"https:\/\/static.africa-press.net\/centrafricaine\/sites\/45\/2021\/07\/img-60ddd21f5983b.jpg","contentUrl":"https:\/\/static.africa-press.net\/centrafricaine\/sites\/45\/2021\/07\/img-60ddd21f5983b.jpg","width":720,"height":711,"caption":"RCA\u00a0: un jeune de Bouar, de passage \u00e0 Bossempt\u00e9l\u00e9, a \u00e9t\u00e9 gri\u00e8vement agress\u00e9 par les FACA"},{"@type":"BreadcrumbList","@id":"https:\/\/www.africa-press.net\/centrafricaine\/politique\/rca-un-jeune-de-bouar-de-passage-a-bossemptele-a-ete-grievement-agresse-par-les-faca#breadcrumb","itemListElement":[{"@type":"ListItem","position":1,"name":"Accueil","item":"https:\/\/www.africa-press.net\/centrafricaine\/"},{"@type":"ListItem","position":2,"name":"un jeune de Bouar, de passage \u00e0 Bossempt\u00e9l\u00e9, a \u00e9t\u00e9 gri\u00e8vement agress\u00e9 par les FACA"}]},{"@type":"WebSite","@id":"https:\/\/www.africa-press.net\/centrafricaine\/#website","url":"https:\/\/www.africa-press.net\/centrafricaine\/","name":"centrafricaine","description":"Just another Africa News Agency Sites site","potentialAction":[{"@type":"SearchAction","target":{"@type":"EntryPoint","urlTemplate":"https:\/\/www.africa-press.net\/centrafricaine\/?s={search_term_string}"},"query-input":{"@type":"PropertyValueSpecification","valueRequired":true,"valueName":"search_term_string"}}],"inLanguage":"fr-FR"},{"@type":"Person","@id":"https:\/\/www.africa-press.net\/centrafricaine\/#\/schema\/person\/2b1cf3cd81a31e3cd26889ca66d677f1","name":"cfeditorfr"}]}},"_links":{"self":[{"href":"https:\/\/www.africa-press.net\/centrafricaine\/wp-json\/wp\/v2\/posts\/8600","targetHints":{"allow":["GET"]}}],"collection":[{"href":"https:\/\/www.africa-press.net\/centrafricaine\/wp-json\/wp\/v2\/posts"}],"about":[{"href":"https:\/\/www.africa-press.net\/centrafricaine\/wp-json\/wp\/v2\/types\/post"}],"author":[{"embeddable":true,"href":"https:\/\/www.africa-press.net\/centrafricaine\/wp-json\/wp\/v2\/users\/82"}],"replies":[{"embeddable":true,"href":"https:\/\/www.africa-press.net\/centrafricaine\/wp-json\/wp\/v2\/comments?post=8600"}],"version-history":[{"count":0,"href":"https:\/\/www.africa-press.net\/centrafricaine\/wp-json\/wp\/v2\/posts\/8600\/revisions"}],"wp:featuredmedia":[{"embeddable":true,"href":"https:\/\/www.africa-press.net\/centrafricaine\/wp-json\/wp\/v2\/media\/8599"}],"wp:attachment":[{"href":"https:\/\/www.africa-press.net\/centrafricaine\/wp-json\/wp\/v2\/media?parent=8600"}],"wp:term":[{"taxonomy":"category","embeddable":true,"href":"https:\/\/www.africa-press.net\/centrafricaine\/wp-json\/wp\/v2\/categories?post=8600"},{"taxonomy":"post_tag","embeddable":true,"href":"https:\/\/www.africa-press.net\/centrafricaine\/wp-json\/wp\/v2\/tags?post=8600"}],"curies":[{"name":"wp","href":"https:\/\/api.w.org\/{rel}","templated":true}]}}