{"id":8603,"date":"2021-07-01T15:06:52","date_gmt":"2021-07-01T15:06:52","guid":{"rendered":"https:\/\/www.africa-press.net\/centrafricaine\/?p=8603"},"modified":"2021-07-01T20:44:02","modified_gmt":"2021-07-01T20:44:02","slug":"a-boali-un-soldat-faca-grievement-agresse-par-des-mercenaires-de-wagner","status":"publish","type":"post","link":"https:\/\/www.africa-press.net\/centrafricaine\/politique\/a-boali-un-soldat-faca-grievement-agresse-par-des-mercenaires-de-wagner","title":{"rendered":"\u00c0 Boali, un soldat FACA gri\u00e8vement agress\u00e9 par des mercenaires de Wagner"},"content":{"rendered":"<p><span style=\"color: #ff6600\"><strong><a href=\"https:\/\/www.africa-press.net\/\">Africa-Press<\/a> &#8211; <a href=\"https:\/\/www.africa-press.net\/centrafricaine\">CentrAfricaine<\/a>.\u00a0 <\/strong><\/span>D\u00e9cid\u00e9ment, rien ne va plus entre les soldats FACA et les mercenaires russes et syriens de la soci\u00e9t\u00e9 Wagner. Pour un rien, la tension monte, et des altercations s\u2019\u00e9clatent. C\u2019est ce qui s\u2019est pass\u00e9 cette semaine \u00e0 Boali, situ\u00e9 \u00e0 95 kilom\u00e8tres de la capitale Bangui.<\/p>\n<p>La ville de Boali, th\u00e9\u00e2tre de multiples exactions des mercenaires de la soci\u00e9t\u00e9 Wagner, est \u00e0 nouveau secou\u00e9e par une nouvelle violence des hommes de Wagner sur un soldat de l\u2019arm\u00e9e nationale. Gri\u00e8vement agress\u00e9, ce militaire a d\u00fb \u00eatre hospitalis\u00e9 \u00e0 Bangui durant 24 heures avant de prendre son cong\u00e9 m\u00e9dical.<\/p>\n<p>En effet, le lundi dernier, un soldat FACA de la force sp\u00e9ciale s\u2019est rendu \u00e0 Boali pour rendre visite \u00e0 ses coll\u00e8gues de l\u2019unit\u00e9 des forces sp\u00e9ciales positionn\u00e9s dans la ville. Sur sa moto dame, l\u2019homme a du passer plus d\u2019une heure de route pour arriver \u00e0 Boali, ou il a rencontr\u00e9 ses coll\u00e8gues militaires. Or, \u00e0 c\u00f4t\u00e9, se trouvaient les mercenaires de Wagner qui sont en train de bavarder. Subitement, l\u2019un d\u2019entre eux interpelle le soldat FACA venu de Bangui pour lui demander un service.<\/p>\n<p><b>\u00ab Est-ce que je peux essayer ta moto ? \u00bb<\/b><\/p>\n<p>, demande au soldat ce fameux mercenaire de Wagner. Ce que l\u2019int\u00e9ress\u00e9 n\u2019a pas refus\u00e9. Il lui remet sa moto dame, visiblement en bon \u00e9tat.<\/p>\n<p>Quelques minutes plus tard, \u00e0 plus de 100 m\u00e8tres de leur base, le mercenaire s\u2019est renvers\u00e9 au sol. Il est bless\u00e9 sur sa main droite. Ses coll\u00e8gues sont partis le secourir et le ramener \u00e0 leur base. Pendant que le soldat \u00e9tait en train de v\u00e9rifier sa moto, les mercenaires de Wagner sont revenus sur lui pour l\u2019interpeller. Ils disaient qu\u2019il aurait enlev\u00e9 volontairement certains c\u00e2bles de la moto afin que leur coll\u00e8gue se fasse culbuter. Apr\u00e8s un \u00e9change des mots, le ton monte, et le soldat FACA se faisait ramasser par les hommes de Wagner qui l\u2019ont sauvagement tabass\u00e9 durant plusieurs minutes.<\/p>\n<p>Gri\u00e8vement bless\u00e9, le fameux \u00e9l\u00e9ment des forces sp\u00e9ciales a \u00e9t\u00e9 transf\u00e9r\u00e9 dans un h\u00f4pital \u00e0 Bangui.<\/p>\n<p>Cette nouvelle agression montre \u00e0 quel point nos soldats ne sont pas solidaires entre eux. Ses coll\u00e8gues militaires \u00e9taient pr\u00e9sents pendant l\u2019agression, mais ils n\u2019ont pas r\u00e9agi, m\u00eame pour les calmer. C\u2019est d\u2019ailleurs ce qui est arriv\u00e9 cette semaine au colonel Moussa Kitocko, commandant en chef de la zone de d\u00e9fense du Nord agress\u00e9 par les hommes de Wagner. Attach\u00e9 puis tortur\u00e9, il aurait \u00e9t\u00e9 transf\u00e9r\u00e9 \u00e0 SRI \u00e0 Bangui.<\/p>\n<p><b>\u00a0<\/b><\/p>\n","protected":false},"excerpt":{"rendered":"<p>Africa-Press &#8211; CentrAfricaine.\u00a0 D\u00e9cid\u00e9ment, rien ne va plus entre les soldats FACA et les mercenaires russes et syriens de la soci\u00e9t\u00e9 Wagner. Pour un rien, la tension monte, et des altercations s\u2019\u00e9clatent. C\u2019est ce qui s\u2019est pass\u00e9 cette semaine \u00e0 Boali, situ\u00e9 \u00e0 95 kilom\u00e8tres de la capitale Bangui. La ville de Boali, th\u00e9\u00e2tre de [&hellip;]<\/p>\n","protected":false},"author":82,"featured_media":8602,"comment_status":"open","ping_status":"closed","sticky":false,"template":"","format":"standard","meta":{"footnotes":""},"categories":[11,2,10],"tags":[36,58,30],"class_list":["post-8603","post","type-post","status-publish","format-standard","has-post-thumbnail","hentry","category-homepage-french","category-politique","category-toutes-les-actualites","tag-africa-press","tag-africa-press-centrafricaine","tag-centrafricaine"],"yoast_head":"<!-- This site is optimized with the Yoast SEO Premium plugin v26.1 (Yoast SEO v27.0) - https:\/\/yoast.com\/product\/yoast-seo-premium-wordpress\/ -->\n<title>\u00c0 Boali, un soldat FACA gri\u00e8vement agress\u00e9 par des mercenaires de Wagner - centrafricaine<\/title>\n<meta name=\"description\" content=\"Bangui, R\u00e9publique centrafricaine, jeudi, 1 juillet 2021, 04:23:46 ( Corbeaunews-Centrafrique ). D\u00e9cid\u00e9ment, rie ...\" \/>\n<meta name=\"robots\" content=\"index, follow, max-snippet:-1, max-image-preview:large, max-video-preview:-1\" \/>\n<link rel=\"canonical\" href=\"https:\/\/www.africa-press.net\/centrafricaine\/politique\/a-boali-un-soldat-faca-grievement-agresse-par-des-mercenaires-de-wagner\" \/>\n<meta property=\"og:locale\" content=\"fr_FR\" \/>\n<meta property=\"og:type\" content=\"article\" \/>\n<meta property=\"og:title\" content=\"\u00c0 Boali, un soldat FACA gri\u00e8vement agress\u00e9 par des mercenaires de Wagner\" \/>\n<meta property=\"og:description\" content=\"Bangui, R\u00e9publique centrafricaine, jeudi, 1 juillet 2021, 04:23:46 ( Corbeaunews-Centrafrique ). D\u00e9cid\u00e9ment, rie ...\" \/>\n<meta property=\"og:url\" content=\"https:\/\/www.africa-press.net\/centrafricaine\/politique\/a-boali-un-soldat-faca-grievement-agresse-par-des-mercenaires-de-wagner\" \/>\n<meta property=\"og:site_name\" content=\"centrafricaine\" \/>\n<meta property=\"article:published_time\" content=\"2021-07-01T15:06:52+00:00\" \/>\n<meta property=\"article:modified_time\" content=\"2021-07-01T20:44:02+00:00\" \/>\n<meta property=\"og:image\" content=\"https:\/\/static.africa-press.net\/centrafricaine\/sites\/45\/2021\/07\/img-60ddd2430dfef.jpg\" \/>\n\t<meta property=\"og:image:width\" content=\"720\" \/>\n\t<meta property=\"og:image:height\" content=\"460\" \/>\n\t<meta property=\"og:image:type\" content=\"image\/jpeg\" \/>\n<meta name=\"author\" content=\"cfeditorfr\" \/>\n<meta name=\"twitter:card\" content=\"summary_large_image\" \/>\n<meta name=\"twitter:label1\" content=\"\u00c9crit par\" \/>\n\t<meta name=\"twitter:data1\" content=\"cfeditorfr\" \/>\n\t<meta name=\"twitter:label2\" content=\"Dur\u00e9e de lecture estim\u00e9e\" \/>\n\t<meta name=\"twitter:data2\" content=\"2 minutes\" \/>\n<script type=\"application\/ld+json\" class=\"yoast-schema-graph\">{\"@context\":\"https:\/\/schema.org\",\"@graph\":[{\"@type\":\"Article\",\"@id\":\"https:\/\/www.africa-press.net\/centrafricaine\/politique\/a-boali-un-soldat-faca-grievement-agresse-par-des-mercenaires-de-wagner#article\",\"isPartOf\":{\"@id\":\"https:\/\/www.africa-press.net\/centrafricaine\/politique\/a-boali-un-soldat-faca-grievement-agresse-par-des-mercenaires-de-wagner\"},\"author\":{\"name\":\"cfeditorfr\",\"@id\":\"https:\/\/www.africa-press.net\/centrafricaine\/#\/schema\/person\/2b1cf3cd81a31e3cd26889ca66d677f1\"},\"headline\":\"\u00c0 Boali, un soldat FACA gri\u00e8vement agress\u00e9 par des mercenaires de Wagner\",\"datePublished\":\"2021-07-01T15:06:52+00:00\",\"dateModified\":\"2021-07-01T20:44:02+00:00\",\"mainEntityOfPage\":{\"@id\":\"https:\/\/www.africa-press.net\/centrafricaine\/politique\/a-boali-un-soldat-faca-grievement-agresse-par-des-mercenaires-de-wagner\"},\"wordCount\":455,\"commentCount\":0,\"image\":{\"@id\":\"https:\/\/www.africa-press.net\/centrafricaine\/politique\/a-boali-un-soldat-faca-grievement-agresse-par-des-mercenaires-de-wagner#primaryimage\"},\"thumbnailUrl\":\"https:\/\/static.africa-press.net\/centrafricaine\/sites\/45\/2021\/07\/img-60ddd2430dfef.jpg\",\"keywords\":[\"Africa Press\",\"Africa Press-CentrAfricaine\",\"CentrAfricaine\"],\"articleSection\":[\"homepage-french\",\"Politique\",\"Toutes les actualit\u00e9s\"],\"inLanguage\":\"fr-FR\",\"potentialAction\":[{\"@type\":\"CommentAction\",\"name\":\"Comment\",\"target\":[\"https:\/\/www.africa-press.net\/centrafricaine\/politique\/a-boali-un-soldat-faca-grievement-agresse-par-des-mercenaires-de-wagner#respond\"]}]},{\"@type\":\"WebPage\",\"@id\":\"https:\/\/www.africa-press.net\/centrafricaine\/politique\/a-boali-un-soldat-faca-grievement-agresse-par-des-mercenaires-de-wagner\",\"url\":\"https:\/\/www.africa-press.net\/centrafricaine\/politique\/a-boali-un-soldat-faca-grievement-agresse-par-des-mercenaires-de-wagner\",\"name\":\"\u00c0 Boali, un soldat FACA gri\u00e8vement agress\u00e9 par des mercenaires de Wagner - centrafricaine\",\"isPartOf\":{\"@id\":\"https:\/\/www.africa-press.net\/centrafricaine\/#website\"},\"primaryImageOfPage\":{\"@id\":\"https:\/\/www.africa-press.net\/centrafricaine\/politique\/a-boali-un-soldat-faca-grievement-agresse-par-des-mercenaires-de-wagner#primaryimage\"},\"image\":{\"@id\":\"https:\/\/www.africa-press.net\/centrafricaine\/politique\/a-boali-un-soldat-faca-grievement-agresse-par-des-mercenaires-de-wagner#primaryimage\"},\"thumbnailUrl\":\"https:\/\/static.africa-press.net\/centrafricaine\/sites\/45\/2021\/07\/img-60ddd2430dfef.jpg\",\"datePublished\":\"2021-07-01T15:06:52+00:00\",\"dateModified\":\"2021-07-01T20:44:02+00:00\",\"author\":{\"@id\":\"https:\/\/www.africa-press.net\/centrafricaine\/#\/schema\/person\/2b1cf3cd81a31e3cd26889ca66d677f1\"},\"description\":\"Bangui, R\u00e9publique centrafricaine, jeudi, 1 juillet 2021, 04:23:46 ( Corbeaunews-Centrafrique ). D\u00e9cid\u00e9ment, rie ...\",\"breadcrumb\":{\"@id\":\"https:\/\/www.africa-press.net\/centrafricaine\/politique\/a-boali-un-soldat-faca-grievement-agresse-par-des-mercenaires-de-wagner#breadcrumb\"},\"inLanguage\":\"fr-FR\",\"potentialAction\":[{\"@type\":\"ReadAction\",\"target\":[\"https:\/\/www.africa-press.net\/centrafricaine\/politique\/a-boali-un-soldat-faca-grievement-agresse-par-des-mercenaires-de-wagner\"]}]},{\"@type\":\"ImageObject\",\"inLanguage\":\"fr-FR\",\"@id\":\"https:\/\/www.africa-press.net\/centrafricaine\/politique\/a-boali-un-soldat-faca-grievement-agresse-par-des-mercenaires-de-wagner#primaryimage\",\"url\":\"https:\/\/static.africa-press.net\/centrafricaine\/sites\/45\/2021\/07\/img-60ddd2430dfef.jpg\",\"contentUrl\":\"https:\/\/static.africa-press.net\/centrafricaine\/sites\/45\/2021\/07\/img-60ddd2430dfef.jpg\",\"width\":720,\"height\":460,\"caption\":\"\u00c0 Boali, un soldat FACA gri\u00e8vement agress\u00e9 par des mercenaires de Wagner\"},{\"@type\":\"BreadcrumbList\",\"@id\":\"https:\/\/www.africa-press.net\/centrafricaine\/politique\/a-boali-un-soldat-faca-grievement-agresse-par-des-mercenaires-de-wagner#breadcrumb\",\"itemListElement\":[{\"@type\":\"ListItem\",\"position\":1,\"name\":\"Accueil\",\"item\":\"https:\/\/www.africa-press.net\/centrafricaine\/\"},{\"@type\":\"ListItem\",\"position\":2,\"name\":\"\u00c0 Boali, un soldat FACA gri\u00e8vement agress\u00e9 par des mercenaires de Wagner\"}]},{\"@type\":\"WebSite\",\"@id\":\"https:\/\/www.africa-press.net\/centrafricaine\/#website\",\"url\":\"https:\/\/www.africa-press.net\/centrafricaine\/\",\"name\":\"centrafricaine\",\"description\":\"Just another Africa News Agency Sites site\",\"potentialAction\":[{\"@type\":\"SearchAction\",\"target\":{\"@type\":\"EntryPoint\",\"urlTemplate\":\"https:\/\/www.africa-press.net\/centrafricaine\/?s={search_term_string}\"},\"query-input\":{\"@type\":\"PropertyValueSpecification\",\"valueRequired\":true,\"valueName\":\"search_term_string\"}}],\"inLanguage\":\"fr-FR\"},{\"@type\":\"Person\",\"@id\":\"https:\/\/www.africa-press.net\/centrafricaine\/#\/schema\/person\/2b1cf3cd81a31e3cd26889ca66d677f1\",\"name\":\"cfeditorfr\"}]}<\/script>\n<!-- \/ Yoast SEO Premium plugin. -->","yoast_head_json":{"title":"\u00c0 Boali, un soldat FACA gri\u00e8vement agress\u00e9 par des mercenaires de Wagner - centrafricaine","description":"Bangui, R\u00e9publique centrafricaine, jeudi, 1 juillet 2021, 04:23:46 ( Corbeaunews-Centrafrique ). D\u00e9cid\u00e9ment, rie ...","robots":{"index":"index","follow":"follow","max-snippet":"max-snippet:-1","max-image-preview":"max-image-preview:large","max-video-preview":"max-video-preview:-1"},"canonical":"https:\/\/www.africa-press.net\/centrafricaine\/politique\/a-boali-un-soldat-faca-grievement-agresse-par-des-mercenaires-de-wagner","og_locale":"fr_FR","og_type":"article","og_title":"\u00c0 Boali, un soldat FACA gri\u00e8vement agress\u00e9 par des mercenaires de Wagner","og_description":"Bangui, R\u00e9publique centrafricaine, jeudi, 1 juillet 2021, 04:23:46 ( Corbeaunews-Centrafrique ). D\u00e9cid\u00e9ment, rie ...","og_url":"https:\/\/www.africa-press.net\/centrafricaine\/politique\/a-boali-un-soldat-faca-grievement-agresse-par-des-mercenaires-de-wagner","og_site_name":"centrafricaine","article_published_time":"2021-07-01T15:06:52+00:00","article_modified_time":"2021-07-01T20:44:02+00:00","og_image":[{"width":720,"height":460,"url":"https:\/\/static.africa-press.net\/centrafricaine\/sites\/45\/2021\/07\/img-60ddd2430dfef.jpg","type":"image\/jpeg"}],"author":"cfeditorfr","twitter_card":"summary_large_image","twitter_misc":{"\u00c9crit par":"cfeditorfr","Dur\u00e9e de lecture estim\u00e9e":"2 minutes"},"schema":{"@context":"https:\/\/schema.org","@graph":[{"@type":"Article","@id":"https:\/\/www.africa-press.net\/centrafricaine\/politique\/a-boali-un-soldat-faca-grievement-agresse-par-des-mercenaires-de-wagner#article","isPartOf":{"@id":"https:\/\/www.africa-press.net\/centrafricaine\/politique\/a-boali-un-soldat-faca-grievement-agresse-par-des-mercenaires-de-wagner"},"author":{"name":"cfeditorfr","@id":"https:\/\/www.africa-press.net\/centrafricaine\/#\/schema\/person\/2b1cf3cd81a31e3cd26889ca66d677f1"},"headline":"\u00c0 Boali, un soldat FACA gri\u00e8vement agress\u00e9 par des mercenaires de Wagner","datePublished":"2021-07-01T15:06:52+00:00","dateModified":"2021-07-01T20:44:02+00:00","mainEntityOfPage":{"@id":"https:\/\/www.africa-press.net\/centrafricaine\/politique\/a-boali-un-soldat-faca-grievement-agresse-par-des-mercenaires-de-wagner"},"wordCount":455,"commentCount":0,"image":{"@id":"https:\/\/www.africa-press.net\/centrafricaine\/politique\/a-boali-un-soldat-faca-grievement-agresse-par-des-mercenaires-de-wagner#primaryimage"},"thumbnailUrl":"https:\/\/static.africa-press.net\/centrafricaine\/sites\/45\/2021\/07\/img-60ddd2430dfef.jpg","keywords":["Africa Press","Africa Press-CentrAfricaine","CentrAfricaine"],"articleSection":["homepage-french","Politique","Toutes les actualit\u00e9s"],"inLanguage":"fr-FR","potentialAction":[{"@type":"CommentAction","name":"Comment","target":["https:\/\/www.africa-press.net\/centrafricaine\/politique\/a-boali-un-soldat-faca-grievement-agresse-par-des-mercenaires-de-wagner#respond"]}]},{"@type":"WebPage","@id":"https:\/\/www.africa-press.net\/centrafricaine\/politique\/a-boali-un-soldat-faca-grievement-agresse-par-des-mercenaires-de-wagner","url":"https:\/\/www.africa-press.net\/centrafricaine\/politique\/a-boali-un-soldat-faca-grievement-agresse-par-des-mercenaires-de-wagner","name":"\u00c0 Boali, un soldat FACA gri\u00e8vement agress\u00e9 par des mercenaires de Wagner - centrafricaine","isPartOf":{"@id":"https:\/\/www.africa-press.net\/centrafricaine\/#website"},"primaryImageOfPage":{"@id":"https:\/\/www.africa-press.net\/centrafricaine\/politique\/a-boali-un-soldat-faca-grievement-agresse-par-des-mercenaires-de-wagner#primaryimage"},"image":{"@id":"https:\/\/www.africa-press.net\/centrafricaine\/politique\/a-boali-un-soldat-faca-grievement-agresse-par-des-mercenaires-de-wagner#primaryimage"},"thumbnailUrl":"https:\/\/static.africa-press.net\/centrafricaine\/sites\/45\/2021\/07\/img-60ddd2430dfef.jpg","datePublished":"2021-07-01T15:06:52+00:00","dateModified":"2021-07-01T20:44:02+00:00","author":{"@id":"https:\/\/www.africa-press.net\/centrafricaine\/#\/schema\/person\/2b1cf3cd81a31e3cd26889ca66d677f1"},"description":"Bangui, R\u00e9publique centrafricaine, jeudi, 1 juillet 2021, 04:23:46 ( Corbeaunews-Centrafrique ). D\u00e9cid\u00e9ment, rie ...","breadcrumb":{"@id":"https:\/\/www.africa-press.net\/centrafricaine\/politique\/a-boali-un-soldat-faca-grievement-agresse-par-des-mercenaires-de-wagner#breadcrumb"},"inLanguage":"fr-FR","potentialAction":[{"@type":"ReadAction","target":["https:\/\/www.africa-press.net\/centrafricaine\/politique\/a-boali-un-soldat-faca-grievement-agresse-par-des-mercenaires-de-wagner"]}]},{"@type":"ImageObject","inLanguage":"fr-FR","@id":"https:\/\/www.africa-press.net\/centrafricaine\/politique\/a-boali-un-soldat-faca-grievement-agresse-par-des-mercenaires-de-wagner#primaryimage","url":"https:\/\/static.africa-press.net\/centrafricaine\/sites\/45\/2021\/07\/img-60ddd2430dfef.jpg","contentUrl":"https:\/\/static.africa-press.net\/centrafricaine\/sites\/45\/2021\/07\/img-60ddd2430dfef.jpg","width":720,"height":460,"caption":"\u00c0 Boali, un soldat FACA gri\u00e8vement agress\u00e9 par des mercenaires de Wagner"},{"@type":"BreadcrumbList","@id":"https:\/\/www.africa-press.net\/centrafricaine\/politique\/a-boali-un-soldat-faca-grievement-agresse-par-des-mercenaires-de-wagner#breadcrumb","itemListElement":[{"@type":"ListItem","position":1,"name":"Accueil","item":"https:\/\/www.africa-press.net\/centrafricaine\/"},{"@type":"ListItem","position":2,"name":"\u00c0 Boali, un soldat FACA gri\u00e8vement agress\u00e9 par des mercenaires de Wagner"}]},{"@type":"WebSite","@id":"https:\/\/www.africa-press.net\/centrafricaine\/#website","url":"https:\/\/www.africa-press.net\/centrafricaine\/","name":"centrafricaine","description":"Just another Africa News Agency Sites site","potentialAction":[{"@type":"SearchAction","target":{"@type":"EntryPoint","urlTemplate":"https:\/\/www.africa-press.net\/centrafricaine\/?s={search_term_string}"},"query-input":{"@type":"PropertyValueSpecification","valueRequired":true,"valueName":"search_term_string"}}],"inLanguage":"fr-FR"},{"@type":"Person","@id":"https:\/\/www.africa-press.net\/centrafricaine\/#\/schema\/person\/2b1cf3cd81a31e3cd26889ca66d677f1","name":"cfeditorfr"}]}},"_links":{"self":[{"href":"https:\/\/www.africa-press.net\/centrafricaine\/wp-json\/wp\/v2\/posts\/8603","targetHints":{"allow":["GET"]}}],"collection":[{"href":"https:\/\/www.africa-press.net\/centrafricaine\/wp-json\/wp\/v2\/posts"}],"about":[{"href":"https:\/\/www.africa-press.net\/centrafricaine\/wp-json\/wp\/v2\/types\/post"}],"author":[{"embeddable":true,"href":"https:\/\/www.africa-press.net\/centrafricaine\/wp-json\/wp\/v2\/users\/82"}],"replies":[{"embeddable":true,"href":"https:\/\/www.africa-press.net\/centrafricaine\/wp-json\/wp\/v2\/comments?post=8603"}],"version-history":[{"count":0,"href":"https:\/\/www.africa-press.net\/centrafricaine\/wp-json\/wp\/v2\/posts\/8603\/revisions"}],"wp:featuredmedia":[{"embeddable":true,"href":"https:\/\/www.africa-press.net\/centrafricaine\/wp-json\/wp\/v2\/media\/8602"}],"wp:attachment":[{"href":"https:\/\/www.africa-press.net\/centrafricaine\/wp-json\/wp\/v2\/media?parent=8603"}],"wp:term":[{"taxonomy":"category","embeddable":true,"href":"https:\/\/www.africa-press.net\/centrafricaine\/wp-json\/wp\/v2\/categories?post=8603"},{"taxonomy":"post_tag","embeddable":true,"href":"https:\/\/www.africa-press.net\/centrafricaine\/wp-json\/wp\/v2\/tags?post=8603"}],"curies":[{"name":"wp","href":"https:\/\/api.w.org\/{rel}","templated":true}]}}