{"id":8628,"date":"2021-07-02T17:06:14","date_gmt":"2021-07-02T17:06:14","guid":{"rendered":"https:\/\/www.africa-press.net\/centrafricaine\/?p=8628"},"modified":"2021-07-03T05:09:44","modified_gmt":"2021-07-03T05:09:44","slug":"laurent-gbagbo-attendu-en-rdc-pour-une-visite-privee","status":"publish","type":"post","link":"https:\/\/www.africa-press.net\/centrafricaine\/politique\/laurent-gbagbo-attendu-en-rdc-pour-une-visite-privee","title":{"rendered":"Laurent Gbagbo attendu en RDC pour une visite priv\u00e9e"},"content":{"rendered":"<p><span style=\"color: #ff6600\"><strong><a href=\"https:\/\/www.africa-press.net\/\">Africa-Press<\/a> &#8211; <a href=\"https:\/\/www.africa-press.net\/centrafricaine\">CentrAfricaine<\/a>.\u00a0 <\/strong><\/span><b>\u00a0L\u2019ex-pr\u00e9sident ivoirien, Laurent Gbagbo, est attendu ce vendredi \u00e0 Kinshasa, pour une visite priv\u00e9e du 02 au 8 juillet, en R\u00e9publique d\u00e9mocratique du Congo (RDC), a annonc\u00e9 jeudi dans un communiqu\u00e9, son porte-parole, Kon\u00e9 Katinan.<\/b><\/p>\n<p>Il s\u2019agira de son premier voyage \u00e0 l\u2019ext\u00e9rieur depuis son retour le 17 juin 2022 en C\u00f4te d\u2019Ivoire, suite \u00e0 son acquittement en mars, par la Cour p\u00e9nale internationale (CPI) qui le poursuivait pour des crimes contre l\u2019humanit\u00e9 et crimes de guerre, commis lors de la crise post\u00e9lectorale en 2010-2011 en C\u00f4te d\u2019Ivoire.<\/p>\n<p>Le d\u00e9placement de Gbagbo est \u00ab d\u2019ordre strictement priv\u00e9 \u00bb, a d\u00e9clar\u00e9 Katinan, pr\u00e9cisant qu\u2019il \u00ab prendra un vol commercial \u00e0 partir de l\u2019a\u00e9roport international F\u00e9lix Houphou\u00ebt Boigny le vendredi 2 juillet 2021 et regagnera Abidjan \u00e9galement par vol commercial le jeudi 8 juillet 2021 \u00bb.<\/p>\n<p>Certaines sources avancent que l\u2019ancien pr\u00e9sident va retrouver son ancien compagnon de prison \u00e0 La Haye, l\u2019ancien vice-pr\u00e9sident congolais Jean Pierre Bemba, et devrait aussi rencontrer, bri\u00e8vement, le pr\u00e9sident congolais F\u00e9lix Tshisekedi.<\/p>\n<p><b>Jean-Pierre<\/b><\/p>\n<p>Bemba, un ancien chef de guerre, avait \u00e9t\u00e9, lui aussi acquitt\u00e9 par la CPI en 2018, apr\u00e8s 10 ans de proc\u00e9dure, des charges de crimes de guerre et de crimes contre l\u2019humanit\u00e9 commis en R\u00e9publique centrafricaine (RCA).<\/p>\n<p>&nbsp;<\/p>\n","protected":false},"excerpt":{"rendered":"<p>Africa-Press &#8211; CentrAfricaine.\u00a0 \u00a0L\u2019ex-pr\u00e9sident ivoirien, Laurent Gbagbo, est attendu ce vendredi \u00e0 Kinshasa, pour une visite priv\u00e9e du 02 au 8 juillet, en R\u00e9publique d\u00e9mocratique du Congo (RDC), a annonc\u00e9 jeudi dans un communiqu\u00e9, son porte-parole, Kon\u00e9 Katinan. Il s\u2019agira de son premier voyage \u00e0 l\u2019ext\u00e9rieur depuis son retour le 17 juin 2022 en C\u00f4te [&hellip;]<\/p>\n","protected":false},"author":82,"featured_media":8627,"comment_status":"open","ping_status":"closed","sticky":false,"template":"","format":"standard","meta":{"footnotes":""},"categories":[11,2,20,10],"tags":[36,58,30],"class_list":["post-8628","post","type-post","status-publish","format-standard","has-post-thumbnail","hentry","category-homepage-french","category-politique","category-top-nouvelles","category-toutes-les-actualites","tag-africa-press","tag-africa-press-centrafricaine","tag-centrafricaine"],"yoast_head":"<!-- This site is optimized with the Yoast SEO Premium plugin v26.1 (Yoast SEO v27.0) - https:\/\/yoast.com\/product\/yoast-seo-premium-wordpress\/ -->\n<title>Laurent Gbagbo attendu en RDC pour une visite priv\u00e9e - centrafricaine<\/title>\n<meta name=\"description\" content=\"Bangui ( R\u00e9publique centrafricaine ) \u2013 L\u2019ex-pr\u00e9sident ivoirien, Laurent Gbagbo, est attendu ce vendredi \u00e0 Kinshasa, p ...\" \/>\n<meta name=\"robots\" content=\"index, follow, max-snippet:-1, max-image-preview:large, max-video-preview:-1\" \/>\n<link rel=\"canonical\" href=\"https:\/\/www.africa-press.net\/centrafricaine\/politique\/laurent-gbagbo-attendu-en-rdc-pour-une-visite-privee\" \/>\n<meta property=\"og:locale\" content=\"fr_FR\" \/>\n<meta property=\"og:type\" content=\"article\" \/>\n<meta property=\"og:title\" content=\"Laurent Gbagbo attendu en RDC pour une visite priv\u00e9e\" \/>\n<meta property=\"og:description\" content=\"Bangui ( R\u00e9publique centrafricaine ) \u2013 L\u2019ex-pr\u00e9sident ivoirien, Laurent Gbagbo, est attendu ce vendredi \u00e0 Kinshasa, p ...\" \/>\n<meta property=\"og:url\" content=\"https:\/\/www.africa-press.net\/centrafricaine\/politique\/laurent-gbagbo-attendu-en-rdc-pour-une-visite-privee\" \/>\n<meta property=\"og:site_name\" content=\"centrafricaine\" \/>\n<meta property=\"article:published_time\" content=\"2021-07-02T17:06:14+00:00\" \/>\n<meta property=\"article:modified_time\" content=\"2021-07-03T05:09:44+00:00\" \/>\n<meta property=\"og:image\" content=\"https:\/\/static.africa-press.net\/centrafricaine\/sites\/45\/2021\/07\/img-60df464c4dda5.jpg\" \/>\n\t<meta property=\"og:image:width\" content=\"720\" \/>\n\t<meta property=\"og:image:height\" content=\"480\" \/>\n\t<meta property=\"og:image:type\" content=\"image\/jpeg\" \/>\n<meta name=\"author\" content=\"cfeditorfr\" \/>\n<meta name=\"twitter:card\" content=\"summary_large_image\" \/>\n<meta name=\"twitter:label1\" content=\"\u00c9crit par\" \/>\n\t<meta name=\"twitter:data1\" content=\"cfeditorfr\" \/>\n\t<meta name=\"twitter:label2\" content=\"Dur\u00e9e de lecture estim\u00e9e\" \/>\n\t<meta name=\"twitter:data2\" content=\"1 minute\" \/>\n<script type=\"application\/ld+json\" class=\"yoast-schema-graph\">{\"@context\":\"https:\/\/schema.org\",\"@graph\":[{\"@type\":\"Article\",\"@id\":\"https:\/\/www.africa-press.net\/centrafricaine\/politique\/laurent-gbagbo-attendu-en-rdc-pour-une-visite-privee#article\",\"isPartOf\":{\"@id\":\"https:\/\/www.africa-press.net\/centrafricaine\/politique\/laurent-gbagbo-attendu-en-rdc-pour-une-visite-privee\"},\"author\":{\"name\":\"cfeditorfr\",\"@id\":\"https:\/\/www.africa-press.net\/centrafricaine\/#\/schema\/person\/2b1cf3cd81a31e3cd26889ca66d677f1\"},\"headline\":\"Laurent Gbagbo attendu en RDC pour une visite priv\u00e9e\",\"datePublished\":\"2021-07-02T17:06:14+00:00\",\"dateModified\":\"2021-07-03T05:09:44+00:00\",\"mainEntityOfPage\":{\"@id\":\"https:\/\/www.africa-press.net\/centrafricaine\/politique\/laurent-gbagbo-attendu-en-rdc-pour-une-visite-privee\"},\"wordCount\":234,\"commentCount\":0,\"image\":{\"@id\":\"https:\/\/www.africa-press.net\/centrafricaine\/politique\/laurent-gbagbo-attendu-en-rdc-pour-une-visite-privee#primaryimage\"},\"thumbnailUrl\":\"https:\/\/static.africa-press.net\/centrafricaine\/sites\/45\/2021\/07\/img-60df464c4dda5.jpg\",\"keywords\":[\"Africa Press\",\"Africa Press-CentrAfricaine\",\"CentrAfricaine\"],\"articleSection\":[\"homepage-french\",\"Politique\",\"Top Nouvelles\",\"Toutes les actualit\u00e9s\"],\"inLanguage\":\"fr-FR\",\"potentialAction\":[{\"@type\":\"CommentAction\",\"name\":\"Comment\",\"target\":[\"https:\/\/www.africa-press.net\/centrafricaine\/politique\/laurent-gbagbo-attendu-en-rdc-pour-une-visite-privee#respond\"]}]},{\"@type\":\"WebPage\",\"@id\":\"https:\/\/www.africa-press.net\/centrafricaine\/politique\/laurent-gbagbo-attendu-en-rdc-pour-une-visite-privee\",\"url\":\"https:\/\/www.africa-press.net\/centrafricaine\/politique\/laurent-gbagbo-attendu-en-rdc-pour-une-visite-privee\",\"name\":\"Laurent Gbagbo attendu en RDC pour une visite priv\u00e9e - centrafricaine\",\"isPartOf\":{\"@id\":\"https:\/\/www.africa-press.net\/centrafricaine\/#website\"},\"primaryImageOfPage\":{\"@id\":\"https:\/\/www.africa-press.net\/centrafricaine\/politique\/laurent-gbagbo-attendu-en-rdc-pour-une-visite-privee#primaryimage\"},\"image\":{\"@id\":\"https:\/\/www.africa-press.net\/centrafricaine\/politique\/laurent-gbagbo-attendu-en-rdc-pour-une-visite-privee#primaryimage\"},\"thumbnailUrl\":\"https:\/\/static.africa-press.net\/centrafricaine\/sites\/45\/2021\/07\/img-60df464c4dda5.jpg\",\"datePublished\":\"2021-07-02T17:06:14+00:00\",\"dateModified\":\"2021-07-03T05:09:44+00:00\",\"author\":{\"@id\":\"https:\/\/www.africa-press.net\/centrafricaine\/#\/schema\/person\/2b1cf3cd81a31e3cd26889ca66d677f1\"},\"description\":\"Bangui ( R\u00e9publique centrafricaine ) \u2013 L\u2019ex-pr\u00e9sident ivoirien, Laurent Gbagbo, est attendu ce vendredi \u00e0 Kinshasa, p ...\",\"breadcrumb\":{\"@id\":\"https:\/\/www.africa-press.net\/centrafricaine\/politique\/laurent-gbagbo-attendu-en-rdc-pour-une-visite-privee#breadcrumb\"},\"inLanguage\":\"fr-FR\",\"potentialAction\":[{\"@type\":\"ReadAction\",\"target\":[\"https:\/\/www.africa-press.net\/centrafricaine\/politique\/laurent-gbagbo-attendu-en-rdc-pour-une-visite-privee\"]}]},{\"@type\":\"ImageObject\",\"inLanguage\":\"fr-FR\",\"@id\":\"https:\/\/www.africa-press.net\/centrafricaine\/politique\/laurent-gbagbo-attendu-en-rdc-pour-une-visite-privee#primaryimage\",\"url\":\"https:\/\/static.africa-press.net\/centrafricaine\/sites\/45\/2021\/07\/img-60df464c4dda5.jpg\",\"contentUrl\":\"https:\/\/static.africa-press.net\/centrafricaine\/sites\/45\/2021\/07\/img-60df464c4dda5.jpg\",\"width\":720,\"height\":480,\"caption\":\"Laurent Gbagbo attendu en RDC pour une visite priv\u00e9e\"},{\"@type\":\"BreadcrumbList\",\"@id\":\"https:\/\/www.africa-press.net\/centrafricaine\/politique\/laurent-gbagbo-attendu-en-rdc-pour-une-visite-privee#breadcrumb\",\"itemListElement\":[{\"@type\":\"ListItem\",\"position\":1,\"name\":\"Accueil\",\"item\":\"https:\/\/www.africa-press.net\/centrafricaine\/\"},{\"@type\":\"ListItem\",\"position\":2,\"name\":\"Laurent Gbagbo attendu en RDC pour une visite priv\u00e9e\"}]},{\"@type\":\"WebSite\",\"@id\":\"https:\/\/www.africa-press.net\/centrafricaine\/#website\",\"url\":\"https:\/\/www.africa-press.net\/centrafricaine\/\",\"name\":\"centrafricaine\",\"description\":\"Just another Africa News Agency Sites site\",\"potentialAction\":[{\"@type\":\"SearchAction\",\"target\":{\"@type\":\"EntryPoint\",\"urlTemplate\":\"https:\/\/www.africa-press.net\/centrafricaine\/?s={search_term_string}\"},\"query-input\":{\"@type\":\"PropertyValueSpecification\",\"valueRequired\":true,\"valueName\":\"search_term_string\"}}],\"inLanguage\":\"fr-FR\"},{\"@type\":\"Person\",\"@id\":\"https:\/\/www.africa-press.net\/centrafricaine\/#\/schema\/person\/2b1cf3cd81a31e3cd26889ca66d677f1\",\"name\":\"cfeditorfr\"}]}<\/script>\n<!-- \/ Yoast SEO Premium plugin. -->","yoast_head_json":{"title":"Laurent Gbagbo attendu en RDC pour une visite priv\u00e9e - centrafricaine","description":"Bangui ( R\u00e9publique centrafricaine ) \u2013 L\u2019ex-pr\u00e9sident ivoirien, Laurent Gbagbo, est attendu ce vendredi \u00e0 Kinshasa, p ...","robots":{"index":"index","follow":"follow","max-snippet":"max-snippet:-1","max-image-preview":"max-image-preview:large","max-video-preview":"max-video-preview:-1"},"canonical":"https:\/\/www.africa-press.net\/centrafricaine\/politique\/laurent-gbagbo-attendu-en-rdc-pour-une-visite-privee","og_locale":"fr_FR","og_type":"article","og_title":"Laurent Gbagbo attendu en RDC pour une visite priv\u00e9e","og_description":"Bangui ( R\u00e9publique centrafricaine ) \u2013 L\u2019ex-pr\u00e9sident ivoirien, Laurent Gbagbo, est attendu ce vendredi \u00e0 Kinshasa, p ...","og_url":"https:\/\/www.africa-press.net\/centrafricaine\/politique\/laurent-gbagbo-attendu-en-rdc-pour-une-visite-privee","og_site_name":"centrafricaine","article_published_time":"2021-07-02T17:06:14+00:00","article_modified_time":"2021-07-03T05:09:44+00:00","og_image":[{"width":720,"height":480,"url":"https:\/\/static.africa-press.net\/centrafricaine\/sites\/45\/2021\/07\/img-60df464c4dda5.jpg","type":"image\/jpeg"}],"author":"cfeditorfr","twitter_card":"summary_large_image","twitter_misc":{"\u00c9crit par":"cfeditorfr","Dur\u00e9e de lecture estim\u00e9e":"1 minute"},"schema":{"@context":"https:\/\/schema.org","@graph":[{"@type":"Article","@id":"https:\/\/www.africa-press.net\/centrafricaine\/politique\/laurent-gbagbo-attendu-en-rdc-pour-une-visite-privee#article","isPartOf":{"@id":"https:\/\/www.africa-press.net\/centrafricaine\/politique\/laurent-gbagbo-attendu-en-rdc-pour-une-visite-privee"},"author":{"name":"cfeditorfr","@id":"https:\/\/www.africa-press.net\/centrafricaine\/#\/schema\/person\/2b1cf3cd81a31e3cd26889ca66d677f1"},"headline":"Laurent Gbagbo attendu en RDC pour une visite priv\u00e9e","datePublished":"2021-07-02T17:06:14+00:00","dateModified":"2021-07-03T05:09:44+00:00","mainEntityOfPage":{"@id":"https:\/\/www.africa-press.net\/centrafricaine\/politique\/laurent-gbagbo-attendu-en-rdc-pour-une-visite-privee"},"wordCount":234,"commentCount":0,"image":{"@id":"https:\/\/www.africa-press.net\/centrafricaine\/politique\/laurent-gbagbo-attendu-en-rdc-pour-une-visite-privee#primaryimage"},"thumbnailUrl":"https:\/\/static.africa-press.net\/centrafricaine\/sites\/45\/2021\/07\/img-60df464c4dda5.jpg","keywords":["Africa Press","Africa Press-CentrAfricaine","CentrAfricaine"],"articleSection":["homepage-french","Politique","Top Nouvelles","Toutes les actualit\u00e9s"],"inLanguage":"fr-FR","potentialAction":[{"@type":"CommentAction","name":"Comment","target":["https:\/\/www.africa-press.net\/centrafricaine\/politique\/laurent-gbagbo-attendu-en-rdc-pour-une-visite-privee#respond"]}]},{"@type":"WebPage","@id":"https:\/\/www.africa-press.net\/centrafricaine\/politique\/laurent-gbagbo-attendu-en-rdc-pour-une-visite-privee","url":"https:\/\/www.africa-press.net\/centrafricaine\/politique\/laurent-gbagbo-attendu-en-rdc-pour-une-visite-privee","name":"Laurent Gbagbo attendu en RDC pour une visite priv\u00e9e - centrafricaine","isPartOf":{"@id":"https:\/\/www.africa-press.net\/centrafricaine\/#website"},"primaryImageOfPage":{"@id":"https:\/\/www.africa-press.net\/centrafricaine\/politique\/laurent-gbagbo-attendu-en-rdc-pour-une-visite-privee#primaryimage"},"image":{"@id":"https:\/\/www.africa-press.net\/centrafricaine\/politique\/laurent-gbagbo-attendu-en-rdc-pour-une-visite-privee#primaryimage"},"thumbnailUrl":"https:\/\/static.africa-press.net\/centrafricaine\/sites\/45\/2021\/07\/img-60df464c4dda5.jpg","datePublished":"2021-07-02T17:06:14+00:00","dateModified":"2021-07-03T05:09:44+00:00","author":{"@id":"https:\/\/www.africa-press.net\/centrafricaine\/#\/schema\/person\/2b1cf3cd81a31e3cd26889ca66d677f1"},"description":"Bangui ( R\u00e9publique centrafricaine ) \u2013 L\u2019ex-pr\u00e9sident ivoirien, Laurent Gbagbo, est attendu ce vendredi \u00e0 Kinshasa, p ...","breadcrumb":{"@id":"https:\/\/www.africa-press.net\/centrafricaine\/politique\/laurent-gbagbo-attendu-en-rdc-pour-une-visite-privee#breadcrumb"},"inLanguage":"fr-FR","potentialAction":[{"@type":"ReadAction","target":["https:\/\/www.africa-press.net\/centrafricaine\/politique\/laurent-gbagbo-attendu-en-rdc-pour-une-visite-privee"]}]},{"@type":"ImageObject","inLanguage":"fr-FR","@id":"https:\/\/www.africa-press.net\/centrafricaine\/politique\/laurent-gbagbo-attendu-en-rdc-pour-une-visite-privee#primaryimage","url":"https:\/\/static.africa-press.net\/centrafricaine\/sites\/45\/2021\/07\/img-60df464c4dda5.jpg","contentUrl":"https:\/\/static.africa-press.net\/centrafricaine\/sites\/45\/2021\/07\/img-60df464c4dda5.jpg","width":720,"height":480,"caption":"Laurent Gbagbo attendu en RDC pour une visite priv\u00e9e"},{"@type":"BreadcrumbList","@id":"https:\/\/www.africa-press.net\/centrafricaine\/politique\/laurent-gbagbo-attendu-en-rdc-pour-une-visite-privee#breadcrumb","itemListElement":[{"@type":"ListItem","position":1,"name":"Accueil","item":"https:\/\/www.africa-press.net\/centrafricaine\/"},{"@type":"ListItem","position":2,"name":"Laurent Gbagbo attendu en RDC pour une visite priv\u00e9e"}]},{"@type":"WebSite","@id":"https:\/\/www.africa-press.net\/centrafricaine\/#website","url":"https:\/\/www.africa-press.net\/centrafricaine\/","name":"centrafricaine","description":"Just another Africa News Agency Sites site","potentialAction":[{"@type":"SearchAction","target":{"@type":"EntryPoint","urlTemplate":"https:\/\/www.africa-press.net\/centrafricaine\/?s={search_term_string}"},"query-input":{"@type":"PropertyValueSpecification","valueRequired":true,"valueName":"search_term_string"}}],"inLanguage":"fr-FR"},{"@type":"Person","@id":"https:\/\/www.africa-press.net\/centrafricaine\/#\/schema\/person\/2b1cf3cd81a31e3cd26889ca66d677f1","name":"cfeditorfr"}]}},"_links":{"self":[{"href":"https:\/\/www.africa-press.net\/centrafricaine\/wp-json\/wp\/v2\/posts\/8628","targetHints":{"allow":["GET"]}}],"collection":[{"href":"https:\/\/www.africa-press.net\/centrafricaine\/wp-json\/wp\/v2\/posts"}],"about":[{"href":"https:\/\/www.africa-press.net\/centrafricaine\/wp-json\/wp\/v2\/types\/post"}],"author":[{"embeddable":true,"href":"https:\/\/www.africa-press.net\/centrafricaine\/wp-json\/wp\/v2\/users\/82"}],"replies":[{"embeddable":true,"href":"https:\/\/www.africa-press.net\/centrafricaine\/wp-json\/wp\/v2\/comments?post=8628"}],"version-history":[{"count":0,"href":"https:\/\/www.africa-press.net\/centrafricaine\/wp-json\/wp\/v2\/posts\/8628\/revisions"}],"wp:featuredmedia":[{"embeddable":true,"href":"https:\/\/www.africa-press.net\/centrafricaine\/wp-json\/wp\/v2\/media\/8627"}],"wp:attachment":[{"href":"https:\/\/www.africa-press.net\/centrafricaine\/wp-json\/wp\/v2\/media?parent=8628"}],"wp:term":[{"taxonomy":"category","embeddable":true,"href":"https:\/\/www.africa-press.net\/centrafricaine\/wp-json\/wp\/v2\/categories?post=8628"},{"taxonomy":"post_tag","embeddable":true,"href":"https:\/\/www.africa-press.net\/centrafricaine\/wp-json\/wp\/v2\/tags?post=8628"}],"curies":[{"name":"wp","href":"https:\/\/api.w.org\/{rel}","templated":true}]}}