{"id":8637,"date":"2021-07-02T17:27:58","date_gmt":"2021-07-02T17:27:58","guid":{"rendered":"https:\/\/www.africa-press.net\/centrafricaine\/?p=8637"},"modified":"2021-07-03T05:10:17","modified_gmt":"2021-07-03T05:10:17","slug":"en-centrafrique-plus-de-la-moitie-de-la-population-en-detresse","status":"publish","type":"post","link":"https:\/\/www.africa-press.net\/centrafricaine\/toutes-les-actualites\/en-centrafrique-plus-de-la-moitie-de-la-population-en-detresse","title":{"rendered":"En Centrafrique,  plus de la moiti\u00e9 de la population en d\u00e9tresse"},"content":{"rendered":"<p><span style=\"color: #ff6600\"><strong><a href=\"https:\/\/www.africa-press.net\/\">Africa-Press<\/a> &#8211; <a href=\"https:\/\/www.africa-press.net\/centrafricaine\">CentrAfricaine<\/a>.\u00a0 <\/strong><\/span><b>\u00a0Plus de la moiti\u00e9 de la population centrafricaine, soit environ 2,8 millions de personnes \u201c, a besoin d\u2019une assistance et d\u2019une protection humanitaires\u201d, a alert\u00e9 le Bureau des Nations Unies pour la coordination des affaires humanitaires (OCHA) sur son site.<\/b><\/p>\n<p>\u201c2,8 millions de personnes, dont les deux tiers sont dans le besoin et risquent de mourir sans assistance\u201d, a affirm\u00e9 l\u2019institution onusienne, dans une publication fin juin, pr\u00e9cisant que \u201cc\u2018est la premi\u00e8re fois en cinq ans qu\u2019autant de personnes sont dans le besoin, faisant de la RCA l\u2019un des pays les plus vuln\u00e9rables au monde\u201c.<\/p>\n<p>OCHA pr\u00e9cise, par ailleurs, que 388 000 Centrafricains ont \u00e9t\u00e9 contraintes au d\u00e9placement entre d\u00e9cembre 2020 et mars 2021, \u00e0 cause des violences qui ont suivi les \u00e9lections g\u00e9n\u00e9rales en d\u00e9cembre 2020 et les affrontements r\u00e9currents entre groupes arm\u00e9s.<\/p>\n<p>Cela porte le total des personnes d\u00e9plac\u00e9es \u00e0 plus de 727 000 \u00e0 l\u2019int\u00e9rieur du pays et \u00e0 695 000 autres qui sont des r\u00e9fugi\u00e9s dans les pays voisins.<\/p>\n<p>OCHA explique, en outre, que \u201cla violence et l\u2019ins\u00e9curit\u00e9 ont perturb\u00e9 la principale route d\u2019approvisionnement de la RCA, faisant grimper les prix des produits de premi\u00e8re n\u00e9cessit\u00e9 jusqu\u2019\u00e0 60 %\u201d.<\/p>\n<p>Parall\u00e8lement, \u201cla deuxi\u00e8me vague de la pand\u00e9mie a aggrav\u00e9 la situation en maintenant les prix \u00e9lev\u00e9s sur les march\u00e9s. En cons\u00e9quence, 2,29 millions de personnes, soit 46 % de la population, n\u2019ont pas assez \u00e0 manger, et plus d\u2019un demi-million de ces personnes sont \u00e0 un pas de la famine\u201d, a conclu l\u2019organisation humanitaire.<\/p>\n<p>Pour rappel, la R\u00e9publique centrafricaine a bascul\u00e9 dans l\u2019instabilit\u00e9 depuis 2013, et ce, malgr\u00e9 la signature de plusieurs accords de paix entre les diff\u00e9rentes factions. Le dernier accord fut sign\u00e9 en f\u00e9vrier 2019, entre le gouvernement et 14 groupes arm\u00e9s, permettant une certaine accalmie.<\/p>\n<p>Mais un regain de violence a \u00e9t\u00e9 constat\u00e9 apr\u00e8s les \u00e9lections du 27 d\u00e9cembre 2020, marqu\u00e9es notamment par l\u2019exclusion de l\u2019ancien pr\u00e9sident Fran\u00e7ois Boziz\u00e9 et la R\u00e9\u00e9lection de Faustin Archange Touadera pour un nouveau mandat de cinq ans.<\/p>\n<p><b>\u00a0<\/b><\/p>\n","protected":false},"excerpt":{"rendered":"<p>Africa-Press &#8211; CentrAfricaine.\u00a0 \u00a0Plus de la moiti\u00e9 de la population centrafricaine, soit environ 2,8 millions de personnes \u201c, a besoin d\u2019une assistance et d\u2019une protection humanitaires\u201d, a alert\u00e9 le Bureau des Nations Unies pour la coordination des affaires humanitaires (OCHA) sur son site. \u201c2,8 millions de personnes, dont les deux tiers sont dans le besoin [&hellip;]<\/p>\n","protected":false},"author":82,"featured_media":8636,"comment_status":"open","ping_status":"closed","sticky":false,"template":"","format":"standard","meta":{"footnotes":""},"categories":[21,11,20,10],"tags":[36,58,30],"class_list":["post-8637","post","type-post","status-publish","format-standard","has-post-thumbnail","hentry","category-communaute","category-homepage-french","category-top-nouvelles","category-toutes-les-actualites","tag-africa-press","tag-africa-press-centrafricaine","tag-centrafricaine"],"yoast_head":"<!-- This site is optimized with the Yoast SEO Premium plugin v26.1 (Yoast SEO v27.0) - https:\/\/yoast.com\/product\/yoast-seo-premium-wordpress\/ -->\n<title>En Centrafrique, plus de la moiti\u00e9 de la population en d\u00e9tresse - centrafricaine<\/title>\n<meta name=\"description\" content=\"Bangui, R\u00e9publique centrafricaine, 2 juillet 2021 ( Corbeaunews \u2013 Centrafrique) Plus de la moiti\u00e9 de la population ce ...\" \/>\n<meta name=\"robots\" content=\"index, follow, max-snippet:-1, max-image-preview:large, max-video-preview:-1\" \/>\n<link rel=\"canonical\" href=\"https:\/\/www.africa-press.net\/centrafricaine\/toutes-les-actualites\/en-centrafrique-plus-de-la-moitie-de-la-population-en-detresse\" \/>\n<meta property=\"og:locale\" content=\"fr_FR\" \/>\n<meta property=\"og:type\" content=\"article\" \/>\n<meta property=\"og:title\" content=\"En Centrafrique, plus de la moiti\u00e9 de la population en d\u00e9tresse\" \/>\n<meta property=\"og:description\" content=\"Bangui, R\u00e9publique centrafricaine, 2 juillet 2021 ( Corbeaunews \u2013 Centrafrique) Plus de la moiti\u00e9 de la population ce ...\" \/>\n<meta property=\"og:url\" content=\"https:\/\/www.africa-press.net\/centrafricaine\/toutes-les-actualites\/en-centrafrique-plus-de-la-moitie-de-la-population-en-detresse\" \/>\n<meta property=\"og:site_name\" content=\"centrafricaine\" \/>\n<meta property=\"article:published_time\" content=\"2021-07-02T17:27:58+00:00\" \/>\n<meta property=\"article:modified_time\" content=\"2021-07-03T05:10:17+00:00\" \/>\n<meta property=\"og:image\" content=\"https:\/\/static.africa-press.net\/centrafricaine\/sites\/45\/2021\/07\/img-60df46f26e5be.jpg\" \/>\n\t<meta property=\"og:image:width\" content=\"720\" \/>\n\t<meta property=\"og:image:height\" content=\"439\" \/>\n\t<meta property=\"og:image:type\" content=\"image\/jpeg\" \/>\n<meta name=\"author\" content=\"cfeditorfr\" \/>\n<meta name=\"twitter:card\" content=\"summary_large_image\" \/>\n<meta name=\"twitter:label1\" content=\"\u00c9crit par\" \/>\n\t<meta name=\"twitter:data1\" content=\"cfeditorfr\" \/>\n\t<meta name=\"twitter:label2\" content=\"Dur\u00e9e de lecture estim\u00e9e\" \/>\n\t<meta name=\"twitter:data2\" content=\"2 minutes\" \/>\n<script type=\"application\/ld+json\" class=\"yoast-schema-graph\">{\"@context\":\"https:\/\/schema.org\",\"@graph\":[{\"@type\":\"Article\",\"@id\":\"https:\/\/www.africa-press.net\/centrafricaine\/toutes-les-actualites\/en-centrafrique-plus-de-la-moitie-de-la-population-en-detresse#article\",\"isPartOf\":{\"@id\":\"https:\/\/www.africa-press.net\/centrafricaine\/toutes-les-actualites\/en-centrafrique-plus-de-la-moitie-de-la-population-en-detresse\"},\"author\":{\"name\":\"cfeditorfr\",\"@id\":\"https:\/\/www.africa-press.net\/centrafricaine\/#\/schema\/person\/2b1cf3cd81a31e3cd26889ca66d677f1\"},\"headline\":\"En Centrafrique, plus de la moiti\u00e9 de la population en d\u00e9tresse\",\"datePublished\":\"2021-07-02T17:27:58+00:00\",\"dateModified\":\"2021-07-03T05:10:17+00:00\",\"mainEntityOfPage\":{\"@id\":\"https:\/\/www.africa-press.net\/centrafricaine\/toutes-les-actualites\/en-centrafrique-plus-de-la-moitie-de-la-population-en-detresse\"},\"wordCount\":366,\"commentCount\":0,\"image\":{\"@id\":\"https:\/\/www.africa-press.net\/centrafricaine\/toutes-les-actualites\/en-centrafrique-plus-de-la-moitie-de-la-population-en-detresse#primaryimage\"},\"thumbnailUrl\":\"https:\/\/static.africa-press.net\/centrafricaine\/sites\/45\/2021\/07\/img-60df46f26e5be.jpg\",\"keywords\":[\"Africa Press\",\"Africa Press-CentrAfricaine\",\"CentrAfricaine\"],\"articleSection\":[\"Communaut\u00e9\",\"homepage-french\",\"Top Nouvelles\",\"Toutes les actualit\u00e9s\"],\"inLanguage\":\"fr-FR\",\"potentialAction\":[{\"@type\":\"CommentAction\",\"name\":\"Comment\",\"target\":[\"https:\/\/www.africa-press.net\/centrafricaine\/toutes-les-actualites\/en-centrafrique-plus-de-la-moitie-de-la-population-en-detresse#respond\"]}]},{\"@type\":\"WebPage\",\"@id\":\"https:\/\/www.africa-press.net\/centrafricaine\/toutes-les-actualites\/en-centrafrique-plus-de-la-moitie-de-la-population-en-detresse\",\"url\":\"https:\/\/www.africa-press.net\/centrafricaine\/toutes-les-actualites\/en-centrafrique-plus-de-la-moitie-de-la-population-en-detresse\",\"name\":\"En Centrafrique, plus de la moiti\u00e9 de la population en d\u00e9tresse - centrafricaine\",\"isPartOf\":{\"@id\":\"https:\/\/www.africa-press.net\/centrafricaine\/#website\"},\"primaryImageOfPage\":{\"@id\":\"https:\/\/www.africa-press.net\/centrafricaine\/toutes-les-actualites\/en-centrafrique-plus-de-la-moitie-de-la-population-en-detresse#primaryimage\"},\"image\":{\"@id\":\"https:\/\/www.africa-press.net\/centrafricaine\/toutes-les-actualites\/en-centrafrique-plus-de-la-moitie-de-la-population-en-detresse#primaryimage\"},\"thumbnailUrl\":\"https:\/\/static.africa-press.net\/centrafricaine\/sites\/45\/2021\/07\/img-60df46f26e5be.jpg\",\"datePublished\":\"2021-07-02T17:27:58+00:00\",\"dateModified\":\"2021-07-03T05:10:17+00:00\",\"author\":{\"@id\":\"https:\/\/www.africa-press.net\/centrafricaine\/#\/schema\/person\/2b1cf3cd81a31e3cd26889ca66d677f1\"},\"description\":\"Bangui, R\u00e9publique centrafricaine, 2 juillet 2021 ( Corbeaunews \u2013 Centrafrique) Plus de la moiti\u00e9 de la population ce ...\",\"breadcrumb\":{\"@id\":\"https:\/\/www.africa-press.net\/centrafricaine\/toutes-les-actualites\/en-centrafrique-plus-de-la-moitie-de-la-population-en-detresse#breadcrumb\"},\"inLanguage\":\"fr-FR\",\"potentialAction\":[{\"@type\":\"ReadAction\",\"target\":[\"https:\/\/www.africa-press.net\/centrafricaine\/toutes-les-actualites\/en-centrafrique-plus-de-la-moitie-de-la-population-en-detresse\"]}]},{\"@type\":\"ImageObject\",\"inLanguage\":\"fr-FR\",\"@id\":\"https:\/\/www.africa-press.net\/centrafricaine\/toutes-les-actualites\/en-centrafrique-plus-de-la-moitie-de-la-population-en-detresse#primaryimage\",\"url\":\"https:\/\/static.africa-press.net\/centrafricaine\/sites\/45\/2021\/07\/img-60df46f26e5be.jpg\",\"contentUrl\":\"https:\/\/static.africa-press.net\/centrafricaine\/sites\/45\/2021\/07\/img-60df46f26e5be.jpg\",\"width\":720,\"height\":439,\"caption\":\"En Centrafrique, plus de la moiti\u00e9 de la population en d\u00e9tresse\"},{\"@type\":\"BreadcrumbList\",\"@id\":\"https:\/\/www.africa-press.net\/centrafricaine\/toutes-les-actualites\/en-centrafrique-plus-de-la-moitie-de-la-population-en-detresse#breadcrumb\",\"itemListElement\":[{\"@type\":\"ListItem\",\"position\":1,\"name\":\"Accueil\",\"item\":\"https:\/\/www.africa-press.net\/centrafricaine\/\"},{\"@type\":\"ListItem\",\"position\":2,\"name\":\"En Centrafrique, plus de la moiti\u00e9 de la population en d\u00e9tresse\"}]},{\"@type\":\"WebSite\",\"@id\":\"https:\/\/www.africa-press.net\/centrafricaine\/#website\",\"url\":\"https:\/\/www.africa-press.net\/centrafricaine\/\",\"name\":\"centrafricaine\",\"description\":\"Just another Africa News Agency Sites site\",\"potentialAction\":[{\"@type\":\"SearchAction\",\"target\":{\"@type\":\"EntryPoint\",\"urlTemplate\":\"https:\/\/www.africa-press.net\/centrafricaine\/?s={search_term_string}\"},\"query-input\":{\"@type\":\"PropertyValueSpecification\",\"valueRequired\":true,\"valueName\":\"search_term_string\"}}],\"inLanguage\":\"fr-FR\"},{\"@type\":\"Person\",\"@id\":\"https:\/\/www.africa-press.net\/centrafricaine\/#\/schema\/person\/2b1cf3cd81a31e3cd26889ca66d677f1\",\"name\":\"cfeditorfr\"}]}<\/script>\n<!-- \/ Yoast SEO Premium plugin. -->","yoast_head_json":{"title":"En Centrafrique, plus de la moiti\u00e9 de la population en d\u00e9tresse - centrafricaine","description":"Bangui, R\u00e9publique centrafricaine, 2 juillet 2021 ( Corbeaunews \u2013 Centrafrique) Plus de la moiti\u00e9 de la population ce ...","robots":{"index":"index","follow":"follow","max-snippet":"max-snippet:-1","max-image-preview":"max-image-preview:large","max-video-preview":"max-video-preview:-1"},"canonical":"https:\/\/www.africa-press.net\/centrafricaine\/toutes-les-actualites\/en-centrafrique-plus-de-la-moitie-de-la-population-en-detresse","og_locale":"fr_FR","og_type":"article","og_title":"En Centrafrique, plus de la moiti\u00e9 de la population en d\u00e9tresse","og_description":"Bangui, R\u00e9publique centrafricaine, 2 juillet 2021 ( Corbeaunews \u2013 Centrafrique) Plus de la moiti\u00e9 de la population ce ...","og_url":"https:\/\/www.africa-press.net\/centrafricaine\/toutes-les-actualites\/en-centrafrique-plus-de-la-moitie-de-la-population-en-detresse","og_site_name":"centrafricaine","article_published_time":"2021-07-02T17:27:58+00:00","article_modified_time":"2021-07-03T05:10:17+00:00","og_image":[{"width":720,"height":439,"url":"https:\/\/static.africa-press.net\/centrafricaine\/sites\/45\/2021\/07\/img-60df46f26e5be.jpg","type":"image\/jpeg"}],"author":"cfeditorfr","twitter_card":"summary_large_image","twitter_misc":{"\u00c9crit par":"cfeditorfr","Dur\u00e9e de lecture estim\u00e9e":"2 minutes"},"schema":{"@context":"https:\/\/schema.org","@graph":[{"@type":"Article","@id":"https:\/\/www.africa-press.net\/centrafricaine\/toutes-les-actualites\/en-centrafrique-plus-de-la-moitie-de-la-population-en-detresse#article","isPartOf":{"@id":"https:\/\/www.africa-press.net\/centrafricaine\/toutes-les-actualites\/en-centrafrique-plus-de-la-moitie-de-la-population-en-detresse"},"author":{"name":"cfeditorfr","@id":"https:\/\/www.africa-press.net\/centrafricaine\/#\/schema\/person\/2b1cf3cd81a31e3cd26889ca66d677f1"},"headline":"En Centrafrique, plus de la moiti\u00e9 de la population en d\u00e9tresse","datePublished":"2021-07-02T17:27:58+00:00","dateModified":"2021-07-03T05:10:17+00:00","mainEntityOfPage":{"@id":"https:\/\/www.africa-press.net\/centrafricaine\/toutes-les-actualites\/en-centrafrique-plus-de-la-moitie-de-la-population-en-detresse"},"wordCount":366,"commentCount":0,"image":{"@id":"https:\/\/www.africa-press.net\/centrafricaine\/toutes-les-actualites\/en-centrafrique-plus-de-la-moitie-de-la-population-en-detresse#primaryimage"},"thumbnailUrl":"https:\/\/static.africa-press.net\/centrafricaine\/sites\/45\/2021\/07\/img-60df46f26e5be.jpg","keywords":["Africa Press","Africa Press-CentrAfricaine","CentrAfricaine"],"articleSection":["Communaut\u00e9","homepage-french","Top Nouvelles","Toutes les actualit\u00e9s"],"inLanguage":"fr-FR","potentialAction":[{"@type":"CommentAction","name":"Comment","target":["https:\/\/www.africa-press.net\/centrafricaine\/toutes-les-actualites\/en-centrafrique-plus-de-la-moitie-de-la-population-en-detresse#respond"]}]},{"@type":"WebPage","@id":"https:\/\/www.africa-press.net\/centrafricaine\/toutes-les-actualites\/en-centrafrique-plus-de-la-moitie-de-la-population-en-detresse","url":"https:\/\/www.africa-press.net\/centrafricaine\/toutes-les-actualites\/en-centrafrique-plus-de-la-moitie-de-la-population-en-detresse","name":"En Centrafrique, plus de la moiti\u00e9 de la population en d\u00e9tresse - centrafricaine","isPartOf":{"@id":"https:\/\/www.africa-press.net\/centrafricaine\/#website"},"primaryImageOfPage":{"@id":"https:\/\/www.africa-press.net\/centrafricaine\/toutes-les-actualites\/en-centrafrique-plus-de-la-moitie-de-la-population-en-detresse#primaryimage"},"image":{"@id":"https:\/\/www.africa-press.net\/centrafricaine\/toutes-les-actualites\/en-centrafrique-plus-de-la-moitie-de-la-population-en-detresse#primaryimage"},"thumbnailUrl":"https:\/\/static.africa-press.net\/centrafricaine\/sites\/45\/2021\/07\/img-60df46f26e5be.jpg","datePublished":"2021-07-02T17:27:58+00:00","dateModified":"2021-07-03T05:10:17+00:00","author":{"@id":"https:\/\/www.africa-press.net\/centrafricaine\/#\/schema\/person\/2b1cf3cd81a31e3cd26889ca66d677f1"},"description":"Bangui, R\u00e9publique centrafricaine, 2 juillet 2021 ( Corbeaunews \u2013 Centrafrique) Plus de la moiti\u00e9 de la population ce ...","breadcrumb":{"@id":"https:\/\/www.africa-press.net\/centrafricaine\/toutes-les-actualites\/en-centrafrique-plus-de-la-moitie-de-la-population-en-detresse#breadcrumb"},"inLanguage":"fr-FR","potentialAction":[{"@type":"ReadAction","target":["https:\/\/www.africa-press.net\/centrafricaine\/toutes-les-actualites\/en-centrafrique-plus-de-la-moitie-de-la-population-en-detresse"]}]},{"@type":"ImageObject","inLanguage":"fr-FR","@id":"https:\/\/www.africa-press.net\/centrafricaine\/toutes-les-actualites\/en-centrafrique-plus-de-la-moitie-de-la-population-en-detresse#primaryimage","url":"https:\/\/static.africa-press.net\/centrafricaine\/sites\/45\/2021\/07\/img-60df46f26e5be.jpg","contentUrl":"https:\/\/static.africa-press.net\/centrafricaine\/sites\/45\/2021\/07\/img-60df46f26e5be.jpg","width":720,"height":439,"caption":"En Centrafrique, plus de la moiti\u00e9 de la population en d\u00e9tresse"},{"@type":"BreadcrumbList","@id":"https:\/\/www.africa-press.net\/centrafricaine\/toutes-les-actualites\/en-centrafrique-plus-de-la-moitie-de-la-population-en-detresse#breadcrumb","itemListElement":[{"@type":"ListItem","position":1,"name":"Accueil","item":"https:\/\/www.africa-press.net\/centrafricaine\/"},{"@type":"ListItem","position":2,"name":"En Centrafrique, plus de la moiti\u00e9 de la population en d\u00e9tresse"}]},{"@type":"WebSite","@id":"https:\/\/www.africa-press.net\/centrafricaine\/#website","url":"https:\/\/www.africa-press.net\/centrafricaine\/","name":"centrafricaine","description":"Just another Africa News Agency Sites site","potentialAction":[{"@type":"SearchAction","target":{"@type":"EntryPoint","urlTemplate":"https:\/\/www.africa-press.net\/centrafricaine\/?s={search_term_string}"},"query-input":{"@type":"PropertyValueSpecification","valueRequired":true,"valueName":"search_term_string"}}],"inLanguage":"fr-FR"},{"@type":"Person","@id":"https:\/\/www.africa-press.net\/centrafricaine\/#\/schema\/person\/2b1cf3cd81a31e3cd26889ca66d677f1","name":"cfeditorfr"}]}},"_links":{"self":[{"href":"https:\/\/www.africa-press.net\/centrafricaine\/wp-json\/wp\/v2\/posts\/8637","targetHints":{"allow":["GET"]}}],"collection":[{"href":"https:\/\/www.africa-press.net\/centrafricaine\/wp-json\/wp\/v2\/posts"}],"about":[{"href":"https:\/\/www.africa-press.net\/centrafricaine\/wp-json\/wp\/v2\/types\/post"}],"author":[{"embeddable":true,"href":"https:\/\/www.africa-press.net\/centrafricaine\/wp-json\/wp\/v2\/users\/82"}],"replies":[{"embeddable":true,"href":"https:\/\/www.africa-press.net\/centrafricaine\/wp-json\/wp\/v2\/comments?post=8637"}],"version-history":[{"count":0,"href":"https:\/\/www.africa-press.net\/centrafricaine\/wp-json\/wp\/v2\/posts\/8637\/revisions"}],"wp:featuredmedia":[{"embeddable":true,"href":"https:\/\/www.africa-press.net\/centrafricaine\/wp-json\/wp\/v2\/media\/8636"}],"wp:attachment":[{"href":"https:\/\/www.africa-press.net\/centrafricaine\/wp-json\/wp\/v2\/media?parent=8637"}],"wp:term":[{"taxonomy":"category","embeddable":true,"href":"https:\/\/www.africa-press.net\/centrafricaine\/wp-json\/wp\/v2\/categories?post=8637"},{"taxonomy":"post_tag","embeddable":true,"href":"https:\/\/www.africa-press.net\/centrafricaine\/wp-json\/wp\/v2\/tags?post=8637"}],"curies":[{"name":"wp","href":"https:\/\/api.w.org\/{rel}","templated":true}]}}