{"id":8643,"date":"2021-07-02T17:44:23","date_gmt":"2021-07-02T17:44:23","guid":{"rendered":"https:\/\/www.africa-press.net\/centrafricaine\/?p=8643"},"modified":"2021-07-03T05:10:38","modified_gmt":"2021-07-03T05:10:38","slug":"rca-leutm-soutient-lorganisation-du-seminaire-de-revision-du-plan-de-defense-nationale","status":"publish","type":"post","link":"https:\/\/www.africa-press.net\/centrafricaine\/politique\/rca-leutm-soutient-lorganisation-du-seminaire-de-revision-du-plan-de-defense-nationale","title":{"rendered":"l\u2019EUTM\u00a0 soutient l\u2019organisation du s\u00e9minaire de r\u00e9vision du plan de d\u00e9fense nationale"},"content":{"rendered":"<p><span style=\"color: #ff6600\"><strong><a href=\"https:\/\/www.africa-press.net\/\">Africa-Press<\/a> &#8211; <a href=\"https:\/\/www.africa-press.net\/centrafricaine\">CentrAfricaine<\/a>.\u00a0 <\/strong><\/span>\u00a0Les 29 et 30 juin, l\u2019EUTM a soutenu l\u2019organisation du s\u00e9minaire de r\u00e9vision du plan de d\u00e9fense nationale de la RCA pour la transition d\u2019une arm\u00e9e de projection \u00e0 une arm\u00e9e de garnison. L\u2019\u00e9v\u00e9nement a eu lieu avec le soutien consid\u00e9rable du pilier strat\u00e9gique de l\u2019EUTM.<\/p>\n<p>L\u2019\u00e9tat-major des forces arm\u00e9es centrafricaine, (FACA), suit actuellement la Loi de Programmation Militaire (LPM) 2019-2023, qui pr\u00e9voie de transformer en profondeur notre arm\u00e9e.<\/p>\n<p>En effet, cette derni\u00e8re \u00e9tait jusqu\u2019ici une arm\u00e9e de projection, c\u2019est-\u00e0-dire qu\u2019elle avait l\u2019ambition d\u2019intervenir l\u00e0 o\u00f9 cela \u00e9tait n\u00e9cessaire \u00e0 partir de ses anciennes bases. Or, le grand d\u00e9fi qu\u2019elle doit r\u00e9ussir aujourd\u2019hui, c\u2019est de devenir \u201cune arm\u00e9e de garnison\u201d. C\u2019est pour cela qu\u2019elle se d\u00e9ploie dans les localit\u00e9s du pays, afin de r\u00e9aliser un maillage territorial. De la sorte, les forces arm\u00e9es pourront asseoir l\u2019autorit\u00e9 de l\u2019\u00e9tat sur l\u2019ensemble du pays en appui des Forces de S\u00e9curit\u00e9 Int\u00e9rieure (FSI). Cette organisation offre l\u2019avantage d\u2019un contr\u00f4le accru du territoire et une meilleure r\u00e9activit\u00e9 en cas d\u2019intervention. De ce fait, l\u2019arm\u00e9e est enti\u00e8rement d\u00e9di\u00e9e au peuple Centrafricain.<\/p>\n<p><b>Mais comment r\u00e9ussir ce d\u00e9fi, on peut se demander ? Comment faire pour couvrir un territoire aussi vaste<\/b><\/p>\n<p>?<\/p>\n<p>L\u2019objectif actuel est de poss\u00e9der une arm\u00e9e de neuf mille huit cent (9 800) militaires, avec six (6) bataillons de la force terrestre qui seront d\u00e9ploy\u00e9s en province. Chacun de ces bataillons comptera des centaines de combattants aguerris.<\/p>\n<p>Le territoire, lui, est divis\u00e9 en trois (3) zones de d\u00e9fense : la zone Nord-Ouest englobant Bouar et Bossangoa, la zone Nord-Est avec Bria et Nd\u00e9l\u00e9 et la zone Sud-Est avec Bambari et Bangassou. Enfin, Bangui constitue une zone autonome o\u00f9 sont d\u00e9ploy\u00e9es les forces d\u2019appui, le bataillon amphibie et les forces sp\u00e9ciales.<\/p>\n<p><b>\u00a0<\/b><\/p>\n","protected":false},"excerpt":{"rendered":"<p>Africa-Press &#8211; CentrAfricaine.\u00a0 \u00a0Les 29 et 30 juin, l\u2019EUTM a soutenu l\u2019organisation du s\u00e9minaire de r\u00e9vision du plan de d\u00e9fense nationale de la RCA pour la transition d\u2019une arm\u00e9e de projection \u00e0 une arm\u00e9e de garnison. L\u2019\u00e9v\u00e9nement a eu lieu avec le soutien consid\u00e9rable du pilier strat\u00e9gique de l\u2019EUTM. L\u2019\u00e9tat-major des forces arm\u00e9es centrafricaine, (FACA), [&hellip;]<\/p>\n","protected":false},"author":82,"featured_media":8642,"comment_status":"open","ping_status":"closed","sticky":false,"template":"","format":"standard","meta":{"footnotes":""},"categories":[11,2,10],"tags":[36,58,30],"class_list":["post-8643","post","type-post","status-publish","format-standard","has-post-thumbnail","hentry","category-homepage-french","category-politique","category-toutes-les-actualites","tag-africa-press","tag-africa-press-centrafricaine","tag-centrafricaine"],"yoast_head":"<!-- This site is optimized with the Yoast SEO Premium plugin v26.1 (Yoast SEO v27.0) - https:\/\/yoast.com\/product\/yoast-seo-premium-wordpress\/ -->\n<title>l\u2019EUTM\u00a0 soutient l\u2019organisation du s\u00e9minaire de r\u00e9vision du plan de d\u00e9fense nationale - centrafricaine<\/title>\n<meta name=\"description\" content=\"Bangui, R\u00e9publique centrafricaine, vendredi, 2 juillet 2021 03:04:53 ( Corbeaunews-Centrafrique ). Les 29 et 30 ...\" \/>\n<meta name=\"robots\" content=\"index, follow, max-snippet:-1, max-image-preview:large, max-video-preview:-1\" \/>\n<link rel=\"canonical\" href=\"https:\/\/www.africa-press.net\/centrafricaine\/politique\/rca-leutm-soutient-lorganisation-du-seminaire-de-revision-du-plan-de-defense-nationale\" \/>\n<meta property=\"og:locale\" content=\"fr_FR\" \/>\n<meta property=\"og:type\" content=\"article\" \/>\n<meta property=\"og:title\" content=\"l\u2019EUTM\u00a0 soutient l\u2019organisation du s\u00e9minaire de r\u00e9vision du plan de d\u00e9fense nationale\" \/>\n<meta property=\"og:description\" content=\"Bangui, R\u00e9publique centrafricaine, vendredi, 2 juillet 2021 03:04:53 ( Corbeaunews-Centrafrique ). Les 29 et 30 ...\" \/>\n<meta property=\"og:url\" content=\"https:\/\/www.africa-press.net\/centrafricaine\/politique\/rca-leutm-soutient-lorganisation-du-seminaire-de-revision-du-plan-de-defense-nationale\" \/>\n<meta property=\"og:site_name\" content=\"centrafricaine\" \/>\n<meta property=\"article:published_time\" content=\"2021-07-02T17:44:23+00:00\" \/>\n<meta property=\"article:modified_time\" content=\"2021-07-03T05:10:38+00:00\" \/>\n<meta property=\"og:image\" content=\"https:\/\/static.africa-press.net\/centrafricaine\/sites\/45\/2021\/07\/img-60df47465d1cb.jpg\" \/>\n\t<meta property=\"og:image:width\" content=\"720\" \/>\n\t<meta property=\"og:image:height\" content=\"669\" \/>\n\t<meta property=\"og:image:type\" content=\"image\/jpeg\" \/>\n<meta name=\"author\" content=\"cfeditorfr\" \/>\n<meta name=\"twitter:card\" content=\"summary_large_image\" \/>\n<meta name=\"twitter:label1\" content=\"\u00c9crit par\" \/>\n\t<meta name=\"twitter:data1\" content=\"cfeditorfr\" \/>\n\t<meta name=\"twitter:label2\" content=\"Dur\u00e9e de lecture estim\u00e9e\" \/>\n\t<meta name=\"twitter:data2\" content=\"2 minutes\" \/>\n<script type=\"application\/ld+json\" class=\"yoast-schema-graph\">{\"@context\":\"https:\/\/schema.org\",\"@graph\":[{\"@type\":\"Article\",\"@id\":\"https:\/\/www.africa-press.net\/centrafricaine\/politique\/rca-leutm-soutient-lorganisation-du-seminaire-de-revision-du-plan-de-defense-nationale#article\",\"isPartOf\":{\"@id\":\"https:\/\/www.africa-press.net\/centrafricaine\/politique\/rca-leutm-soutient-lorganisation-du-seminaire-de-revision-du-plan-de-defense-nationale\"},\"author\":{\"name\":\"cfeditorfr\",\"@id\":\"https:\/\/www.africa-press.net\/centrafricaine\/#\/schema\/person\/2b1cf3cd81a31e3cd26889ca66d677f1\"},\"headline\":\"l\u2019EUTM\u00a0 soutient l\u2019organisation du s\u00e9minaire de r\u00e9vision du plan de d\u00e9fense nationale\",\"datePublished\":\"2021-07-02T17:44:23+00:00\",\"dateModified\":\"2021-07-03T05:10:38+00:00\",\"mainEntityOfPage\":{\"@id\":\"https:\/\/www.africa-press.net\/centrafricaine\/politique\/rca-leutm-soutient-lorganisation-du-seminaire-de-revision-du-plan-de-defense-nationale\"},\"wordCount\":361,\"commentCount\":0,\"image\":{\"@id\":\"https:\/\/www.africa-press.net\/centrafricaine\/politique\/rca-leutm-soutient-lorganisation-du-seminaire-de-revision-du-plan-de-defense-nationale#primaryimage\"},\"thumbnailUrl\":\"https:\/\/static.africa-press.net\/centrafricaine\/sites\/45\/2021\/07\/img-60df47465d1cb.jpg\",\"keywords\":[\"Africa Press\",\"Africa Press-CentrAfricaine\",\"CentrAfricaine\"],\"articleSection\":[\"homepage-french\",\"Politique\",\"Toutes les actualit\u00e9s\"],\"inLanguage\":\"fr-FR\",\"potentialAction\":[{\"@type\":\"CommentAction\",\"name\":\"Comment\",\"target\":[\"https:\/\/www.africa-press.net\/centrafricaine\/politique\/rca-leutm-soutient-lorganisation-du-seminaire-de-revision-du-plan-de-defense-nationale#respond\"]}]},{\"@type\":\"WebPage\",\"@id\":\"https:\/\/www.africa-press.net\/centrafricaine\/politique\/rca-leutm-soutient-lorganisation-du-seminaire-de-revision-du-plan-de-defense-nationale\",\"url\":\"https:\/\/www.africa-press.net\/centrafricaine\/politique\/rca-leutm-soutient-lorganisation-du-seminaire-de-revision-du-plan-de-defense-nationale\",\"name\":\"l\u2019EUTM\u00a0 soutient l\u2019organisation du s\u00e9minaire de r\u00e9vision du plan de d\u00e9fense nationale - centrafricaine\",\"isPartOf\":{\"@id\":\"https:\/\/www.africa-press.net\/centrafricaine\/#website\"},\"primaryImageOfPage\":{\"@id\":\"https:\/\/www.africa-press.net\/centrafricaine\/politique\/rca-leutm-soutient-lorganisation-du-seminaire-de-revision-du-plan-de-defense-nationale#primaryimage\"},\"image\":{\"@id\":\"https:\/\/www.africa-press.net\/centrafricaine\/politique\/rca-leutm-soutient-lorganisation-du-seminaire-de-revision-du-plan-de-defense-nationale#primaryimage\"},\"thumbnailUrl\":\"https:\/\/static.africa-press.net\/centrafricaine\/sites\/45\/2021\/07\/img-60df47465d1cb.jpg\",\"datePublished\":\"2021-07-02T17:44:23+00:00\",\"dateModified\":\"2021-07-03T05:10:38+00:00\",\"author\":{\"@id\":\"https:\/\/www.africa-press.net\/centrafricaine\/#\/schema\/person\/2b1cf3cd81a31e3cd26889ca66d677f1\"},\"description\":\"Bangui, R\u00e9publique centrafricaine, vendredi, 2 juillet 2021 03:04:53 ( Corbeaunews-Centrafrique ). Les 29 et 30 ...\",\"breadcrumb\":{\"@id\":\"https:\/\/www.africa-press.net\/centrafricaine\/politique\/rca-leutm-soutient-lorganisation-du-seminaire-de-revision-du-plan-de-defense-nationale#breadcrumb\"},\"inLanguage\":\"fr-FR\",\"potentialAction\":[{\"@type\":\"ReadAction\",\"target\":[\"https:\/\/www.africa-press.net\/centrafricaine\/politique\/rca-leutm-soutient-lorganisation-du-seminaire-de-revision-du-plan-de-defense-nationale\"]}]},{\"@type\":\"ImageObject\",\"inLanguage\":\"fr-FR\",\"@id\":\"https:\/\/www.africa-press.net\/centrafricaine\/politique\/rca-leutm-soutient-lorganisation-du-seminaire-de-revision-du-plan-de-defense-nationale#primaryimage\",\"url\":\"https:\/\/static.africa-press.net\/centrafricaine\/sites\/45\/2021\/07\/img-60df47465d1cb.jpg\",\"contentUrl\":\"https:\/\/static.africa-press.net\/centrafricaine\/sites\/45\/2021\/07\/img-60df47465d1cb.jpg\",\"width\":720,\"height\":669,\"caption\":\"RCA\u00a0: l\u2019EUTM\u00a0 soutient l\u2019organisation du s\u00e9minaire de r\u00e9vision du plan de d\u00e9fense nationale\"},{\"@type\":\"BreadcrumbList\",\"@id\":\"https:\/\/www.africa-press.net\/centrafricaine\/politique\/rca-leutm-soutient-lorganisation-du-seminaire-de-revision-du-plan-de-defense-nationale#breadcrumb\",\"itemListElement\":[{\"@type\":\"ListItem\",\"position\":1,\"name\":\"Accueil\",\"item\":\"https:\/\/www.africa-press.net\/centrafricaine\/\"},{\"@type\":\"ListItem\",\"position\":2,\"name\":\"l\u2019EUTM\u00a0 soutient l\u2019organisation du s\u00e9minaire de r\u00e9vision du plan de d\u00e9fense nationale\"}]},{\"@type\":\"WebSite\",\"@id\":\"https:\/\/www.africa-press.net\/centrafricaine\/#website\",\"url\":\"https:\/\/www.africa-press.net\/centrafricaine\/\",\"name\":\"centrafricaine\",\"description\":\"Just another Africa News Agency Sites site\",\"potentialAction\":[{\"@type\":\"SearchAction\",\"target\":{\"@type\":\"EntryPoint\",\"urlTemplate\":\"https:\/\/www.africa-press.net\/centrafricaine\/?s={search_term_string}\"},\"query-input\":{\"@type\":\"PropertyValueSpecification\",\"valueRequired\":true,\"valueName\":\"search_term_string\"}}],\"inLanguage\":\"fr-FR\"},{\"@type\":\"Person\",\"@id\":\"https:\/\/www.africa-press.net\/centrafricaine\/#\/schema\/person\/2b1cf3cd81a31e3cd26889ca66d677f1\",\"name\":\"cfeditorfr\"}]}<\/script>\n<!-- \/ Yoast SEO Premium plugin. -->","yoast_head_json":{"title":"l\u2019EUTM\u00a0 soutient l\u2019organisation du s\u00e9minaire de r\u00e9vision du plan de d\u00e9fense nationale - centrafricaine","description":"Bangui, R\u00e9publique centrafricaine, vendredi, 2 juillet 2021 03:04:53 ( Corbeaunews-Centrafrique ). Les 29 et 30 ...","robots":{"index":"index","follow":"follow","max-snippet":"max-snippet:-1","max-image-preview":"max-image-preview:large","max-video-preview":"max-video-preview:-1"},"canonical":"https:\/\/www.africa-press.net\/centrafricaine\/politique\/rca-leutm-soutient-lorganisation-du-seminaire-de-revision-du-plan-de-defense-nationale","og_locale":"fr_FR","og_type":"article","og_title":"l\u2019EUTM\u00a0 soutient l\u2019organisation du s\u00e9minaire de r\u00e9vision du plan de d\u00e9fense nationale","og_description":"Bangui, R\u00e9publique centrafricaine, vendredi, 2 juillet 2021 03:04:53 ( Corbeaunews-Centrafrique ). Les 29 et 30 ...","og_url":"https:\/\/www.africa-press.net\/centrafricaine\/politique\/rca-leutm-soutient-lorganisation-du-seminaire-de-revision-du-plan-de-defense-nationale","og_site_name":"centrafricaine","article_published_time":"2021-07-02T17:44:23+00:00","article_modified_time":"2021-07-03T05:10:38+00:00","og_image":[{"width":720,"height":669,"url":"https:\/\/static.africa-press.net\/centrafricaine\/sites\/45\/2021\/07\/img-60df47465d1cb.jpg","type":"image\/jpeg"}],"author":"cfeditorfr","twitter_card":"summary_large_image","twitter_misc":{"\u00c9crit par":"cfeditorfr","Dur\u00e9e de lecture estim\u00e9e":"2 minutes"},"schema":{"@context":"https:\/\/schema.org","@graph":[{"@type":"Article","@id":"https:\/\/www.africa-press.net\/centrafricaine\/politique\/rca-leutm-soutient-lorganisation-du-seminaire-de-revision-du-plan-de-defense-nationale#article","isPartOf":{"@id":"https:\/\/www.africa-press.net\/centrafricaine\/politique\/rca-leutm-soutient-lorganisation-du-seminaire-de-revision-du-plan-de-defense-nationale"},"author":{"name":"cfeditorfr","@id":"https:\/\/www.africa-press.net\/centrafricaine\/#\/schema\/person\/2b1cf3cd81a31e3cd26889ca66d677f1"},"headline":"l\u2019EUTM\u00a0 soutient l\u2019organisation du s\u00e9minaire de r\u00e9vision du plan de d\u00e9fense nationale","datePublished":"2021-07-02T17:44:23+00:00","dateModified":"2021-07-03T05:10:38+00:00","mainEntityOfPage":{"@id":"https:\/\/www.africa-press.net\/centrafricaine\/politique\/rca-leutm-soutient-lorganisation-du-seminaire-de-revision-du-plan-de-defense-nationale"},"wordCount":361,"commentCount":0,"image":{"@id":"https:\/\/www.africa-press.net\/centrafricaine\/politique\/rca-leutm-soutient-lorganisation-du-seminaire-de-revision-du-plan-de-defense-nationale#primaryimage"},"thumbnailUrl":"https:\/\/static.africa-press.net\/centrafricaine\/sites\/45\/2021\/07\/img-60df47465d1cb.jpg","keywords":["Africa Press","Africa Press-CentrAfricaine","CentrAfricaine"],"articleSection":["homepage-french","Politique","Toutes les actualit\u00e9s"],"inLanguage":"fr-FR","potentialAction":[{"@type":"CommentAction","name":"Comment","target":["https:\/\/www.africa-press.net\/centrafricaine\/politique\/rca-leutm-soutient-lorganisation-du-seminaire-de-revision-du-plan-de-defense-nationale#respond"]}]},{"@type":"WebPage","@id":"https:\/\/www.africa-press.net\/centrafricaine\/politique\/rca-leutm-soutient-lorganisation-du-seminaire-de-revision-du-plan-de-defense-nationale","url":"https:\/\/www.africa-press.net\/centrafricaine\/politique\/rca-leutm-soutient-lorganisation-du-seminaire-de-revision-du-plan-de-defense-nationale","name":"l\u2019EUTM\u00a0 soutient l\u2019organisation du s\u00e9minaire de r\u00e9vision du plan de d\u00e9fense nationale - centrafricaine","isPartOf":{"@id":"https:\/\/www.africa-press.net\/centrafricaine\/#website"},"primaryImageOfPage":{"@id":"https:\/\/www.africa-press.net\/centrafricaine\/politique\/rca-leutm-soutient-lorganisation-du-seminaire-de-revision-du-plan-de-defense-nationale#primaryimage"},"image":{"@id":"https:\/\/www.africa-press.net\/centrafricaine\/politique\/rca-leutm-soutient-lorganisation-du-seminaire-de-revision-du-plan-de-defense-nationale#primaryimage"},"thumbnailUrl":"https:\/\/static.africa-press.net\/centrafricaine\/sites\/45\/2021\/07\/img-60df47465d1cb.jpg","datePublished":"2021-07-02T17:44:23+00:00","dateModified":"2021-07-03T05:10:38+00:00","author":{"@id":"https:\/\/www.africa-press.net\/centrafricaine\/#\/schema\/person\/2b1cf3cd81a31e3cd26889ca66d677f1"},"description":"Bangui, R\u00e9publique centrafricaine, vendredi, 2 juillet 2021 03:04:53 ( Corbeaunews-Centrafrique ). Les 29 et 30 ...","breadcrumb":{"@id":"https:\/\/www.africa-press.net\/centrafricaine\/politique\/rca-leutm-soutient-lorganisation-du-seminaire-de-revision-du-plan-de-defense-nationale#breadcrumb"},"inLanguage":"fr-FR","potentialAction":[{"@type":"ReadAction","target":["https:\/\/www.africa-press.net\/centrafricaine\/politique\/rca-leutm-soutient-lorganisation-du-seminaire-de-revision-du-plan-de-defense-nationale"]}]},{"@type":"ImageObject","inLanguage":"fr-FR","@id":"https:\/\/www.africa-press.net\/centrafricaine\/politique\/rca-leutm-soutient-lorganisation-du-seminaire-de-revision-du-plan-de-defense-nationale#primaryimage","url":"https:\/\/static.africa-press.net\/centrafricaine\/sites\/45\/2021\/07\/img-60df47465d1cb.jpg","contentUrl":"https:\/\/static.africa-press.net\/centrafricaine\/sites\/45\/2021\/07\/img-60df47465d1cb.jpg","width":720,"height":669,"caption":"RCA\u00a0: l\u2019EUTM\u00a0 soutient l\u2019organisation du s\u00e9minaire de r\u00e9vision du plan de d\u00e9fense nationale"},{"@type":"BreadcrumbList","@id":"https:\/\/www.africa-press.net\/centrafricaine\/politique\/rca-leutm-soutient-lorganisation-du-seminaire-de-revision-du-plan-de-defense-nationale#breadcrumb","itemListElement":[{"@type":"ListItem","position":1,"name":"Accueil","item":"https:\/\/www.africa-press.net\/centrafricaine\/"},{"@type":"ListItem","position":2,"name":"l\u2019EUTM\u00a0 soutient l\u2019organisation du s\u00e9minaire de r\u00e9vision du plan de d\u00e9fense nationale"}]},{"@type":"WebSite","@id":"https:\/\/www.africa-press.net\/centrafricaine\/#website","url":"https:\/\/www.africa-press.net\/centrafricaine\/","name":"centrafricaine","description":"Just another Africa News Agency Sites site","potentialAction":[{"@type":"SearchAction","target":{"@type":"EntryPoint","urlTemplate":"https:\/\/www.africa-press.net\/centrafricaine\/?s={search_term_string}"},"query-input":{"@type":"PropertyValueSpecification","valueRequired":true,"valueName":"search_term_string"}}],"inLanguage":"fr-FR"},{"@type":"Person","@id":"https:\/\/www.africa-press.net\/centrafricaine\/#\/schema\/person\/2b1cf3cd81a31e3cd26889ca66d677f1","name":"cfeditorfr"}]}},"_links":{"self":[{"href":"https:\/\/www.africa-press.net\/centrafricaine\/wp-json\/wp\/v2\/posts\/8643","targetHints":{"allow":["GET"]}}],"collection":[{"href":"https:\/\/www.africa-press.net\/centrafricaine\/wp-json\/wp\/v2\/posts"}],"about":[{"href":"https:\/\/www.africa-press.net\/centrafricaine\/wp-json\/wp\/v2\/types\/post"}],"author":[{"embeddable":true,"href":"https:\/\/www.africa-press.net\/centrafricaine\/wp-json\/wp\/v2\/users\/82"}],"replies":[{"embeddable":true,"href":"https:\/\/www.africa-press.net\/centrafricaine\/wp-json\/wp\/v2\/comments?post=8643"}],"version-history":[{"count":0,"href":"https:\/\/www.africa-press.net\/centrafricaine\/wp-json\/wp\/v2\/posts\/8643\/revisions"}],"wp:featuredmedia":[{"embeddable":true,"href":"https:\/\/www.africa-press.net\/centrafricaine\/wp-json\/wp\/v2\/media\/8642"}],"wp:attachment":[{"href":"https:\/\/www.africa-press.net\/centrafricaine\/wp-json\/wp\/v2\/media?parent=8643"}],"wp:term":[{"taxonomy":"category","embeddable":true,"href":"https:\/\/www.africa-press.net\/centrafricaine\/wp-json\/wp\/v2\/categories?post=8643"},{"taxonomy":"post_tag","embeddable":true,"href":"https:\/\/www.africa-press.net\/centrafricaine\/wp-json\/wp\/v2\/tags?post=8643"}],"curies":[{"name":"wp","href":"https:\/\/api.w.org\/{rel}","templated":true}]}}