{"id":8646,"date":"2021-07-02T17:50:05","date_gmt":"2021-07-02T17:50:05","guid":{"rendered":"https:\/\/www.africa-press.net\/centrafricaine\/?p=8646"},"modified":"2021-07-03T05:10:49","modified_gmt":"2021-07-03T05:10:49","slug":"alindao-les-rebelles-de-lupc-sont-toujours-dans-la-ville-et-occupent-leur-ancienne-base-la-population-paniquee","status":"publish","type":"post","link":"https:\/\/www.africa-press.net\/centrafricaine\/politique\/alindao-les-rebelles-de-lupc-sont-toujours-dans-la-ville-et-occupent-leur-ancienne-base-la-population-paniquee","title":{"rendered":"Alindao, les rebelles de l\u2019UPC sont toujours dans la ville, et occupent leur ancienne base, la population paniqu\u00e9e"},"content":{"rendered":"<p><span style=\"color: #ff6600\"><strong><a href=\"https:\/\/www.africa-press.net\/\">Africa-Press<\/a> &#8211; <a href=\"https:\/\/www.africa-press.net\/centrafricaine\">CentrAfricaine<\/a>. <\/strong><\/span>Contrairement \u00e0 ce qui a \u00e9t\u00e9 annonc\u00e9 par l\u2019\u00c9tat major des forces arm\u00e9es centrafricaines (FACA) et la Minusca, les rebelles de l\u2019unit\u00e9 pour la paix en Centrafrique (UPC) ne sont pas en d\u00e9bandade face aux Casques bleus, ni des FACA. Ils ne sont pas loin du centre d\u2019Alindao, mais occupent toujours la mairie et leur ancienne base situ\u00e9e derri\u00e8re le march\u00e9 central.<\/p>\n<p>Selon le porte-parole de la Minusca Vladimir Monteiro, \u00ab \u2026 une attaque men\u00e9e par les combattants de l\u2019UPC contre les forces de d\u00e9fense et de s\u00e9curit\u00e9 centrafricaine. Nous n\u2019avons pas de bilan, mais nos Casques bleus ont travaill\u00e9 ensemble avec les forces de d\u00e9fense et de s\u00e9curit\u00e9. Il y\u2019a eu des \u00e9changes des tirs, ce qui a pouss\u00e9 ces \u00e9l\u00e9ments de l\u2019UPC \u00e0 s\u2019enfuir vers la brousse. Nous continuons sur place \u00e0 monitor la situation. Encore une fois, nous resterons ensemble au c\u00f4t\u00e9 des FACA \u00bb.<\/p>\n<p>Dans le m\u00eame sens, l\u2019\u00c9tat major des FACA avait d\u00e9clar\u00e9 \u00e0 la veille de l\u2019attaque qu\u2019aucun rebelle n\u2019est pr\u00e9sent dans la ville, et ce, en raison de la pr\u00e9sence des \u00ab alli\u00e9s des forces R\u00e9publicaines \u00bb, sans autres d\u00e9tails sur ces alli\u00e9s, russes ou rwandais. Deux jours plus tard, apr\u00e8s une s\u00e9rie d\u2019accalmie, la v\u00e9rit\u00e9 a pris le dessus et la r\u00e9alit\u00e9 s\u2019affiche. On constate malheureusement la pr\u00e9sence de ces rebelles dans la ville. Ils circulent librement, et occupent leur ancienne base qui se situe derri\u00e8re le march\u00e9 central, mais occupent aussi la Mairie d\u2019Alindao.<\/p>\n<p>Quant aux habitants, c\u2019est la panique g\u00e9n\u00e9rale. Plusieurs d\u2019entre eux ont d\u00e9j\u00e0 quitt\u00e9 la ville par mesure de pr\u00e9caution, d\u2019autres sont en cours.<\/p>\n<p>Pour l\u2019heure, les activit\u00e9s scolaires sont paralys\u00e9es, les boutiques ferm\u00e9es et le march\u00e9 central ne fonctionnent toujours pas.<\/p>\n<p>Selon une source locale, les FACA sont toujours dans la ville, mais leur nombre est r\u00e9duit.<\/p>\n<p><b>\u00a0<\/b><\/p>\n","protected":false},"excerpt":{"rendered":"<p>Africa-Press &#8211; CentrAfricaine. Contrairement \u00e0 ce qui a \u00e9t\u00e9 annonc\u00e9 par l\u2019\u00c9tat major des forces arm\u00e9es centrafricaines (FACA) et la Minusca, les rebelles de l\u2019unit\u00e9 pour la paix en Centrafrique (UPC) ne sont pas en d\u00e9bandade face aux Casques bleus, ni des FACA. Ils ne sont pas loin du centre d\u2019Alindao, mais occupent toujours la [&hellip;]<\/p>\n","protected":false},"author":82,"featured_media":8645,"comment_status":"open","ping_status":"closed","sticky":false,"template":"","format":"standard","meta":{"footnotes":""},"categories":[11,2,20,10],"tags":[36,58,30],"class_list":["post-8646","post","type-post","status-publish","format-standard","has-post-thumbnail","hentry","category-homepage-french","category-politique","category-top-nouvelles","category-toutes-les-actualites","tag-africa-press","tag-africa-press-centrafricaine","tag-centrafricaine"],"yoast_head":"<!-- This site is optimized with the Yoast SEO Premium plugin v26.1 (Yoast SEO v27.0) - https:\/\/yoast.com\/product\/yoast-seo-premium-wordpress\/ -->\n<title>Alindao, les rebelles de l\u2019UPC sont toujours dans la ville, et occupent leur ancienne base, la population paniqu\u00e9e - centrafricaine<\/title>\n<meta name=\"description\" content=\"Bangui, R\u00e9publique centrafricaine, vendredi, 2 juillet 2021, 03:00:39 ( Corbeaunews-Centrafrique ). Contrairemen ...\" \/>\n<meta name=\"robots\" content=\"index, follow, max-snippet:-1, max-image-preview:large, max-video-preview:-1\" \/>\n<link rel=\"canonical\" href=\"https:\/\/www.africa-press.net\/centrafricaine\/politique\/alindao-les-rebelles-de-lupc-sont-toujours-dans-la-ville-et-occupent-leur-ancienne-base-la-population-paniquee\" \/>\n<meta property=\"og:locale\" content=\"fr_FR\" \/>\n<meta property=\"og:type\" content=\"article\" \/>\n<meta property=\"og:title\" content=\"Alindao, les rebelles de l\u2019UPC sont toujours dans la ville, et occupent leur ancienne base, la population paniqu\u00e9e\" \/>\n<meta property=\"og:description\" content=\"Bangui, R\u00e9publique centrafricaine, vendredi, 2 juillet 2021, 03:00:39 ( Corbeaunews-Centrafrique ). Contrairemen ...\" \/>\n<meta property=\"og:url\" content=\"https:\/\/www.africa-press.net\/centrafricaine\/politique\/alindao-les-rebelles-de-lupc-sont-toujours-dans-la-ville-et-occupent-leur-ancienne-base-la-population-paniquee\" \/>\n<meta property=\"og:site_name\" content=\"centrafricaine\" \/>\n<meta property=\"article:published_time\" content=\"2021-07-02T17:50:05+00:00\" \/>\n<meta property=\"article:modified_time\" content=\"2021-07-03T05:10:49+00:00\" \/>\n<meta property=\"og:image\" content=\"https:\/\/static.africa-press.net\/centrafricaine\/sites\/45\/2021\/07\/img-60df476d13646.jpg\" \/>\n\t<meta property=\"og:image:width\" content=\"750\" \/>\n\t<meta property=\"og:image:height\" content=\"543\" \/>\n\t<meta property=\"og:image:type\" content=\"image\/jpeg\" \/>\n<meta name=\"author\" content=\"cfeditorfr\" \/>\n<meta name=\"twitter:card\" content=\"summary_large_image\" \/>\n<meta name=\"twitter:label1\" content=\"\u00c9crit par\" \/>\n\t<meta name=\"twitter:data1\" content=\"cfeditorfr\" \/>\n\t<meta name=\"twitter:label2\" content=\"Dur\u00e9e de lecture estim\u00e9e\" \/>\n\t<meta name=\"twitter:data2\" content=\"2 minutes\" \/>\n<script type=\"application\/ld+json\" class=\"yoast-schema-graph\">{\"@context\":\"https:\/\/schema.org\",\"@graph\":[{\"@type\":\"Article\",\"@id\":\"https:\/\/www.africa-press.net\/centrafricaine\/politique\/alindao-les-rebelles-de-lupc-sont-toujours-dans-la-ville-et-occupent-leur-ancienne-base-la-population-paniquee#article\",\"isPartOf\":{\"@id\":\"https:\/\/www.africa-press.net\/centrafricaine\/politique\/alindao-les-rebelles-de-lupc-sont-toujours-dans-la-ville-et-occupent-leur-ancienne-base-la-population-paniquee\"},\"author\":{\"name\":\"cfeditorfr\",\"@id\":\"https:\/\/www.africa-press.net\/centrafricaine\/#\/schema\/person\/2b1cf3cd81a31e3cd26889ca66d677f1\"},\"headline\":\"Alindao, les rebelles de l\u2019UPC sont toujours dans la ville, et occupent leur ancienne base, la population paniqu\u00e9e\",\"datePublished\":\"2021-07-02T17:50:05+00:00\",\"dateModified\":\"2021-07-03T05:10:49+00:00\",\"mainEntityOfPage\":{\"@id\":\"https:\/\/www.africa-press.net\/centrafricaine\/politique\/alindao-les-rebelles-de-lupc-sont-toujours-dans-la-ville-et-occupent-leur-ancienne-base-la-population-paniquee\"},\"wordCount\":366,\"commentCount\":0,\"image\":{\"@id\":\"https:\/\/www.africa-press.net\/centrafricaine\/politique\/alindao-les-rebelles-de-lupc-sont-toujours-dans-la-ville-et-occupent-leur-ancienne-base-la-population-paniquee#primaryimage\"},\"thumbnailUrl\":\"https:\/\/static.africa-press.net\/centrafricaine\/sites\/45\/2021\/07\/img-60df476d13646.jpg\",\"keywords\":[\"Africa Press\",\"Africa Press-CentrAfricaine\",\"CentrAfricaine\"],\"articleSection\":[\"homepage-french\",\"Politique\",\"Top Nouvelles\",\"Toutes les actualit\u00e9s\"],\"inLanguage\":\"fr-FR\",\"potentialAction\":[{\"@type\":\"CommentAction\",\"name\":\"Comment\",\"target\":[\"https:\/\/www.africa-press.net\/centrafricaine\/politique\/alindao-les-rebelles-de-lupc-sont-toujours-dans-la-ville-et-occupent-leur-ancienne-base-la-population-paniquee#respond\"]}]},{\"@type\":\"WebPage\",\"@id\":\"https:\/\/www.africa-press.net\/centrafricaine\/politique\/alindao-les-rebelles-de-lupc-sont-toujours-dans-la-ville-et-occupent-leur-ancienne-base-la-population-paniquee\",\"url\":\"https:\/\/www.africa-press.net\/centrafricaine\/politique\/alindao-les-rebelles-de-lupc-sont-toujours-dans-la-ville-et-occupent-leur-ancienne-base-la-population-paniquee\",\"name\":\"Alindao, les rebelles de l\u2019UPC sont toujours dans la ville, et occupent leur ancienne base, la population paniqu\u00e9e - centrafricaine\",\"isPartOf\":{\"@id\":\"https:\/\/www.africa-press.net\/centrafricaine\/#website\"},\"primaryImageOfPage\":{\"@id\":\"https:\/\/www.africa-press.net\/centrafricaine\/politique\/alindao-les-rebelles-de-lupc-sont-toujours-dans-la-ville-et-occupent-leur-ancienne-base-la-population-paniquee#primaryimage\"},\"image\":{\"@id\":\"https:\/\/www.africa-press.net\/centrafricaine\/politique\/alindao-les-rebelles-de-lupc-sont-toujours-dans-la-ville-et-occupent-leur-ancienne-base-la-population-paniquee#primaryimage\"},\"thumbnailUrl\":\"https:\/\/static.africa-press.net\/centrafricaine\/sites\/45\/2021\/07\/img-60df476d13646.jpg\",\"datePublished\":\"2021-07-02T17:50:05+00:00\",\"dateModified\":\"2021-07-03T05:10:49+00:00\",\"author\":{\"@id\":\"https:\/\/www.africa-press.net\/centrafricaine\/#\/schema\/person\/2b1cf3cd81a31e3cd26889ca66d677f1\"},\"description\":\"Bangui, R\u00e9publique centrafricaine, vendredi, 2 juillet 2021, 03:00:39 ( Corbeaunews-Centrafrique ). Contrairemen ...\",\"breadcrumb\":{\"@id\":\"https:\/\/www.africa-press.net\/centrafricaine\/politique\/alindao-les-rebelles-de-lupc-sont-toujours-dans-la-ville-et-occupent-leur-ancienne-base-la-population-paniquee#breadcrumb\"},\"inLanguage\":\"fr-FR\",\"potentialAction\":[{\"@type\":\"ReadAction\",\"target\":[\"https:\/\/www.africa-press.net\/centrafricaine\/politique\/alindao-les-rebelles-de-lupc-sont-toujours-dans-la-ville-et-occupent-leur-ancienne-base-la-population-paniquee\"]}]},{\"@type\":\"ImageObject\",\"inLanguage\":\"fr-FR\",\"@id\":\"https:\/\/www.africa-press.net\/centrafricaine\/politique\/alindao-les-rebelles-de-lupc-sont-toujours-dans-la-ville-et-occupent-leur-ancienne-base-la-population-paniquee#primaryimage\",\"url\":\"https:\/\/static.africa-press.net\/centrafricaine\/sites\/45\/2021\/07\/img-60df476d13646.jpg\",\"contentUrl\":\"https:\/\/static.africa-press.net\/centrafricaine\/sites\/45\/2021\/07\/img-60df476d13646.jpg\",\"width\":750,\"height\":543,\"caption\":\"Alindao, les rebelles de l\u2019UPC sont toujours dans la ville, et occupent leur ancienne base, la population paniqu\u00e9e\"},{\"@type\":\"BreadcrumbList\",\"@id\":\"https:\/\/www.africa-press.net\/centrafricaine\/politique\/alindao-les-rebelles-de-lupc-sont-toujours-dans-la-ville-et-occupent-leur-ancienne-base-la-population-paniquee#breadcrumb\",\"itemListElement\":[{\"@type\":\"ListItem\",\"position\":1,\"name\":\"Accueil\",\"item\":\"https:\/\/www.africa-press.net\/centrafricaine\/\"},{\"@type\":\"ListItem\",\"position\":2,\"name\":\"Alindao, les rebelles de l\u2019UPC sont toujours dans la ville, et occupent leur ancienne base, la population paniqu\u00e9e\"}]},{\"@type\":\"WebSite\",\"@id\":\"https:\/\/www.africa-press.net\/centrafricaine\/#website\",\"url\":\"https:\/\/www.africa-press.net\/centrafricaine\/\",\"name\":\"centrafricaine\",\"description\":\"Just another Africa News Agency Sites site\",\"potentialAction\":[{\"@type\":\"SearchAction\",\"target\":{\"@type\":\"EntryPoint\",\"urlTemplate\":\"https:\/\/www.africa-press.net\/centrafricaine\/?s={search_term_string}\"},\"query-input\":{\"@type\":\"PropertyValueSpecification\",\"valueRequired\":true,\"valueName\":\"search_term_string\"}}],\"inLanguage\":\"fr-FR\"},{\"@type\":\"Person\",\"@id\":\"https:\/\/www.africa-press.net\/centrafricaine\/#\/schema\/person\/2b1cf3cd81a31e3cd26889ca66d677f1\",\"name\":\"cfeditorfr\"}]}<\/script>\n<!-- \/ Yoast SEO Premium plugin. -->","yoast_head_json":{"title":"Alindao, les rebelles de l\u2019UPC sont toujours dans la ville, et occupent leur ancienne base, la population paniqu\u00e9e - centrafricaine","description":"Bangui, R\u00e9publique centrafricaine, vendredi, 2 juillet 2021, 03:00:39 ( Corbeaunews-Centrafrique ). Contrairemen ...","robots":{"index":"index","follow":"follow","max-snippet":"max-snippet:-1","max-image-preview":"max-image-preview:large","max-video-preview":"max-video-preview:-1"},"canonical":"https:\/\/www.africa-press.net\/centrafricaine\/politique\/alindao-les-rebelles-de-lupc-sont-toujours-dans-la-ville-et-occupent-leur-ancienne-base-la-population-paniquee","og_locale":"fr_FR","og_type":"article","og_title":"Alindao, les rebelles de l\u2019UPC sont toujours dans la ville, et occupent leur ancienne base, la population paniqu\u00e9e","og_description":"Bangui, R\u00e9publique centrafricaine, vendredi, 2 juillet 2021, 03:00:39 ( Corbeaunews-Centrafrique ). Contrairemen ...","og_url":"https:\/\/www.africa-press.net\/centrafricaine\/politique\/alindao-les-rebelles-de-lupc-sont-toujours-dans-la-ville-et-occupent-leur-ancienne-base-la-population-paniquee","og_site_name":"centrafricaine","article_published_time":"2021-07-02T17:50:05+00:00","article_modified_time":"2021-07-03T05:10:49+00:00","og_image":[{"width":750,"height":543,"url":"https:\/\/static.africa-press.net\/centrafricaine\/sites\/45\/2021\/07\/img-60df476d13646.jpg","type":"image\/jpeg"}],"author":"cfeditorfr","twitter_card":"summary_large_image","twitter_misc":{"\u00c9crit par":"cfeditorfr","Dur\u00e9e de lecture estim\u00e9e":"2 minutes"},"schema":{"@context":"https:\/\/schema.org","@graph":[{"@type":"Article","@id":"https:\/\/www.africa-press.net\/centrafricaine\/politique\/alindao-les-rebelles-de-lupc-sont-toujours-dans-la-ville-et-occupent-leur-ancienne-base-la-population-paniquee#article","isPartOf":{"@id":"https:\/\/www.africa-press.net\/centrafricaine\/politique\/alindao-les-rebelles-de-lupc-sont-toujours-dans-la-ville-et-occupent-leur-ancienne-base-la-population-paniquee"},"author":{"name":"cfeditorfr","@id":"https:\/\/www.africa-press.net\/centrafricaine\/#\/schema\/person\/2b1cf3cd81a31e3cd26889ca66d677f1"},"headline":"Alindao, les rebelles de l\u2019UPC sont toujours dans la ville, et occupent leur ancienne base, la population paniqu\u00e9e","datePublished":"2021-07-02T17:50:05+00:00","dateModified":"2021-07-03T05:10:49+00:00","mainEntityOfPage":{"@id":"https:\/\/www.africa-press.net\/centrafricaine\/politique\/alindao-les-rebelles-de-lupc-sont-toujours-dans-la-ville-et-occupent-leur-ancienne-base-la-population-paniquee"},"wordCount":366,"commentCount":0,"image":{"@id":"https:\/\/www.africa-press.net\/centrafricaine\/politique\/alindao-les-rebelles-de-lupc-sont-toujours-dans-la-ville-et-occupent-leur-ancienne-base-la-population-paniquee#primaryimage"},"thumbnailUrl":"https:\/\/static.africa-press.net\/centrafricaine\/sites\/45\/2021\/07\/img-60df476d13646.jpg","keywords":["Africa Press","Africa Press-CentrAfricaine","CentrAfricaine"],"articleSection":["homepage-french","Politique","Top Nouvelles","Toutes les actualit\u00e9s"],"inLanguage":"fr-FR","potentialAction":[{"@type":"CommentAction","name":"Comment","target":["https:\/\/www.africa-press.net\/centrafricaine\/politique\/alindao-les-rebelles-de-lupc-sont-toujours-dans-la-ville-et-occupent-leur-ancienne-base-la-population-paniquee#respond"]}]},{"@type":"WebPage","@id":"https:\/\/www.africa-press.net\/centrafricaine\/politique\/alindao-les-rebelles-de-lupc-sont-toujours-dans-la-ville-et-occupent-leur-ancienne-base-la-population-paniquee","url":"https:\/\/www.africa-press.net\/centrafricaine\/politique\/alindao-les-rebelles-de-lupc-sont-toujours-dans-la-ville-et-occupent-leur-ancienne-base-la-population-paniquee","name":"Alindao, les rebelles de l\u2019UPC sont toujours dans la ville, et occupent leur ancienne base, la population paniqu\u00e9e - centrafricaine","isPartOf":{"@id":"https:\/\/www.africa-press.net\/centrafricaine\/#website"},"primaryImageOfPage":{"@id":"https:\/\/www.africa-press.net\/centrafricaine\/politique\/alindao-les-rebelles-de-lupc-sont-toujours-dans-la-ville-et-occupent-leur-ancienne-base-la-population-paniquee#primaryimage"},"image":{"@id":"https:\/\/www.africa-press.net\/centrafricaine\/politique\/alindao-les-rebelles-de-lupc-sont-toujours-dans-la-ville-et-occupent-leur-ancienne-base-la-population-paniquee#primaryimage"},"thumbnailUrl":"https:\/\/static.africa-press.net\/centrafricaine\/sites\/45\/2021\/07\/img-60df476d13646.jpg","datePublished":"2021-07-02T17:50:05+00:00","dateModified":"2021-07-03T05:10:49+00:00","author":{"@id":"https:\/\/www.africa-press.net\/centrafricaine\/#\/schema\/person\/2b1cf3cd81a31e3cd26889ca66d677f1"},"description":"Bangui, R\u00e9publique centrafricaine, vendredi, 2 juillet 2021, 03:00:39 ( Corbeaunews-Centrafrique ). Contrairemen ...","breadcrumb":{"@id":"https:\/\/www.africa-press.net\/centrafricaine\/politique\/alindao-les-rebelles-de-lupc-sont-toujours-dans-la-ville-et-occupent-leur-ancienne-base-la-population-paniquee#breadcrumb"},"inLanguage":"fr-FR","potentialAction":[{"@type":"ReadAction","target":["https:\/\/www.africa-press.net\/centrafricaine\/politique\/alindao-les-rebelles-de-lupc-sont-toujours-dans-la-ville-et-occupent-leur-ancienne-base-la-population-paniquee"]}]},{"@type":"ImageObject","inLanguage":"fr-FR","@id":"https:\/\/www.africa-press.net\/centrafricaine\/politique\/alindao-les-rebelles-de-lupc-sont-toujours-dans-la-ville-et-occupent-leur-ancienne-base-la-population-paniquee#primaryimage","url":"https:\/\/static.africa-press.net\/centrafricaine\/sites\/45\/2021\/07\/img-60df476d13646.jpg","contentUrl":"https:\/\/static.africa-press.net\/centrafricaine\/sites\/45\/2021\/07\/img-60df476d13646.jpg","width":750,"height":543,"caption":"Alindao, les rebelles de l\u2019UPC sont toujours dans la ville, et occupent leur ancienne base, la population paniqu\u00e9e"},{"@type":"BreadcrumbList","@id":"https:\/\/www.africa-press.net\/centrafricaine\/politique\/alindao-les-rebelles-de-lupc-sont-toujours-dans-la-ville-et-occupent-leur-ancienne-base-la-population-paniquee#breadcrumb","itemListElement":[{"@type":"ListItem","position":1,"name":"Accueil","item":"https:\/\/www.africa-press.net\/centrafricaine\/"},{"@type":"ListItem","position":2,"name":"Alindao, les rebelles de l\u2019UPC sont toujours dans la ville, et occupent leur ancienne base, la population paniqu\u00e9e"}]},{"@type":"WebSite","@id":"https:\/\/www.africa-press.net\/centrafricaine\/#website","url":"https:\/\/www.africa-press.net\/centrafricaine\/","name":"centrafricaine","description":"Just another Africa News Agency Sites site","potentialAction":[{"@type":"SearchAction","target":{"@type":"EntryPoint","urlTemplate":"https:\/\/www.africa-press.net\/centrafricaine\/?s={search_term_string}"},"query-input":{"@type":"PropertyValueSpecification","valueRequired":true,"valueName":"search_term_string"}}],"inLanguage":"fr-FR"},{"@type":"Person","@id":"https:\/\/www.africa-press.net\/centrafricaine\/#\/schema\/person\/2b1cf3cd81a31e3cd26889ca66d677f1","name":"cfeditorfr"}]}},"_links":{"self":[{"href":"https:\/\/www.africa-press.net\/centrafricaine\/wp-json\/wp\/v2\/posts\/8646","targetHints":{"allow":["GET"]}}],"collection":[{"href":"https:\/\/www.africa-press.net\/centrafricaine\/wp-json\/wp\/v2\/posts"}],"about":[{"href":"https:\/\/www.africa-press.net\/centrafricaine\/wp-json\/wp\/v2\/types\/post"}],"author":[{"embeddable":true,"href":"https:\/\/www.africa-press.net\/centrafricaine\/wp-json\/wp\/v2\/users\/82"}],"replies":[{"embeddable":true,"href":"https:\/\/www.africa-press.net\/centrafricaine\/wp-json\/wp\/v2\/comments?post=8646"}],"version-history":[{"count":0,"href":"https:\/\/www.africa-press.net\/centrafricaine\/wp-json\/wp\/v2\/posts\/8646\/revisions"}],"wp:featuredmedia":[{"embeddable":true,"href":"https:\/\/www.africa-press.net\/centrafricaine\/wp-json\/wp\/v2\/media\/8645"}],"wp:attachment":[{"href":"https:\/\/www.africa-press.net\/centrafricaine\/wp-json\/wp\/v2\/media?parent=8646"}],"wp:term":[{"taxonomy":"category","embeddable":true,"href":"https:\/\/www.africa-press.net\/centrafricaine\/wp-json\/wp\/v2\/categories?post=8646"},{"taxonomy":"post_tag","embeddable":true,"href":"https:\/\/www.africa-press.net\/centrafricaine\/wp-json\/wp\/v2\/tags?post=8646"}],"curies":[{"name":"wp","href":"https:\/\/api.w.org\/{rel}","templated":true}]}}