{"id":8672,"date":"2021-07-04T16:08:51","date_gmt":"2021-07-04T16:08:51","guid":{"rendered":"https:\/\/www.africa-press.net\/centrafricaine\/?p=8672"},"modified":"2021-07-06T19:35:11","modified_gmt":"2021-07-06T19:35:11","slug":"une-geante-manifestation-populaire-a-bangui-apres-un-accident-mortel-sur-lavenue-de-france-2","status":"publish","type":"post","link":"https:\/\/www.africa-press.net\/centrafricaine\/politique\/une-geante-manifestation-populaire-a-bangui-apres-un-accident-mortel-sur-lavenue-de-france-2","title":{"rendered":"Une g\u00e9ante manifestation populaire \u00e0 Bangui apr\u00e8s un accident mortel sur l\u2019avenue de France"},"content":{"rendered":"<p><span style=\"color: #ff6600\"><strong><a href=\"https:\/\/www.africa-press.net\/\">Africa-Press<\/a> &#8211; <a href=\"https:\/\/www.africa-press.net\/centrafricaine\">CentrAfricaine<\/a>.\u00a0 <\/strong><\/span>\u00a0Un accident de circulation impliquant un camion de la Minusca et un taxi-moto sur l\u2019avenue de France \u00e0 Bangui a provoqu\u00e9 une g\u00e9ante manifestation populaire dans les rues de la capitale ce samedi 3 juillet 2021.<\/p>\n<p>Selon les t\u00e9moins, tout est parti, ce samedi 3 juillet, d\u2019un accident mortel impliquant un camion de la Minusca et un taxi-moto sur l\u2019avenue de France, \u00e0 proximit\u00e9 du commissariat du cinqui\u00e8me arrondissement de Bangui. D\u2019apr\u00e8s eux, le conducteur du taxi-moto, sur son engin, roulait au m\u00eame sens que le camion de la Minusca qui voudrait le d\u00e9passer. Mais ce jeu de circulation a mal tourn\u00e9 quand le camion a percut\u00e9 la moto, puis \u00e9cras\u00e9 la passag\u00e8re de 16 ans ainsi que le conducteur. Constatant que son camion vient d\u2019\u00e9craser deux personnes, le conducteur du camion pr\u00e9f\u00e8re s\u2019enfuir pour ne pas laisser des traces, mais il est suivi par d\u2019autres taxis-motos qui ont tent\u00e9 de l\u2019emp\u00eacher de s\u2019\u00e9clipser.<\/p>\n<p>Cependant, trois kilom\u00e8tres plus loin, sur l\u2019avenue des martyrs, le camion a ensuite renvers\u00e9 l\u2019un des conducteur qui le poursuivait.<\/p>\n<p>Selon des informations qui circulent, le deuxi\u00e8me conducteur de taxi-moto serait mort aussi apr\u00e8s avoir renvers\u00e9 par le camion.<\/p>\n<p>Aussit\u00f4t, une g\u00e9ante manifestation s\u2019\u00e9clate dans les rues de la capitale. Les manifestants ont transport\u00e9 les corps des deux premi\u00e8res victimes pour aller d\u00e9poser devant la Primature sur l\u2019avenue des martyrs, mais les forces de l\u2019ordre les ont emp\u00each\u00e9s, provoquant un affrontement et des tirs en l\u2019air pour les dissuader.<\/p>\n<p>&nbsp;<\/p>\n<p><b>\u00a0<\/b><\/p>\n","protected":false},"excerpt":{"rendered":"<p>Africa-Press &#8211; CentrAfricaine.\u00a0 \u00a0Un accident de circulation impliquant un camion de la Minusca et un taxi-moto sur l\u2019avenue de France \u00e0 Bangui a provoqu\u00e9 une g\u00e9ante manifestation populaire dans les rues de la capitale ce samedi 3 juillet 2021. Selon les t\u00e9moins, tout est parti, ce samedi 3 juillet, d\u2019un accident mortel impliquant un camion [&hellip;]<\/p>\n","protected":false},"author":82,"featured_media":8671,"comment_status":"open","ping_status":"closed","sticky":false,"template":"","format":"standard","meta":{"footnotes":""},"categories":[11,2,10],"tags":[36,58,30],"class_list":["post-8672","post","type-post","status-publish","format-standard","has-post-thumbnail","hentry","category-homepage-french","category-politique","category-toutes-les-actualites","tag-africa-press","tag-africa-press-centrafricaine","tag-centrafricaine"],"yoast_head":"<!-- This site is optimized with the Yoast SEO Premium plugin v26.1 (Yoast SEO v27.0) - https:\/\/yoast.com\/product\/yoast-seo-premium-wordpress\/ -->\n<title>Une g\u00e9ante manifestation populaire \u00e0 Bangui apr\u00e8s un accident mortel sur l\u2019avenue de France - centrafricaine<\/title>\n<meta name=\"description\" content=\"Bangui, R\u00e9publique centrafricaine, samedi, 3 juillet 2021, 13:33:48 ( Corbeaunews-Centrafrique ). Un accident de ...\" \/>\n<meta name=\"robots\" content=\"index, follow, max-snippet:-1, max-image-preview:large, max-video-preview:-1\" \/>\n<link rel=\"canonical\" href=\"https:\/\/www.africa-press.net\/centrafricaine\/politique\/une-geante-manifestation-populaire-a-bangui-apres-un-accident-mortel-sur-lavenue-de-france-2\" \/>\n<meta property=\"og:locale\" content=\"fr_FR\" \/>\n<meta property=\"og:type\" content=\"article\" \/>\n<meta property=\"og:title\" content=\"Une g\u00e9ante manifestation populaire \u00e0 Bangui apr\u00e8s un accident mortel sur l\u2019avenue de France\" \/>\n<meta property=\"og:description\" content=\"Bangui, R\u00e9publique centrafricaine, samedi, 3 juillet 2021, 13:33:48 ( Corbeaunews-Centrafrique ). Un accident de ...\" \/>\n<meta property=\"og:url\" content=\"https:\/\/www.africa-press.net\/centrafricaine\/politique\/une-geante-manifestation-populaire-a-bangui-apres-un-accident-mortel-sur-lavenue-de-france-2\" \/>\n<meta property=\"og:site_name\" content=\"centrafricaine\" \/>\n<meta property=\"article:published_time\" content=\"2021-07-04T16:08:51+00:00\" \/>\n<meta property=\"article:modified_time\" content=\"2021-07-06T19:35:11+00:00\" \/>\n<meta property=\"og:image\" content=\"https:\/\/static.africa-press.net\/centrafricaine\/sites\/45\/2021\/07\/img-60e1dc4ecb60e.jpg\" \/>\n\t<meta property=\"og:image:width\" content=\"750\" \/>\n\t<meta property=\"og:image:height\" content=\"562\" \/>\n\t<meta property=\"og:image:type\" content=\"image\/jpeg\" \/>\n<meta name=\"author\" content=\"cfeditorfr\" \/>\n<meta name=\"twitter:card\" content=\"summary_large_image\" \/>\n<meta name=\"twitter:label1\" content=\"\u00c9crit par\" \/>\n\t<meta name=\"twitter:data1\" content=\"cfeditorfr\" \/>\n\t<meta name=\"twitter:label2\" content=\"Dur\u00e9e de lecture estim\u00e9e\" \/>\n\t<meta name=\"twitter:data2\" content=\"2 minutes\" \/>\n<script type=\"application\/ld+json\" class=\"yoast-schema-graph\">{\"@context\":\"https:\/\/schema.org\",\"@graph\":[{\"@type\":\"Article\",\"@id\":\"https:\/\/www.africa-press.net\/centrafricaine\/politique\/une-geante-manifestation-populaire-a-bangui-apres-un-accident-mortel-sur-lavenue-de-france-2#article\",\"isPartOf\":{\"@id\":\"https:\/\/www.africa-press.net\/centrafricaine\/politique\/une-geante-manifestation-populaire-a-bangui-apres-un-accident-mortel-sur-lavenue-de-france-2\"},\"author\":{\"name\":\"cfeditorfr\",\"@id\":\"https:\/\/www.africa-press.net\/centrafricaine\/#\/schema\/person\/2b1cf3cd81a31e3cd26889ca66d677f1\"},\"headline\":\"Une g\u00e9ante manifestation populaire \u00e0 Bangui apr\u00e8s un accident mortel sur l\u2019avenue de France\",\"datePublished\":\"2021-07-04T16:08:51+00:00\",\"dateModified\":\"2021-07-06T19:35:11+00:00\",\"mainEntityOfPage\":{\"@id\":\"https:\/\/www.africa-press.net\/centrafricaine\/politique\/une-geante-manifestation-populaire-a-bangui-apres-un-accident-mortel-sur-lavenue-de-france-2\"},\"wordCount\":291,\"commentCount\":0,\"image\":{\"@id\":\"https:\/\/www.africa-press.net\/centrafricaine\/politique\/une-geante-manifestation-populaire-a-bangui-apres-un-accident-mortel-sur-lavenue-de-france-2#primaryimage\"},\"thumbnailUrl\":\"https:\/\/static.africa-press.net\/centrafricaine\/sites\/45\/2021\/07\/img-60e1dc4ecb60e.jpg\",\"keywords\":[\"Africa Press\",\"Africa Press-CentrAfricaine\",\"CentrAfricaine\"],\"articleSection\":[\"homepage-french\",\"Politique\",\"Toutes les actualit\u00e9s\"],\"inLanguage\":\"fr-FR\",\"potentialAction\":[{\"@type\":\"CommentAction\",\"name\":\"Comment\",\"target\":[\"https:\/\/www.africa-press.net\/centrafricaine\/politique\/une-geante-manifestation-populaire-a-bangui-apres-un-accident-mortel-sur-lavenue-de-france-2#respond\"]}]},{\"@type\":\"WebPage\",\"@id\":\"https:\/\/www.africa-press.net\/centrafricaine\/politique\/une-geante-manifestation-populaire-a-bangui-apres-un-accident-mortel-sur-lavenue-de-france-2\",\"url\":\"https:\/\/www.africa-press.net\/centrafricaine\/politique\/une-geante-manifestation-populaire-a-bangui-apres-un-accident-mortel-sur-lavenue-de-france-2\",\"name\":\"Une g\u00e9ante manifestation populaire \u00e0 Bangui apr\u00e8s un accident mortel sur l\u2019avenue de France - centrafricaine\",\"isPartOf\":{\"@id\":\"https:\/\/www.africa-press.net\/centrafricaine\/#website\"},\"primaryImageOfPage\":{\"@id\":\"https:\/\/www.africa-press.net\/centrafricaine\/politique\/une-geante-manifestation-populaire-a-bangui-apres-un-accident-mortel-sur-lavenue-de-france-2#primaryimage\"},\"image\":{\"@id\":\"https:\/\/www.africa-press.net\/centrafricaine\/politique\/une-geante-manifestation-populaire-a-bangui-apres-un-accident-mortel-sur-lavenue-de-france-2#primaryimage\"},\"thumbnailUrl\":\"https:\/\/static.africa-press.net\/centrafricaine\/sites\/45\/2021\/07\/img-60e1dc4ecb60e.jpg\",\"datePublished\":\"2021-07-04T16:08:51+00:00\",\"dateModified\":\"2021-07-06T19:35:11+00:00\",\"author\":{\"@id\":\"https:\/\/www.africa-press.net\/centrafricaine\/#\/schema\/person\/2b1cf3cd81a31e3cd26889ca66d677f1\"},\"description\":\"Bangui, R\u00e9publique centrafricaine, samedi, 3 juillet 2021, 13:33:48 ( Corbeaunews-Centrafrique ). Un accident de ...\",\"breadcrumb\":{\"@id\":\"https:\/\/www.africa-press.net\/centrafricaine\/politique\/une-geante-manifestation-populaire-a-bangui-apres-un-accident-mortel-sur-lavenue-de-france-2#breadcrumb\"},\"inLanguage\":\"fr-FR\",\"potentialAction\":[{\"@type\":\"ReadAction\",\"target\":[\"https:\/\/www.africa-press.net\/centrafricaine\/politique\/une-geante-manifestation-populaire-a-bangui-apres-un-accident-mortel-sur-lavenue-de-france-2\"]}]},{\"@type\":\"ImageObject\",\"inLanguage\":\"fr-FR\",\"@id\":\"https:\/\/www.africa-press.net\/centrafricaine\/politique\/une-geante-manifestation-populaire-a-bangui-apres-un-accident-mortel-sur-lavenue-de-france-2#primaryimage\",\"url\":\"https:\/\/static.africa-press.net\/centrafricaine\/sites\/45\/2021\/07\/img-60e1dc4ecb60e.jpg\",\"contentUrl\":\"https:\/\/static.africa-press.net\/centrafricaine\/sites\/45\/2021\/07\/img-60e1dc4ecb60e.jpg\",\"width\":750,\"height\":562,\"caption\":\"Une g\u00e9ante manifestation populaire \u00e0 Bangui apr\u00e8s un accident mortel sur l\u2019avenue de France\"},{\"@type\":\"BreadcrumbList\",\"@id\":\"https:\/\/www.africa-press.net\/centrafricaine\/politique\/une-geante-manifestation-populaire-a-bangui-apres-un-accident-mortel-sur-lavenue-de-france-2#breadcrumb\",\"itemListElement\":[{\"@type\":\"ListItem\",\"position\":1,\"name\":\"Accueil\",\"item\":\"https:\/\/www.africa-press.net\/centrafricaine\/\"},{\"@type\":\"ListItem\",\"position\":2,\"name\":\"Une g\u00e9ante manifestation populaire \u00e0 Bangui apr\u00e8s un accident mortel sur l\u2019avenue de France\"}]},{\"@type\":\"WebSite\",\"@id\":\"https:\/\/www.africa-press.net\/centrafricaine\/#website\",\"url\":\"https:\/\/www.africa-press.net\/centrafricaine\/\",\"name\":\"centrafricaine\",\"description\":\"Just another Africa News Agency Sites site\",\"potentialAction\":[{\"@type\":\"SearchAction\",\"target\":{\"@type\":\"EntryPoint\",\"urlTemplate\":\"https:\/\/www.africa-press.net\/centrafricaine\/?s={search_term_string}\"},\"query-input\":{\"@type\":\"PropertyValueSpecification\",\"valueRequired\":true,\"valueName\":\"search_term_string\"}}],\"inLanguage\":\"fr-FR\"},{\"@type\":\"Person\",\"@id\":\"https:\/\/www.africa-press.net\/centrafricaine\/#\/schema\/person\/2b1cf3cd81a31e3cd26889ca66d677f1\",\"name\":\"cfeditorfr\"}]}<\/script>\n<!-- \/ Yoast SEO Premium plugin. -->","yoast_head_json":{"title":"Une g\u00e9ante manifestation populaire \u00e0 Bangui apr\u00e8s un accident mortel sur l\u2019avenue de France - centrafricaine","description":"Bangui, R\u00e9publique centrafricaine, samedi, 3 juillet 2021, 13:33:48 ( Corbeaunews-Centrafrique ). Un accident de ...","robots":{"index":"index","follow":"follow","max-snippet":"max-snippet:-1","max-image-preview":"max-image-preview:large","max-video-preview":"max-video-preview:-1"},"canonical":"https:\/\/www.africa-press.net\/centrafricaine\/politique\/une-geante-manifestation-populaire-a-bangui-apres-un-accident-mortel-sur-lavenue-de-france-2","og_locale":"fr_FR","og_type":"article","og_title":"Une g\u00e9ante manifestation populaire \u00e0 Bangui apr\u00e8s un accident mortel sur l\u2019avenue de France","og_description":"Bangui, R\u00e9publique centrafricaine, samedi, 3 juillet 2021, 13:33:48 ( Corbeaunews-Centrafrique ). Un accident de ...","og_url":"https:\/\/www.africa-press.net\/centrafricaine\/politique\/une-geante-manifestation-populaire-a-bangui-apres-un-accident-mortel-sur-lavenue-de-france-2","og_site_name":"centrafricaine","article_published_time":"2021-07-04T16:08:51+00:00","article_modified_time":"2021-07-06T19:35:11+00:00","og_image":[{"width":750,"height":562,"url":"https:\/\/static.africa-press.net\/centrafricaine\/sites\/45\/2021\/07\/img-60e1dc4ecb60e.jpg","type":"image\/jpeg"}],"author":"cfeditorfr","twitter_card":"summary_large_image","twitter_misc":{"\u00c9crit par":"cfeditorfr","Dur\u00e9e de lecture estim\u00e9e":"2 minutes"},"schema":{"@context":"https:\/\/schema.org","@graph":[{"@type":"Article","@id":"https:\/\/www.africa-press.net\/centrafricaine\/politique\/une-geante-manifestation-populaire-a-bangui-apres-un-accident-mortel-sur-lavenue-de-france-2#article","isPartOf":{"@id":"https:\/\/www.africa-press.net\/centrafricaine\/politique\/une-geante-manifestation-populaire-a-bangui-apres-un-accident-mortel-sur-lavenue-de-france-2"},"author":{"name":"cfeditorfr","@id":"https:\/\/www.africa-press.net\/centrafricaine\/#\/schema\/person\/2b1cf3cd81a31e3cd26889ca66d677f1"},"headline":"Une g\u00e9ante manifestation populaire \u00e0 Bangui apr\u00e8s un accident mortel sur l\u2019avenue de France","datePublished":"2021-07-04T16:08:51+00:00","dateModified":"2021-07-06T19:35:11+00:00","mainEntityOfPage":{"@id":"https:\/\/www.africa-press.net\/centrafricaine\/politique\/une-geante-manifestation-populaire-a-bangui-apres-un-accident-mortel-sur-lavenue-de-france-2"},"wordCount":291,"commentCount":0,"image":{"@id":"https:\/\/www.africa-press.net\/centrafricaine\/politique\/une-geante-manifestation-populaire-a-bangui-apres-un-accident-mortel-sur-lavenue-de-france-2#primaryimage"},"thumbnailUrl":"https:\/\/static.africa-press.net\/centrafricaine\/sites\/45\/2021\/07\/img-60e1dc4ecb60e.jpg","keywords":["Africa Press","Africa Press-CentrAfricaine","CentrAfricaine"],"articleSection":["homepage-french","Politique","Toutes les actualit\u00e9s"],"inLanguage":"fr-FR","potentialAction":[{"@type":"CommentAction","name":"Comment","target":["https:\/\/www.africa-press.net\/centrafricaine\/politique\/une-geante-manifestation-populaire-a-bangui-apres-un-accident-mortel-sur-lavenue-de-france-2#respond"]}]},{"@type":"WebPage","@id":"https:\/\/www.africa-press.net\/centrafricaine\/politique\/une-geante-manifestation-populaire-a-bangui-apres-un-accident-mortel-sur-lavenue-de-france-2","url":"https:\/\/www.africa-press.net\/centrafricaine\/politique\/une-geante-manifestation-populaire-a-bangui-apres-un-accident-mortel-sur-lavenue-de-france-2","name":"Une g\u00e9ante manifestation populaire \u00e0 Bangui apr\u00e8s un accident mortel sur l\u2019avenue de France - centrafricaine","isPartOf":{"@id":"https:\/\/www.africa-press.net\/centrafricaine\/#website"},"primaryImageOfPage":{"@id":"https:\/\/www.africa-press.net\/centrafricaine\/politique\/une-geante-manifestation-populaire-a-bangui-apres-un-accident-mortel-sur-lavenue-de-france-2#primaryimage"},"image":{"@id":"https:\/\/www.africa-press.net\/centrafricaine\/politique\/une-geante-manifestation-populaire-a-bangui-apres-un-accident-mortel-sur-lavenue-de-france-2#primaryimage"},"thumbnailUrl":"https:\/\/static.africa-press.net\/centrafricaine\/sites\/45\/2021\/07\/img-60e1dc4ecb60e.jpg","datePublished":"2021-07-04T16:08:51+00:00","dateModified":"2021-07-06T19:35:11+00:00","author":{"@id":"https:\/\/www.africa-press.net\/centrafricaine\/#\/schema\/person\/2b1cf3cd81a31e3cd26889ca66d677f1"},"description":"Bangui, R\u00e9publique centrafricaine, samedi, 3 juillet 2021, 13:33:48 ( Corbeaunews-Centrafrique ). Un accident de ...","breadcrumb":{"@id":"https:\/\/www.africa-press.net\/centrafricaine\/politique\/une-geante-manifestation-populaire-a-bangui-apres-un-accident-mortel-sur-lavenue-de-france-2#breadcrumb"},"inLanguage":"fr-FR","potentialAction":[{"@type":"ReadAction","target":["https:\/\/www.africa-press.net\/centrafricaine\/politique\/une-geante-manifestation-populaire-a-bangui-apres-un-accident-mortel-sur-lavenue-de-france-2"]}]},{"@type":"ImageObject","inLanguage":"fr-FR","@id":"https:\/\/www.africa-press.net\/centrafricaine\/politique\/une-geante-manifestation-populaire-a-bangui-apres-un-accident-mortel-sur-lavenue-de-france-2#primaryimage","url":"https:\/\/static.africa-press.net\/centrafricaine\/sites\/45\/2021\/07\/img-60e1dc4ecb60e.jpg","contentUrl":"https:\/\/static.africa-press.net\/centrafricaine\/sites\/45\/2021\/07\/img-60e1dc4ecb60e.jpg","width":750,"height":562,"caption":"Une g\u00e9ante manifestation populaire \u00e0 Bangui apr\u00e8s un accident mortel sur l\u2019avenue de France"},{"@type":"BreadcrumbList","@id":"https:\/\/www.africa-press.net\/centrafricaine\/politique\/une-geante-manifestation-populaire-a-bangui-apres-un-accident-mortel-sur-lavenue-de-france-2#breadcrumb","itemListElement":[{"@type":"ListItem","position":1,"name":"Accueil","item":"https:\/\/www.africa-press.net\/centrafricaine\/"},{"@type":"ListItem","position":2,"name":"Une g\u00e9ante manifestation populaire \u00e0 Bangui apr\u00e8s un accident mortel sur l\u2019avenue de France"}]},{"@type":"WebSite","@id":"https:\/\/www.africa-press.net\/centrafricaine\/#website","url":"https:\/\/www.africa-press.net\/centrafricaine\/","name":"centrafricaine","description":"Just another Africa News Agency Sites site","potentialAction":[{"@type":"SearchAction","target":{"@type":"EntryPoint","urlTemplate":"https:\/\/www.africa-press.net\/centrafricaine\/?s={search_term_string}"},"query-input":{"@type":"PropertyValueSpecification","valueRequired":true,"valueName":"search_term_string"}}],"inLanguage":"fr-FR"},{"@type":"Person","@id":"https:\/\/www.africa-press.net\/centrafricaine\/#\/schema\/person\/2b1cf3cd81a31e3cd26889ca66d677f1","name":"cfeditorfr"}]}},"_links":{"self":[{"href":"https:\/\/www.africa-press.net\/centrafricaine\/wp-json\/wp\/v2\/posts\/8672","targetHints":{"allow":["GET"]}}],"collection":[{"href":"https:\/\/www.africa-press.net\/centrafricaine\/wp-json\/wp\/v2\/posts"}],"about":[{"href":"https:\/\/www.africa-press.net\/centrafricaine\/wp-json\/wp\/v2\/types\/post"}],"author":[{"embeddable":true,"href":"https:\/\/www.africa-press.net\/centrafricaine\/wp-json\/wp\/v2\/users\/82"}],"replies":[{"embeddable":true,"href":"https:\/\/www.africa-press.net\/centrafricaine\/wp-json\/wp\/v2\/comments?post=8672"}],"version-history":[{"count":0,"href":"https:\/\/www.africa-press.net\/centrafricaine\/wp-json\/wp\/v2\/posts\/8672\/revisions"}],"wp:featuredmedia":[{"embeddable":true,"href":"https:\/\/www.africa-press.net\/centrafricaine\/wp-json\/wp\/v2\/media\/8671"}],"wp:attachment":[{"href":"https:\/\/www.africa-press.net\/centrafricaine\/wp-json\/wp\/v2\/media?parent=8672"}],"wp:term":[{"taxonomy":"category","embeddable":true,"href":"https:\/\/www.africa-press.net\/centrafricaine\/wp-json\/wp\/v2\/categories?post=8672"},{"taxonomy":"post_tag","embeddable":true,"href":"https:\/\/www.africa-press.net\/centrafricaine\/wp-json\/wp\/v2\/tags?post=8672"}],"curies":[{"name":"wp","href":"https:\/\/api.w.org\/{rel}","templated":true}]}}