{"id":8675,"date":"2021-07-04T16:15:39","date_gmt":"2021-07-04T16:15:39","guid":{"rendered":"https:\/\/www.africa-press.net\/centrafricaine\/?p=8675"},"modified":"2021-07-06T19:35:22","modified_gmt":"2021-07-06T19:35:22","slug":"le-ministre-centrafricain-de-la-justice-accuse-de-barbarie-mais-au-mieux-avec-la-cpi","status":"publish","type":"post","link":"https:\/\/www.africa-press.net\/centrafricaine\/politique\/le-ministre-centrafricain-de-la-justice-accuse-de-barbarie-mais-au-mieux-avec-la-cpi","title":{"rendered":"Le ministre centrafricain de la justice accus\u00e9 de barbarie, mais au mieux avec la CPI"},"content":{"rendered":"<p><span style=\"color: #ff6600\"><strong><a href=\"https:\/\/www.africa-press.net\/\">Africa-Press<\/a> &#8211; <a href=\"https:\/\/www.africa-press.net\/centrafricaine\">CentrAfricaine<\/a>.\u00a0 <\/strong><\/span><b>Djoubaye Abaz\u00e8ne, qui a \u00e9t\u00e9 mis en cause dans des rapports d\u2019ONG pour sa possible participation \u00e0 des crimes de guerre pose sans aucun souci face aux photographes avec le repr\u00e9sentant de la CPI en Centrafrique, Mike Cole.<\/b><\/p>\n<p>\u00c9trange pays que la Centrafrique o\u00f9 les r\u00e9seaux virevoltent dans une grande confusion des fonctions et un total m\u00e9pris des codes \u00e9tatiques les plus reconnus . Depuis Juin 2021, Arnaud Djoubaye Abaz\u00e8ne, Ministre d\u2019Etat charg\u00e9 de la Justice, de la Promotion des Droits Humains et de la Bonne Gouvernance, Garde des Sceaux, fait l\u2019objet de graves accusations. Et bien cela n\u2019emp\u00eahe pas Mike Cole, repr\u00e9sentant de la CPI en Centrafique, \u00e0 poser tout sourire avec ce ministre, un clich\u00e9 relay\u00e9 par la CPI sur son compte Twitter.<\/p>\n<p>Originaire de la localit\u00e9 de Gordil aux confins de la pr\u00e9fecture de la Vakaga au nord-est de la R\u00e9publique Centrafricaine, Arnauld Djoubaye Abaz\u00e8ne est directement parent\u00e9 \u00e0 l\u2019ancien chef rebelle Seleka et ex-Pr\u00e9sident Michel Djotodia Am-Nondroko.<\/p>\n<p>Ce magistrat de profession est titulaire d\u2019un dipl\u00f4me de troisi\u00e8me cycle obtenu \u00e0 l\u2019\u00e9cole nationale d\u2019administration et de magistrature de Bangui. Procureur \u00e0 Bouar, Arnauld Djoubaye Abaz\u00e8ne devient premier substitut du procureur puis premier vice-pr\u00e9sident du Tribunal de Grande instance de Bangui sous Boziz\u00e9.<\/p>\n<p>\u00ab Chef de race \u00bb<\/p>\n<p>Ce cadre de la r\u00e9bellion Seleka fait ensuite son entr\u00e9e au gouvernement le 31 mars 2013 en qualit\u00e9 de Ministre des Transports gr\u00e2ce \u00e0 son parent le Pr\u00e9sident putschiste Michel Djotodia. Il sera ensuite reconduit au m\u00eame poste sous tous les gouvernements de la transition de Catherine Samba-Panza. Une fois Faustin-Archange Touad\u00e9ra \u00e9lu Pr\u00e9sident, il lui faudra attendre le gouvernement Ngr\u00e9bada en mars 2019 au lendemain de la signature de l\u2019accord de Khartoum, pour que Djoubaye Abaz\u00e8ne retrouve le Minist\u00e8re des Transports et soit \u00e9lev\u00e9 dans la foul\u00e9e adjoint du \u00ab chef de race \u00bb de l\u2019ethnie Goula par son chef, le cheik Tidjani Dahiya.<\/p>\n<p>Dans son rapport d\u2019Octobre 2020 (1), l\u2019ONG \u00ab The Sentry \u00bb a prouv\u00e9 que Arnaud Djoubaye Abaz\u00e8ne, par ailleurs Ministre r\u00e9sident de la pr\u00e9fecture de la Vakaga a re\u00e7u un appui politique, militaire et financier du gouvernement centrafricain et du groupe Wagner pour appuyer la coalition de groupes arm\u00e9s pro-gouvernementaux RPRC, MLCJ et PRNC qui ont lanc\u00e9 en septembre 2019 des attaques meurtri\u00e8res \u00e0 Birao. Des dizaines de civils sont morts et des dizaines de milliers de personnes ont \u00e9t\u00e9 d\u00e9plac\u00e9es suite \u00e0 ces attaques qui ont cibl\u00e9 la communaut\u00e9 rounga affili\u00e9e au FPRC, groupe arm\u00e9 oppos\u00e9 au pr\u00e9sident Touad\u00e9ra.<\/p>\n<p>La Cour P\u00e9nale Sp\u00e9ciale centrafricaine, dont les juges nationaux et internationaux peuvent juger des crimes de guerre et autres d\u00e9lits majeurs, avait alors d\u00e9nonc\u00e9 des \u00ab actes inhumains et relevant de la pire barbarie \u00bb et rappel\u00e9 que \u00ab ces actes sont des crimes relevant de la comp\u00e9tence de la Cour P\u00e9nale Sp\u00e9ciale \u00e0 savoir les crimes de guerre, les crimes contre l\u2019humanit\u00e9 et le crime de g\u00e9nocide. \u00bb (2).<\/p>\n<p>Ces groupes arm\u00e9s pro-gouvernementaux ont \u00e9t\u00e9 renforc\u00e9s en f\u00e9vrier 2020 par des mercenaires soudanais aux ordres d\u2019Ali Muhammad Ali Abd-al-Rahman alias Ali Kushayb qui sera arr\u00eat\u00e9 en Juin 2020 et transf\u00e9r\u00e9 \u00e0 la Cour p\u00e9nale internationale pour avoir form\u00e9 et dirig\u00e9 en 2002 et en 2003 une milice janjawid accus\u00e9e de g\u00e9nocide du Darfour.<\/p>\n<p>&nbsp;<\/p>\n","protected":false},"excerpt":{"rendered":"<p>Africa-Press &#8211; CentrAfricaine.\u00a0 Djoubaye Abaz\u00e8ne, qui a \u00e9t\u00e9 mis en cause dans des rapports d\u2019ONG pour sa possible participation \u00e0 des crimes de guerre pose sans aucun souci face aux photographes avec le repr\u00e9sentant de la CPI en Centrafrique, Mike Cole. \u00c9trange pays que la Centrafrique o\u00f9 les r\u00e9seaux virevoltent dans une grande confusion des [&hellip;]<\/p>\n","protected":false},"author":82,"featured_media":8674,"comment_status":"open","ping_status":"closed","sticky":false,"template":"","format":"standard","meta":{"footnotes":""},"categories":[11,2,20,10],"tags":[36,58,30],"class_list":["post-8675","post","type-post","status-publish","format-standard","has-post-thumbnail","hentry","category-homepage-french","category-politique","category-top-nouvelles","category-toutes-les-actualites","tag-africa-press","tag-africa-press-centrafricaine","tag-centrafricaine"],"yoast_head":"<!-- This site is optimized with the Yoast SEO Premium plugin v26.1 (Yoast SEO v27.0) - https:\/\/yoast.com\/product\/yoast-seo-premium-wordpress\/ -->\n<title>Le ministre centrafricain de la justice accus\u00e9 de barbarie, mais au mieux avec la CPI - centrafricaine<\/title>\n<meta name=\"description\" content=\"Bangui ( R\u00e9publique centrafricaine ) \u2013 Le nouveau Ministre centrafricain de la justice, Djoubaye Abaz\u00e8ne, qui a \u00e9t\u00e9 m ...\" \/>\n<meta name=\"robots\" content=\"index, follow, max-snippet:-1, max-image-preview:large, max-video-preview:-1\" \/>\n<link rel=\"canonical\" href=\"https:\/\/www.africa-press.net\/centrafricaine\/politique\/le-ministre-centrafricain-de-la-justice-accuse-de-barbarie-mais-au-mieux-avec-la-cpi\" \/>\n<meta property=\"og:locale\" content=\"fr_FR\" \/>\n<meta property=\"og:type\" content=\"article\" \/>\n<meta property=\"og:title\" content=\"Le ministre centrafricain de la justice accus\u00e9 de barbarie, mais au mieux avec la CPI\" \/>\n<meta property=\"og:description\" content=\"Bangui ( R\u00e9publique centrafricaine ) \u2013 Le nouveau Ministre centrafricain de la justice, Djoubaye Abaz\u00e8ne, qui a \u00e9t\u00e9 m ...\" \/>\n<meta property=\"og:url\" content=\"https:\/\/www.africa-press.net\/centrafricaine\/politique\/le-ministre-centrafricain-de-la-justice-accuse-de-barbarie-mais-au-mieux-avec-la-cpi\" \/>\n<meta property=\"og:site_name\" content=\"centrafricaine\" \/>\n<meta property=\"article:published_time\" content=\"2021-07-04T16:15:39+00:00\" \/>\n<meta property=\"article:modified_time\" content=\"2021-07-06T19:35:22+00:00\" \/>\n<meta property=\"og:image\" content=\"https:\/\/static.africa-press.net\/centrafricaine\/sites\/45\/2021\/07\/img-60e1dc7f205ff.jpg\" \/>\n\t<meta property=\"og:image:width\" content=\"720\" \/>\n\t<meta property=\"og:image:height\" content=\"532\" \/>\n\t<meta property=\"og:image:type\" content=\"image\/jpeg\" \/>\n<meta name=\"author\" content=\"cfeditorfr\" \/>\n<meta name=\"twitter:card\" content=\"summary_large_image\" \/>\n<meta name=\"twitter:label1\" content=\"\u00c9crit par\" \/>\n\t<meta name=\"twitter:data1\" content=\"cfeditorfr\" \/>\n\t<meta name=\"twitter:label2\" content=\"Dur\u00e9e de lecture estim\u00e9e\" \/>\n\t<meta name=\"twitter:data2\" content=\"3 minutes\" \/>\n<script type=\"application\/ld+json\" class=\"yoast-schema-graph\">{\"@context\":\"https:\/\/schema.org\",\"@graph\":[{\"@type\":\"Article\",\"@id\":\"https:\/\/www.africa-press.net\/centrafricaine\/politique\/le-ministre-centrafricain-de-la-justice-accuse-de-barbarie-mais-au-mieux-avec-la-cpi#article\",\"isPartOf\":{\"@id\":\"https:\/\/www.africa-press.net\/centrafricaine\/politique\/le-ministre-centrafricain-de-la-justice-accuse-de-barbarie-mais-au-mieux-avec-la-cpi\"},\"author\":{\"name\":\"cfeditorfr\",\"@id\":\"https:\/\/www.africa-press.net\/centrafricaine\/#\/schema\/person\/2b1cf3cd81a31e3cd26889ca66d677f1\"},\"headline\":\"Le ministre centrafricain de la justice accus\u00e9 de barbarie, mais au mieux avec la CPI\",\"datePublished\":\"2021-07-04T16:15:39+00:00\",\"dateModified\":\"2021-07-06T19:35:22+00:00\",\"mainEntityOfPage\":{\"@id\":\"https:\/\/www.africa-press.net\/centrafricaine\/politique\/le-ministre-centrafricain-de-la-justice-accuse-de-barbarie-mais-au-mieux-avec-la-cpi\"},\"wordCount\":592,\"commentCount\":0,\"image\":{\"@id\":\"https:\/\/www.africa-press.net\/centrafricaine\/politique\/le-ministre-centrafricain-de-la-justice-accuse-de-barbarie-mais-au-mieux-avec-la-cpi#primaryimage\"},\"thumbnailUrl\":\"https:\/\/static.africa-press.net\/centrafricaine\/sites\/45\/2021\/07\/img-60e1dc7f205ff.jpg\",\"keywords\":[\"Africa Press\",\"Africa Press-CentrAfricaine\",\"CentrAfricaine\"],\"articleSection\":[\"homepage-french\",\"Politique\",\"Top Nouvelles\",\"Toutes les actualit\u00e9s\"],\"inLanguage\":\"fr-FR\",\"potentialAction\":[{\"@type\":\"CommentAction\",\"name\":\"Comment\",\"target\":[\"https:\/\/www.africa-press.net\/centrafricaine\/politique\/le-ministre-centrafricain-de-la-justice-accuse-de-barbarie-mais-au-mieux-avec-la-cpi#respond\"]}]},{\"@type\":\"WebPage\",\"@id\":\"https:\/\/www.africa-press.net\/centrafricaine\/politique\/le-ministre-centrafricain-de-la-justice-accuse-de-barbarie-mais-au-mieux-avec-la-cpi\",\"url\":\"https:\/\/www.africa-press.net\/centrafricaine\/politique\/le-ministre-centrafricain-de-la-justice-accuse-de-barbarie-mais-au-mieux-avec-la-cpi\",\"name\":\"Le ministre centrafricain de la justice accus\u00e9 de barbarie, mais au mieux avec la CPI - centrafricaine\",\"isPartOf\":{\"@id\":\"https:\/\/www.africa-press.net\/centrafricaine\/#website\"},\"primaryImageOfPage\":{\"@id\":\"https:\/\/www.africa-press.net\/centrafricaine\/politique\/le-ministre-centrafricain-de-la-justice-accuse-de-barbarie-mais-au-mieux-avec-la-cpi#primaryimage\"},\"image\":{\"@id\":\"https:\/\/www.africa-press.net\/centrafricaine\/politique\/le-ministre-centrafricain-de-la-justice-accuse-de-barbarie-mais-au-mieux-avec-la-cpi#primaryimage\"},\"thumbnailUrl\":\"https:\/\/static.africa-press.net\/centrafricaine\/sites\/45\/2021\/07\/img-60e1dc7f205ff.jpg\",\"datePublished\":\"2021-07-04T16:15:39+00:00\",\"dateModified\":\"2021-07-06T19:35:22+00:00\",\"author\":{\"@id\":\"https:\/\/www.africa-press.net\/centrafricaine\/#\/schema\/person\/2b1cf3cd81a31e3cd26889ca66d677f1\"},\"description\":\"Bangui ( R\u00e9publique centrafricaine ) \u2013 Le nouveau Ministre centrafricain de la justice, Djoubaye Abaz\u00e8ne, qui a \u00e9t\u00e9 m ...\",\"breadcrumb\":{\"@id\":\"https:\/\/www.africa-press.net\/centrafricaine\/politique\/le-ministre-centrafricain-de-la-justice-accuse-de-barbarie-mais-au-mieux-avec-la-cpi#breadcrumb\"},\"inLanguage\":\"fr-FR\",\"potentialAction\":[{\"@type\":\"ReadAction\",\"target\":[\"https:\/\/www.africa-press.net\/centrafricaine\/politique\/le-ministre-centrafricain-de-la-justice-accuse-de-barbarie-mais-au-mieux-avec-la-cpi\"]}]},{\"@type\":\"ImageObject\",\"inLanguage\":\"fr-FR\",\"@id\":\"https:\/\/www.africa-press.net\/centrafricaine\/politique\/le-ministre-centrafricain-de-la-justice-accuse-de-barbarie-mais-au-mieux-avec-la-cpi#primaryimage\",\"url\":\"https:\/\/static.africa-press.net\/centrafricaine\/sites\/45\/2021\/07\/img-60e1dc7f205ff.jpg\",\"contentUrl\":\"https:\/\/static.africa-press.net\/centrafricaine\/sites\/45\/2021\/07\/img-60e1dc7f205ff.jpg\",\"width\":720,\"height\":532,\"caption\":\"Le ministre centrafricain de la justice accus\u00e9 de barbarie, mais au mieux avec la CPI\"},{\"@type\":\"BreadcrumbList\",\"@id\":\"https:\/\/www.africa-press.net\/centrafricaine\/politique\/le-ministre-centrafricain-de-la-justice-accuse-de-barbarie-mais-au-mieux-avec-la-cpi#breadcrumb\",\"itemListElement\":[{\"@type\":\"ListItem\",\"position\":1,\"name\":\"Accueil\",\"item\":\"https:\/\/www.africa-press.net\/centrafricaine\/\"},{\"@type\":\"ListItem\",\"position\":2,\"name\":\"Le ministre centrafricain de la justice accus\u00e9 de barbarie, mais au mieux avec la CPI\"}]},{\"@type\":\"WebSite\",\"@id\":\"https:\/\/www.africa-press.net\/centrafricaine\/#website\",\"url\":\"https:\/\/www.africa-press.net\/centrafricaine\/\",\"name\":\"centrafricaine\",\"description\":\"Just another Africa News Agency Sites site\",\"potentialAction\":[{\"@type\":\"SearchAction\",\"target\":{\"@type\":\"EntryPoint\",\"urlTemplate\":\"https:\/\/www.africa-press.net\/centrafricaine\/?s={search_term_string}\"},\"query-input\":{\"@type\":\"PropertyValueSpecification\",\"valueRequired\":true,\"valueName\":\"search_term_string\"}}],\"inLanguage\":\"fr-FR\"},{\"@type\":\"Person\",\"@id\":\"https:\/\/www.africa-press.net\/centrafricaine\/#\/schema\/person\/2b1cf3cd81a31e3cd26889ca66d677f1\",\"name\":\"cfeditorfr\"}]}<\/script>\n<!-- \/ Yoast SEO Premium plugin. -->","yoast_head_json":{"title":"Le ministre centrafricain de la justice accus\u00e9 de barbarie, mais au mieux avec la CPI - centrafricaine","description":"Bangui ( R\u00e9publique centrafricaine ) \u2013 Le nouveau Ministre centrafricain de la justice, Djoubaye Abaz\u00e8ne, qui a \u00e9t\u00e9 m ...","robots":{"index":"index","follow":"follow","max-snippet":"max-snippet:-1","max-image-preview":"max-image-preview:large","max-video-preview":"max-video-preview:-1"},"canonical":"https:\/\/www.africa-press.net\/centrafricaine\/politique\/le-ministre-centrafricain-de-la-justice-accuse-de-barbarie-mais-au-mieux-avec-la-cpi","og_locale":"fr_FR","og_type":"article","og_title":"Le ministre centrafricain de la justice accus\u00e9 de barbarie, mais au mieux avec la CPI","og_description":"Bangui ( R\u00e9publique centrafricaine ) \u2013 Le nouveau Ministre centrafricain de la justice, Djoubaye Abaz\u00e8ne, qui a \u00e9t\u00e9 m ...","og_url":"https:\/\/www.africa-press.net\/centrafricaine\/politique\/le-ministre-centrafricain-de-la-justice-accuse-de-barbarie-mais-au-mieux-avec-la-cpi","og_site_name":"centrafricaine","article_published_time":"2021-07-04T16:15:39+00:00","article_modified_time":"2021-07-06T19:35:22+00:00","og_image":[{"width":720,"height":532,"url":"https:\/\/static.africa-press.net\/centrafricaine\/sites\/45\/2021\/07\/img-60e1dc7f205ff.jpg","type":"image\/jpeg"}],"author":"cfeditorfr","twitter_card":"summary_large_image","twitter_misc":{"\u00c9crit par":"cfeditorfr","Dur\u00e9e de lecture estim\u00e9e":"3 minutes"},"schema":{"@context":"https:\/\/schema.org","@graph":[{"@type":"Article","@id":"https:\/\/www.africa-press.net\/centrafricaine\/politique\/le-ministre-centrafricain-de-la-justice-accuse-de-barbarie-mais-au-mieux-avec-la-cpi#article","isPartOf":{"@id":"https:\/\/www.africa-press.net\/centrafricaine\/politique\/le-ministre-centrafricain-de-la-justice-accuse-de-barbarie-mais-au-mieux-avec-la-cpi"},"author":{"name":"cfeditorfr","@id":"https:\/\/www.africa-press.net\/centrafricaine\/#\/schema\/person\/2b1cf3cd81a31e3cd26889ca66d677f1"},"headline":"Le ministre centrafricain de la justice accus\u00e9 de barbarie, mais au mieux avec la CPI","datePublished":"2021-07-04T16:15:39+00:00","dateModified":"2021-07-06T19:35:22+00:00","mainEntityOfPage":{"@id":"https:\/\/www.africa-press.net\/centrafricaine\/politique\/le-ministre-centrafricain-de-la-justice-accuse-de-barbarie-mais-au-mieux-avec-la-cpi"},"wordCount":592,"commentCount":0,"image":{"@id":"https:\/\/www.africa-press.net\/centrafricaine\/politique\/le-ministre-centrafricain-de-la-justice-accuse-de-barbarie-mais-au-mieux-avec-la-cpi#primaryimage"},"thumbnailUrl":"https:\/\/static.africa-press.net\/centrafricaine\/sites\/45\/2021\/07\/img-60e1dc7f205ff.jpg","keywords":["Africa Press","Africa Press-CentrAfricaine","CentrAfricaine"],"articleSection":["homepage-french","Politique","Top Nouvelles","Toutes les actualit\u00e9s"],"inLanguage":"fr-FR","potentialAction":[{"@type":"CommentAction","name":"Comment","target":["https:\/\/www.africa-press.net\/centrafricaine\/politique\/le-ministre-centrafricain-de-la-justice-accuse-de-barbarie-mais-au-mieux-avec-la-cpi#respond"]}]},{"@type":"WebPage","@id":"https:\/\/www.africa-press.net\/centrafricaine\/politique\/le-ministre-centrafricain-de-la-justice-accuse-de-barbarie-mais-au-mieux-avec-la-cpi","url":"https:\/\/www.africa-press.net\/centrafricaine\/politique\/le-ministre-centrafricain-de-la-justice-accuse-de-barbarie-mais-au-mieux-avec-la-cpi","name":"Le ministre centrafricain de la justice accus\u00e9 de barbarie, mais au mieux avec la CPI - centrafricaine","isPartOf":{"@id":"https:\/\/www.africa-press.net\/centrafricaine\/#website"},"primaryImageOfPage":{"@id":"https:\/\/www.africa-press.net\/centrafricaine\/politique\/le-ministre-centrafricain-de-la-justice-accuse-de-barbarie-mais-au-mieux-avec-la-cpi#primaryimage"},"image":{"@id":"https:\/\/www.africa-press.net\/centrafricaine\/politique\/le-ministre-centrafricain-de-la-justice-accuse-de-barbarie-mais-au-mieux-avec-la-cpi#primaryimage"},"thumbnailUrl":"https:\/\/static.africa-press.net\/centrafricaine\/sites\/45\/2021\/07\/img-60e1dc7f205ff.jpg","datePublished":"2021-07-04T16:15:39+00:00","dateModified":"2021-07-06T19:35:22+00:00","author":{"@id":"https:\/\/www.africa-press.net\/centrafricaine\/#\/schema\/person\/2b1cf3cd81a31e3cd26889ca66d677f1"},"description":"Bangui ( R\u00e9publique centrafricaine ) \u2013 Le nouveau Ministre centrafricain de la justice, Djoubaye Abaz\u00e8ne, qui a \u00e9t\u00e9 m ...","breadcrumb":{"@id":"https:\/\/www.africa-press.net\/centrafricaine\/politique\/le-ministre-centrafricain-de-la-justice-accuse-de-barbarie-mais-au-mieux-avec-la-cpi#breadcrumb"},"inLanguage":"fr-FR","potentialAction":[{"@type":"ReadAction","target":["https:\/\/www.africa-press.net\/centrafricaine\/politique\/le-ministre-centrafricain-de-la-justice-accuse-de-barbarie-mais-au-mieux-avec-la-cpi"]}]},{"@type":"ImageObject","inLanguage":"fr-FR","@id":"https:\/\/www.africa-press.net\/centrafricaine\/politique\/le-ministre-centrafricain-de-la-justice-accuse-de-barbarie-mais-au-mieux-avec-la-cpi#primaryimage","url":"https:\/\/static.africa-press.net\/centrafricaine\/sites\/45\/2021\/07\/img-60e1dc7f205ff.jpg","contentUrl":"https:\/\/static.africa-press.net\/centrafricaine\/sites\/45\/2021\/07\/img-60e1dc7f205ff.jpg","width":720,"height":532,"caption":"Le ministre centrafricain de la justice accus\u00e9 de barbarie, mais au mieux avec la CPI"},{"@type":"BreadcrumbList","@id":"https:\/\/www.africa-press.net\/centrafricaine\/politique\/le-ministre-centrafricain-de-la-justice-accuse-de-barbarie-mais-au-mieux-avec-la-cpi#breadcrumb","itemListElement":[{"@type":"ListItem","position":1,"name":"Accueil","item":"https:\/\/www.africa-press.net\/centrafricaine\/"},{"@type":"ListItem","position":2,"name":"Le ministre centrafricain de la justice accus\u00e9 de barbarie, mais au mieux avec la CPI"}]},{"@type":"WebSite","@id":"https:\/\/www.africa-press.net\/centrafricaine\/#website","url":"https:\/\/www.africa-press.net\/centrafricaine\/","name":"centrafricaine","description":"Just another Africa News Agency Sites site","potentialAction":[{"@type":"SearchAction","target":{"@type":"EntryPoint","urlTemplate":"https:\/\/www.africa-press.net\/centrafricaine\/?s={search_term_string}"},"query-input":{"@type":"PropertyValueSpecification","valueRequired":true,"valueName":"search_term_string"}}],"inLanguage":"fr-FR"},{"@type":"Person","@id":"https:\/\/www.africa-press.net\/centrafricaine\/#\/schema\/person\/2b1cf3cd81a31e3cd26889ca66d677f1","name":"cfeditorfr"}]}},"_links":{"self":[{"href":"https:\/\/www.africa-press.net\/centrafricaine\/wp-json\/wp\/v2\/posts\/8675","targetHints":{"allow":["GET"]}}],"collection":[{"href":"https:\/\/www.africa-press.net\/centrafricaine\/wp-json\/wp\/v2\/posts"}],"about":[{"href":"https:\/\/www.africa-press.net\/centrafricaine\/wp-json\/wp\/v2\/types\/post"}],"author":[{"embeddable":true,"href":"https:\/\/www.africa-press.net\/centrafricaine\/wp-json\/wp\/v2\/users\/82"}],"replies":[{"embeddable":true,"href":"https:\/\/www.africa-press.net\/centrafricaine\/wp-json\/wp\/v2\/comments?post=8675"}],"version-history":[{"count":0,"href":"https:\/\/www.africa-press.net\/centrafricaine\/wp-json\/wp\/v2\/posts\/8675\/revisions"}],"wp:featuredmedia":[{"embeddable":true,"href":"https:\/\/www.africa-press.net\/centrafricaine\/wp-json\/wp\/v2\/media\/8674"}],"wp:attachment":[{"href":"https:\/\/www.africa-press.net\/centrafricaine\/wp-json\/wp\/v2\/media?parent=8675"}],"wp:term":[{"taxonomy":"category","embeddable":true,"href":"https:\/\/www.africa-press.net\/centrafricaine\/wp-json\/wp\/v2\/categories?post=8675"},{"taxonomy":"post_tag","embeddable":true,"href":"https:\/\/www.africa-press.net\/centrafricaine\/wp-json\/wp\/v2\/tags?post=8675"}],"curies":[{"name":"wp","href":"https:\/\/api.w.org\/{rel}","templated":true}]}}