{"id":8685,"date":"2021-07-06T13:18:15","date_gmt":"2021-07-06T13:18:15","guid":{"rendered":"https:\/\/www.africa-press.net\/centrafricaine\/?p=8685"},"modified":"2021-07-06T19:36:05","modified_gmt":"2021-07-06T19:36:05","slug":"affaire-des-600-nouveaux-mercenaires-de-wagner-des-centrafricains-se-doutent-de-leur-presence-en-rca","status":"publish","type":"post","link":"https:\/\/www.africa-press.net\/centrafricaine\/politique\/affaire-des-600-nouveaux-mercenaires-de-wagner-des-centrafricains-se-doutent-de-leur-presence-en-rca","title":{"rendered":"Affaire des 600 nouveaux mercenaires de Wagner, des Centrafricains se doutent de leur pr\u00e9sence en RCA"},"content":{"rendered":"<p><span style=\"color: #ff6600\"><strong><a href=\"https:\/\/www.africa-press.net\/\">Africa-Press<\/a> &#8211; <a href=\"https:\/\/www.africa-press.net\/centrafricaine\">CentrAfricaine<\/a>. <\/strong><\/span>Apr\u00e8s la d\u00e9claration de la diplomatie russe la semaine derni\u00e8re affirmant que les 600 nouveaux mercenaires de Wagner demand\u00e9s par le gouvernement centrafricain sont d\u00e9j\u00e0 arriv\u00e9s en R\u00e9publique centrafricaine, des Banguissois se posent des questions de savoir ou sont-ils bas\u00e9s ? Sur quel a\u00e9roport centrafricain sont-ils atterris ?<\/p>\n<p><b>Dans une note adress\u00e9e au conseil de s\u00e9curit\u00e9 des Nations unies<\/b><\/p>\n<p>au mois de mai dernier, la ministre de la D\u00e9fense nationale, madame Marie-No\u00eblle Koyara avait annonc\u00e9 l\u2019arriv\u00e9e prochaine de 600 nouveaux \u00ab instructeurs \u00bb russes. Mais leur d\u00e9ploiement effectif n\u2019avait pas \u00e9t\u00e9 officialis\u00e9. Un mois plus tard, le 29 juin 2021, Monsieur Alexandre Ivanov, chef des \u00ab instructeurs \u00bb russes en RCA avait annonc\u00e9 sur le journal en ligne sputniknews.com que la Russie en verra encore 600 militaires en RCA \u00e0 la demande du gouvernement centrafricain. Plus surprenant, moins d\u2019une semaine plus tard, le minist\u00e8re russe des Affaires \u00e9trang\u00e8res avait indiqu\u00e9 que r\u00e9cemment, un nouveau groupe d\u2019instructeurs au nombre de 600 personnes par groupe de 200 pour les forces arm\u00e9es, la police et la gendarmerie est arriv\u00e9 \u00e0 Bangui suite \u00e0 la demande du minist\u00e8re centrafricain de la D\u00e9fense formul\u00e9e le 4 mai dernier. Or, entre le 4 mai et le 1er juillet, en R\u00e9publique centrafricaine, personne n\u2019a observ\u00e9 l\u2019arriv\u00e9e de ces nouveaux \u00ab instructeurs \u00bb russes.<\/p>\n<p>Ainsi, pour de nombreux Centrafricains, il y\u2019a sans doute une forte odeur de manipulation derri\u00e8re l\u2019annonce faite par le minist\u00e8re russe des Affaires \u00e9trang\u00e8res. Ce qui laisse \u00e0 penser que le gouvernement centrafricain et Moscou tentent de r\u00e9gulariser, et d\u2019officialiser a posteriori le nombre tr\u00e8s pl\u00e9thorique des hommes de Wagner en Centrafrique.<\/p>\n<p><b>\u00ab 600 n\u2019est pas 20. S\u2019il y\u2019a 600 nouveaux mercenaires russes en Centrafrique, on pourrait le savoir de suite. Je pense que ceci n\u2019est qu\u2019une annonce \u00bb<\/b><\/p>\n<p>, a relever Junior Singa, un instituteur \u00e0 Bangui.<\/p>\n<p>Selon Moscou, les 600 nouveaux soi-disant \u00ab instructeurs \u00bb sont venus s\u2019ajouter au 535 d\u00e9j\u00e0 officiellement pr\u00e9sents sur le territoire centrafricain.<\/p>\n<p><b>\u00a0<\/b><\/p>\n","protected":false},"excerpt":{"rendered":"<p>Africa-Press &#8211; CentrAfricaine. Apr\u00e8s la d\u00e9claration de la diplomatie russe la semaine derni\u00e8re affirmant que les 600 nouveaux mercenaires de Wagner demand\u00e9s par le gouvernement centrafricain sont d\u00e9j\u00e0 arriv\u00e9s en R\u00e9publique centrafricaine, des Banguissois se posent des questions de savoir ou sont-ils bas\u00e9s ? Sur quel a\u00e9roport centrafricain sont-ils atterris ? Dans une note adress\u00e9e [&hellip;]<\/p>\n","protected":false},"author":82,"featured_media":8684,"comment_status":"open","ping_status":"closed","sticky":false,"template":"","format":"standard","meta":{"footnotes":""},"categories":[11,2,20,10],"tags":[36,58,30],"class_list":["post-8685","post","type-post","status-publish","format-standard","has-post-thumbnail","hentry","category-homepage-french","category-politique","category-top-nouvelles","category-toutes-les-actualites","tag-africa-press","tag-africa-press-centrafricaine","tag-centrafricaine"],"yoast_head":"<!-- This site is optimized with the Yoast SEO Premium plugin v26.1 (Yoast SEO v27.0) - https:\/\/yoast.com\/product\/yoast-seo-premium-wordpress\/ -->\n<title>Affaire des 600 nouveaux mercenaires de Wagner, des Centrafricains se doutent de leur pr\u00e9sence en RCA - centrafricaine<\/title>\n<meta name=\"description\" content=\"Bangui, R\u00e9publique centrafricaine, mardi, 6 juillet 2021, 19:11:59 ( Corbeaunews-Centrafrique ). Apr\u00e8s la d\u00e9clar ...\" \/>\n<meta name=\"robots\" content=\"index, follow, max-snippet:-1, max-image-preview:large, max-video-preview:-1\" \/>\n<link rel=\"canonical\" href=\"https:\/\/www.africa-press.net\/centrafricaine\/politique\/affaire-des-600-nouveaux-mercenaires-de-wagner-des-centrafricains-se-doutent-de-leur-presence-en-rca\" \/>\n<meta property=\"og:locale\" content=\"fr_FR\" \/>\n<meta property=\"og:type\" content=\"article\" \/>\n<meta property=\"og:title\" content=\"Affaire des 600 nouveaux mercenaires de Wagner, des Centrafricains se doutent de leur pr\u00e9sence en RCA\" \/>\n<meta property=\"og:description\" content=\"Bangui, R\u00e9publique centrafricaine, mardi, 6 juillet 2021, 19:11:59 ( Corbeaunews-Centrafrique ). Apr\u00e8s la d\u00e9clar ...\" \/>\n<meta property=\"og:url\" content=\"https:\/\/www.africa-press.net\/centrafricaine\/politique\/affaire-des-600-nouveaux-mercenaires-de-wagner-des-centrafricains-se-doutent-de-leur-presence-en-rca\" \/>\n<meta property=\"og:site_name\" content=\"centrafricaine\" \/>\n<meta property=\"article:published_time\" content=\"2021-07-06T13:18:15+00:00\" \/>\n<meta property=\"article:modified_time\" content=\"2021-07-06T19:36:05+00:00\" \/>\n<meta property=\"og:image\" content=\"https:\/\/static.africa-press.net\/centrafricaine\/sites\/45\/2021\/07\/img-60e453d06c0ad.jpg\" \/>\n\t<meta property=\"og:image:width\" content=\"720\" \/>\n\t<meta property=\"og:image:height\" content=\"696\" \/>\n\t<meta property=\"og:image:type\" content=\"image\/jpeg\" \/>\n<meta name=\"author\" content=\"cfeditorfr\" \/>\n<meta name=\"twitter:card\" content=\"summary_large_image\" \/>\n<meta name=\"twitter:label1\" content=\"\u00c9crit par\" \/>\n\t<meta name=\"twitter:data1\" content=\"cfeditorfr\" \/>\n\t<meta name=\"twitter:label2\" content=\"Dur\u00e9e de lecture estim\u00e9e\" \/>\n\t<meta name=\"twitter:data2\" content=\"2 minutes\" \/>\n<script type=\"application\/ld+json\" class=\"yoast-schema-graph\">{\"@context\":\"https:\/\/schema.org\",\"@graph\":[{\"@type\":\"Article\",\"@id\":\"https:\/\/www.africa-press.net\/centrafricaine\/politique\/affaire-des-600-nouveaux-mercenaires-de-wagner-des-centrafricains-se-doutent-de-leur-presence-en-rca#article\",\"isPartOf\":{\"@id\":\"https:\/\/www.africa-press.net\/centrafricaine\/politique\/affaire-des-600-nouveaux-mercenaires-de-wagner-des-centrafricains-se-doutent-de-leur-presence-en-rca\"},\"author\":{\"name\":\"cfeditorfr\",\"@id\":\"https:\/\/www.africa-press.net\/centrafricaine\/#\/schema\/person\/2b1cf3cd81a31e3cd26889ca66d677f1\"},\"headline\":\"Affaire des 600 nouveaux mercenaires de Wagner, des Centrafricains se doutent de leur pr\u00e9sence en RCA\",\"datePublished\":\"2021-07-06T13:18:15+00:00\",\"dateModified\":\"2021-07-06T19:36:05+00:00\",\"mainEntityOfPage\":{\"@id\":\"https:\/\/www.africa-press.net\/centrafricaine\/politique\/affaire-des-600-nouveaux-mercenaires-de-wagner-des-centrafricains-se-doutent-de-leur-presence-en-rca\"},\"wordCount\":360,\"commentCount\":0,\"image\":{\"@id\":\"https:\/\/www.africa-press.net\/centrafricaine\/politique\/affaire-des-600-nouveaux-mercenaires-de-wagner-des-centrafricains-se-doutent-de-leur-presence-en-rca#primaryimage\"},\"thumbnailUrl\":\"https:\/\/static.africa-press.net\/centrafricaine\/sites\/45\/2021\/07\/img-60e453d06c0ad.jpg\",\"keywords\":[\"Africa Press\",\"Africa Press-CentrAfricaine\",\"CentrAfricaine\"],\"articleSection\":[\"homepage-french\",\"Politique\",\"Top Nouvelles\",\"Toutes les actualit\u00e9s\"],\"inLanguage\":\"fr-FR\",\"potentialAction\":[{\"@type\":\"CommentAction\",\"name\":\"Comment\",\"target\":[\"https:\/\/www.africa-press.net\/centrafricaine\/politique\/affaire-des-600-nouveaux-mercenaires-de-wagner-des-centrafricains-se-doutent-de-leur-presence-en-rca#respond\"]}]},{\"@type\":\"WebPage\",\"@id\":\"https:\/\/www.africa-press.net\/centrafricaine\/politique\/affaire-des-600-nouveaux-mercenaires-de-wagner-des-centrafricains-se-doutent-de-leur-presence-en-rca\",\"url\":\"https:\/\/www.africa-press.net\/centrafricaine\/politique\/affaire-des-600-nouveaux-mercenaires-de-wagner-des-centrafricains-se-doutent-de-leur-presence-en-rca\",\"name\":\"Affaire des 600 nouveaux mercenaires de Wagner, des Centrafricains se doutent de leur pr\u00e9sence en RCA - centrafricaine\",\"isPartOf\":{\"@id\":\"https:\/\/www.africa-press.net\/centrafricaine\/#website\"},\"primaryImageOfPage\":{\"@id\":\"https:\/\/www.africa-press.net\/centrafricaine\/politique\/affaire-des-600-nouveaux-mercenaires-de-wagner-des-centrafricains-se-doutent-de-leur-presence-en-rca#primaryimage\"},\"image\":{\"@id\":\"https:\/\/www.africa-press.net\/centrafricaine\/politique\/affaire-des-600-nouveaux-mercenaires-de-wagner-des-centrafricains-se-doutent-de-leur-presence-en-rca#primaryimage\"},\"thumbnailUrl\":\"https:\/\/static.africa-press.net\/centrafricaine\/sites\/45\/2021\/07\/img-60e453d06c0ad.jpg\",\"datePublished\":\"2021-07-06T13:18:15+00:00\",\"dateModified\":\"2021-07-06T19:36:05+00:00\",\"author\":{\"@id\":\"https:\/\/www.africa-press.net\/centrafricaine\/#\/schema\/person\/2b1cf3cd81a31e3cd26889ca66d677f1\"},\"description\":\"Bangui, R\u00e9publique centrafricaine, mardi, 6 juillet 2021, 19:11:59 ( Corbeaunews-Centrafrique ). Apr\u00e8s la d\u00e9clar ...\",\"breadcrumb\":{\"@id\":\"https:\/\/www.africa-press.net\/centrafricaine\/politique\/affaire-des-600-nouveaux-mercenaires-de-wagner-des-centrafricains-se-doutent-de-leur-presence-en-rca#breadcrumb\"},\"inLanguage\":\"fr-FR\",\"potentialAction\":[{\"@type\":\"ReadAction\",\"target\":[\"https:\/\/www.africa-press.net\/centrafricaine\/politique\/affaire-des-600-nouveaux-mercenaires-de-wagner-des-centrafricains-se-doutent-de-leur-presence-en-rca\"]}]},{\"@type\":\"ImageObject\",\"inLanguage\":\"fr-FR\",\"@id\":\"https:\/\/www.africa-press.net\/centrafricaine\/politique\/affaire-des-600-nouveaux-mercenaires-de-wagner-des-centrafricains-se-doutent-de-leur-presence-en-rca#primaryimage\",\"url\":\"https:\/\/static.africa-press.net\/centrafricaine\/sites\/45\/2021\/07\/img-60e453d06c0ad.jpg\",\"contentUrl\":\"https:\/\/static.africa-press.net\/centrafricaine\/sites\/45\/2021\/07\/img-60e453d06c0ad.jpg\",\"width\":720,\"height\":696,\"caption\":\"Affaire des 600 nouveaux mercenaires de Wagner, des Centrafricains se doutent de leur pr\u00e9sence en RCA\"},{\"@type\":\"BreadcrumbList\",\"@id\":\"https:\/\/www.africa-press.net\/centrafricaine\/politique\/affaire-des-600-nouveaux-mercenaires-de-wagner-des-centrafricains-se-doutent-de-leur-presence-en-rca#breadcrumb\",\"itemListElement\":[{\"@type\":\"ListItem\",\"position\":1,\"name\":\"Accueil\",\"item\":\"https:\/\/www.africa-press.net\/centrafricaine\/\"},{\"@type\":\"ListItem\",\"position\":2,\"name\":\"Affaire des 600 nouveaux mercenaires de Wagner, des Centrafricains se doutent de leur pr\u00e9sence en RCA\"}]},{\"@type\":\"WebSite\",\"@id\":\"https:\/\/www.africa-press.net\/centrafricaine\/#website\",\"url\":\"https:\/\/www.africa-press.net\/centrafricaine\/\",\"name\":\"centrafricaine\",\"description\":\"Just another Africa News Agency Sites site\",\"potentialAction\":[{\"@type\":\"SearchAction\",\"target\":{\"@type\":\"EntryPoint\",\"urlTemplate\":\"https:\/\/www.africa-press.net\/centrafricaine\/?s={search_term_string}\"},\"query-input\":{\"@type\":\"PropertyValueSpecification\",\"valueRequired\":true,\"valueName\":\"search_term_string\"}}],\"inLanguage\":\"fr-FR\"},{\"@type\":\"Person\",\"@id\":\"https:\/\/www.africa-press.net\/centrafricaine\/#\/schema\/person\/2b1cf3cd81a31e3cd26889ca66d677f1\",\"name\":\"cfeditorfr\"}]}<\/script>\n<!-- \/ Yoast SEO Premium plugin. -->","yoast_head_json":{"title":"Affaire des 600 nouveaux mercenaires de Wagner, des Centrafricains se doutent de leur pr\u00e9sence en RCA - centrafricaine","description":"Bangui, R\u00e9publique centrafricaine, mardi, 6 juillet 2021, 19:11:59 ( Corbeaunews-Centrafrique ). Apr\u00e8s la d\u00e9clar ...","robots":{"index":"index","follow":"follow","max-snippet":"max-snippet:-1","max-image-preview":"max-image-preview:large","max-video-preview":"max-video-preview:-1"},"canonical":"https:\/\/www.africa-press.net\/centrafricaine\/politique\/affaire-des-600-nouveaux-mercenaires-de-wagner-des-centrafricains-se-doutent-de-leur-presence-en-rca","og_locale":"fr_FR","og_type":"article","og_title":"Affaire des 600 nouveaux mercenaires de Wagner, des Centrafricains se doutent de leur pr\u00e9sence en RCA","og_description":"Bangui, R\u00e9publique centrafricaine, mardi, 6 juillet 2021, 19:11:59 ( Corbeaunews-Centrafrique ). Apr\u00e8s la d\u00e9clar ...","og_url":"https:\/\/www.africa-press.net\/centrafricaine\/politique\/affaire-des-600-nouveaux-mercenaires-de-wagner-des-centrafricains-se-doutent-de-leur-presence-en-rca","og_site_name":"centrafricaine","article_published_time":"2021-07-06T13:18:15+00:00","article_modified_time":"2021-07-06T19:36:05+00:00","og_image":[{"width":720,"height":696,"url":"https:\/\/static.africa-press.net\/centrafricaine\/sites\/45\/2021\/07\/img-60e453d06c0ad.jpg","type":"image\/jpeg"}],"author":"cfeditorfr","twitter_card":"summary_large_image","twitter_misc":{"\u00c9crit par":"cfeditorfr","Dur\u00e9e de lecture estim\u00e9e":"2 minutes"},"schema":{"@context":"https:\/\/schema.org","@graph":[{"@type":"Article","@id":"https:\/\/www.africa-press.net\/centrafricaine\/politique\/affaire-des-600-nouveaux-mercenaires-de-wagner-des-centrafricains-se-doutent-de-leur-presence-en-rca#article","isPartOf":{"@id":"https:\/\/www.africa-press.net\/centrafricaine\/politique\/affaire-des-600-nouveaux-mercenaires-de-wagner-des-centrafricains-se-doutent-de-leur-presence-en-rca"},"author":{"name":"cfeditorfr","@id":"https:\/\/www.africa-press.net\/centrafricaine\/#\/schema\/person\/2b1cf3cd81a31e3cd26889ca66d677f1"},"headline":"Affaire des 600 nouveaux mercenaires de Wagner, des Centrafricains se doutent de leur pr\u00e9sence en RCA","datePublished":"2021-07-06T13:18:15+00:00","dateModified":"2021-07-06T19:36:05+00:00","mainEntityOfPage":{"@id":"https:\/\/www.africa-press.net\/centrafricaine\/politique\/affaire-des-600-nouveaux-mercenaires-de-wagner-des-centrafricains-se-doutent-de-leur-presence-en-rca"},"wordCount":360,"commentCount":0,"image":{"@id":"https:\/\/www.africa-press.net\/centrafricaine\/politique\/affaire-des-600-nouveaux-mercenaires-de-wagner-des-centrafricains-se-doutent-de-leur-presence-en-rca#primaryimage"},"thumbnailUrl":"https:\/\/static.africa-press.net\/centrafricaine\/sites\/45\/2021\/07\/img-60e453d06c0ad.jpg","keywords":["Africa Press","Africa Press-CentrAfricaine","CentrAfricaine"],"articleSection":["homepage-french","Politique","Top Nouvelles","Toutes les actualit\u00e9s"],"inLanguage":"fr-FR","potentialAction":[{"@type":"CommentAction","name":"Comment","target":["https:\/\/www.africa-press.net\/centrafricaine\/politique\/affaire-des-600-nouveaux-mercenaires-de-wagner-des-centrafricains-se-doutent-de-leur-presence-en-rca#respond"]}]},{"@type":"WebPage","@id":"https:\/\/www.africa-press.net\/centrafricaine\/politique\/affaire-des-600-nouveaux-mercenaires-de-wagner-des-centrafricains-se-doutent-de-leur-presence-en-rca","url":"https:\/\/www.africa-press.net\/centrafricaine\/politique\/affaire-des-600-nouveaux-mercenaires-de-wagner-des-centrafricains-se-doutent-de-leur-presence-en-rca","name":"Affaire des 600 nouveaux mercenaires de Wagner, des Centrafricains se doutent de leur pr\u00e9sence en RCA - centrafricaine","isPartOf":{"@id":"https:\/\/www.africa-press.net\/centrafricaine\/#website"},"primaryImageOfPage":{"@id":"https:\/\/www.africa-press.net\/centrafricaine\/politique\/affaire-des-600-nouveaux-mercenaires-de-wagner-des-centrafricains-se-doutent-de-leur-presence-en-rca#primaryimage"},"image":{"@id":"https:\/\/www.africa-press.net\/centrafricaine\/politique\/affaire-des-600-nouveaux-mercenaires-de-wagner-des-centrafricains-se-doutent-de-leur-presence-en-rca#primaryimage"},"thumbnailUrl":"https:\/\/static.africa-press.net\/centrafricaine\/sites\/45\/2021\/07\/img-60e453d06c0ad.jpg","datePublished":"2021-07-06T13:18:15+00:00","dateModified":"2021-07-06T19:36:05+00:00","author":{"@id":"https:\/\/www.africa-press.net\/centrafricaine\/#\/schema\/person\/2b1cf3cd81a31e3cd26889ca66d677f1"},"description":"Bangui, R\u00e9publique centrafricaine, mardi, 6 juillet 2021, 19:11:59 ( Corbeaunews-Centrafrique ). Apr\u00e8s la d\u00e9clar ...","breadcrumb":{"@id":"https:\/\/www.africa-press.net\/centrafricaine\/politique\/affaire-des-600-nouveaux-mercenaires-de-wagner-des-centrafricains-se-doutent-de-leur-presence-en-rca#breadcrumb"},"inLanguage":"fr-FR","potentialAction":[{"@type":"ReadAction","target":["https:\/\/www.africa-press.net\/centrafricaine\/politique\/affaire-des-600-nouveaux-mercenaires-de-wagner-des-centrafricains-se-doutent-de-leur-presence-en-rca"]}]},{"@type":"ImageObject","inLanguage":"fr-FR","@id":"https:\/\/www.africa-press.net\/centrafricaine\/politique\/affaire-des-600-nouveaux-mercenaires-de-wagner-des-centrafricains-se-doutent-de-leur-presence-en-rca#primaryimage","url":"https:\/\/static.africa-press.net\/centrafricaine\/sites\/45\/2021\/07\/img-60e453d06c0ad.jpg","contentUrl":"https:\/\/static.africa-press.net\/centrafricaine\/sites\/45\/2021\/07\/img-60e453d06c0ad.jpg","width":720,"height":696,"caption":"Affaire des 600 nouveaux mercenaires de Wagner, des Centrafricains se doutent de leur pr\u00e9sence en RCA"},{"@type":"BreadcrumbList","@id":"https:\/\/www.africa-press.net\/centrafricaine\/politique\/affaire-des-600-nouveaux-mercenaires-de-wagner-des-centrafricains-se-doutent-de-leur-presence-en-rca#breadcrumb","itemListElement":[{"@type":"ListItem","position":1,"name":"Accueil","item":"https:\/\/www.africa-press.net\/centrafricaine\/"},{"@type":"ListItem","position":2,"name":"Affaire des 600 nouveaux mercenaires de Wagner, des Centrafricains se doutent de leur pr\u00e9sence en RCA"}]},{"@type":"WebSite","@id":"https:\/\/www.africa-press.net\/centrafricaine\/#website","url":"https:\/\/www.africa-press.net\/centrafricaine\/","name":"centrafricaine","description":"Just another Africa News Agency Sites site","potentialAction":[{"@type":"SearchAction","target":{"@type":"EntryPoint","urlTemplate":"https:\/\/www.africa-press.net\/centrafricaine\/?s={search_term_string}"},"query-input":{"@type":"PropertyValueSpecification","valueRequired":true,"valueName":"search_term_string"}}],"inLanguage":"fr-FR"},{"@type":"Person","@id":"https:\/\/www.africa-press.net\/centrafricaine\/#\/schema\/person\/2b1cf3cd81a31e3cd26889ca66d677f1","name":"cfeditorfr"}]}},"_links":{"self":[{"href":"https:\/\/www.africa-press.net\/centrafricaine\/wp-json\/wp\/v2\/posts\/8685","targetHints":{"allow":["GET"]}}],"collection":[{"href":"https:\/\/www.africa-press.net\/centrafricaine\/wp-json\/wp\/v2\/posts"}],"about":[{"href":"https:\/\/www.africa-press.net\/centrafricaine\/wp-json\/wp\/v2\/types\/post"}],"author":[{"embeddable":true,"href":"https:\/\/www.africa-press.net\/centrafricaine\/wp-json\/wp\/v2\/users\/82"}],"replies":[{"embeddable":true,"href":"https:\/\/www.africa-press.net\/centrafricaine\/wp-json\/wp\/v2\/comments?post=8685"}],"version-history":[{"count":0,"href":"https:\/\/www.africa-press.net\/centrafricaine\/wp-json\/wp\/v2\/posts\/8685\/revisions"}],"wp:featuredmedia":[{"embeddable":true,"href":"https:\/\/www.africa-press.net\/centrafricaine\/wp-json\/wp\/v2\/media\/8684"}],"wp:attachment":[{"href":"https:\/\/www.africa-press.net\/centrafricaine\/wp-json\/wp\/v2\/media?parent=8685"}],"wp:term":[{"taxonomy":"category","embeddable":true,"href":"https:\/\/www.africa-press.net\/centrafricaine\/wp-json\/wp\/v2\/categories?post=8685"},{"taxonomy":"post_tag","embeddable":true,"href":"https:\/\/www.africa-press.net\/centrafricaine\/wp-json\/wp\/v2\/tags?post=8685"}],"curies":[{"name":"wp","href":"https:\/\/api.w.org\/{rel}","templated":true}]}}