{"id":8688,"date":"2021-07-06T13:26:58","date_gmt":"2021-07-06T13:26:58","guid":{"rendered":"https:\/\/www.africa-press.net\/centrafricaine\/?p=8688"},"modified":"2021-07-06T19:36:14","modified_gmt":"2021-07-06T19:36:14","slug":"rca-deux-civils-froidement-abattus-par-les-mercenaires-russes-dans-la-localite-de-kabo","status":"publish","type":"post","link":"https:\/\/www.africa-press.net\/centrafricaine\/politique\/rca-deux-civils-froidement-abattus-par-les-mercenaires-russes-dans-la-localite-de-kabo","title":{"rendered":"deux civils froidement abattus par les mercenaires russes dans la localit\u00e9 de Kabo"},"content":{"rendered":"<p><span style=\"color: #ff6600\"><strong><a href=\"https:\/\/www.africa-press.net\/\">Africa-Press<\/a> &#8211; <a href=\"https:\/\/www.africa-press.net\/centrafricaine\">CentrAfricaine<\/a>.\u00a0 <\/strong><\/span>Les faits se sont produits ce lundi 5 juillet 2021 dans la localit\u00e9 de Kabo, non loin de la fronti\u00e8re avec le Tchad, dans la pr\u00e9fecture de l\u2019Ouham-Fafa, au nord-ouest de la R\u00e9publique centrafricaine.<\/p>\n<p>Ce lundi 5 juillet 2021, plusieurs centaines des soldats de l\u2019arm\u00e9e nationale et les mercenaires de Wagner sont arriv\u00e9s dans la sous-pr\u00e9fecture de Kabo, dans l\u2019Ouham-Fafa, au nord-ouest de la RCA. On ignore pr\u00e9sentement le but de ce d\u00e9ploiement massif de ces militaires, mais des sources locales parlent d\u2019un nouveau bruit des bottes proches de la fronti\u00e8re avec le Tchad.<\/p>\n<p>Cependant, \u00e0 24 kilom\u00e8tres de Kabo en allant vers la fronti\u00e8re du Tchad, deux civils centrafricains ont \u00e9t\u00e9 froidement abattus par les mercenaires russes de la soci\u00e9t\u00e9 Wagner. On ignore encore les raisons de ce double crapuleux assassinat.<\/p>\n<p>En outre, certaines sources ind\u00e9pendantes ont indiqu\u00e9 \u00e0 CNC qu\u2019au moins 200 hommes arm\u00e9s non identifi\u00e9s sont sortis et descendent vers le Sud, c\u2019est-\u00e0-dire vers Kaga-Bandoro, dans la pr\u00e9fecture de Nana-Gribizi.<\/p>\n<p>Rappelons qu\u2019au mois d\u2019avril dernier, la ville de Kabo, chef-lieu de la sous-pr\u00e9fecture de la pr\u00e9fecture de l\u2019Ouham-Fafa, situ\u00e9e 60 kilom\u00e8tres au nord de la ville de Batangafo, et au sud de Moyen Sido sur la route nationale n\u00b04 a \u00e9t\u00e9 reprise par les soldats des forces arm\u00e9es centrafricaines (FACA) et leurs alli\u00e9s russes et rwandais aux mains des rebelles de la coalition des patriotes pour le changement (CPC). Les rebelles, quant \u00e0 eux, se sont repli\u00e9s au Nord vers la fronti\u00e8re avec le Tchad.<\/p>\n<p><b>\u00a0<\/b><\/p>\n","protected":false},"excerpt":{"rendered":"<p>Africa-Press &#8211; CentrAfricaine.\u00a0 Les faits se sont produits ce lundi 5 juillet 2021 dans la localit\u00e9 de Kabo, non loin de la fronti\u00e8re avec le Tchad, dans la pr\u00e9fecture de l\u2019Ouham-Fafa, au nord-ouest de la R\u00e9publique centrafricaine. Ce lundi 5 juillet 2021, plusieurs centaines des soldats de l\u2019arm\u00e9e nationale et les mercenaires de Wagner sont [&hellip;]<\/p>\n","protected":false},"author":82,"featured_media":8687,"comment_status":"open","ping_status":"closed","sticky":false,"template":"","format":"standard","meta":{"footnotes":""},"categories":[11,2,20,10],"tags":[36,58,30],"class_list":["post-8688","post","type-post","status-publish","format-standard","has-post-thumbnail","hentry","category-homepage-french","category-politique","category-top-nouvelles","category-toutes-les-actualites","tag-africa-press","tag-africa-press-centrafricaine","tag-centrafricaine"],"yoast_head":"<!-- This site is optimized with the Yoast SEO Premium plugin v26.1 (Yoast SEO v27.0) - https:\/\/yoast.com\/product\/yoast-seo-premium-wordpress\/ -->\n<title>deux civils froidement abattus par les mercenaires russes dans la localit\u00e9 de Kabo - centrafricaine<\/title>\n<meta name=\"description\" content=\"Bangui, R\u00e9publique centrafricaine, mardi, 6 juillet 2021, 03:57:31 ( Corbeaunews-Centrafrique ). Les faits se so ...\" \/>\n<meta name=\"robots\" content=\"index, follow, max-snippet:-1, max-image-preview:large, max-video-preview:-1\" \/>\n<link rel=\"canonical\" href=\"https:\/\/www.africa-press.net\/centrafricaine\/politique\/rca-deux-civils-froidement-abattus-par-les-mercenaires-russes-dans-la-localite-de-kabo\" \/>\n<meta property=\"og:locale\" content=\"fr_FR\" \/>\n<meta property=\"og:type\" content=\"article\" \/>\n<meta property=\"og:title\" content=\"deux civils froidement abattus par les mercenaires russes dans la localit\u00e9 de Kabo\" \/>\n<meta property=\"og:description\" content=\"Bangui, R\u00e9publique centrafricaine, mardi, 6 juillet 2021, 03:57:31 ( Corbeaunews-Centrafrique ). Les faits se so ...\" \/>\n<meta property=\"og:url\" content=\"https:\/\/www.africa-press.net\/centrafricaine\/politique\/rca-deux-civils-froidement-abattus-par-les-mercenaires-russes-dans-la-localite-de-kabo\" \/>\n<meta property=\"og:site_name\" content=\"centrafricaine\" \/>\n<meta property=\"article:published_time\" content=\"2021-07-06T13:26:58+00:00\" \/>\n<meta property=\"article:modified_time\" content=\"2021-07-06T19:36:14+00:00\" \/>\n<meta property=\"og:image\" content=\"https:\/\/static.africa-press.net\/centrafricaine\/sites\/45\/2021\/07\/img-60e453fb0b45c.jpg\" \/>\n\t<meta property=\"og:image:width\" content=\"720\" \/>\n\t<meta property=\"og:image:height\" content=\"679\" \/>\n\t<meta property=\"og:image:type\" content=\"image\/jpeg\" \/>\n<meta name=\"author\" content=\"cfeditorfr\" \/>\n<meta name=\"twitter:card\" content=\"summary_large_image\" \/>\n<meta name=\"twitter:label1\" content=\"\u00c9crit par\" \/>\n\t<meta name=\"twitter:data1\" content=\"cfeditorfr\" \/>\n\t<meta name=\"twitter:label2\" content=\"Dur\u00e9e de lecture estim\u00e9e\" \/>\n\t<meta name=\"twitter:data2\" content=\"2 minutes\" \/>\n<script type=\"application\/ld+json\" class=\"yoast-schema-graph\">{\"@context\":\"https:\/\/schema.org\",\"@graph\":[{\"@type\":\"Article\",\"@id\":\"https:\/\/www.africa-press.net\/centrafricaine\/politique\/rca-deux-civils-froidement-abattus-par-les-mercenaires-russes-dans-la-localite-de-kabo#article\",\"isPartOf\":{\"@id\":\"https:\/\/www.africa-press.net\/centrafricaine\/politique\/rca-deux-civils-froidement-abattus-par-les-mercenaires-russes-dans-la-localite-de-kabo\"},\"author\":{\"name\":\"cfeditorfr\",\"@id\":\"https:\/\/www.africa-press.net\/centrafricaine\/#\/schema\/person\/2b1cf3cd81a31e3cd26889ca66d677f1\"},\"headline\":\"deux civils froidement abattus par les mercenaires russes dans la localit\u00e9 de Kabo\",\"datePublished\":\"2021-07-06T13:26:58+00:00\",\"dateModified\":\"2021-07-06T19:36:14+00:00\",\"mainEntityOfPage\":{\"@id\":\"https:\/\/www.africa-press.net\/centrafricaine\/politique\/rca-deux-civils-froidement-abattus-par-les-mercenaires-russes-dans-la-localite-de-kabo\"},\"wordCount\":288,\"commentCount\":0,\"image\":{\"@id\":\"https:\/\/www.africa-press.net\/centrafricaine\/politique\/rca-deux-civils-froidement-abattus-par-les-mercenaires-russes-dans-la-localite-de-kabo#primaryimage\"},\"thumbnailUrl\":\"https:\/\/static.africa-press.net\/centrafricaine\/sites\/45\/2021\/07\/img-60e453fb0b45c.jpg\",\"keywords\":[\"Africa Press\",\"Africa Press-CentrAfricaine\",\"CentrAfricaine\"],\"articleSection\":[\"homepage-french\",\"Politique\",\"Top Nouvelles\",\"Toutes les actualit\u00e9s\"],\"inLanguage\":\"fr-FR\",\"potentialAction\":[{\"@type\":\"CommentAction\",\"name\":\"Comment\",\"target\":[\"https:\/\/www.africa-press.net\/centrafricaine\/politique\/rca-deux-civils-froidement-abattus-par-les-mercenaires-russes-dans-la-localite-de-kabo#respond\"]}]},{\"@type\":\"WebPage\",\"@id\":\"https:\/\/www.africa-press.net\/centrafricaine\/politique\/rca-deux-civils-froidement-abattus-par-les-mercenaires-russes-dans-la-localite-de-kabo\",\"url\":\"https:\/\/www.africa-press.net\/centrafricaine\/politique\/rca-deux-civils-froidement-abattus-par-les-mercenaires-russes-dans-la-localite-de-kabo\",\"name\":\"deux civils froidement abattus par les mercenaires russes dans la localit\u00e9 de Kabo - centrafricaine\",\"isPartOf\":{\"@id\":\"https:\/\/www.africa-press.net\/centrafricaine\/#website\"},\"primaryImageOfPage\":{\"@id\":\"https:\/\/www.africa-press.net\/centrafricaine\/politique\/rca-deux-civils-froidement-abattus-par-les-mercenaires-russes-dans-la-localite-de-kabo#primaryimage\"},\"image\":{\"@id\":\"https:\/\/www.africa-press.net\/centrafricaine\/politique\/rca-deux-civils-froidement-abattus-par-les-mercenaires-russes-dans-la-localite-de-kabo#primaryimage\"},\"thumbnailUrl\":\"https:\/\/static.africa-press.net\/centrafricaine\/sites\/45\/2021\/07\/img-60e453fb0b45c.jpg\",\"datePublished\":\"2021-07-06T13:26:58+00:00\",\"dateModified\":\"2021-07-06T19:36:14+00:00\",\"author\":{\"@id\":\"https:\/\/www.africa-press.net\/centrafricaine\/#\/schema\/person\/2b1cf3cd81a31e3cd26889ca66d677f1\"},\"description\":\"Bangui, R\u00e9publique centrafricaine, mardi, 6 juillet 2021, 03:57:31 ( Corbeaunews-Centrafrique ). Les faits se so ...\",\"breadcrumb\":{\"@id\":\"https:\/\/www.africa-press.net\/centrafricaine\/politique\/rca-deux-civils-froidement-abattus-par-les-mercenaires-russes-dans-la-localite-de-kabo#breadcrumb\"},\"inLanguage\":\"fr-FR\",\"potentialAction\":[{\"@type\":\"ReadAction\",\"target\":[\"https:\/\/www.africa-press.net\/centrafricaine\/politique\/rca-deux-civils-froidement-abattus-par-les-mercenaires-russes-dans-la-localite-de-kabo\"]}]},{\"@type\":\"ImageObject\",\"inLanguage\":\"fr-FR\",\"@id\":\"https:\/\/www.africa-press.net\/centrafricaine\/politique\/rca-deux-civils-froidement-abattus-par-les-mercenaires-russes-dans-la-localite-de-kabo#primaryimage\",\"url\":\"https:\/\/static.africa-press.net\/centrafricaine\/sites\/45\/2021\/07\/img-60e453fb0b45c.jpg\",\"contentUrl\":\"https:\/\/static.africa-press.net\/centrafricaine\/sites\/45\/2021\/07\/img-60e453fb0b45c.jpg\",\"width\":720,\"height\":679,\"caption\":\"RCA\u00a0: deux civils froidement abattus par les mercenaires russes dans la localit\u00e9 de Kabo\"},{\"@type\":\"BreadcrumbList\",\"@id\":\"https:\/\/www.africa-press.net\/centrafricaine\/politique\/rca-deux-civils-froidement-abattus-par-les-mercenaires-russes-dans-la-localite-de-kabo#breadcrumb\",\"itemListElement\":[{\"@type\":\"ListItem\",\"position\":1,\"name\":\"Accueil\",\"item\":\"https:\/\/www.africa-press.net\/centrafricaine\/\"},{\"@type\":\"ListItem\",\"position\":2,\"name\":\"deux civils froidement abattus par les mercenaires russes dans la localit\u00e9 de Kabo\"}]},{\"@type\":\"WebSite\",\"@id\":\"https:\/\/www.africa-press.net\/centrafricaine\/#website\",\"url\":\"https:\/\/www.africa-press.net\/centrafricaine\/\",\"name\":\"centrafricaine\",\"description\":\"Just another Africa News Agency Sites site\",\"potentialAction\":[{\"@type\":\"SearchAction\",\"target\":{\"@type\":\"EntryPoint\",\"urlTemplate\":\"https:\/\/www.africa-press.net\/centrafricaine\/?s={search_term_string}\"},\"query-input\":{\"@type\":\"PropertyValueSpecification\",\"valueRequired\":true,\"valueName\":\"search_term_string\"}}],\"inLanguage\":\"fr-FR\"},{\"@type\":\"Person\",\"@id\":\"https:\/\/www.africa-press.net\/centrafricaine\/#\/schema\/person\/2b1cf3cd81a31e3cd26889ca66d677f1\",\"name\":\"cfeditorfr\"}]}<\/script>\n<!-- \/ Yoast SEO Premium plugin. -->","yoast_head_json":{"title":"deux civils froidement abattus par les mercenaires russes dans la localit\u00e9 de Kabo - centrafricaine","description":"Bangui, R\u00e9publique centrafricaine, mardi, 6 juillet 2021, 03:57:31 ( Corbeaunews-Centrafrique ). Les faits se so ...","robots":{"index":"index","follow":"follow","max-snippet":"max-snippet:-1","max-image-preview":"max-image-preview:large","max-video-preview":"max-video-preview:-1"},"canonical":"https:\/\/www.africa-press.net\/centrafricaine\/politique\/rca-deux-civils-froidement-abattus-par-les-mercenaires-russes-dans-la-localite-de-kabo","og_locale":"fr_FR","og_type":"article","og_title":"deux civils froidement abattus par les mercenaires russes dans la localit\u00e9 de Kabo","og_description":"Bangui, R\u00e9publique centrafricaine, mardi, 6 juillet 2021, 03:57:31 ( Corbeaunews-Centrafrique ). Les faits se so ...","og_url":"https:\/\/www.africa-press.net\/centrafricaine\/politique\/rca-deux-civils-froidement-abattus-par-les-mercenaires-russes-dans-la-localite-de-kabo","og_site_name":"centrafricaine","article_published_time":"2021-07-06T13:26:58+00:00","article_modified_time":"2021-07-06T19:36:14+00:00","og_image":[{"width":720,"height":679,"url":"https:\/\/static.africa-press.net\/centrafricaine\/sites\/45\/2021\/07\/img-60e453fb0b45c.jpg","type":"image\/jpeg"}],"author":"cfeditorfr","twitter_card":"summary_large_image","twitter_misc":{"\u00c9crit par":"cfeditorfr","Dur\u00e9e de lecture estim\u00e9e":"2 minutes"},"schema":{"@context":"https:\/\/schema.org","@graph":[{"@type":"Article","@id":"https:\/\/www.africa-press.net\/centrafricaine\/politique\/rca-deux-civils-froidement-abattus-par-les-mercenaires-russes-dans-la-localite-de-kabo#article","isPartOf":{"@id":"https:\/\/www.africa-press.net\/centrafricaine\/politique\/rca-deux-civils-froidement-abattus-par-les-mercenaires-russes-dans-la-localite-de-kabo"},"author":{"name":"cfeditorfr","@id":"https:\/\/www.africa-press.net\/centrafricaine\/#\/schema\/person\/2b1cf3cd81a31e3cd26889ca66d677f1"},"headline":"deux civils froidement abattus par les mercenaires russes dans la localit\u00e9 de Kabo","datePublished":"2021-07-06T13:26:58+00:00","dateModified":"2021-07-06T19:36:14+00:00","mainEntityOfPage":{"@id":"https:\/\/www.africa-press.net\/centrafricaine\/politique\/rca-deux-civils-froidement-abattus-par-les-mercenaires-russes-dans-la-localite-de-kabo"},"wordCount":288,"commentCount":0,"image":{"@id":"https:\/\/www.africa-press.net\/centrafricaine\/politique\/rca-deux-civils-froidement-abattus-par-les-mercenaires-russes-dans-la-localite-de-kabo#primaryimage"},"thumbnailUrl":"https:\/\/static.africa-press.net\/centrafricaine\/sites\/45\/2021\/07\/img-60e453fb0b45c.jpg","keywords":["Africa Press","Africa Press-CentrAfricaine","CentrAfricaine"],"articleSection":["homepage-french","Politique","Top Nouvelles","Toutes les actualit\u00e9s"],"inLanguage":"fr-FR","potentialAction":[{"@type":"CommentAction","name":"Comment","target":["https:\/\/www.africa-press.net\/centrafricaine\/politique\/rca-deux-civils-froidement-abattus-par-les-mercenaires-russes-dans-la-localite-de-kabo#respond"]}]},{"@type":"WebPage","@id":"https:\/\/www.africa-press.net\/centrafricaine\/politique\/rca-deux-civils-froidement-abattus-par-les-mercenaires-russes-dans-la-localite-de-kabo","url":"https:\/\/www.africa-press.net\/centrafricaine\/politique\/rca-deux-civils-froidement-abattus-par-les-mercenaires-russes-dans-la-localite-de-kabo","name":"deux civils froidement abattus par les mercenaires russes dans la localit\u00e9 de Kabo - centrafricaine","isPartOf":{"@id":"https:\/\/www.africa-press.net\/centrafricaine\/#website"},"primaryImageOfPage":{"@id":"https:\/\/www.africa-press.net\/centrafricaine\/politique\/rca-deux-civils-froidement-abattus-par-les-mercenaires-russes-dans-la-localite-de-kabo#primaryimage"},"image":{"@id":"https:\/\/www.africa-press.net\/centrafricaine\/politique\/rca-deux-civils-froidement-abattus-par-les-mercenaires-russes-dans-la-localite-de-kabo#primaryimage"},"thumbnailUrl":"https:\/\/static.africa-press.net\/centrafricaine\/sites\/45\/2021\/07\/img-60e453fb0b45c.jpg","datePublished":"2021-07-06T13:26:58+00:00","dateModified":"2021-07-06T19:36:14+00:00","author":{"@id":"https:\/\/www.africa-press.net\/centrafricaine\/#\/schema\/person\/2b1cf3cd81a31e3cd26889ca66d677f1"},"description":"Bangui, R\u00e9publique centrafricaine, mardi, 6 juillet 2021, 03:57:31 ( Corbeaunews-Centrafrique ). Les faits se so ...","breadcrumb":{"@id":"https:\/\/www.africa-press.net\/centrafricaine\/politique\/rca-deux-civils-froidement-abattus-par-les-mercenaires-russes-dans-la-localite-de-kabo#breadcrumb"},"inLanguage":"fr-FR","potentialAction":[{"@type":"ReadAction","target":["https:\/\/www.africa-press.net\/centrafricaine\/politique\/rca-deux-civils-froidement-abattus-par-les-mercenaires-russes-dans-la-localite-de-kabo"]}]},{"@type":"ImageObject","inLanguage":"fr-FR","@id":"https:\/\/www.africa-press.net\/centrafricaine\/politique\/rca-deux-civils-froidement-abattus-par-les-mercenaires-russes-dans-la-localite-de-kabo#primaryimage","url":"https:\/\/static.africa-press.net\/centrafricaine\/sites\/45\/2021\/07\/img-60e453fb0b45c.jpg","contentUrl":"https:\/\/static.africa-press.net\/centrafricaine\/sites\/45\/2021\/07\/img-60e453fb0b45c.jpg","width":720,"height":679,"caption":"RCA\u00a0: deux civils froidement abattus par les mercenaires russes dans la localit\u00e9 de Kabo"},{"@type":"BreadcrumbList","@id":"https:\/\/www.africa-press.net\/centrafricaine\/politique\/rca-deux-civils-froidement-abattus-par-les-mercenaires-russes-dans-la-localite-de-kabo#breadcrumb","itemListElement":[{"@type":"ListItem","position":1,"name":"Accueil","item":"https:\/\/www.africa-press.net\/centrafricaine\/"},{"@type":"ListItem","position":2,"name":"deux civils froidement abattus par les mercenaires russes dans la localit\u00e9 de Kabo"}]},{"@type":"WebSite","@id":"https:\/\/www.africa-press.net\/centrafricaine\/#website","url":"https:\/\/www.africa-press.net\/centrafricaine\/","name":"centrafricaine","description":"Just another Africa News Agency Sites site","potentialAction":[{"@type":"SearchAction","target":{"@type":"EntryPoint","urlTemplate":"https:\/\/www.africa-press.net\/centrafricaine\/?s={search_term_string}"},"query-input":{"@type":"PropertyValueSpecification","valueRequired":true,"valueName":"search_term_string"}}],"inLanguage":"fr-FR"},{"@type":"Person","@id":"https:\/\/www.africa-press.net\/centrafricaine\/#\/schema\/person\/2b1cf3cd81a31e3cd26889ca66d677f1","name":"cfeditorfr"}]}},"_links":{"self":[{"href":"https:\/\/www.africa-press.net\/centrafricaine\/wp-json\/wp\/v2\/posts\/8688","targetHints":{"allow":["GET"]}}],"collection":[{"href":"https:\/\/www.africa-press.net\/centrafricaine\/wp-json\/wp\/v2\/posts"}],"about":[{"href":"https:\/\/www.africa-press.net\/centrafricaine\/wp-json\/wp\/v2\/types\/post"}],"author":[{"embeddable":true,"href":"https:\/\/www.africa-press.net\/centrafricaine\/wp-json\/wp\/v2\/users\/82"}],"replies":[{"embeddable":true,"href":"https:\/\/www.africa-press.net\/centrafricaine\/wp-json\/wp\/v2\/comments?post=8688"}],"version-history":[{"count":0,"href":"https:\/\/www.africa-press.net\/centrafricaine\/wp-json\/wp\/v2\/posts\/8688\/revisions"}],"wp:featuredmedia":[{"embeddable":true,"href":"https:\/\/www.africa-press.net\/centrafricaine\/wp-json\/wp\/v2\/media\/8687"}],"wp:attachment":[{"href":"https:\/\/www.africa-press.net\/centrafricaine\/wp-json\/wp\/v2\/media?parent=8688"}],"wp:term":[{"taxonomy":"category","embeddable":true,"href":"https:\/\/www.africa-press.net\/centrafricaine\/wp-json\/wp\/v2\/categories?post=8688"},{"taxonomy":"post_tag","embeddable":true,"href":"https:\/\/www.africa-press.net\/centrafricaine\/wp-json\/wp\/v2\/tags?post=8688"}],"curies":[{"name":"wp","href":"https:\/\/api.w.org\/{rel}","templated":true}]}}