{"id":8691,"date":"2021-07-06T13:32:44","date_gmt":"2021-07-06T13:32:44","guid":{"rendered":"https:\/\/www.africa-press.net\/centrafricaine\/?p=8691"},"modified":"2021-07-06T19:36:26","modified_gmt":"2021-07-06T19:36:26","slug":"rca-au-moins-3-personnes-tuees-un-camion-et-6-motos-incendies-par-les-rebelles-de-la-cpc-dans-le-nord-ouest","status":"publish","type":"post","link":"https:\/\/www.africa-press.net\/centrafricaine\/politique\/rca-au-moins-3-personnes-tuees-un-camion-et-6-motos-incendies-par-les-rebelles-de-la-cpc-dans-le-nord-ouest","title":{"rendered":"au moins 3 personnes tu\u00e9es, un camion et 6 motos incendi\u00e9s par les rebelles de la \u00a0CPC dans le Nord-ouest"},"content":{"rendered":"<p><span style=\"color: #ff6600\"><strong><a href=\"https:\/\/www.africa-press.net\/\">Africa-Press<\/a> &#8211; <a href=\"https:\/\/www.africa-press.net\/centrafricaine\">CentrAfricaine<\/a>.\u00a0 <\/strong><\/span>La s\u00e9curit\u00e9 n\u2019existe d\u00e9sormais nulle part dans les pr\u00e9fectures de l\u2019Ouham-P\u00e9nd\u00e9 et de Lim-Pend\u00e9. Les r\u00e9gions sont en train de sombrer. La coalition des patriotes pour le changement (CPC) n\u2019\u00e9pargne maintenant personne, encore moins les camions et les motos. Les rebelles ex\u00e9cutent, pillent et incendient les camions des marchandises en d\u00e9sordre.<\/p>\n<p>Cette semaine, on compte d\u00e9j\u00e0 plusieurs motos et camions calcin\u00e9s, des sommes d\u2019argent emport\u00e9es et des personnes tu\u00e9es. C\u2019est d\u2019ailleurs c\u2019est ce qui s\u2019est pass\u00e9 cette semaine.<\/p>\n<p>\u00c0 Boyna, au moins 3 personnes tu\u00e9es et 6 motos incendi\u00e9es par les rebelles de la CPC. Et comme si cela ne suffisait pas, \u00e0 5 kilom\u00e8tres du village Tal\u00e9, situ\u00e9 entre Paoua et Bozoum, 1 camion affr\u00e9t\u00e9 par le programme alimentaire mondial avec des produits alimentaires et 8 motos ont \u00e9t\u00e9 incendi\u00e9s, et les rebelles de la CPC ont emport\u00e9 \u00e9galement une forte sommes d\u2019argent.<\/p>\n<p>Selon les populations locales, les rebelles ont chang\u00e9 d\u00e9sormais leur mode d\u2019action sur le terrain, et la situation s\u00e9curitaire de la zone de Koui, Ndim et Ngaoundaye reste toujours volatile.<\/p>\n<p>\u00c0 Paoua, \u00e0 Bocaranga comme \u00e0 Bozoum, les habitants se plaignent de la mont\u00e9e des prix sur les march\u00e9s locaux. Plusieurs commer\u00e7ants se disent prendre au s\u00e9rieux cette nouvelle menace. Ils disent vouloir \u00e9viter d\u00e9sormais de prendre le chemin de Mba\u00efmboum ou de la fronti\u00e8re du Cameroun afin d\u2019approvisionner leur magasin et \u00e9viter de tomber sur les rebelles de la CPC qui pourraient incendier leur engin, mais aussi emporter leur billet de banque. Si bien que les produits de premi\u00e8re n\u00e9cessit\u00e9 se font de plus en plus rares sur les march\u00e9s locaux.<\/p>\n<p>Cependant, les observateurs locaux pensent qu\u2019\u00e0 d\u00e9faut d\u2019asphyxier la ville de Bangui, les rebelles du CPC pr\u00e9f\u00e8rent isoler plus facilement la r\u00e9gion du Nord-ouest, une R\u00e9gion qui alimente aussi Bangui en arachide, haricots, tabacs.<\/p>\n<p><b>\u00a0<\/b><\/p>\n","protected":false},"excerpt":{"rendered":"<p>Africa-Press &#8211; CentrAfricaine.\u00a0 La s\u00e9curit\u00e9 n\u2019existe d\u00e9sormais nulle part dans les pr\u00e9fectures de l\u2019Ouham-P\u00e9nd\u00e9 et de Lim-Pend\u00e9. Les r\u00e9gions sont en train de sombrer. La coalition des patriotes pour le changement (CPC) n\u2019\u00e9pargne maintenant personne, encore moins les camions et les motos. Les rebelles ex\u00e9cutent, pillent et incendient les camions des marchandises en d\u00e9sordre. Cette [&hellip;]<\/p>\n","protected":false},"author":82,"featured_media":8690,"comment_status":"open","ping_status":"closed","sticky":false,"template":"","format":"standard","meta":{"footnotes":""},"categories":[11,2,10],"tags":[36,58,30],"class_list":["post-8691","post","type-post","status-publish","format-standard","has-post-thumbnail","hentry","category-homepage-french","category-politique","category-toutes-les-actualites","tag-africa-press","tag-africa-press-centrafricaine","tag-centrafricaine"],"yoast_head":"<!-- This site is optimized with the Yoast SEO Premium plugin v26.1 (Yoast SEO v27.0) - https:\/\/yoast.com\/product\/yoast-seo-premium-wordpress\/ -->\n<title>au moins 3 personnes tu\u00e9es, un camion et 6 motos incendi\u00e9s par les rebelles de la \u00a0CPC dans le Nord-ouest - centrafricaine<\/title>\n<meta name=\"description\" content=\"Bangui, R\u00e9publique centrafricaine, mardi, 6 juillet 2021, 03:56:55 ( Corbeaunews-Centrafrique ). La s\u00e9curit\u00e9 n\u2019e ...\" \/>\n<meta name=\"robots\" content=\"index, follow, max-snippet:-1, max-image-preview:large, max-video-preview:-1\" \/>\n<link rel=\"canonical\" href=\"https:\/\/www.africa-press.net\/centrafricaine\/politique\/rca-au-moins-3-personnes-tuees-un-camion-et-6-motos-incendies-par-les-rebelles-de-la-cpc-dans-le-nord-ouest\" \/>\n<meta property=\"og:locale\" content=\"fr_FR\" \/>\n<meta property=\"og:type\" content=\"article\" \/>\n<meta property=\"og:title\" content=\"au moins 3 personnes tu\u00e9es, un camion et 6 motos incendi\u00e9s par les rebelles de la \u00a0CPC dans le Nord-ouest\" \/>\n<meta property=\"og:description\" content=\"Bangui, R\u00e9publique centrafricaine, mardi, 6 juillet 2021, 03:56:55 ( Corbeaunews-Centrafrique ). La s\u00e9curit\u00e9 n\u2019e ...\" \/>\n<meta property=\"og:url\" content=\"https:\/\/www.africa-press.net\/centrafricaine\/politique\/rca-au-moins-3-personnes-tuees-un-camion-et-6-motos-incendies-par-les-rebelles-de-la-cpc-dans-le-nord-ouest\" \/>\n<meta property=\"og:site_name\" content=\"centrafricaine\" \/>\n<meta property=\"article:published_time\" content=\"2021-07-06T13:32:44+00:00\" \/>\n<meta property=\"article:modified_time\" content=\"2021-07-06T19:36:26+00:00\" \/>\n<meta property=\"og:image\" content=\"https:\/\/static.africa-press.net\/centrafricaine\/sites\/45\/2021\/07\/img-60e45428b1479.jpg\" \/>\n\t<meta property=\"og:image:width\" content=\"720\" \/>\n\t<meta property=\"og:image:height\" content=\"538\" \/>\n\t<meta property=\"og:image:type\" content=\"image\/jpeg\" \/>\n<meta name=\"author\" content=\"cfeditorfr\" \/>\n<meta name=\"twitter:card\" content=\"summary_large_image\" \/>\n<meta name=\"twitter:label1\" content=\"\u00c9crit par\" \/>\n\t<meta name=\"twitter:data1\" content=\"cfeditorfr\" \/>\n\t<meta name=\"twitter:label2\" content=\"Dur\u00e9e de lecture estim\u00e9e\" \/>\n\t<meta name=\"twitter:data2\" content=\"2 minutes\" \/>\n<script type=\"application\/ld+json\" class=\"yoast-schema-graph\">{\"@context\":\"https:\/\/schema.org\",\"@graph\":[{\"@type\":\"Article\",\"@id\":\"https:\/\/www.africa-press.net\/centrafricaine\/politique\/rca-au-moins-3-personnes-tuees-un-camion-et-6-motos-incendies-par-les-rebelles-de-la-cpc-dans-le-nord-ouest#article\",\"isPartOf\":{\"@id\":\"https:\/\/www.africa-press.net\/centrafricaine\/politique\/rca-au-moins-3-personnes-tuees-un-camion-et-6-motos-incendies-par-les-rebelles-de-la-cpc-dans-le-nord-ouest\"},\"author\":{\"name\":\"cfeditorfr\",\"@id\":\"https:\/\/www.africa-press.net\/centrafricaine\/#\/schema\/person\/2b1cf3cd81a31e3cd26889ca66d677f1\"},\"headline\":\"au moins 3 personnes tu\u00e9es, un camion et 6 motos incendi\u00e9s par les rebelles de la \u00a0CPC dans le Nord-ouest\",\"datePublished\":\"2021-07-06T13:32:44+00:00\",\"dateModified\":\"2021-07-06T19:36:26+00:00\",\"mainEntityOfPage\":{\"@id\":\"https:\/\/www.africa-press.net\/centrafricaine\/politique\/rca-au-moins-3-personnes-tuees-un-camion-et-6-motos-incendies-par-les-rebelles-de-la-cpc-dans-le-nord-ouest\"},\"wordCount\":358,\"commentCount\":0,\"image\":{\"@id\":\"https:\/\/www.africa-press.net\/centrafricaine\/politique\/rca-au-moins-3-personnes-tuees-un-camion-et-6-motos-incendies-par-les-rebelles-de-la-cpc-dans-le-nord-ouest#primaryimage\"},\"thumbnailUrl\":\"https:\/\/static.africa-press.net\/centrafricaine\/sites\/45\/2021\/07\/img-60e45428b1479.jpg\",\"keywords\":[\"Africa Press\",\"Africa Press-CentrAfricaine\",\"CentrAfricaine\"],\"articleSection\":[\"homepage-french\",\"Politique\",\"Toutes les actualit\u00e9s\"],\"inLanguage\":\"fr-FR\",\"potentialAction\":[{\"@type\":\"CommentAction\",\"name\":\"Comment\",\"target\":[\"https:\/\/www.africa-press.net\/centrafricaine\/politique\/rca-au-moins-3-personnes-tuees-un-camion-et-6-motos-incendies-par-les-rebelles-de-la-cpc-dans-le-nord-ouest#respond\"]}]},{\"@type\":\"WebPage\",\"@id\":\"https:\/\/www.africa-press.net\/centrafricaine\/politique\/rca-au-moins-3-personnes-tuees-un-camion-et-6-motos-incendies-par-les-rebelles-de-la-cpc-dans-le-nord-ouest\",\"url\":\"https:\/\/www.africa-press.net\/centrafricaine\/politique\/rca-au-moins-3-personnes-tuees-un-camion-et-6-motos-incendies-par-les-rebelles-de-la-cpc-dans-le-nord-ouest\",\"name\":\"au moins 3 personnes tu\u00e9es, un camion et 6 motos incendi\u00e9s par les rebelles de la \u00a0CPC dans le Nord-ouest - centrafricaine\",\"isPartOf\":{\"@id\":\"https:\/\/www.africa-press.net\/centrafricaine\/#website\"},\"primaryImageOfPage\":{\"@id\":\"https:\/\/www.africa-press.net\/centrafricaine\/politique\/rca-au-moins-3-personnes-tuees-un-camion-et-6-motos-incendies-par-les-rebelles-de-la-cpc-dans-le-nord-ouest#primaryimage\"},\"image\":{\"@id\":\"https:\/\/www.africa-press.net\/centrafricaine\/politique\/rca-au-moins-3-personnes-tuees-un-camion-et-6-motos-incendies-par-les-rebelles-de-la-cpc-dans-le-nord-ouest#primaryimage\"},\"thumbnailUrl\":\"https:\/\/static.africa-press.net\/centrafricaine\/sites\/45\/2021\/07\/img-60e45428b1479.jpg\",\"datePublished\":\"2021-07-06T13:32:44+00:00\",\"dateModified\":\"2021-07-06T19:36:26+00:00\",\"author\":{\"@id\":\"https:\/\/www.africa-press.net\/centrafricaine\/#\/schema\/person\/2b1cf3cd81a31e3cd26889ca66d677f1\"},\"description\":\"Bangui, R\u00e9publique centrafricaine, mardi, 6 juillet 2021, 03:56:55 ( Corbeaunews-Centrafrique ). La s\u00e9curit\u00e9 n\u2019e ...\",\"breadcrumb\":{\"@id\":\"https:\/\/www.africa-press.net\/centrafricaine\/politique\/rca-au-moins-3-personnes-tuees-un-camion-et-6-motos-incendies-par-les-rebelles-de-la-cpc-dans-le-nord-ouest#breadcrumb\"},\"inLanguage\":\"fr-FR\",\"potentialAction\":[{\"@type\":\"ReadAction\",\"target\":[\"https:\/\/www.africa-press.net\/centrafricaine\/politique\/rca-au-moins-3-personnes-tuees-un-camion-et-6-motos-incendies-par-les-rebelles-de-la-cpc-dans-le-nord-ouest\"]}]},{\"@type\":\"ImageObject\",\"inLanguage\":\"fr-FR\",\"@id\":\"https:\/\/www.africa-press.net\/centrafricaine\/politique\/rca-au-moins-3-personnes-tuees-un-camion-et-6-motos-incendies-par-les-rebelles-de-la-cpc-dans-le-nord-ouest#primaryimage\",\"url\":\"https:\/\/static.africa-press.net\/centrafricaine\/sites\/45\/2021\/07\/img-60e45428b1479.jpg\",\"contentUrl\":\"https:\/\/static.africa-press.net\/centrafricaine\/sites\/45\/2021\/07\/img-60e45428b1479.jpg\",\"width\":720,\"height\":538,\"caption\":\"RCA\u00a0: au moins 3 personnes tu\u00e9es, un camion et 6 motos incendi\u00e9s par les rebelles de la \u00a0CPC dans le Nord-ouest\"},{\"@type\":\"BreadcrumbList\",\"@id\":\"https:\/\/www.africa-press.net\/centrafricaine\/politique\/rca-au-moins-3-personnes-tuees-un-camion-et-6-motos-incendies-par-les-rebelles-de-la-cpc-dans-le-nord-ouest#breadcrumb\",\"itemListElement\":[{\"@type\":\"ListItem\",\"position\":1,\"name\":\"Accueil\",\"item\":\"https:\/\/www.africa-press.net\/centrafricaine\/\"},{\"@type\":\"ListItem\",\"position\":2,\"name\":\"au moins 3 personnes tu\u00e9es, un camion et 6 motos incendi\u00e9s par les rebelles de la \u00a0CPC dans le Nord-ouest\"}]},{\"@type\":\"WebSite\",\"@id\":\"https:\/\/www.africa-press.net\/centrafricaine\/#website\",\"url\":\"https:\/\/www.africa-press.net\/centrafricaine\/\",\"name\":\"centrafricaine\",\"description\":\"Just another Africa News Agency Sites site\",\"potentialAction\":[{\"@type\":\"SearchAction\",\"target\":{\"@type\":\"EntryPoint\",\"urlTemplate\":\"https:\/\/www.africa-press.net\/centrafricaine\/?s={search_term_string}\"},\"query-input\":{\"@type\":\"PropertyValueSpecification\",\"valueRequired\":true,\"valueName\":\"search_term_string\"}}],\"inLanguage\":\"fr-FR\"},{\"@type\":\"Person\",\"@id\":\"https:\/\/www.africa-press.net\/centrafricaine\/#\/schema\/person\/2b1cf3cd81a31e3cd26889ca66d677f1\",\"name\":\"cfeditorfr\"}]}<\/script>\n<!-- \/ Yoast SEO Premium plugin. -->","yoast_head_json":{"title":"au moins 3 personnes tu\u00e9es, un camion et 6 motos incendi\u00e9s par les rebelles de la \u00a0CPC dans le Nord-ouest - centrafricaine","description":"Bangui, R\u00e9publique centrafricaine, mardi, 6 juillet 2021, 03:56:55 ( Corbeaunews-Centrafrique ). La s\u00e9curit\u00e9 n\u2019e ...","robots":{"index":"index","follow":"follow","max-snippet":"max-snippet:-1","max-image-preview":"max-image-preview:large","max-video-preview":"max-video-preview:-1"},"canonical":"https:\/\/www.africa-press.net\/centrafricaine\/politique\/rca-au-moins-3-personnes-tuees-un-camion-et-6-motos-incendies-par-les-rebelles-de-la-cpc-dans-le-nord-ouest","og_locale":"fr_FR","og_type":"article","og_title":"au moins 3 personnes tu\u00e9es, un camion et 6 motos incendi\u00e9s par les rebelles de la \u00a0CPC dans le Nord-ouest","og_description":"Bangui, R\u00e9publique centrafricaine, mardi, 6 juillet 2021, 03:56:55 ( Corbeaunews-Centrafrique ). La s\u00e9curit\u00e9 n\u2019e ...","og_url":"https:\/\/www.africa-press.net\/centrafricaine\/politique\/rca-au-moins-3-personnes-tuees-un-camion-et-6-motos-incendies-par-les-rebelles-de-la-cpc-dans-le-nord-ouest","og_site_name":"centrafricaine","article_published_time":"2021-07-06T13:32:44+00:00","article_modified_time":"2021-07-06T19:36:26+00:00","og_image":[{"width":720,"height":538,"url":"https:\/\/static.africa-press.net\/centrafricaine\/sites\/45\/2021\/07\/img-60e45428b1479.jpg","type":"image\/jpeg"}],"author":"cfeditorfr","twitter_card":"summary_large_image","twitter_misc":{"\u00c9crit par":"cfeditorfr","Dur\u00e9e de lecture estim\u00e9e":"2 minutes"},"schema":{"@context":"https:\/\/schema.org","@graph":[{"@type":"Article","@id":"https:\/\/www.africa-press.net\/centrafricaine\/politique\/rca-au-moins-3-personnes-tuees-un-camion-et-6-motos-incendies-par-les-rebelles-de-la-cpc-dans-le-nord-ouest#article","isPartOf":{"@id":"https:\/\/www.africa-press.net\/centrafricaine\/politique\/rca-au-moins-3-personnes-tuees-un-camion-et-6-motos-incendies-par-les-rebelles-de-la-cpc-dans-le-nord-ouest"},"author":{"name":"cfeditorfr","@id":"https:\/\/www.africa-press.net\/centrafricaine\/#\/schema\/person\/2b1cf3cd81a31e3cd26889ca66d677f1"},"headline":"au moins 3 personnes tu\u00e9es, un camion et 6 motos incendi\u00e9s par les rebelles de la \u00a0CPC dans le Nord-ouest","datePublished":"2021-07-06T13:32:44+00:00","dateModified":"2021-07-06T19:36:26+00:00","mainEntityOfPage":{"@id":"https:\/\/www.africa-press.net\/centrafricaine\/politique\/rca-au-moins-3-personnes-tuees-un-camion-et-6-motos-incendies-par-les-rebelles-de-la-cpc-dans-le-nord-ouest"},"wordCount":358,"commentCount":0,"image":{"@id":"https:\/\/www.africa-press.net\/centrafricaine\/politique\/rca-au-moins-3-personnes-tuees-un-camion-et-6-motos-incendies-par-les-rebelles-de-la-cpc-dans-le-nord-ouest#primaryimage"},"thumbnailUrl":"https:\/\/static.africa-press.net\/centrafricaine\/sites\/45\/2021\/07\/img-60e45428b1479.jpg","keywords":["Africa Press","Africa Press-CentrAfricaine","CentrAfricaine"],"articleSection":["homepage-french","Politique","Toutes les actualit\u00e9s"],"inLanguage":"fr-FR","potentialAction":[{"@type":"CommentAction","name":"Comment","target":["https:\/\/www.africa-press.net\/centrafricaine\/politique\/rca-au-moins-3-personnes-tuees-un-camion-et-6-motos-incendies-par-les-rebelles-de-la-cpc-dans-le-nord-ouest#respond"]}]},{"@type":"WebPage","@id":"https:\/\/www.africa-press.net\/centrafricaine\/politique\/rca-au-moins-3-personnes-tuees-un-camion-et-6-motos-incendies-par-les-rebelles-de-la-cpc-dans-le-nord-ouest","url":"https:\/\/www.africa-press.net\/centrafricaine\/politique\/rca-au-moins-3-personnes-tuees-un-camion-et-6-motos-incendies-par-les-rebelles-de-la-cpc-dans-le-nord-ouest","name":"au moins 3 personnes tu\u00e9es, un camion et 6 motos incendi\u00e9s par les rebelles de la \u00a0CPC dans le Nord-ouest - centrafricaine","isPartOf":{"@id":"https:\/\/www.africa-press.net\/centrafricaine\/#website"},"primaryImageOfPage":{"@id":"https:\/\/www.africa-press.net\/centrafricaine\/politique\/rca-au-moins-3-personnes-tuees-un-camion-et-6-motos-incendies-par-les-rebelles-de-la-cpc-dans-le-nord-ouest#primaryimage"},"image":{"@id":"https:\/\/www.africa-press.net\/centrafricaine\/politique\/rca-au-moins-3-personnes-tuees-un-camion-et-6-motos-incendies-par-les-rebelles-de-la-cpc-dans-le-nord-ouest#primaryimage"},"thumbnailUrl":"https:\/\/static.africa-press.net\/centrafricaine\/sites\/45\/2021\/07\/img-60e45428b1479.jpg","datePublished":"2021-07-06T13:32:44+00:00","dateModified":"2021-07-06T19:36:26+00:00","author":{"@id":"https:\/\/www.africa-press.net\/centrafricaine\/#\/schema\/person\/2b1cf3cd81a31e3cd26889ca66d677f1"},"description":"Bangui, R\u00e9publique centrafricaine, mardi, 6 juillet 2021, 03:56:55 ( Corbeaunews-Centrafrique ). La s\u00e9curit\u00e9 n\u2019e ...","breadcrumb":{"@id":"https:\/\/www.africa-press.net\/centrafricaine\/politique\/rca-au-moins-3-personnes-tuees-un-camion-et-6-motos-incendies-par-les-rebelles-de-la-cpc-dans-le-nord-ouest#breadcrumb"},"inLanguage":"fr-FR","potentialAction":[{"@type":"ReadAction","target":["https:\/\/www.africa-press.net\/centrafricaine\/politique\/rca-au-moins-3-personnes-tuees-un-camion-et-6-motos-incendies-par-les-rebelles-de-la-cpc-dans-le-nord-ouest"]}]},{"@type":"ImageObject","inLanguage":"fr-FR","@id":"https:\/\/www.africa-press.net\/centrafricaine\/politique\/rca-au-moins-3-personnes-tuees-un-camion-et-6-motos-incendies-par-les-rebelles-de-la-cpc-dans-le-nord-ouest#primaryimage","url":"https:\/\/static.africa-press.net\/centrafricaine\/sites\/45\/2021\/07\/img-60e45428b1479.jpg","contentUrl":"https:\/\/static.africa-press.net\/centrafricaine\/sites\/45\/2021\/07\/img-60e45428b1479.jpg","width":720,"height":538,"caption":"RCA\u00a0: au moins 3 personnes tu\u00e9es, un camion et 6 motos incendi\u00e9s par les rebelles de la \u00a0CPC dans le Nord-ouest"},{"@type":"BreadcrumbList","@id":"https:\/\/www.africa-press.net\/centrafricaine\/politique\/rca-au-moins-3-personnes-tuees-un-camion-et-6-motos-incendies-par-les-rebelles-de-la-cpc-dans-le-nord-ouest#breadcrumb","itemListElement":[{"@type":"ListItem","position":1,"name":"Accueil","item":"https:\/\/www.africa-press.net\/centrafricaine\/"},{"@type":"ListItem","position":2,"name":"au moins 3 personnes tu\u00e9es, un camion et 6 motos incendi\u00e9s par les rebelles de la \u00a0CPC dans le Nord-ouest"}]},{"@type":"WebSite","@id":"https:\/\/www.africa-press.net\/centrafricaine\/#website","url":"https:\/\/www.africa-press.net\/centrafricaine\/","name":"centrafricaine","description":"Just another Africa News Agency Sites site","potentialAction":[{"@type":"SearchAction","target":{"@type":"EntryPoint","urlTemplate":"https:\/\/www.africa-press.net\/centrafricaine\/?s={search_term_string}"},"query-input":{"@type":"PropertyValueSpecification","valueRequired":true,"valueName":"search_term_string"}}],"inLanguage":"fr-FR"},{"@type":"Person","@id":"https:\/\/www.africa-press.net\/centrafricaine\/#\/schema\/person\/2b1cf3cd81a31e3cd26889ca66d677f1","name":"cfeditorfr"}]}},"_links":{"self":[{"href":"https:\/\/www.africa-press.net\/centrafricaine\/wp-json\/wp\/v2\/posts\/8691","targetHints":{"allow":["GET"]}}],"collection":[{"href":"https:\/\/www.africa-press.net\/centrafricaine\/wp-json\/wp\/v2\/posts"}],"about":[{"href":"https:\/\/www.africa-press.net\/centrafricaine\/wp-json\/wp\/v2\/types\/post"}],"author":[{"embeddable":true,"href":"https:\/\/www.africa-press.net\/centrafricaine\/wp-json\/wp\/v2\/users\/82"}],"replies":[{"embeddable":true,"href":"https:\/\/www.africa-press.net\/centrafricaine\/wp-json\/wp\/v2\/comments?post=8691"}],"version-history":[{"count":0,"href":"https:\/\/www.africa-press.net\/centrafricaine\/wp-json\/wp\/v2\/posts\/8691\/revisions"}],"wp:featuredmedia":[{"embeddable":true,"href":"https:\/\/www.africa-press.net\/centrafricaine\/wp-json\/wp\/v2\/media\/8690"}],"wp:attachment":[{"href":"https:\/\/www.africa-press.net\/centrafricaine\/wp-json\/wp\/v2\/media?parent=8691"}],"wp:term":[{"taxonomy":"category","embeddable":true,"href":"https:\/\/www.africa-press.net\/centrafricaine\/wp-json\/wp\/v2\/categories?post=8691"},{"taxonomy":"post_tag","embeddable":true,"href":"https:\/\/www.africa-press.net\/centrafricaine\/wp-json\/wp\/v2\/tags?post=8691"}],"curies":[{"name":"wp","href":"https:\/\/api.w.org\/{rel}","templated":true}]}}