{"id":8700,"date":"2021-07-06T13:53:49","date_gmt":"2021-07-06T13:53:49","guid":{"rendered":"https:\/\/www.africa-press.net\/centrafricaine\/?p=8700"},"modified":"2021-07-06T19:37:11","modified_gmt":"2021-07-06T19:37:11","slug":"rca-deux-camions-de-transport-des-marchandises-incendies-par-la-cpc-dans-le-nord-ouest","status":"publish","type":"post","link":"https:\/\/www.africa-press.net\/centrafricaine\/toutes-les-actualites\/rca-deux-camions-de-transport-des-marchandises-incendies-par-la-cpc-dans-le-nord-ouest","title":{"rendered":"deux camions de transport des marchandises incendi\u00e9s par la CPC dans le nord-ouest"},"content":{"rendered":"<p><span style=\"color: #ff6600\"><strong><a href=\"https:\/\/www.africa-press.net\/\">Africa-Press<\/a> &#8211; <a href=\"https:\/\/www.africa-press.net\/centrafricaine\">CentrAfricaine<\/a>.\u00a0 <\/strong><\/span>\u00a0Deux camions des transports des marchandises en provenance de Paoua, dans la pr\u00e9fecture de Lim-Pend\u00e9, et \u00e0 destination de Bangui, capitale de la R\u00e9publique centrafricaine, ont \u00e9t\u00e9 incendi\u00e9s par les combattants rebelles de la coalition des patriotes pour le changement (CPC) dans la localit\u00e9 de lia, situ\u00e9 entre Paoua et Bozoum, pr\u00e8s du village Gani .<\/p>\n<p>Selon des sources locales, les deux camions, de marque Mercedes six roues, en provenance de Paoua, dans la pr\u00e9fecture de Lim-Pend\u00e9, transportant des marchandises des commer\u00e7ants ainsi que des passagers \u00e0 destination de Bangui quand ils sont tomb\u00e9s dans une embuscade tendue par les \u00e9l\u00e9ments de 3R, membre de la CPC au village lia , non loin du village Gani, situ\u00e9 entre Paoua et Bozoum.<\/p>\n<p>Les faits se sont produits ce dimanche 4 juillet. Apr\u00e8s quelques minutes de discussion avec les conducteurs, les rebelles ont mis le feu aux deux camions vers 13 heures et quittent le lieu.<\/p>\n<p>Rappelons qu\u2019il y\u2019a exactement un mois, Deux camions des transports des marchandises, dont l\u2019un \u00e9tait en provenance de Mba\u00efmboum, au Cameroun, et l\u2019autre en provenance de Berberati, \u00e0 l\u2019ouest de la RCA, ont \u00e9t\u00e9 incendi\u00e9s par les combattants rebelles de la coalition des patriotes pour le changement (CPC) dans la localit\u00e9 de Zom, situ\u00e9 \u00e0 25 kilom\u00e8tres de Man, pr\u00e8s de la fronti\u00e8re avec le Cameroun.<\/p>\n<p>Depuis l\u2019offensive de l\u2019arm\u00e9e nationale appuy\u00e9e par des mercenaires de Wagner contre les rebelles du CPC, ces derniers se sont repli\u00e9s dans des petits villages au milieu de nulle part, et commettent des exactions sur les usagers des routes reliant les villes du nord-ouest.<\/p>\n<p><b>\u00a0<\/b><\/p>\n","protected":false},"excerpt":{"rendered":"<p>Africa-Press &#8211; CentrAfricaine.\u00a0 \u00a0Deux camions des transports des marchandises en provenance de Paoua, dans la pr\u00e9fecture de Lim-Pend\u00e9, et \u00e0 destination de Bangui, capitale de la R\u00e9publique centrafricaine, ont \u00e9t\u00e9 incendi\u00e9s par les combattants rebelles de la coalition des patriotes pour le changement (CPC) dans la localit\u00e9 de lia, situ\u00e9 entre Paoua et Bozoum, pr\u00e8s [&hellip;]<\/p>\n","protected":false},"author":82,"featured_media":8699,"comment_status":"open","ping_status":"closed","sticky":false,"template":"","format":"standard","meta":{"footnotes":""},"categories":[21,11,10],"tags":[36,58,30],"class_list":["post-8700","post","type-post","status-publish","format-standard","has-post-thumbnail","hentry","category-communaute","category-homepage-french","category-toutes-les-actualites","tag-africa-press","tag-africa-press-centrafricaine","tag-centrafricaine"],"yoast_head":"<!-- This site is optimized with the Yoast SEO Premium plugin v26.1 (Yoast SEO v27.0) - https:\/\/yoast.com\/product\/yoast-seo-premium-wordpress\/ -->\n<title>deux camions de transport des marchandises incendi\u00e9s par la CPC dans le nord-ouest - centrafricaine<\/title>\n<meta name=\"description\" content=\"Bangui, R\u00e9publique centrafricaine, lundi, 5 juillet 2021, 03:18:58 ( Corbeaunews-Centrafrique ). Deux camions de ...\" \/>\n<meta name=\"robots\" content=\"index, follow, max-snippet:-1, max-image-preview:large, max-video-preview:-1\" \/>\n<link rel=\"canonical\" href=\"https:\/\/www.africa-press.net\/centrafricaine\/toutes-les-actualites\/rca-deux-camions-de-transport-des-marchandises-incendies-par-la-cpc-dans-le-nord-ouest\" \/>\n<meta property=\"og:locale\" content=\"fr_FR\" \/>\n<meta property=\"og:type\" content=\"article\" \/>\n<meta property=\"og:title\" content=\"deux camions de transport des marchandises incendi\u00e9s par la CPC dans le nord-ouest\" \/>\n<meta property=\"og:description\" content=\"Bangui, R\u00e9publique centrafricaine, lundi, 5 juillet 2021, 03:18:58 ( Corbeaunews-Centrafrique ). Deux camions de ...\" \/>\n<meta property=\"og:url\" content=\"https:\/\/www.africa-press.net\/centrafricaine\/toutes-les-actualites\/rca-deux-camions-de-transport-des-marchandises-incendies-par-la-cpc-dans-le-nord-ouest\" \/>\n<meta property=\"og:site_name\" content=\"centrafricaine\" \/>\n<meta property=\"article:published_time\" content=\"2021-07-06T13:53:49+00:00\" \/>\n<meta property=\"article:modified_time\" content=\"2021-07-06T19:37:11+00:00\" \/>\n<meta property=\"og:image\" content=\"https:\/\/static.africa-press.net\/centrafricaine\/sites\/45\/2021\/07\/img-60e454a80a5d1.jpg\" \/>\n\t<meta property=\"og:image:width\" content=\"720\" \/>\n\t<meta property=\"og:image:height\" content=\"540\" \/>\n\t<meta property=\"og:image:type\" content=\"image\/jpeg\" \/>\n<meta name=\"author\" content=\"cfeditorfr\" \/>\n<meta name=\"twitter:card\" content=\"summary_large_image\" \/>\n<meta name=\"twitter:label1\" content=\"\u00c9crit par\" \/>\n\t<meta name=\"twitter:data1\" content=\"cfeditorfr\" \/>\n\t<meta name=\"twitter:label2\" content=\"Dur\u00e9e de lecture estim\u00e9e\" \/>\n\t<meta name=\"twitter:data2\" content=\"2 minutes\" \/>\n<script type=\"application\/ld+json\" class=\"yoast-schema-graph\">{\"@context\":\"https:\/\/schema.org\",\"@graph\":[{\"@type\":\"Article\",\"@id\":\"https:\/\/www.africa-press.net\/centrafricaine\/toutes-les-actualites\/rca-deux-camions-de-transport-des-marchandises-incendies-par-la-cpc-dans-le-nord-ouest#article\",\"isPartOf\":{\"@id\":\"https:\/\/www.africa-press.net\/centrafricaine\/toutes-les-actualites\/rca-deux-camions-de-transport-des-marchandises-incendies-par-la-cpc-dans-le-nord-ouest\"},\"author\":{\"name\":\"cfeditorfr\",\"@id\":\"https:\/\/www.africa-press.net\/centrafricaine\/#\/schema\/person\/2b1cf3cd81a31e3cd26889ca66d677f1\"},\"headline\":\"deux camions de transport des marchandises incendi\u00e9s par la CPC dans le nord-ouest\",\"datePublished\":\"2021-07-06T13:53:49+00:00\",\"dateModified\":\"2021-07-06T19:37:11+00:00\",\"mainEntityOfPage\":{\"@id\":\"https:\/\/www.africa-press.net\/centrafricaine\/toutes-les-actualites\/rca-deux-camions-de-transport-des-marchandises-incendies-par-la-cpc-dans-le-nord-ouest\"},\"wordCount\":296,\"commentCount\":0,\"image\":{\"@id\":\"https:\/\/www.africa-press.net\/centrafricaine\/toutes-les-actualites\/rca-deux-camions-de-transport-des-marchandises-incendies-par-la-cpc-dans-le-nord-ouest#primaryimage\"},\"thumbnailUrl\":\"https:\/\/static.africa-press.net\/centrafricaine\/sites\/45\/2021\/07\/img-60e454a80a5d1.jpg\",\"keywords\":[\"Africa Press\",\"Africa Press-CentrAfricaine\",\"CentrAfricaine\"],\"articleSection\":[\"Communaut\u00e9\",\"homepage-french\",\"Toutes les actualit\u00e9s\"],\"inLanguage\":\"fr-FR\",\"potentialAction\":[{\"@type\":\"CommentAction\",\"name\":\"Comment\",\"target\":[\"https:\/\/www.africa-press.net\/centrafricaine\/toutes-les-actualites\/rca-deux-camions-de-transport-des-marchandises-incendies-par-la-cpc-dans-le-nord-ouest#respond\"]}]},{\"@type\":\"WebPage\",\"@id\":\"https:\/\/www.africa-press.net\/centrafricaine\/toutes-les-actualites\/rca-deux-camions-de-transport-des-marchandises-incendies-par-la-cpc-dans-le-nord-ouest\",\"url\":\"https:\/\/www.africa-press.net\/centrafricaine\/toutes-les-actualites\/rca-deux-camions-de-transport-des-marchandises-incendies-par-la-cpc-dans-le-nord-ouest\",\"name\":\"deux camions de transport des marchandises incendi\u00e9s par la CPC dans le nord-ouest - centrafricaine\",\"isPartOf\":{\"@id\":\"https:\/\/www.africa-press.net\/centrafricaine\/#website\"},\"primaryImageOfPage\":{\"@id\":\"https:\/\/www.africa-press.net\/centrafricaine\/toutes-les-actualites\/rca-deux-camions-de-transport-des-marchandises-incendies-par-la-cpc-dans-le-nord-ouest#primaryimage\"},\"image\":{\"@id\":\"https:\/\/www.africa-press.net\/centrafricaine\/toutes-les-actualites\/rca-deux-camions-de-transport-des-marchandises-incendies-par-la-cpc-dans-le-nord-ouest#primaryimage\"},\"thumbnailUrl\":\"https:\/\/static.africa-press.net\/centrafricaine\/sites\/45\/2021\/07\/img-60e454a80a5d1.jpg\",\"datePublished\":\"2021-07-06T13:53:49+00:00\",\"dateModified\":\"2021-07-06T19:37:11+00:00\",\"author\":{\"@id\":\"https:\/\/www.africa-press.net\/centrafricaine\/#\/schema\/person\/2b1cf3cd81a31e3cd26889ca66d677f1\"},\"description\":\"Bangui, R\u00e9publique centrafricaine, lundi, 5 juillet 2021, 03:18:58 ( Corbeaunews-Centrafrique ). Deux camions de ...\",\"breadcrumb\":{\"@id\":\"https:\/\/www.africa-press.net\/centrafricaine\/toutes-les-actualites\/rca-deux-camions-de-transport-des-marchandises-incendies-par-la-cpc-dans-le-nord-ouest#breadcrumb\"},\"inLanguage\":\"fr-FR\",\"potentialAction\":[{\"@type\":\"ReadAction\",\"target\":[\"https:\/\/www.africa-press.net\/centrafricaine\/toutes-les-actualites\/rca-deux-camions-de-transport-des-marchandises-incendies-par-la-cpc-dans-le-nord-ouest\"]}]},{\"@type\":\"ImageObject\",\"inLanguage\":\"fr-FR\",\"@id\":\"https:\/\/www.africa-press.net\/centrafricaine\/toutes-les-actualites\/rca-deux-camions-de-transport-des-marchandises-incendies-par-la-cpc-dans-le-nord-ouest#primaryimage\",\"url\":\"https:\/\/static.africa-press.net\/centrafricaine\/sites\/45\/2021\/07\/img-60e454a80a5d1.jpg\",\"contentUrl\":\"https:\/\/static.africa-press.net\/centrafricaine\/sites\/45\/2021\/07\/img-60e454a80a5d1.jpg\",\"width\":720,\"height\":540,\"caption\":\"RCA\u00a0: deux camions de transport des marchandises incendi\u00e9s par la CPC dans le nord-ouest\"},{\"@type\":\"BreadcrumbList\",\"@id\":\"https:\/\/www.africa-press.net\/centrafricaine\/toutes-les-actualites\/rca-deux-camions-de-transport-des-marchandises-incendies-par-la-cpc-dans-le-nord-ouest#breadcrumb\",\"itemListElement\":[{\"@type\":\"ListItem\",\"position\":1,\"name\":\"Accueil\",\"item\":\"https:\/\/www.africa-press.net\/centrafricaine\/\"},{\"@type\":\"ListItem\",\"position\":2,\"name\":\"deux camions de transport des marchandises incendi\u00e9s par la CPC dans le nord-ouest\"}]},{\"@type\":\"WebSite\",\"@id\":\"https:\/\/www.africa-press.net\/centrafricaine\/#website\",\"url\":\"https:\/\/www.africa-press.net\/centrafricaine\/\",\"name\":\"centrafricaine\",\"description\":\"Just another Africa News Agency Sites site\",\"potentialAction\":[{\"@type\":\"SearchAction\",\"target\":{\"@type\":\"EntryPoint\",\"urlTemplate\":\"https:\/\/www.africa-press.net\/centrafricaine\/?s={search_term_string}\"},\"query-input\":{\"@type\":\"PropertyValueSpecification\",\"valueRequired\":true,\"valueName\":\"search_term_string\"}}],\"inLanguage\":\"fr-FR\"},{\"@type\":\"Person\",\"@id\":\"https:\/\/www.africa-press.net\/centrafricaine\/#\/schema\/person\/2b1cf3cd81a31e3cd26889ca66d677f1\",\"name\":\"cfeditorfr\"}]}<\/script>\n<!-- \/ Yoast SEO Premium plugin. -->","yoast_head_json":{"title":"deux camions de transport des marchandises incendi\u00e9s par la CPC dans le nord-ouest - centrafricaine","description":"Bangui, R\u00e9publique centrafricaine, lundi, 5 juillet 2021, 03:18:58 ( Corbeaunews-Centrafrique ). Deux camions de ...","robots":{"index":"index","follow":"follow","max-snippet":"max-snippet:-1","max-image-preview":"max-image-preview:large","max-video-preview":"max-video-preview:-1"},"canonical":"https:\/\/www.africa-press.net\/centrafricaine\/toutes-les-actualites\/rca-deux-camions-de-transport-des-marchandises-incendies-par-la-cpc-dans-le-nord-ouest","og_locale":"fr_FR","og_type":"article","og_title":"deux camions de transport des marchandises incendi\u00e9s par la CPC dans le nord-ouest","og_description":"Bangui, R\u00e9publique centrafricaine, lundi, 5 juillet 2021, 03:18:58 ( Corbeaunews-Centrafrique ). Deux camions de ...","og_url":"https:\/\/www.africa-press.net\/centrafricaine\/toutes-les-actualites\/rca-deux-camions-de-transport-des-marchandises-incendies-par-la-cpc-dans-le-nord-ouest","og_site_name":"centrafricaine","article_published_time":"2021-07-06T13:53:49+00:00","article_modified_time":"2021-07-06T19:37:11+00:00","og_image":[{"width":720,"height":540,"url":"https:\/\/static.africa-press.net\/centrafricaine\/sites\/45\/2021\/07\/img-60e454a80a5d1.jpg","type":"image\/jpeg"}],"author":"cfeditorfr","twitter_card":"summary_large_image","twitter_misc":{"\u00c9crit par":"cfeditorfr","Dur\u00e9e de lecture estim\u00e9e":"2 minutes"},"schema":{"@context":"https:\/\/schema.org","@graph":[{"@type":"Article","@id":"https:\/\/www.africa-press.net\/centrafricaine\/toutes-les-actualites\/rca-deux-camions-de-transport-des-marchandises-incendies-par-la-cpc-dans-le-nord-ouest#article","isPartOf":{"@id":"https:\/\/www.africa-press.net\/centrafricaine\/toutes-les-actualites\/rca-deux-camions-de-transport-des-marchandises-incendies-par-la-cpc-dans-le-nord-ouest"},"author":{"name":"cfeditorfr","@id":"https:\/\/www.africa-press.net\/centrafricaine\/#\/schema\/person\/2b1cf3cd81a31e3cd26889ca66d677f1"},"headline":"deux camions de transport des marchandises incendi\u00e9s par la CPC dans le nord-ouest","datePublished":"2021-07-06T13:53:49+00:00","dateModified":"2021-07-06T19:37:11+00:00","mainEntityOfPage":{"@id":"https:\/\/www.africa-press.net\/centrafricaine\/toutes-les-actualites\/rca-deux-camions-de-transport-des-marchandises-incendies-par-la-cpc-dans-le-nord-ouest"},"wordCount":296,"commentCount":0,"image":{"@id":"https:\/\/www.africa-press.net\/centrafricaine\/toutes-les-actualites\/rca-deux-camions-de-transport-des-marchandises-incendies-par-la-cpc-dans-le-nord-ouest#primaryimage"},"thumbnailUrl":"https:\/\/static.africa-press.net\/centrafricaine\/sites\/45\/2021\/07\/img-60e454a80a5d1.jpg","keywords":["Africa Press","Africa Press-CentrAfricaine","CentrAfricaine"],"articleSection":["Communaut\u00e9","homepage-french","Toutes les actualit\u00e9s"],"inLanguage":"fr-FR","potentialAction":[{"@type":"CommentAction","name":"Comment","target":["https:\/\/www.africa-press.net\/centrafricaine\/toutes-les-actualites\/rca-deux-camions-de-transport-des-marchandises-incendies-par-la-cpc-dans-le-nord-ouest#respond"]}]},{"@type":"WebPage","@id":"https:\/\/www.africa-press.net\/centrafricaine\/toutes-les-actualites\/rca-deux-camions-de-transport-des-marchandises-incendies-par-la-cpc-dans-le-nord-ouest","url":"https:\/\/www.africa-press.net\/centrafricaine\/toutes-les-actualites\/rca-deux-camions-de-transport-des-marchandises-incendies-par-la-cpc-dans-le-nord-ouest","name":"deux camions de transport des marchandises incendi\u00e9s par la CPC dans le nord-ouest - centrafricaine","isPartOf":{"@id":"https:\/\/www.africa-press.net\/centrafricaine\/#website"},"primaryImageOfPage":{"@id":"https:\/\/www.africa-press.net\/centrafricaine\/toutes-les-actualites\/rca-deux-camions-de-transport-des-marchandises-incendies-par-la-cpc-dans-le-nord-ouest#primaryimage"},"image":{"@id":"https:\/\/www.africa-press.net\/centrafricaine\/toutes-les-actualites\/rca-deux-camions-de-transport-des-marchandises-incendies-par-la-cpc-dans-le-nord-ouest#primaryimage"},"thumbnailUrl":"https:\/\/static.africa-press.net\/centrafricaine\/sites\/45\/2021\/07\/img-60e454a80a5d1.jpg","datePublished":"2021-07-06T13:53:49+00:00","dateModified":"2021-07-06T19:37:11+00:00","author":{"@id":"https:\/\/www.africa-press.net\/centrafricaine\/#\/schema\/person\/2b1cf3cd81a31e3cd26889ca66d677f1"},"description":"Bangui, R\u00e9publique centrafricaine, lundi, 5 juillet 2021, 03:18:58 ( Corbeaunews-Centrafrique ). Deux camions de ...","breadcrumb":{"@id":"https:\/\/www.africa-press.net\/centrafricaine\/toutes-les-actualites\/rca-deux-camions-de-transport-des-marchandises-incendies-par-la-cpc-dans-le-nord-ouest#breadcrumb"},"inLanguage":"fr-FR","potentialAction":[{"@type":"ReadAction","target":["https:\/\/www.africa-press.net\/centrafricaine\/toutes-les-actualites\/rca-deux-camions-de-transport-des-marchandises-incendies-par-la-cpc-dans-le-nord-ouest"]}]},{"@type":"ImageObject","inLanguage":"fr-FR","@id":"https:\/\/www.africa-press.net\/centrafricaine\/toutes-les-actualites\/rca-deux-camions-de-transport-des-marchandises-incendies-par-la-cpc-dans-le-nord-ouest#primaryimage","url":"https:\/\/static.africa-press.net\/centrafricaine\/sites\/45\/2021\/07\/img-60e454a80a5d1.jpg","contentUrl":"https:\/\/static.africa-press.net\/centrafricaine\/sites\/45\/2021\/07\/img-60e454a80a5d1.jpg","width":720,"height":540,"caption":"RCA\u00a0: deux camions de transport des marchandises incendi\u00e9s par la CPC dans le nord-ouest"},{"@type":"BreadcrumbList","@id":"https:\/\/www.africa-press.net\/centrafricaine\/toutes-les-actualites\/rca-deux-camions-de-transport-des-marchandises-incendies-par-la-cpc-dans-le-nord-ouest#breadcrumb","itemListElement":[{"@type":"ListItem","position":1,"name":"Accueil","item":"https:\/\/www.africa-press.net\/centrafricaine\/"},{"@type":"ListItem","position":2,"name":"deux camions de transport des marchandises incendi\u00e9s par la CPC dans le nord-ouest"}]},{"@type":"WebSite","@id":"https:\/\/www.africa-press.net\/centrafricaine\/#website","url":"https:\/\/www.africa-press.net\/centrafricaine\/","name":"centrafricaine","description":"Just another Africa News Agency Sites site","potentialAction":[{"@type":"SearchAction","target":{"@type":"EntryPoint","urlTemplate":"https:\/\/www.africa-press.net\/centrafricaine\/?s={search_term_string}"},"query-input":{"@type":"PropertyValueSpecification","valueRequired":true,"valueName":"search_term_string"}}],"inLanguage":"fr-FR"},{"@type":"Person","@id":"https:\/\/www.africa-press.net\/centrafricaine\/#\/schema\/person\/2b1cf3cd81a31e3cd26889ca66d677f1","name":"cfeditorfr"}]}},"_links":{"self":[{"href":"https:\/\/www.africa-press.net\/centrafricaine\/wp-json\/wp\/v2\/posts\/8700","targetHints":{"allow":["GET"]}}],"collection":[{"href":"https:\/\/www.africa-press.net\/centrafricaine\/wp-json\/wp\/v2\/posts"}],"about":[{"href":"https:\/\/www.africa-press.net\/centrafricaine\/wp-json\/wp\/v2\/types\/post"}],"author":[{"embeddable":true,"href":"https:\/\/www.africa-press.net\/centrafricaine\/wp-json\/wp\/v2\/users\/82"}],"replies":[{"embeddable":true,"href":"https:\/\/www.africa-press.net\/centrafricaine\/wp-json\/wp\/v2\/comments?post=8700"}],"version-history":[{"count":0,"href":"https:\/\/www.africa-press.net\/centrafricaine\/wp-json\/wp\/v2\/posts\/8700\/revisions"}],"wp:featuredmedia":[{"embeddable":true,"href":"https:\/\/www.africa-press.net\/centrafricaine\/wp-json\/wp\/v2\/media\/8699"}],"wp:attachment":[{"href":"https:\/\/www.africa-press.net\/centrafricaine\/wp-json\/wp\/v2\/media?parent=8700"}],"wp:term":[{"taxonomy":"category","embeddable":true,"href":"https:\/\/www.africa-press.net\/centrafricaine\/wp-json\/wp\/v2\/categories?post=8700"},{"taxonomy":"post_tag","embeddable":true,"href":"https:\/\/www.africa-press.net\/centrafricaine\/wp-json\/wp\/v2\/tags?post=8700"}],"curies":[{"name":"wp","href":"https:\/\/api.w.org\/{rel}","templated":true}]}}