{"id":8703,"date":"2021-07-06T14:04:26","date_gmt":"2021-07-06T14:04:26","guid":{"rendered":"https:\/\/www.africa-press.net\/centrafricaine\/?p=8703"},"modified":"2021-07-06T19:37:25","modified_gmt":"2021-07-06T19:37:25","slug":"rca-laudience-de-patrice-edouard-ngaissona-et-alfred-yekatom-se-poursuit-a-la-haye-aux-pays-bas-avec-laudition-du-treizieme-temoin","status":"publish","type":"post","link":"https:\/\/www.africa-press.net\/centrafricaine\/politique\/rca-laudience-de-patrice-edouard-ngaissona-et-alfred-yekatom-se-poursuit-a-la-haye-aux-pays-bas-avec-laudition-du-treizieme-temoin","title":{"rendered":"l\u2019audience de Patrice \u00c9douard Nga\u00efssona et Alfred Yekatom se poursuit \u00e0 La Haye aux Pays-Bas avec l\u2019audition du treizi\u00e8me t\u00e9moin"},"content":{"rendered":"<p><span style=\"color: #ff6600\"><strong><a href=\"https:\/\/www.africa-press.net\/\">Africa-Press<\/a> &#8211; <a href=\"https:\/\/www.africa-press.net\/centrafricaine\">CentrAfricaine<\/a>. <\/strong><\/span>Le proc\u00e8s de Patrice-Edouard Nga\u00efssona et Alfred Yekatom pour crimes de guerre et crimes contre l\u2019humanit\u00e9 se poursuit ce lundi 5 juillet 2021 . L\u2019audience de ce lundi est consacr\u00e9e \u00e0 la d\u00e9position du treizi\u00e8me t\u00e9moin pr\u00e9sent\u00e9 par l\u2019accusation.<\/p>\n<p>Selon le bureau de la Cour p\u00e9nale internationale \u00e0 Bangui, l\u2019audience se poursuit avec la d\u00e9position du t\u00e9moin P-2328.<\/p>\n<p>Le 13\u00e8me t\u00e9moin cit\u00e9 par l\u2019Accusation \u2013 le t\u00e9moin P-2328 \u2013 devrait d\u00e9poser, entre autres sujets, sur : \u00ab le contexte du conflit arm\u00e9 et les origines des Anti-Balaka ; la structure et l\u2019organisation de la Coordination Anti-Balaka ; la planification et la coordination de l\u2019attaque du 5 d\u00e9cembre 2013 ; les crimes qui auraient \u00e9t\u00e9 commis par les Anti-Balaka \u00e0 Bangui, Boda, Carnot, Yaloke, Bambari, Bossangoa, y compris la pers\u00e9cution de musulmans, la destruction de propri\u00e9t\u00e9s musulmanes, le transfert forc\u00e9 de musulmans, etc. ; l\u2019implication pr\u00e9sum\u00e9e de M. Nga\u00efssona et M. Yekatom dans les crimes all\u00e9gu\u00e9s, y compris des contributions et interactions avec d\u2019autres dirigeants Anti-Balaka ; les crimes qui auraient \u00e9t\u00e9 commis par la S\u00e9l\u00e9ka \u00bb.<\/p>\n<p>Rappelons que Patrice \u00c9douard Nga\u00efssona et Alfred Yekatom sont poursuivis devant la cour p\u00e9nale internationale pour crimes contre l\u2019humanit\u00e9 et crimes de guerre commis en 2013 et 2014.<\/p>\n<p><b>\u00a0<\/b><\/p>\n","protected":false},"excerpt":{"rendered":"<p>Africa-Press &#8211; CentrAfricaine. Le proc\u00e8s de Patrice-Edouard Nga\u00efssona et Alfred Yekatom pour crimes de guerre et crimes contre l\u2019humanit\u00e9 se poursuit ce lundi 5 juillet 2021 . L\u2019audience de ce lundi est consacr\u00e9e \u00e0 la d\u00e9position du treizi\u00e8me t\u00e9moin pr\u00e9sent\u00e9 par l\u2019accusation. Selon le bureau de la Cour p\u00e9nale internationale \u00e0 Bangui, l\u2019audience se poursuit [&hellip;]<\/p>\n","protected":false},"author":82,"featured_media":8702,"comment_status":"open","ping_status":"closed","sticky":false,"template":"","format":"standard","meta":{"footnotes":""},"categories":[11,2,20,10],"tags":[36,58,30],"class_list":["post-8703","post","type-post","status-publish","format-standard","has-post-thumbnail","hentry","category-homepage-french","category-politique","category-top-nouvelles","category-toutes-les-actualites","tag-africa-press","tag-africa-press-centrafricaine","tag-centrafricaine"],"yoast_head":"<!-- This site is optimized with the Yoast SEO Premium plugin v26.1 (Yoast SEO v27.0) - https:\/\/yoast.com\/product\/yoast-seo-premium-wordpress\/ -->\n<title>l\u2019audience de Patrice \u00c9douard Nga\u00efssona et Alfred Yekatom se poursuit \u00e0 La Haye aux Pays-Bas avec l\u2019audition du treizi\u00e8me t\u00e9moin - centrafricaine<\/title>\n<meta name=\"description\" content=\"Bangui, R\u00e9publique centrafricaine, lundi, 5 juillet 2021, 10:38:08 ( Corbeaunews-Centrafrique ). . Le proc\u00e8s de ...\" \/>\n<meta name=\"robots\" content=\"index, follow, max-snippet:-1, max-image-preview:large, max-video-preview:-1\" \/>\n<link rel=\"canonical\" href=\"https:\/\/www.africa-press.net\/centrafricaine\/politique\/rca-laudience-de-patrice-edouard-ngaissona-et-alfred-yekatom-se-poursuit-a-la-haye-aux-pays-bas-avec-laudition-du-treizieme-temoin\" \/>\n<meta property=\"og:locale\" content=\"fr_FR\" \/>\n<meta property=\"og:type\" content=\"article\" \/>\n<meta property=\"og:title\" content=\"l\u2019audience de Patrice \u00c9douard Nga\u00efssona et Alfred Yekatom se poursuit \u00e0 La Haye aux Pays-Bas avec l\u2019audition du treizi\u00e8me t\u00e9moin\" \/>\n<meta property=\"og:description\" content=\"Bangui, R\u00e9publique centrafricaine, lundi, 5 juillet 2021, 10:38:08 ( Corbeaunews-Centrafrique ). . Le proc\u00e8s de ...\" \/>\n<meta property=\"og:url\" content=\"https:\/\/www.africa-press.net\/centrafricaine\/politique\/rca-laudience-de-patrice-edouard-ngaissona-et-alfred-yekatom-se-poursuit-a-la-haye-aux-pays-bas-avec-laudition-du-treizieme-temoin\" \/>\n<meta property=\"og:site_name\" content=\"centrafricaine\" \/>\n<meta property=\"article:published_time\" content=\"2021-07-06T14:04:26+00:00\" \/>\n<meta property=\"article:modified_time\" content=\"2021-07-06T19:37:25+00:00\" \/>\n<meta property=\"og:image\" content=\"https:\/\/static.africa-press.net\/centrafricaine\/sites\/45\/2021\/07\/img-60e454cd04b41.jpg\" \/>\n\t<meta property=\"og:image:width\" content=\"720\" \/>\n\t<meta property=\"og:image:height\" content=\"480\" \/>\n\t<meta property=\"og:image:type\" content=\"image\/jpeg\" \/>\n<meta name=\"author\" content=\"cfeditorfr\" \/>\n<meta name=\"twitter:card\" content=\"summary_large_image\" \/>\n<meta name=\"twitter:label1\" content=\"\u00c9crit par\" \/>\n\t<meta name=\"twitter:data1\" content=\"cfeditorfr\" \/>\n\t<meta name=\"twitter:label2\" content=\"Dur\u00e9e de lecture estim\u00e9e\" \/>\n\t<meta name=\"twitter:data2\" content=\"1 minute\" \/>\n<script type=\"application\/ld+json\" class=\"yoast-schema-graph\">{\"@context\":\"https:\/\/schema.org\",\"@graph\":[{\"@type\":\"Article\",\"@id\":\"https:\/\/www.africa-press.net\/centrafricaine\/politique\/rca-laudience-de-patrice-edouard-ngaissona-et-alfred-yekatom-se-poursuit-a-la-haye-aux-pays-bas-avec-laudition-du-treizieme-temoin#article\",\"isPartOf\":{\"@id\":\"https:\/\/www.africa-press.net\/centrafricaine\/politique\/rca-laudience-de-patrice-edouard-ngaissona-et-alfred-yekatom-se-poursuit-a-la-haye-aux-pays-bas-avec-laudition-du-treizieme-temoin\"},\"author\":{\"name\":\"cfeditorfr\",\"@id\":\"https:\/\/www.africa-press.net\/centrafricaine\/#\/schema\/person\/2b1cf3cd81a31e3cd26889ca66d677f1\"},\"headline\":\"l\u2019audience de Patrice \u00c9douard Nga\u00efssona et Alfred Yekatom se poursuit \u00e0 La Haye aux Pays-Bas avec l\u2019audition du treizi\u00e8me t\u00e9moin\",\"datePublished\":\"2021-07-06T14:04:26+00:00\",\"dateModified\":\"2021-07-06T19:37:25+00:00\",\"mainEntityOfPage\":{\"@id\":\"https:\/\/www.africa-press.net\/centrafricaine\/politique\/rca-laudience-de-patrice-edouard-ngaissona-et-alfred-yekatom-se-poursuit-a-la-haye-aux-pays-bas-avec-laudition-du-treizieme-temoin\"},\"wordCount\":247,\"commentCount\":0,\"image\":{\"@id\":\"https:\/\/www.africa-press.net\/centrafricaine\/politique\/rca-laudience-de-patrice-edouard-ngaissona-et-alfred-yekatom-se-poursuit-a-la-haye-aux-pays-bas-avec-laudition-du-treizieme-temoin#primaryimage\"},\"thumbnailUrl\":\"https:\/\/static.africa-press.net\/centrafricaine\/sites\/45\/2021\/07\/img-60e454cd04b41.jpg\",\"keywords\":[\"Africa Press\",\"Africa Press-CentrAfricaine\",\"CentrAfricaine\"],\"articleSection\":[\"homepage-french\",\"Politique\",\"Top Nouvelles\",\"Toutes les actualit\u00e9s\"],\"inLanguage\":\"fr-FR\",\"potentialAction\":[{\"@type\":\"CommentAction\",\"name\":\"Comment\",\"target\":[\"https:\/\/www.africa-press.net\/centrafricaine\/politique\/rca-laudience-de-patrice-edouard-ngaissona-et-alfred-yekatom-se-poursuit-a-la-haye-aux-pays-bas-avec-laudition-du-treizieme-temoin#respond\"]}]},{\"@type\":\"WebPage\",\"@id\":\"https:\/\/www.africa-press.net\/centrafricaine\/politique\/rca-laudience-de-patrice-edouard-ngaissona-et-alfred-yekatom-se-poursuit-a-la-haye-aux-pays-bas-avec-laudition-du-treizieme-temoin\",\"url\":\"https:\/\/www.africa-press.net\/centrafricaine\/politique\/rca-laudience-de-patrice-edouard-ngaissona-et-alfred-yekatom-se-poursuit-a-la-haye-aux-pays-bas-avec-laudition-du-treizieme-temoin\",\"name\":\"l\u2019audience de Patrice \u00c9douard Nga\u00efssona et Alfred Yekatom se poursuit \u00e0 La Haye aux Pays-Bas avec l\u2019audition du treizi\u00e8me t\u00e9moin - centrafricaine\",\"isPartOf\":{\"@id\":\"https:\/\/www.africa-press.net\/centrafricaine\/#website\"},\"primaryImageOfPage\":{\"@id\":\"https:\/\/www.africa-press.net\/centrafricaine\/politique\/rca-laudience-de-patrice-edouard-ngaissona-et-alfred-yekatom-se-poursuit-a-la-haye-aux-pays-bas-avec-laudition-du-treizieme-temoin#primaryimage\"},\"image\":{\"@id\":\"https:\/\/www.africa-press.net\/centrafricaine\/politique\/rca-laudience-de-patrice-edouard-ngaissona-et-alfred-yekatom-se-poursuit-a-la-haye-aux-pays-bas-avec-laudition-du-treizieme-temoin#primaryimage\"},\"thumbnailUrl\":\"https:\/\/static.africa-press.net\/centrafricaine\/sites\/45\/2021\/07\/img-60e454cd04b41.jpg\",\"datePublished\":\"2021-07-06T14:04:26+00:00\",\"dateModified\":\"2021-07-06T19:37:25+00:00\",\"author\":{\"@id\":\"https:\/\/www.africa-press.net\/centrafricaine\/#\/schema\/person\/2b1cf3cd81a31e3cd26889ca66d677f1\"},\"description\":\"Bangui, R\u00e9publique centrafricaine, lundi, 5 juillet 2021, 10:38:08 ( Corbeaunews-Centrafrique ). . Le proc\u00e8s de ...\",\"breadcrumb\":{\"@id\":\"https:\/\/www.africa-press.net\/centrafricaine\/politique\/rca-laudience-de-patrice-edouard-ngaissona-et-alfred-yekatom-se-poursuit-a-la-haye-aux-pays-bas-avec-laudition-du-treizieme-temoin#breadcrumb\"},\"inLanguage\":\"fr-FR\",\"potentialAction\":[{\"@type\":\"ReadAction\",\"target\":[\"https:\/\/www.africa-press.net\/centrafricaine\/politique\/rca-laudience-de-patrice-edouard-ngaissona-et-alfred-yekatom-se-poursuit-a-la-haye-aux-pays-bas-avec-laudition-du-treizieme-temoin\"]}]},{\"@type\":\"ImageObject\",\"inLanguage\":\"fr-FR\",\"@id\":\"https:\/\/www.africa-press.net\/centrafricaine\/politique\/rca-laudience-de-patrice-edouard-ngaissona-et-alfred-yekatom-se-poursuit-a-la-haye-aux-pays-bas-avec-laudition-du-treizieme-temoin#primaryimage\",\"url\":\"https:\/\/static.africa-press.net\/centrafricaine\/sites\/45\/2021\/07\/img-60e454cd04b41.jpg\",\"contentUrl\":\"https:\/\/static.africa-press.net\/centrafricaine\/sites\/45\/2021\/07\/img-60e454cd04b41.jpg\",\"width\":720,\"height\":480,\"caption\":\"RCA\u00a0: l\u2019audience de Patrice \u00c9douard Nga\u00efssona et Alfred Yekatom se poursuit \u00e0 La Haye aux Pays-Bas avec l\u2019audition du treizi\u00e8me t\u00e9moin\"},{\"@type\":\"BreadcrumbList\",\"@id\":\"https:\/\/www.africa-press.net\/centrafricaine\/politique\/rca-laudience-de-patrice-edouard-ngaissona-et-alfred-yekatom-se-poursuit-a-la-haye-aux-pays-bas-avec-laudition-du-treizieme-temoin#breadcrumb\",\"itemListElement\":[{\"@type\":\"ListItem\",\"position\":1,\"name\":\"Accueil\",\"item\":\"https:\/\/www.africa-press.net\/centrafricaine\/\"},{\"@type\":\"ListItem\",\"position\":2,\"name\":\"l\u2019audience de Patrice \u00c9douard Nga\u00efssona et Alfred Yekatom se poursuit \u00e0 La Haye aux Pays-Bas avec l\u2019audition du treizi\u00e8me t\u00e9moin\"}]},{\"@type\":\"WebSite\",\"@id\":\"https:\/\/www.africa-press.net\/centrafricaine\/#website\",\"url\":\"https:\/\/www.africa-press.net\/centrafricaine\/\",\"name\":\"centrafricaine\",\"description\":\"Just another Africa News Agency Sites site\",\"potentialAction\":[{\"@type\":\"SearchAction\",\"target\":{\"@type\":\"EntryPoint\",\"urlTemplate\":\"https:\/\/www.africa-press.net\/centrafricaine\/?s={search_term_string}\"},\"query-input\":{\"@type\":\"PropertyValueSpecification\",\"valueRequired\":true,\"valueName\":\"search_term_string\"}}],\"inLanguage\":\"fr-FR\"},{\"@type\":\"Person\",\"@id\":\"https:\/\/www.africa-press.net\/centrafricaine\/#\/schema\/person\/2b1cf3cd81a31e3cd26889ca66d677f1\",\"name\":\"cfeditorfr\"}]}<\/script>\n<!-- \/ Yoast SEO Premium plugin. -->","yoast_head_json":{"title":"l\u2019audience de Patrice \u00c9douard Nga\u00efssona et Alfred Yekatom se poursuit \u00e0 La Haye aux Pays-Bas avec l\u2019audition du treizi\u00e8me t\u00e9moin - centrafricaine","description":"Bangui, R\u00e9publique centrafricaine, lundi, 5 juillet 2021, 10:38:08 ( Corbeaunews-Centrafrique ). . Le proc\u00e8s de ...","robots":{"index":"index","follow":"follow","max-snippet":"max-snippet:-1","max-image-preview":"max-image-preview:large","max-video-preview":"max-video-preview:-1"},"canonical":"https:\/\/www.africa-press.net\/centrafricaine\/politique\/rca-laudience-de-patrice-edouard-ngaissona-et-alfred-yekatom-se-poursuit-a-la-haye-aux-pays-bas-avec-laudition-du-treizieme-temoin","og_locale":"fr_FR","og_type":"article","og_title":"l\u2019audience de Patrice \u00c9douard Nga\u00efssona et Alfred Yekatom se poursuit \u00e0 La Haye aux Pays-Bas avec l\u2019audition du treizi\u00e8me t\u00e9moin","og_description":"Bangui, R\u00e9publique centrafricaine, lundi, 5 juillet 2021, 10:38:08 ( Corbeaunews-Centrafrique ). . Le proc\u00e8s de ...","og_url":"https:\/\/www.africa-press.net\/centrafricaine\/politique\/rca-laudience-de-patrice-edouard-ngaissona-et-alfred-yekatom-se-poursuit-a-la-haye-aux-pays-bas-avec-laudition-du-treizieme-temoin","og_site_name":"centrafricaine","article_published_time":"2021-07-06T14:04:26+00:00","article_modified_time":"2021-07-06T19:37:25+00:00","og_image":[{"width":720,"height":480,"url":"https:\/\/static.africa-press.net\/centrafricaine\/sites\/45\/2021\/07\/img-60e454cd04b41.jpg","type":"image\/jpeg"}],"author":"cfeditorfr","twitter_card":"summary_large_image","twitter_misc":{"\u00c9crit par":"cfeditorfr","Dur\u00e9e de lecture estim\u00e9e":"1 minute"},"schema":{"@context":"https:\/\/schema.org","@graph":[{"@type":"Article","@id":"https:\/\/www.africa-press.net\/centrafricaine\/politique\/rca-laudience-de-patrice-edouard-ngaissona-et-alfred-yekatom-se-poursuit-a-la-haye-aux-pays-bas-avec-laudition-du-treizieme-temoin#article","isPartOf":{"@id":"https:\/\/www.africa-press.net\/centrafricaine\/politique\/rca-laudience-de-patrice-edouard-ngaissona-et-alfred-yekatom-se-poursuit-a-la-haye-aux-pays-bas-avec-laudition-du-treizieme-temoin"},"author":{"name":"cfeditorfr","@id":"https:\/\/www.africa-press.net\/centrafricaine\/#\/schema\/person\/2b1cf3cd81a31e3cd26889ca66d677f1"},"headline":"l\u2019audience de Patrice \u00c9douard Nga\u00efssona et Alfred Yekatom se poursuit \u00e0 La Haye aux Pays-Bas avec l\u2019audition du treizi\u00e8me t\u00e9moin","datePublished":"2021-07-06T14:04:26+00:00","dateModified":"2021-07-06T19:37:25+00:00","mainEntityOfPage":{"@id":"https:\/\/www.africa-press.net\/centrafricaine\/politique\/rca-laudience-de-patrice-edouard-ngaissona-et-alfred-yekatom-se-poursuit-a-la-haye-aux-pays-bas-avec-laudition-du-treizieme-temoin"},"wordCount":247,"commentCount":0,"image":{"@id":"https:\/\/www.africa-press.net\/centrafricaine\/politique\/rca-laudience-de-patrice-edouard-ngaissona-et-alfred-yekatom-se-poursuit-a-la-haye-aux-pays-bas-avec-laudition-du-treizieme-temoin#primaryimage"},"thumbnailUrl":"https:\/\/static.africa-press.net\/centrafricaine\/sites\/45\/2021\/07\/img-60e454cd04b41.jpg","keywords":["Africa Press","Africa Press-CentrAfricaine","CentrAfricaine"],"articleSection":["homepage-french","Politique","Top Nouvelles","Toutes les actualit\u00e9s"],"inLanguage":"fr-FR","potentialAction":[{"@type":"CommentAction","name":"Comment","target":["https:\/\/www.africa-press.net\/centrafricaine\/politique\/rca-laudience-de-patrice-edouard-ngaissona-et-alfred-yekatom-se-poursuit-a-la-haye-aux-pays-bas-avec-laudition-du-treizieme-temoin#respond"]}]},{"@type":"WebPage","@id":"https:\/\/www.africa-press.net\/centrafricaine\/politique\/rca-laudience-de-patrice-edouard-ngaissona-et-alfred-yekatom-se-poursuit-a-la-haye-aux-pays-bas-avec-laudition-du-treizieme-temoin","url":"https:\/\/www.africa-press.net\/centrafricaine\/politique\/rca-laudience-de-patrice-edouard-ngaissona-et-alfred-yekatom-se-poursuit-a-la-haye-aux-pays-bas-avec-laudition-du-treizieme-temoin","name":"l\u2019audience de Patrice \u00c9douard Nga\u00efssona et Alfred Yekatom se poursuit \u00e0 La Haye aux Pays-Bas avec l\u2019audition du treizi\u00e8me t\u00e9moin - centrafricaine","isPartOf":{"@id":"https:\/\/www.africa-press.net\/centrafricaine\/#website"},"primaryImageOfPage":{"@id":"https:\/\/www.africa-press.net\/centrafricaine\/politique\/rca-laudience-de-patrice-edouard-ngaissona-et-alfred-yekatom-se-poursuit-a-la-haye-aux-pays-bas-avec-laudition-du-treizieme-temoin#primaryimage"},"image":{"@id":"https:\/\/www.africa-press.net\/centrafricaine\/politique\/rca-laudience-de-patrice-edouard-ngaissona-et-alfred-yekatom-se-poursuit-a-la-haye-aux-pays-bas-avec-laudition-du-treizieme-temoin#primaryimage"},"thumbnailUrl":"https:\/\/static.africa-press.net\/centrafricaine\/sites\/45\/2021\/07\/img-60e454cd04b41.jpg","datePublished":"2021-07-06T14:04:26+00:00","dateModified":"2021-07-06T19:37:25+00:00","author":{"@id":"https:\/\/www.africa-press.net\/centrafricaine\/#\/schema\/person\/2b1cf3cd81a31e3cd26889ca66d677f1"},"description":"Bangui, R\u00e9publique centrafricaine, lundi, 5 juillet 2021, 10:38:08 ( Corbeaunews-Centrafrique ). . Le proc\u00e8s de ...","breadcrumb":{"@id":"https:\/\/www.africa-press.net\/centrafricaine\/politique\/rca-laudience-de-patrice-edouard-ngaissona-et-alfred-yekatom-se-poursuit-a-la-haye-aux-pays-bas-avec-laudition-du-treizieme-temoin#breadcrumb"},"inLanguage":"fr-FR","potentialAction":[{"@type":"ReadAction","target":["https:\/\/www.africa-press.net\/centrafricaine\/politique\/rca-laudience-de-patrice-edouard-ngaissona-et-alfred-yekatom-se-poursuit-a-la-haye-aux-pays-bas-avec-laudition-du-treizieme-temoin"]}]},{"@type":"ImageObject","inLanguage":"fr-FR","@id":"https:\/\/www.africa-press.net\/centrafricaine\/politique\/rca-laudience-de-patrice-edouard-ngaissona-et-alfred-yekatom-se-poursuit-a-la-haye-aux-pays-bas-avec-laudition-du-treizieme-temoin#primaryimage","url":"https:\/\/static.africa-press.net\/centrafricaine\/sites\/45\/2021\/07\/img-60e454cd04b41.jpg","contentUrl":"https:\/\/static.africa-press.net\/centrafricaine\/sites\/45\/2021\/07\/img-60e454cd04b41.jpg","width":720,"height":480,"caption":"RCA\u00a0: l\u2019audience de Patrice \u00c9douard Nga\u00efssona et Alfred Yekatom se poursuit \u00e0 La Haye aux Pays-Bas avec l\u2019audition du treizi\u00e8me t\u00e9moin"},{"@type":"BreadcrumbList","@id":"https:\/\/www.africa-press.net\/centrafricaine\/politique\/rca-laudience-de-patrice-edouard-ngaissona-et-alfred-yekatom-se-poursuit-a-la-haye-aux-pays-bas-avec-laudition-du-treizieme-temoin#breadcrumb","itemListElement":[{"@type":"ListItem","position":1,"name":"Accueil","item":"https:\/\/www.africa-press.net\/centrafricaine\/"},{"@type":"ListItem","position":2,"name":"l\u2019audience de Patrice \u00c9douard Nga\u00efssona et Alfred Yekatom se poursuit \u00e0 La Haye aux Pays-Bas avec l\u2019audition du treizi\u00e8me t\u00e9moin"}]},{"@type":"WebSite","@id":"https:\/\/www.africa-press.net\/centrafricaine\/#website","url":"https:\/\/www.africa-press.net\/centrafricaine\/","name":"centrafricaine","description":"Just another Africa News Agency Sites site","potentialAction":[{"@type":"SearchAction","target":{"@type":"EntryPoint","urlTemplate":"https:\/\/www.africa-press.net\/centrafricaine\/?s={search_term_string}"},"query-input":{"@type":"PropertyValueSpecification","valueRequired":true,"valueName":"search_term_string"}}],"inLanguage":"fr-FR"},{"@type":"Person","@id":"https:\/\/www.africa-press.net\/centrafricaine\/#\/schema\/person\/2b1cf3cd81a31e3cd26889ca66d677f1","name":"cfeditorfr"}]}},"_links":{"self":[{"href":"https:\/\/www.africa-press.net\/centrafricaine\/wp-json\/wp\/v2\/posts\/8703","targetHints":{"allow":["GET"]}}],"collection":[{"href":"https:\/\/www.africa-press.net\/centrafricaine\/wp-json\/wp\/v2\/posts"}],"about":[{"href":"https:\/\/www.africa-press.net\/centrafricaine\/wp-json\/wp\/v2\/types\/post"}],"author":[{"embeddable":true,"href":"https:\/\/www.africa-press.net\/centrafricaine\/wp-json\/wp\/v2\/users\/82"}],"replies":[{"embeddable":true,"href":"https:\/\/www.africa-press.net\/centrafricaine\/wp-json\/wp\/v2\/comments?post=8703"}],"version-history":[{"count":0,"href":"https:\/\/www.africa-press.net\/centrafricaine\/wp-json\/wp\/v2\/posts\/8703\/revisions"}],"wp:featuredmedia":[{"embeddable":true,"href":"https:\/\/www.africa-press.net\/centrafricaine\/wp-json\/wp\/v2\/media\/8702"}],"wp:attachment":[{"href":"https:\/\/www.africa-press.net\/centrafricaine\/wp-json\/wp\/v2\/media?parent=8703"}],"wp:term":[{"taxonomy":"category","embeddable":true,"href":"https:\/\/www.africa-press.net\/centrafricaine\/wp-json\/wp\/v2\/categories?post=8703"},{"taxonomy":"post_tag","embeddable":true,"href":"https:\/\/www.africa-press.net\/centrafricaine\/wp-json\/wp\/v2\/tags?post=8703"}],"curies":[{"name":"wp","href":"https:\/\/api.w.org\/{rel}","templated":true}]}}