{"id":8742,"date":"2021-07-09T15:09:18","date_gmt":"2021-07-09T15:09:18","guid":{"rendered":"https:\/\/www.africa-press.net\/centrafricaine\/?p=8742"},"modified":"2021-07-09T15:04:41","modified_gmt":"2021-07-09T15:04:41","slug":"republique-centrafricaine-1-personne-sur-8-est-confrontee-a-une-crise-alimentaire-alarmante-a-lapproche-de-la-periode-de-soudure-unicef-et-pam","status":"publish","type":"post","link":"https:\/\/www.africa-press.net\/centrafricaine\/toutes-les-actualites\/republique-centrafricaine-1-personne-sur-8-est-confrontee-a-une-crise-alimentaire-alarmante-a-lapproche-de-la-periode-de-soudure-unicef-et-pam","title":{"rendered":"R\u00e9publique centrafricaine : 1 personne sur 8 est confront\u00e9e \u00e0 une crise alimentaire alarmante \u00e0 l\u2019approche de la p\u00e9riode de soudure : UNICEF et PAM"},"content":{"rendered":"<p><span style=\"color: #ff6600\"><strong><a href=\"https:\/\/www.africa-press.net\/\">Africa-Press<\/a> &#8211; <a href=\"https:\/\/www.africa-press.net\/centrafricaine\">CentrAfricaine<\/a>. <\/strong><\/span><\/p>\n<p>L\u2019UNICEF et le PAM pr\u00e9viennent que le nombre d\u2019enfants souffrant de malnutrition est d\u00e9j\u00e0 sup\u00e9rieur de 29 pour cent aux pr\u00e9visions pour 2021<\/p>\n<p>Distribution des vivres par le programme alimentaire mondial (PAM) aux habitants de Bria, dans la Haute-Kotto. Photo CNC \/ Mo\u00efse Banafio<\/p>\n<p><b>BANGUI, le 7 juillet 2021 \u2013<\/b><\/p>\n<p>Au moins 80 000 enfants de moins de cinq ans sont actuellement menac\u00e9s de malnutrition aigu\u00eb s\u00e9v\u00e8re en R\u00e9publique centrafricaine (RCA), soit une augmentation de 29 pour cent par rapport aux projections pour 2021[1], ont annonc\u00e9 aujourd\u2019hui l\u2019UNICEF et le Programme alimentaire mondial (PAM). Les agences des Nations unies ont \u00e9galement averti que plus de 632 000 personnes \u2013 soit plus d\u2019une personne sur huit \u2013 tomberont dans une situation de faim catastrophique[2] entre la premi\u00e8re semaine de juillet et la fin de la p\u00e9riode de soudure si aucune action urgente n\u2019est entreprise. Dans tout le pays, 40 pour cent des enfants de moins de cinq ans souffrent d\u00e9j\u00e0 de malnutrition chronique[3], un taux sup\u00e9rieur au seuil d\u2019urgence de 30 pour cent.<\/p>\n<p>En raison de l\u2019impact combin\u00e9 de la violence, de l\u2019ins\u00e9curit\u00e9, des d\u00e9placements de population, de l\u2019acc\u00e8s limit\u00e9 \u00e0 la nourriture, aux services de sant\u00e9, d\u2019eau et d\u2019assainissement, de la hausse des prix des denr\u00e9es alimentaires, ainsi que des r\u00e9percussions socio-\u00e9conomiques de la pand\u00e9mie de COVID-19, 27 localit\u00e9s[4] r\u00e9parties dans 14 districts sanitaires du pays affichent actuellement des niveaux alarmants de malnutrition aigu\u00eb s\u00e9v\u00e8re chez les enfants de moins de cinq ans.[5] D\u2019apr\u00e8s les donn\u00e9es les plus r\u00e9centes recueillies aupr\u00e8s des partenaires, en moyenne plus de deux pour cent des enfants de ces zones souffrent de malnutrition aigu\u00eb s\u00e9v\u00e8re. Ces chiffres atteignent plus de trois pour cent dans les camps de d\u00e9plac\u00e9s autour de Bouar, pr\u00e8s de la fronti\u00e8re avec le Cameroun.<\/p>\n<p>\u00ab Nous sommes extr\u00eamement pr\u00e9occup\u00e9s par l\u2019impact de la crise actuelle sur la vie des enfants et des femmes, en particulier ceux qui \u00e9taient d\u00e9j\u00e0 dans un \u00e9tat d\u2019extr\u00eame vuln\u00e9rabilit\u00e9 apr\u00e8s avoir \u00e9t\u00e9 forc\u00e9s de fuir leur maison, ou qui vivent dans des zones difficiles d\u2019acc\u00e8s ou isol\u00e9es, \u00bb a d\u00e9clar\u00e9 le Repr\u00e9sentant de l\u2019UNICEF en RCA, Fran Equiza. \u00ab Si nous ne sommes pas en mesure d\u2019acc\u00e9der en toute s\u00e9curit\u00e9 et rapidement aux m\u00e8res et aux enfants et de leur fournir les services de nutrition dont ils ont besoin, y compris l\u2019acc\u00e8s \u00e0 la nourriture et \u00e0 la sant\u00e9, beaucoup risquent de mourir de malnutrition ou de maladies \u00e9vitables. \u00bb<\/p>\n<p>Depuis la derni\u00e8re vague de violence li\u00e9e aux r\u00e9centes \u00e9lections, les taux de malnutrition en RCA ont continu\u00e9 \u00e0 grimper en fl\u00e8che, en particulier parmi les populations d\u00e9plac\u00e9es et dans les zones touch\u00e9es par le conflit, o\u00f9 l\u2019acc\u00e8s aux services essentiels de sant\u00e9, d\u2019eau et d\u2019assainissement et de nutrition \u00e9tait d\u00e9j\u00e0 limit\u00e9 et s\u2019est encore restreint. Dans ces zones, l\u2019\u00e9mergence potentielle de la rougeole, du paludisme, de la pneumonie et de la diarrh\u00e9e peut avoir un effet d\u00e9vastateur sur les enfants et les m\u00e8res malnutris.<\/p>\n<p>\u00ab La situation de la s\u00e9curit\u00e9 alimentaire est alarmante et indique clairement que de nombreuses personnes vuln\u00e9rables pourraient rapidement tomber dans une situation catastrophique. Le niveau de financement ne correspond pas \u00e0 l\u2019augmentation dramatique des besoins dans le pays, \u00bb a d\u00e9clar\u00e9 le Directeur du PAM en RCA, Peter Schaller. \u00ab L\u2019environnement op\u00e9rationnel se complique \u00e9galement avec la perte d\u2019espace humanitaire due au conflit en cours. Nous avons besoin d\u2019un acc\u00e8s humanitaire et de financements pour fournir l\u2019aide dont les personnes touch\u00e9es ont tant besoin, \u00bb a-t-il ajout\u00e9.<\/p>\n<p>Le PAM fournit actuellement une aide alimentaire et nutritionnelle \u00e0 quelque 800 000 personnes, dont des personnes d\u00e9plac\u00e9es \u00e0 l\u2019int\u00e9rieur du pays, des r\u00e9fugi\u00e9s, des rapatri\u00e9s, ainsi que des communaut\u00e9s d\u2019accueil. Le PAM fournit \u00e9galement une aide d\u2019urgence aux points chauds afin de soulager les souffrances des familles touch\u00e9es.<\/p>\n<p>Depuis janvier, l\u2019UNICEF et ses partenaires ont soign\u00e9 au moins 12 000 enfants souffrant de malnutrition aigu\u00eb s\u00e9v\u00e8re, notamment dans les zones les plus touch\u00e9es et dans les camps de d\u00e9plac\u00e9s. Les services de nutrition actuellement fournis continuent toutefois d\u2019\u00eatre perturb\u00e9s par le conflit : \u00e0 la fin du mois de mai 2021, 77 unit\u00e9s de nutrition \u2013 soit 1 sur 5 \u2013 et 30 \u00e9tablissements de sant\u00e9 \u00e9taient ferm\u00e9s \u2013 dont 14 ont \u00e9t\u00e9 attaqu\u00e9s \u2013 et une douzaine de cliniques mobiles restaient temporairement ferm\u00e9es dans le pays.<\/p>\n<p>Le PAM pr\u00e9voit \u00e9galement d\u2019atteindre au moins 50 000 enfants souffrant de malnutrition aigu\u00eb mod\u00e9r\u00e9e dans les points chauds, environ 90 000 enfants \u00e2g\u00e9s de 6 \u00e0 23 mois, ainsi que 150 000 femmes enceintes et allaitantes avec des programmes d\u2019alimentation compl\u00e9mentaire au niveau communautaire, dans les zones o\u00f9 les taux de retard de croissance sont sup\u00e9rieurs \u00e0 30 pour cent.<\/p>\n<p>En 2021, l\u2019UNICEF cherche \u00e0 r\u00e9unir 15,2 millions de dollars am\u00e9ricains[6] pour traiter au moins 63 000 enfants de moins de cinq ans souffrant de malnutrition aigu\u00eb s\u00e9v\u00e8re, pour pr\u00e9venir la malnutrition en fournissant des conseils \u00e0 pr\u00e8s de 165 000 femmes enceintes et allaitantes sur les pratiques optimales d\u2019alimentation du nourrisson et du jeune enfant, ainsi que pour s\u2019assurer que pr\u00e8s de 650 000 enfants de moins de cinq ans re\u00e7oivent une suppl\u00e9mentation en vitamine A tous les six mois. \u00c0 ce jour, l\u2019appel n\u2019est financ\u00e9 qu\u2019\u00e0 45 pour cent.[7]<\/p>\n<p>Le budget du PAM en 2021 pour son intervention en R\u00e9publique centrafricaine est d\u2019environ 203 millions de dollars am\u00e9ricains. Cependant, les programmes sont confront\u00e9s \u00e0 un grave d\u00e9ficit, avec moins de 50 pour cent des contributions re\u00e7ues \u00e0 ce jour. Cela peut conduire \u00e0 une r\u00e9duction des rations alimentaires, \u00e0 la priorisation des seules personnes les plus vuln\u00e9rables ou, dans le pire des cas, \u00e0 une interruption des activit\u00e9s par manque de ressources.<\/p>\n<p>###<\/p>\n<p>\u00c0 propos de l\u2019UNICEF<\/p>\n<p>L\u2019UNICEF travaille dans certains des endroits les plus difficiles au monde, pour atteindre les enfants les plus d\u00e9favoris\u00e9s. Dans plus de 190 pays et territoires, nous travaillons pour chaque enfant, partout, pour construire un monde meilleur pour tous.<\/p>\n<p>Vous pouvez suivre l\u2019UNICEF sur Twitter et Facebook.<\/p>\n<p><b>\u00c0 propos du PAM<\/b><\/p>\n<p>Le Programme alimentaire mondial des Nations Unies est le laur\u00e9at du prix Nobel de la paix 2020. Nous sommes la plus grande organisation humanitaire au monde, sauvant des vies dans les situations d\u2019urgence et utilisant l\u2019aide alimentaire pour construire un chemin vers la paix, la stabilit\u00e9 et la prosp\u00e9rit\u00e9 pour les personnes qui se remettent de conflits, de catastrophes et de l\u2019impact du changement climatique.<\/p>\n<p>Vous pouvez suivre le PAM sur Twitter : @wfp_media, @wfp_WAfrica<\/p>\n<p><b>Pour de plus amples informations, veuillez prendre contact avec :<\/b><\/p>\n<p>Giovanni Zambello, Chef de la Communication, UNICEF RCA, gzambello@unicef.org<\/p>\n<p>Vigno Hounkanli, Charg\u00e9 de Communication, PAM Bangui, Port. +236 72859295 vigno.hounkanli@wfp.org<\/p>\n<p>[1] Les projections pour 2021 \u00e9taient de 62 327 au d\u00e9but de l\u2019ann\u00e9e (Aper\u00e7u des besoins humanitaires 2021). Avec la d\u00e9t\u00e9rioration de la s\u00e9curit\u00e9 alimentaire suite \u00e0 l\u2019analyse IPC, les besoins ont augment\u00e9 de 17 600, \u00e0 80 000 enfants.<\/p>\n<p>[2] Phase 4 (\u201cUrgence\u201d) de la classification int\u00e9gr\u00e9e des phases de s\u00e9curit\u00e9 alimentaire (IPC).<\/p>\n<p>[3] Donn\u00e9es de l\u2019enqu\u00eate MICS-6 (2018-2019)<\/p>\n<p>[4] Dekoa, Kaga-Bandoro, Bambari, Grimari, Bouca, Koui, Bocaranga, Paoua, Markounda, Bouar, Gamboula, Amadagaza, Nola, Carnot, Gadzi, Mingala, Alindao, Nzangba, Mobaye, Kembe, Satema, Gambo, Pombolo, Ouango, Bakouma, Rafai, Bangassou.<\/p>\n<p>[5] Donn\u00e9es issues de trois enqu\u00eates rapides SMART (\u00ab Standardized Monitoring and Assessment of Relief and Transitions \u00bb) et d\u2019\u00e9valuations nutritionnelles.<\/p>\n<p>[6] Action humanitaire de l\u2019UNICEF pour les enfants (HAC) 2021.<\/p>\n<p>[7] 6 848 214 dollars am\u00e9ricains ont \u00e9t\u00e9 collect\u00e9s au 30 juin 2021.<\/p>\n","protected":false},"excerpt":{"rendered":"<p>Africa-Press &#8211; CentrAfricaine. L\u2019UNICEF et le PAM pr\u00e9viennent que le nombre d\u2019enfants souffrant de malnutrition est d\u00e9j\u00e0 sup\u00e9rieur de 29 pour cent aux pr\u00e9visions pour 2021 Distribution des vivres par le programme alimentaire mondial (PAM) aux habitants de Bria, dans la Haute-Kotto. Photo CNC \/ Mo\u00efse Banafio BANGUI, le 7 juillet 2021 \u2013 Au moins [&hellip;]<\/p>\n","protected":false},"author":82,"featured_media":8741,"comment_status":"open","ping_status":"closed","sticky":false,"template":"","format":"standard","meta":{"footnotes":""},"categories":[21,11,20,10],"tags":[36,58,30],"class_list":["post-8742","post","type-post","status-publish","format-standard","has-post-thumbnail","hentry","category-communaute","category-homepage-french","category-top-nouvelles","category-toutes-les-actualites","tag-africa-press","tag-africa-press-centrafricaine","tag-centrafricaine"],"yoast_head":"<!-- This site is optimized with the Yoast SEO Premium plugin v26.1 (Yoast SEO v27.0) - https:\/\/yoast.com\/product\/yoast-seo-premium-wordpress\/ -->\n<title>R\u00e9publique centrafricaine : 1 personne sur 8 est confront\u00e9e \u00e0 une crise alimentaire alarmante \u00e0 l\u2019approche de la p\u00e9riode de soudure : UNICEF et PAM - centrafricaine<\/title>\n<meta name=\"description\" content=\"L\u2019UNICEF et le PAM pr\u00e9viennent que le nombre d\u2019enfants souffrant de malnutrition est d\u00e9j\u00e0 sup\u00e9rieur de 29 pour cent au ...\" \/>\n<meta name=\"robots\" content=\"index, follow, max-snippet:-1, max-image-preview:large, max-video-preview:-1\" \/>\n<link rel=\"canonical\" href=\"https:\/\/www.africa-press.net\/centrafricaine\/toutes-les-actualites\/republique-centrafricaine-1-personne-sur-8-est-confrontee-a-une-crise-alimentaire-alarmante-a-lapproche-de-la-periode-de-soudure-unicef-et-pam\" \/>\n<meta property=\"og:locale\" content=\"fr_FR\" \/>\n<meta property=\"og:type\" content=\"article\" \/>\n<meta property=\"og:title\" content=\"R\u00e9publique centrafricaine : 1 personne sur 8 est confront\u00e9e \u00e0 une crise alimentaire alarmante \u00e0 l\u2019approche de la p\u00e9riode de soudure : UNICEF et PAM\" \/>\n<meta property=\"og:description\" content=\"L\u2019UNICEF et le PAM pr\u00e9viennent que le nombre d\u2019enfants souffrant de malnutrition est d\u00e9j\u00e0 sup\u00e9rieur de 29 pour cent au ...\" \/>\n<meta property=\"og:url\" content=\"https:\/\/www.africa-press.net\/centrafricaine\/toutes-les-actualites\/republique-centrafricaine-1-personne-sur-8-est-confrontee-a-une-crise-alimentaire-alarmante-a-lapproche-de-la-periode-de-soudure-unicef-et-pam\" \/>\n<meta property=\"og:site_name\" content=\"centrafricaine\" \/>\n<meta property=\"article:published_time\" content=\"2021-07-09T15:09:18+00:00\" \/>\n<meta property=\"og:image\" content=\"https:\/\/static.africa-press.net\/centrafricaine\/sites\/45\/2021\/07\/img-60e8656423ae8.jpg\" \/>\n\t<meta property=\"og:image:width\" content=\"750\" \/>\n\t<meta property=\"og:image:height\" content=\"635\" \/>\n\t<meta property=\"og:image:type\" content=\"image\/jpeg\" \/>\n<meta name=\"author\" content=\"cfeditorfr\" \/>\n<meta name=\"twitter:card\" content=\"summary_large_image\" \/>\n<meta name=\"twitter:label1\" content=\"\u00c9crit par\" \/>\n\t<meta name=\"twitter:data1\" content=\"cfeditorfr\" \/>\n\t<meta name=\"twitter:label2\" content=\"Dur\u00e9e de lecture estim\u00e9e\" \/>\n\t<meta name=\"twitter:data2\" content=\"7 minutes\" \/>\n<script type=\"application\/ld+json\" class=\"yoast-schema-graph\">{\"@context\":\"https:\/\/schema.org\",\"@graph\":[{\"@type\":\"Article\",\"@id\":\"https:\/\/www.africa-press.net\/centrafricaine\/toutes-les-actualites\/republique-centrafricaine-1-personne-sur-8-est-confrontee-a-une-crise-alimentaire-alarmante-a-lapproche-de-la-periode-de-soudure-unicef-et-pam#article\",\"isPartOf\":{\"@id\":\"https:\/\/www.africa-press.net\/centrafricaine\/toutes-les-actualites\/republique-centrafricaine-1-personne-sur-8-est-confrontee-a-une-crise-alimentaire-alarmante-a-lapproche-de-la-periode-de-soudure-unicef-et-pam\"},\"author\":{\"name\":\"cfeditorfr\",\"@id\":\"https:\/\/www.africa-press.net\/centrafricaine\/#\/schema\/person\/2b1cf3cd81a31e3cd26889ca66d677f1\"},\"headline\":\"R\u00e9publique centrafricaine : 1 personne sur 8 est confront\u00e9e \u00e0 une crise alimentaire alarmante \u00e0 l\u2019approche de la p\u00e9riode de soudure : UNICEF et PAM\",\"datePublished\":\"2021-07-09T15:09:18+00:00\",\"mainEntityOfPage\":{\"@id\":\"https:\/\/www.africa-press.net\/centrafricaine\/toutes-les-actualites\/republique-centrafricaine-1-personne-sur-8-est-confrontee-a-une-crise-alimentaire-alarmante-a-lapproche-de-la-periode-de-soudure-unicef-et-pam\"},\"wordCount\":1331,\"commentCount\":0,\"image\":{\"@id\":\"https:\/\/www.africa-press.net\/centrafricaine\/toutes-les-actualites\/republique-centrafricaine-1-personne-sur-8-est-confrontee-a-une-crise-alimentaire-alarmante-a-lapproche-de-la-periode-de-soudure-unicef-et-pam#primaryimage\"},\"thumbnailUrl\":\"https:\/\/static.africa-press.net\/centrafricaine\/sites\/45\/2021\/07\/img-60e8656423ae8.jpg\",\"keywords\":[\"Africa Press\",\"Africa Press-CentrAfricaine\",\"CentrAfricaine\"],\"articleSection\":[\"Communaut\u00e9\",\"homepage-french\",\"Top Nouvelles\",\"Toutes les actualit\u00e9s\"],\"inLanguage\":\"fr-FR\",\"potentialAction\":[{\"@type\":\"CommentAction\",\"name\":\"Comment\",\"target\":[\"https:\/\/www.africa-press.net\/centrafricaine\/toutes-les-actualites\/republique-centrafricaine-1-personne-sur-8-est-confrontee-a-une-crise-alimentaire-alarmante-a-lapproche-de-la-periode-de-soudure-unicef-et-pam#respond\"]}]},{\"@type\":\"WebPage\",\"@id\":\"https:\/\/www.africa-press.net\/centrafricaine\/toutes-les-actualites\/republique-centrafricaine-1-personne-sur-8-est-confrontee-a-une-crise-alimentaire-alarmante-a-lapproche-de-la-periode-de-soudure-unicef-et-pam\",\"url\":\"https:\/\/www.africa-press.net\/centrafricaine\/toutes-les-actualites\/republique-centrafricaine-1-personne-sur-8-est-confrontee-a-une-crise-alimentaire-alarmante-a-lapproche-de-la-periode-de-soudure-unicef-et-pam\",\"name\":\"R\u00e9publique centrafricaine : 1 personne sur 8 est confront\u00e9e \u00e0 une crise alimentaire alarmante \u00e0 l\u2019approche de la p\u00e9riode de soudure : UNICEF et PAM - centrafricaine\",\"isPartOf\":{\"@id\":\"https:\/\/www.africa-press.net\/centrafricaine\/#website\"},\"primaryImageOfPage\":{\"@id\":\"https:\/\/www.africa-press.net\/centrafricaine\/toutes-les-actualites\/republique-centrafricaine-1-personne-sur-8-est-confrontee-a-une-crise-alimentaire-alarmante-a-lapproche-de-la-periode-de-soudure-unicef-et-pam#primaryimage\"},\"image\":{\"@id\":\"https:\/\/www.africa-press.net\/centrafricaine\/toutes-les-actualites\/republique-centrafricaine-1-personne-sur-8-est-confrontee-a-une-crise-alimentaire-alarmante-a-lapproche-de-la-periode-de-soudure-unicef-et-pam#primaryimage\"},\"thumbnailUrl\":\"https:\/\/static.africa-press.net\/centrafricaine\/sites\/45\/2021\/07\/img-60e8656423ae8.jpg\",\"datePublished\":\"2021-07-09T15:09:18+00:00\",\"author\":{\"@id\":\"https:\/\/www.africa-press.net\/centrafricaine\/#\/schema\/person\/2b1cf3cd81a31e3cd26889ca66d677f1\"},\"description\":\"L\u2019UNICEF et le PAM pr\u00e9viennent que le nombre d\u2019enfants souffrant de malnutrition est d\u00e9j\u00e0 sup\u00e9rieur de 29 pour cent au ...\",\"breadcrumb\":{\"@id\":\"https:\/\/www.africa-press.net\/centrafricaine\/toutes-les-actualites\/republique-centrafricaine-1-personne-sur-8-est-confrontee-a-une-crise-alimentaire-alarmante-a-lapproche-de-la-periode-de-soudure-unicef-et-pam#breadcrumb\"},\"inLanguage\":\"fr-FR\",\"potentialAction\":[{\"@type\":\"ReadAction\",\"target\":[\"https:\/\/www.africa-press.net\/centrafricaine\/toutes-les-actualites\/republique-centrafricaine-1-personne-sur-8-est-confrontee-a-une-crise-alimentaire-alarmante-a-lapproche-de-la-periode-de-soudure-unicef-et-pam\"]}]},{\"@type\":\"ImageObject\",\"inLanguage\":\"fr-FR\",\"@id\":\"https:\/\/www.africa-press.net\/centrafricaine\/toutes-les-actualites\/republique-centrafricaine-1-personne-sur-8-est-confrontee-a-une-crise-alimentaire-alarmante-a-lapproche-de-la-periode-de-soudure-unicef-et-pam#primaryimage\",\"url\":\"https:\/\/static.africa-press.net\/centrafricaine\/sites\/45\/2021\/07\/img-60e8656423ae8.jpg\",\"contentUrl\":\"https:\/\/static.africa-press.net\/centrafricaine\/sites\/45\/2021\/07\/img-60e8656423ae8.jpg\",\"width\":750,\"height\":635,\"caption\":\"R\u00e9publique centrafricaine : 1 personne sur 8 est confront\u00e9e \u00e0 une crise alimentaire alarmante \u00e0 l\u2019approche de la p\u00e9riode de soudure : UNICEF et PAM\"},{\"@type\":\"BreadcrumbList\",\"@id\":\"https:\/\/www.africa-press.net\/centrafricaine\/toutes-les-actualites\/republique-centrafricaine-1-personne-sur-8-est-confrontee-a-une-crise-alimentaire-alarmante-a-lapproche-de-la-periode-de-soudure-unicef-et-pam#breadcrumb\",\"itemListElement\":[{\"@type\":\"ListItem\",\"position\":1,\"name\":\"Accueil\",\"item\":\"https:\/\/www.africa-press.net\/centrafricaine\/\"},{\"@type\":\"ListItem\",\"position\":2,\"name\":\"R\u00e9publique centrafricaine : 1 personne sur 8 est confront\u00e9e \u00e0 une crise alimentaire alarmante \u00e0 l\u2019approche de la p\u00e9riode de soudure : UNICEF et PAM\"}]},{\"@type\":\"WebSite\",\"@id\":\"https:\/\/www.africa-press.net\/centrafricaine\/#website\",\"url\":\"https:\/\/www.africa-press.net\/centrafricaine\/\",\"name\":\"centrafricaine\",\"description\":\"Just another Africa News Agency Sites site\",\"potentialAction\":[{\"@type\":\"SearchAction\",\"target\":{\"@type\":\"EntryPoint\",\"urlTemplate\":\"https:\/\/www.africa-press.net\/centrafricaine\/?s={search_term_string}\"},\"query-input\":{\"@type\":\"PropertyValueSpecification\",\"valueRequired\":true,\"valueName\":\"search_term_string\"}}],\"inLanguage\":\"fr-FR\"},{\"@type\":\"Person\",\"@id\":\"https:\/\/www.africa-press.net\/centrafricaine\/#\/schema\/person\/2b1cf3cd81a31e3cd26889ca66d677f1\",\"name\":\"cfeditorfr\"}]}<\/script>\n<!-- \/ Yoast SEO Premium plugin. -->","yoast_head_json":{"title":"R\u00e9publique centrafricaine : 1 personne sur 8 est confront\u00e9e \u00e0 une crise alimentaire alarmante \u00e0 l\u2019approche de la p\u00e9riode de soudure : UNICEF et PAM - centrafricaine","description":"L\u2019UNICEF et le PAM pr\u00e9viennent que le nombre d\u2019enfants souffrant de malnutrition est d\u00e9j\u00e0 sup\u00e9rieur de 29 pour cent au ...","robots":{"index":"index","follow":"follow","max-snippet":"max-snippet:-1","max-image-preview":"max-image-preview:large","max-video-preview":"max-video-preview:-1"},"canonical":"https:\/\/www.africa-press.net\/centrafricaine\/toutes-les-actualites\/republique-centrafricaine-1-personne-sur-8-est-confrontee-a-une-crise-alimentaire-alarmante-a-lapproche-de-la-periode-de-soudure-unicef-et-pam","og_locale":"fr_FR","og_type":"article","og_title":"R\u00e9publique centrafricaine : 1 personne sur 8 est confront\u00e9e \u00e0 une crise alimentaire alarmante \u00e0 l\u2019approche de la p\u00e9riode de soudure : UNICEF et PAM","og_description":"L\u2019UNICEF et le PAM pr\u00e9viennent que le nombre d\u2019enfants souffrant de malnutrition est d\u00e9j\u00e0 sup\u00e9rieur de 29 pour cent au ...","og_url":"https:\/\/www.africa-press.net\/centrafricaine\/toutes-les-actualites\/republique-centrafricaine-1-personne-sur-8-est-confrontee-a-une-crise-alimentaire-alarmante-a-lapproche-de-la-periode-de-soudure-unicef-et-pam","og_site_name":"centrafricaine","article_published_time":"2021-07-09T15:09:18+00:00","og_image":[{"width":750,"height":635,"url":"https:\/\/static.africa-press.net\/centrafricaine\/sites\/45\/2021\/07\/img-60e8656423ae8.jpg","type":"image\/jpeg"}],"author":"cfeditorfr","twitter_card":"summary_large_image","twitter_misc":{"\u00c9crit par":"cfeditorfr","Dur\u00e9e de lecture estim\u00e9e":"7 minutes"},"schema":{"@context":"https:\/\/schema.org","@graph":[{"@type":"Article","@id":"https:\/\/www.africa-press.net\/centrafricaine\/toutes-les-actualites\/republique-centrafricaine-1-personne-sur-8-est-confrontee-a-une-crise-alimentaire-alarmante-a-lapproche-de-la-periode-de-soudure-unicef-et-pam#article","isPartOf":{"@id":"https:\/\/www.africa-press.net\/centrafricaine\/toutes-les-actualites\/republique-centrafricaine-1-personne-sur-8-est-confrontee-a-une-crise-alimentaire-alarmante-a-lapproche-de-la-periode-de-soudure-unicef-et-pam"},"author":{"name":"cfeditorfr","@id":"https:\/\/www.africa-press.net\/centrafricaine\/#\/schema\/person\/2b1cf3cd81a31e3cd26889ca66d677f1"},"headline":"R\u00e9publique centrafricaine : 1 personne sur 8 est confront\u00e9e \u00e0 une crise alimentaire alarmante \u00e0 l\u2019approche de la p\u00e9riode de soudure : UNICEF et PAM","datePublished":"2021-07-09T15:09:18+00:00","mainEntityOfPage":{"@id":"https:\/\/www.africa-press.net\/centrafricaine\/toutes-les-actualites\/republique-centrafricaine-1-personne-sur-8-est-confrontee-a-une-crise-alimentaire-alarmante-a-lapproche-de-la-periode-de-soudure-unicef-et-pam"},"wordCount":1331,"commentCount":0,"image":{"@id":"https:\/\/www.africa-press.net\/centrafricaine\/toutes-les-actualites\/republique-centrafricaine-1-personne-sur-8-est-confrontee-a-une-crise-alimentaire-alarmante-a-lapproche-de-la-periode-de-soudure-unicef-et-pam#primaryimage"},"thumbnailUrl":"https:\/\/static.africa-press.net\/centrafricaine\/sites\/45\/2021\/07\/img-60e8656423ae8.jpg","keywords":["Africa Press","Africa Press-CentrAfricaine","CentrAfricaine"],"articleSection":["Communaut\u00e9","homepage-french","Top Nouvelles","Toutes les actualit\u00e9s"],"inLanguage":"fr-FR","potentialAction":[{"@type":"CommentAction","name":"Comment","target":["https:\/\/www.africa-press.net\/centrafricaine\/toutes-les-actualites\/republique-centrafricaine-1-personne-sur-8-est-confrontee-a-une-crise-alimentaire-alarmante-a-lapproche-de-la-periode-de-soudure-unicef-et-pam#respond"]}]},{"@type":"WebPage","@id":"https:\/\/www.africa-press.net\/centrafricaine\/toutes-les-actualites\/republique-centrafricaine-1-personne-sur-8-est-confrontee-a-une-crise-alimentaire-alarmante-a-lapproche-de-la-periode-de-soudure-unicef-et-pam","url":"https:\/\/www.africa-press.net\/centrafricaine\/toutes-les-actualites\/republique-centrafricaine-1-personne-sur-8-est-confrontee-a-une-crise-alimentaire-alarmante-a-lapproche-de-la-periode-de-soudure-unicef-et-pam","name":"R\u00e9publique centrafricaine : 1 personne sur 8 est confront\u00e9e \u00e0 une crise alimentaire alarmante \u00e0 l\u2019approche de la p\u00e9riode de soudure : UNICEF et PAM - centrafricaine","isPartOf":{"@id":"https:\/\/www.africa-press.net\/centrafricaine\/#website"},"primaryImageOfPage":{"@id":"https:\/\/www.africa-press.net\/centrafricaine\/toutes-les-actualites\/republique-centrafricaine-1-personne-sur-8-est-confrontee-a-une-crise-alimentaire-alarmante-a-lapproche-de-la-periode-de-soudure-unicef-et-pam#primaryimage"},"image":{"@id":"https:\/\/www.africa-press.net\/centrafricaine\/toutes-les-actualites\/republique-centrafricaine-1-personne-sur-8-est-confrontee-a-une-crise-alimentaire-alarmante-a-lapproche-de-la-periode-de-soudure-unicef-et-pam#primaryimage"},"thumbnailUrl":"https:\/\/static.africa-press.net\/centrafricaine\/sites\/45\/2021\/07\/img-60e8656423ae8.jpg","datePublished":"2021-07-09T15:09:18+00:00","author":{"@id":"https:\/\/www.africa-press.net\/centrafricaine\/#\/schema\/person\/2b1cf3cd81a31e3cd26889ca66d677f1"},"description":"L\u2019UNICEF et le PAM pr\u00e9viennent que le nombre d\u2019enfants souffrant de malnutrition est d\u00e9j\u00e0 sup\u00e9rieur de 29 pour cent au ...","breadcrumb":{"@id":"https:\/\/www.africa-press.net\/centrafricaine\/toutes-les-actualites\/republique-centrafricaine-1-personne-sur-8-est-confrontee-a-une-crise-alimentaire-alarmante-a-lapproche-de-la-periode-de-soudure-unicef-et-pam#breadcrumb"},"inLanguage":"fr-FR","potentialAction":[{"@type":"ReadAction","target":["https:\/\/www.africa-press.net\/centrafricaine\/toutes-les-actualites\/republique-centrafricaine-1-personne-sur-8-est-confrontee-a-une-crise-alimentaire-alarmante-a-lapproche-de-la-periode-de-soudure-unicef-et-pam"]}]},{"@type":"ImageObject","inLanguage":"fr-FR","@id":"https:\/\/www.africa-press.net\/centrafricaine\/toutes-les-actualites\/republique-centrafricaine-1-personne-sur-8-est-confrontee-a-une-crise-alimentaire-alarmante-a-lapproche-de-la-periode-de-soudure-unicef-et-pam#primaryimage","url":"https:\/\/static.africa-press.net\/centrafricaine\/sites\/45\/2021\/07\/img-60e8656423ae8.jpg","contentUrl":"https:\/\/static.africa-press.net\/centrafricaine\/sites\/45\/2021\/07\/img-60e8656423ae8.jpg","width":750,"height":635,"caption":"R\u00e9publique centrafricaine : 1 personne sur 8 est confront\u00e9e \u00e0 une crise alimentaire alarmante \u00e0 l\u2019approche de la p\u00e9riode de soudure : UNICEF et PAM"},{"@type":"BreadcrumbList","@id":"https:\/\/www.africa-press.net\/centrafricaine\/toutes-les-actualites\/republique-centrafricaine-1-personne-sur-8-est-confrontee-a-une-crise-alimentaire-alarmante-a-lapproche-de-la-periode-de-soudure-unicef-et-pam#breadcrumb","itemListElement":[{"@type":"ListItem","position":1,"name":"Accueil","item":"https:\/\/www.africa-press.net\/centrafricaine\/"},{"@type":"ListItem","position":2,"name":"R\u00e9publique centrafricaine : 1 personne sur 8 est confront\u00e9e \u00e0 une crise alimentaire alarmante \u00e0 l\u2019approche de la p\u00e9riode de soudure : UNICEF et PAM"}]},{"@type":"WebSite","@id":"https:\/\/www.africa-press.net\/centrafricaine\/#website","url":"https:\/\/www.africa-press.net\/centrafricaine\/","name":"centrafricaine","description":"Just another Africa News Agency Sites site","potentialAction":[{"@type":"SearchAction","target":{"@type":"EntryPoint","urlTemplate":"https:\/\/www.africa-press.net\/centrafricaine\/?s={search_term_string}"},"query-input":{"@type":"PropertyValueSpecification","valueRequired":true,"valueName":"search_term_string"}}],"inLanguage":"fr-FR"},{"@type":"Person","@id":"https:\/\/www.africa-press.net\/centrafricaine\/#\/schema\/person\/2b1cf3cd81a31e3cd26889ca66d677f1","name":"cfeditorfr"}]}},"_links":{"self":[{"href":"https:\/\/www.africa-press.net\/centrafricaine\/wp-json\/wp\/v2\/posts\/8742","targetHints":{"allow":["GET"]}}],"collection":[{"href":"https:\/\/www.africa-press.net\/centrafricaine\/wp-json\/wp\/v2\/posts"}],"about":[{"href":"https:\/\/www.africa-press.net\/centrafricaine\/wp-json\/wp\/v2\/types\/post"}],"author":[{"embeddable":true,"href":"https:\/\/www.africa-press.net\/centrafricaine\/wp-json\/wp\/v2\/users\/82"}],"replies":[{"embeddable":true,"href":"https:\/\/www.africa-press.net\/centrafricaine\/wp-json\/wp\/v2\/comments?post=8742"}],"version-history":[{"count":0,"href":"https:\/\/www.africa-press.net\/centrafricaine\/wp-json\/wp\/v2\/posts\/8742\/revisions"}],"wp:featuredmedia":[{"embeddable":true,"href":"https:\/\/www.africa-press.net\/centrafricaine\/wp-json\/wp\/v2\/media\/8741"}],"wp:attachment":[{"href":"https:\/\/www.africa-press.net\/centrafricaine\/wp-json\/wp\/v2\/media?parent=8742"}],"wp:term":[{"taxonomy":"category","embeddable":true,"href":"https:\/\/www.africa-press.net\/centrafricaine\/wp-json\/wp\/v2\/categories?post=8742"},{"taxonomy":"post_tag","embeddable":true,"href":"https:\/\/www.africa-press.net\/centrafricaine\/wp-json\/wp\/v2\/tags?post=8742"}],"curies":[{"name":"wp","href":"https:\/\/api.w.org\/{rel}","templated":true}]}}