{"id":8748,"date":"2021-07-09T15:23:31","date_gmt":"2021-07-09T15:23:31","guid":{"rendered":"https:\/\/www.africa-press.net\/centrafricaine\/?p=8748"},"modified":"2021-07-14T14:15:59","modified_gmt":"2021-07-14T14:15:59","slug":"bangui-nouvelle-tension-entre-les-gendarmes-et-quelques-elements-des-faca","status":"publish","type":"post","link":"https:\/\/www.africa-press.net\/centrafricaine\/politique\/bangui-nouvelle-tension-entre-les-gendarmes-et-quelques-elements-des-faca","title":{"rendered":"Bangui, nouvelle tension entre les gendarmes et quelques \u00e9l\u00e9ments des FACA"},"content":{"rendered":"<p><span style=\"color: #ff6600\"><strong><a href=\"https:\/\/www.africa-press.net\/\">Africa-Press<\/a> &#8211; <a href=\"https:\/\/www.africa-press.net\/centrafricaine\">CentrAfricaine<\/a>. <\/strong><\/span>\u00a0Un gendarme et un \u00e9l\u00e9ment des forces arm\u00e9es centrafricaines ont \u00e9t\u00e9 bless\u00e9s dans un incident militaire survenu au rond-point Marab\u00e9na, dans le cinqui\u00e8me arrondissement de Bangui, a-t-on appris de sources s\u00e9curitaires.<\/p>\n<p>Dans la nuit du mercredi \u00e0 jeudi 8 juillet, deux soldats de l\u2019arm\u00e9e nationale, peu apr\u00e8s le d\u00e9marrage du couvre-feu, ont d\u00e9sert\u00e9 leur poste, puis quittent sur une moto pour repartir dans le quartier. Pendant ce temps, les deux FACA, dans leur fuite, n\u2019ont pas respect\u00e9 la barricade du couvre-feu \u00e9rig\u00e9e par les gendarmes au croisement Marab\u00e9na, et l\u2019un d\u2019eux prend le luxe de faire feu en l\u2019aire pour intimider les \u00e9l\u00e9ments en poste. Apr\u00e8s des discussions, l\u2019un des FACA a \u00e9t\u00e9 d\u00e9sarm\u00e9 par les gendarmes. Ce qui pousse celui-ci \u00e0 faire appel \u00e0 ses acolytes, plus de 25 militaires sont arriv\u00e9s imm\u00e9diatement sur le lieu du drame pour commencer a agresser ces gendarmes.<\/p>\n<p>Apr\u00e8s des d\u00e9tonations, une patrouille militaire est arriv\u00e9e sur le lieu, et les deux FACA ainsi que leurs acolytes se sont finalement retir\u00e9s.<\/p>\n<p>Au total, deux personnes ont \u00e9t\u00e9 bless\u00e9es, dont un gendarme et un soldat FACA.<\/p>\n<p>Rappelons que les soldats FACA sont soup\u00e7onn\u00e9s par les populations d\u2019\u00eatre auteurs de plusieurs braquages commis dans les quartiers de Bangui ce dernier temps, ce qui pousse les gendarmes \u00e0 mettre un peu de vigilance dans leurs activit\u00e9s nocturnes, et contr\u00f4ler ces militaires.<\/p>\n<p><b>\u00a0<\/b><\/p>\n","protected":false},"excerpt":{"rendered":"<p>Africa-Press &#8211; CentrAfricaine. \u00a0Un gendarme et un \u00e9l\u00e9ment des forces arm\u00e9es centrafricaines ont \u00e9t\u00e9 bless\u00e9s dans un incident militaire survenu au rond-point Marab\u00e9na, dans le cinqui\u00e8me arrondissement de Bangui, a-t-on appris de sources s\u00e9curitaires. Dans la nuit du mercredi \u00e0 jeudi 8 juillet, deux soldats de l\u2019arm\u00e9e nationale, peu apr\u00e8s le d\u00e9marrage du couvre-feu, ont [&hellip;]<\/p>\n","protected":false},"author":82,"featured_media":8747,"comment_status":"open","ping_status":"closed","sticky":false,"template":"","format":"standard","meta":{"footnotes":""},"categories":[11,2,20,10],"tags":[36,58,30],"class_list":["post-8748","post","type-post","status-publish","format-standard","has-post-thumbnail","hentry","category-homepage-french","category-politique","category-top-nouvelles","category-toutes-les-actualites","tag-africa-press","tag-africa-press-centrafricaine","tag-centrafricaine"],"yoast_head":"<!-- This site is optimized with the Yoast SEO Premium plugin v26.1 (Yoast SEO v27.0) - https:\/\/yoast.com\/product\/yoast-seo-premium-wordpress\/ -->\n<title>Bangui, nouvelle tension entre les gendarmes et quelques \u00e9l\u00e9ments des FACA - centrafricaine<\/title>\n<meta name=\"description\" content=\"Bangui, R\u00e9publique centrafricaine, vendredi, 9 juillet 2021, 11:47:41 ( Corbeaunews-Centrafrique ). Un gendarme ...\" \/>\n<meta name=\"robots\" content=\"index, follow, max-snippet:-1, max-image-preview:large, max-video-preview:-1\" \/>\n<link rel=\"canonical\" href=\"https:\/\/www.africa-press.net\/centrafricaine\/politique\/bangui-nouvelle-tension-entre-les-gendarmes-et-quelques-elements-des-faca\" \/>\n<meta property=\"og:locale\" content=\"fr_FR\" \/>\n<meta property=\"og:type\" content=\"article\" \/>\n<meta property=\"og:title\" content=\"Bangui, nouvelle tension entre les gendarmes et quelques \u00e9l\u00e9ments des FACA\" \/>\n<meta property=\"og:description\" content=\"Bangui, R\u00e9publique centrafricaine, vendredi, 9 juillet 2021, 11:47:41 ( Corbeaunews-Centrafrique ). Un gendarme ...\" \/>\n<meta property=\"og:url\" content=\"https:\/\/www.africa-press.net\/centrafricaine\/politique\/bangui-nouvelle-tension-entre-les-gendarmes-et-quelques-elements-des-faca\" \/>\n<meta property=\"og:site_name\" content=\"centrafricaine\" \/>\n<meta property=\"article:published_time\" content=\"2021-07-09T15:23:31+00:00\" \/>\n<meta property=\"article:modified_time\" content=\"2021-07-14T14:15:59+00:00\" \/>\n<meta property=\"og:image\" content=\"https:\/\/static.africa-press.net\/centrafricaine\/sites\/45\/2021\/07\/img-60e865dd88936.jpg\" \/>\n\t<meta property=\"og:image:width\" content=\"720\" \/>\n\t<meta property=\"og:image:height\" content=\"406\" \/>\n\t<meta property=\"og:image:type\" content=\"image\/jpeg\" \/>\n<meta name=\"author\" content=\"cfeditorfr\" \/>\n<meta name=\"twitter:card\" content=\"summary_large_image\" \/>\n<meta name=\"twitter:label1\" content=\"\u00c9crit par\" \/>\n\t<meta name=\"twitter:data1\" content=\"cfeditorfr\" \/>\n\t<meta name=\"twitter:label2\" content=\"Dur\u00e9e de lecture estim\u00e9e\" \/>\n\t<meta name=\"twitter:data2\" content=\"1 minute\" \/>\n<script type=\"application\/ld+json\" class=\"yoast-schema-graph\">{\"@context\":\"https:\/\/schema.org\",\"@graph\":[{\"@type\":\"Article\",\"@id\":\"https:\/\/www.africa-press.net\/centrafricaine\/politique\/bangui-nouvelle-tension-entre-les-gendarmes-et-quelques-elements-des-faca#article\",\"isPartOf\":{\"@id\":\"https:\/\/www.africa-press.net\/centrafricaine\/politique\/bangui-nouvelle-tension-entre-les-gendarmes-et-quelques-elements-des-faca\"},\"author\":{\"name\":\"cfeditorfr\",\"@id\":\"https:\/\/www.africa-press.net\/centrafricaine\/#\/schema\/person\/2b1cf3cd81a31e3cd26889ca66d677f1\"},\"headline\":\"Bangui, nouvelle tension entre les gendarmes et quelques \u00e9l\u00e9ments des FACA\",\"datePublished\":\"2021-07-09T15:23:31+00:00\",\"dateModified\":\"2021-07-14T14:15:59+00:00\",\"mainEntityOfPage\":{\"@id\":\"https:\/\/www.africa-press.net\/centrafricaine\/politique\/bangui-nouvelle-tension-entre-les-gendarmes-et-quelques-elements-des-faca\"},\"wordCount\":267,\"commentCount\":0,\"image\":{\"@id\":\"https:\/\/www.africa-press.net\/centrafricaine\/politique\/bangui-nouvelle-tension-entre-les-gendarmes-et-quelques-elements-des-faca#primaryimage\"},\"thumbnailUrl\":\"https:\/\/static.africa-press.net\/centrafricaine\/sites\/45\/2021\/07\/img-60e865dd88936.jpg\",\"keywords\":[\"Africa Press\",\"Africa Press-CentrAfricaine\",\"CentrAfricaine\"],\"articleSection\":[\"homepage-french\",\"Politique\",\"Top Nouvelles\",\"Toutes les actualit\u00e9s\"],\"inLanguage\":\"fr-FR\",\"potentialAction\":[{\"@type\":\"CommentAction\",\"name\":\"Comment\",\"target\":[\"https:\/\/www.africa-press.net\/centrafricaine\/politique\/bangui-nouvelle-tension-entre-les-gendarmes-et-quelques-elements-des-faca#respond\"]}]},{\"@type\":\"WebPage\",\"@id\":\"https:\/\/www.africa-press.net\/centrafricaine\/politique\/bangui-nouvelle-tension-entre-les-gendarmes-et-quelques-elements-des-faca\",\"url\":\"https:\/\/www.africa-press.net\/centrafricaine\/politique\/bangui-nouvelle-tension-entre-les-gendarmes-et-quelques-elements-des-faca\",\"name\":\"Bangui, nouvelle tension entre les gendarmes et quelques \u00e9l\u00e9ments des FACA - centrafricaine\",\"isPartOf\":{\"@id\":\"https:\/\/www.africa-press.net\/centrafricaine\/#website\"},\"primaryImageOfPage\":{\"@id\":\"https:\/\/www.africa-press.net\/centrafricaine\/politique\/bangui-nouvelle-tension-entre-les-gendarmes-et-quelques-elements-des-faca#primaryimage\"},\"image\":{\"@id\":\"https:\/\/www.africa-press.net\/centrafricaine\/politique\/bangui-nouvelle-tension-entre-les-gendarmes-et-quelques-elements-des-faca#primaryimage\"},\"thumbnailUrl\":\"https:\/\/static.africa-press.net\/centrafricaine\/sites\/45\/2021\/07\/img-60e865dd88936.jpg\",\"datePublished\":\"2021-07-09T15:23:31+00:00\",\"dateModified\":\"2021-07-14T14:15:59+00:00\",\"author\":{\"@id\":\"https:\/\/www.africa-press.net\/centrafricaine\/#\/schema\/person\/2b1cf3cd81a31e3cd26889ca66d677f1\"},\"description\":\"Bangui, R\u00e9publique centrafricaine, vendredi, 9 juillet 2021, 11:47:41 ( Corbeaunews-Centrafrique ). Un gendarme ...\",\"breadcrumb\":{\"@id\":\"https:\/\/www.africa-press.net\/centrafricaine\/politique\/bangui-nouvelle-tension-entre-les-gendarmes-et-quelques-elements-des-faca#breadcrumb\"},\"inLanguage\":\"fr-FR\",\"potentialAction\":[{\"@type\":\"ReadAction\",\"target\":[\"https:\/\/www.africa-press.net\/centrafricaine\/politique\/bangui-nouvelle-tension-entre-les-gendarmes-et-quelques-elements-des-faca\"]}]},{\"@type\":\"ImageObject\",\"inLanguage\":\"fr-FR\",\"@id\":\"https:\/\/www.africa-press.net\/centrafricaine\/politique\/bangui-nouvelle-tension-entre-les-gendarmes-et-quelques-elements-des-faca#primaryimage\",\"url\":\"https:\/\/static.africa-press.net\/centrafricaine\/sites\/45\/2021\/07\/img-60e865dd88936.jpg\",\"contentUrl\":\"https:\/\/static.africa-press.net\/centrafricaine\/sites\/45\/2021\/07\/img-60e865dd88936.jpg\",\"width\":720,\"height\":406,\"caption\":\"Bangui, nouvelle tension entre les gendarmes et quelques \u00e9l\u00e9ments des FACA\"},{\"@type\":\"BreadcrumbList\",\"@id\":\"https:\/\/www.africa-press.net\/centrafricaine\/politique\/bangui-nouvelle-tension-entre-les-gendarmes-et-quelques-elements-des-faca#breadcrumb\",\"itemListElement\":[{\"@type\":\"ListItem\",\"position\":1,\"name\":\"Accueil\",\"item\":\"https:\/\/www.africa-press.net\/centrafricaine\/\"},{\"@type\":\"ListItem\",\"position\":2,\"name\":\"Bangui, nouvelle tension entre les gendarmes et quelques \u00e9l\u00e9ments des FACA\"}]},{\"@type\":\"WebSite\",\"@id\":\"https:\/\/www.africa-press.net\/centrafricaine\/#website\",\"url\":\"https:\/\/www.africa-press.net\/centrafricaine\/\",\"name\":\"centrafricaine\",\"description\":\"Just another Africa News Agency Sites site\",\"potentialAction\":[{\"@type\":\"SearchAction\",\"target\":{\"@type\":\"EntryPoint\",\"urlTemplate\":\"https:\/\/www.africa-press.net\/centrafricaine\/?s={search_term_string}\"},\"query-input\":{\"@type\":\"PropertyValueSpecification\",\"valueRequired\":true,\"valueName\":\"search_term_string\"}}],\"inLanguage\":\"fr-FR\"},{\"@type\":\"Person\",\"@id\":\"https:\/\/www.africa-press.net\/centrafricaine\/#\/schema\/person\/2b1cf3cd81a31e3cd26889ca66d677f1\",\"name\":\"cfeditorfr\"}]}<\/script>\n<!-- \/ Yoast SEO Premium plugin. -->","yoast_head_json":{"title":"Bangui, nouvelle tension entre les gendarmes et quelques \u00e9l\u00e9ments des FACA - centrafricaine","description":"Bangui, R\u00e9publique centrafricaine, vendredi, 9 juillet 2021, 11:47:41 ( Corbeaunews-Centrafrique ). Un gendarme ...","robots":{"index":"index","follow":"follow","max-snippet":"max-snippet:-1","max-image-preview":"max-image-preview:large","max-video-preview":"max-video-preview:-1"},"canonical":"https:\/\/www.africa-press.net\/centrafricaine\/politique\/bangui-nouvelle-tension-entre-les-gendarmes-et-quelques-elements-des-faca","og_locale":"fr_FR","og_type":"article","og_title":"Bangui, nouvelle tension entre les gendarmes et quelques \u00e9l\u00e9ments des FACA","og_description":"Bangui, R\u00e9publique centrafricaine, vendredi, 9 juillet 2021, 11:47:41 ( Corbeaunews-Centrafrique ). Un gendarme ...","og_url":"https:\/\/www.africa-press.net\/centrafricaine\/politique\/bangui-nouvelle-tension-entre-les-gendarmes-et-quelques-elements-des-faca","og_site_name":"centrafricaine","article_published_time":"2021-07-09T15:23:31+00:00","article_modified_time":"2021-07-14T14:15:59+00:00","og_image":[{"width":720,"height":406,"url":"https:\/\/static.africa-press.net\/centrafricaine\/sites\/45\/2021\/07\/img-60e865dd88936.jpg","type":"image\/jpeg"}],"author":"cfeditorfr","twitter_card":"summary_large_image","twitter_misc":{"\u00c9crit par":"cfeditorfr","Dur\u00e9e de lecture estim\u00e9e":"1 minute"},"schema":{"@context":"https:\/\/schema.org","@graph":[{"@type":"Article","@id":"https:\/\/www.africa-press.net\/centrafricaine\/politique\/bangui-nouvelle-tension-entre-les-gendarmes-et-quelques-elements-des-faca#article","isPartOf":{"@id":"https:\/\/www.africa-press.net\/centrafricaine\/politique\/bangui-nouvelle-tension-entre-les-gendarmes-et-quelques-elements-des-faca"},"author":{"name":"cfeditorfr","@id":"https:\/\/www.africa-press.net\/centrafricaine\/#\/schema\/person\/2b1cf3cd81a31e3cd26889ca66d677f1"},"headline":"Bangui, nouvelle tension entre les gendarmes et quelques \u00e9l\u00e9ments des FACA","datePublished":"2021-07-09T15:23:31+00:00","dateModified":"2021-07-14T14:15:59+00:00","mainEntityOfPage":{"@id":"https:\/\/www.africa-press.net\/centrafricaine\/politique\/bangui-nouvelle-tension-entre-les-gendarmes-et-quelques-elements-des-faca"},"wordCount":267,"commentCount":0,"image":{"@id":"https:\/\/www.africa-press.net\/centrafricaine\/politique\/bangui-nouvelle-tension-entre-les-gendarmes-et-quelques-elements-des-faca#primaryimage"},"thumbnailUrl":"https:\/\/static.africa-press.net\/centrafricaine\/sites\/45\/2021\/07\/img-60e865dd88936.jpg","keywords":["Africa Press","Africa Press-CentrAfricaine","CentrAfricaine"],"articleSection":["homepage-french","Politique","Top Nouvelles","Toutes les actualit\u00e9s"],"inLanguage":"fr-FR","potentialAction":[{"@type":"CommentAction","name":"Comment","target":["https:\/\/www.africa-press.net\/centrafricaine\/politique\/bangui-nouvelle-tension-entre-les-gendarmes-et-quelques-elements-des-faca#respond"]}]},{"@type":"WebPage","@id":"https:\/\/www.africa-press.net\/centrafricaine\/politique\/bangui-nouvelle-tension-entre-les-gendarmes-et-quelques-elements-des-faca","url":"https:\/\/www.africa-press.net\/centrafricaine\/politique\/bangui-nouvelle-tension-entre-les-gendarmes-et-quelques-elements-des-faca","name":"Bangui, nouvelle tension entre les gendarmes et quelques \u00e9l\u00e9ments des FACA - centrafricaine","isPartOf":{"@id":"https:\/\/www.africa-press.net\/centrafricaine\/#website"},"primaryImageOfPage":{"@id":"https:\/\/www.africa-press.net\/centrafricaine\/politique\/bangui-nouvelle-tension-entre-les-gendarmes-et-quelques-elements-des-faca#primaryimage"},"image":{"@id":"https:\/\/www.africa-press.net\/centrafricaine\/politique\/bangui-nouvelle-tension-entre-les-gendarmes-et-quelques-elements-des-faca#primaryimage"},"thumbnailUrl":"https:\/\/static.africa-press.net\/centrafricaine\/sites\/45\/2021\/07\/img-60e865dd88936.jpg","datePublished":"2021-07-09T15:23:31+00:00","dateModified":"2021-07-14T14:15:59+00:00","author":{"@id":"https:\/\/www.africa-press.net\/centrafricaine\/#\/schema\/person\/2b1cf3cd81a31e3cd26889ca66d677f1"},"description":"Bangui, R\u00e9publique centrafricaine, vendredi, 9 juillet 2021, 11:47:41 ( Corbeaunews-Centrafrique ). Un gendarme ...","breadcrumb":{"@id":"https:\/\/www.africa-press.net\/centrafricaine\/politique\/bangui-nouvelle-tension-entre-les-gendarmes-et-quelques-elements-des-faca#breadcrumb"},"inLanguage":"fr-FR","potentialAction":[{"@type":"ReadAction","target":["https:\/\/www.africa-press.net\/centrafricaine\/politique\/bangui-nouvelle-tension-entre-les-gendarmes-et-quelques-elements-des-faca"]}]},{"@type":"ImageObject","inLanguage":"fr-FR","@id":"https:\/\/www.africa-press.net\/centrafricaine\/politique\/bangui-nouvelle-tension-entre-les-gendarmes-et-quelques-elements-des-faca#primaryimage","url":"https:\/\/static.africa-press.net\/centrafricaine\/sites\/45\/2021\/07\/img-60e865dd88936.jpg","contentUrl":"https:\/\/static.africa-press.net\/centrafricaine\/sites\/45\/2021\/07\/img-60e865dd88936.jpg","width":720,"height":406,"caption":"Bangui, nouvelle tension entre les gendarmes et quelques \u00e9l\u00e9ments des FACA"},{"@type":"BreadcrumbList","@id":"https:\/\/www.africa-press.net\/centrafricaine\/politique\/bangui-nouvelle-tension-entre-les-gendarmes-et-quelques-elements-des-faca#breadcrumb","itemListElement":[{"@type":"ListItem","position":1,"name":"Accueil","item":"https:\/\/www.africa-press.net\/centrafricaine\/"},{"@type":"ListItem","position":2,"name":"Bangui, nouvelle tension entre les gendarmes et quelques \u00e9l\u00e9ments des FACA"}]},{"@type":"WebSite","@id":"https:\/\/www.africa-press.net\/centrafricaine\/#website","url":"https:\/\/www.africa-press.net\/centrafricaine\/","name":"centrafricaine","description":"Just another Africa News Agency Sites site","potentialAction":[{"@type":"SearchAction","target":{"@type":"EntryPoint","urlTemplate":"https:\/\/www.africa-press.net\/centrafricaine\/?s={search_term_string}"},"query-input":{"@type":"PropertyValueSpecification","valueRequired":true,"valueName":"search_term_string"}}],"inLanguage":"fr-FR"},{"@type":"Person","@id":"https:\/\/www.africa-press.net\/centrafricaine\/#\/schema\/person\/2b1cf3cd81a31e3cd26889ca66d677f1","name":"cfeditorfr"}]}},"_links":{"self":[{"href":"https:\/\/www.africa-press.net\/centrafricaine\/wp-json\/wp\/v2\/posts\/8748","targetHints":{"allow":["GET"]}}],"collection":[{"href":"https:\/\/www.africa-press.net\/centrafricaine\/wp-json\/wp\/v2\/posts"}],"about":[{"href":"https:\/\/www.africa-press.net\/centrafricaine\/wp-json\/wp\/v2\/types\/post"}],"author":[{"embeddable":true,"href":"https:\/\/www.africa-press.net\/centrafricaine\/wp-json\/wp\/v2\/users\/82"}],"replies":[{"embeddable":true,"href":"https:\/\/www.africa-press.net\/centrafricaine\/wp-json\/wp\/v2\/comments?post=8748"}],"version-history":[{"count":0,"href":"https:\/\/www.africa-press.net\/centrafricaine\/wp-json\/wp\/v2\/posts\/8748\/revisions"}],"wp:featuredmedia":[{"embeddable":true,"href":"https:\/\/www.africa-press.net\/centrafricaine\/wp-json\/wp\/v2\/media\/8747"}],"wp:attachment":[{"href":"https:\/\/www.africa-press.net\/centrafricaine\/wp-json\/wp\/v2\/media?parent=8748"}],"wp:term":[{"taxonomy":"category","embeddable":true,"href":"https:\/\/www.africa-press.net\/centrafricaine\/wp-json\/wp\/v2\/categories?post=8748"},{"taxonomy":"post_tag","embeddable":true,"href":"https:\/\/www.africa-press.net\/centrafricaine\/wp-json\/wp\/v2\/tags?post=8748"}],"curies":[{"name":"wp","href":"https:\/\/api.w.org\/{rel}","templated":true}]}}