{"id":8751,"date":"2021-07-09T15:29:22","date_gmt":"2021-07-09T15:29:22","guid":{"rendered":"https:\/\/www.africa-press.net\/centrafricaine\/?p=8751"},"modified":"2021-07-14T14:16:12","modified_gmt":"2021-07-14T14:16:12","slug":"bria-un-officier-de-faca-pourchasse-par-les-mercenaires-de-wagner-sest-refugie-dans-la-base-de-la-minusca","status":"publish","type":"post","link":"https:\/\/www.africa-press.net\/centrafricaine\/politique\/bria-un-officier-de-faca-pourchasse-par-les-mercenaires-de-wagner-sest-refugie-dans-la-base-de-la-minusca","title":{"rendered":"Bria, un officier de FACA pourchass\u00e9 par les mercenaires de Wagner, s\u2019est r\u00e9fugi\u00e9 dans la base de la Minusca"},"content":{"rendered":"<p><span style=\"color: #ff6600\"><strong><a href=\"https:\/\/www.africa-press.net\/\">Africa-Press<\/a> &#8211; <a href=\"https:\/\/www.africa-press.net\/centrafricaine\">CentrAfricaine<\/a>.\u00a0 <\/strong><\/span>\u00a0Soup\u00e7onn\u00e9 d\u2019avoir vendu des armes et munitions aux jeunes de Bria, un capitaine de l\u2019arm\u00e9e nationale a failli \u00eatre arr\u00eat\u00e9 par les mercenaires russes de la soci\u00e9t\u00e9 Wagner. Il est actuellement en fuite, et refuge de subir les m\u00eames tortures que celles faites au colonel Kitocko, commandant de la zone de d\u00e9fense du nord.<\/p>\n<p>Les soldats des forces arm\u00e9es centrafricaines (FACA), quel que soit leur grade, sont devenus depuis quelques mois des poup\u00e9es devant les mercenaires russes et syriens de la soci\u00e9t\u00e9 Wagner.<\/p>\n<p>Un mois apr\u00e8s l\u2019arrestation et la torture du colonel Moussa Kitocko par les mercenaires de la soci\u00e9t\u00e9 Wagner \u00e0 Nd\u00e9l\u00e9, dans le Bamingui-Bangoran, le chef du d\u00e9tachement militaire de l\u2019arm\u00e9e nationale \u00e0 Bria a failli aussi \u00eatre arr\u00eat\u00e9 par les hommes de Wagner. Il est en fuite dans la base op\u00e9rationnelle des Casques bleus de la Minusca qui refuse en bloc de le livrer \u00e0 ses poursuivants russes.<\/p>\n<p>En effet, selon les t\u00e9moins, le jeune capitaine fugitif, depuis son arriv\u00e9e \u00e0 Bria, s\u2019adonne aux activit\u00e9s sportives et culturelles de la ville au c\u00f4t\u00e9 des jeunes.<\/p>\n<p>Chaque week-end, on le voit sur le terrain en train de jouer le football avec les jeunes. Mais pour les hommes de Wagner, ceci est un p\u00e9ch\u00e9, pour ne pas dire une trahison. Mais pour l\u2019int\u00e9ress\u00e9, le fait de se m\u00e9langer avec les jeunes permettrait de recueillir des informations sur les potentiels ennemis.<\/p>\n<p>Ce jeudi, \u00e0 la surprise de tout le monde, les hommes de Wagner ont mont\u00e9 un plan pour le capturer vivant, et le faire passer \u00e0 tabac, si possible le transf\u00e9rer \u00e0 Bangui. Constatons les faits, le jeune capitaine s\u2019\u00e9clipse tranquillement pour rejoindre la base op\u00e9rationnelle des Casques bleus de la Minusca \u00e0 Bria. Mais les mercenaires russes n\u2019ont pas dit leur dernier mot. Ils ont d\u00e9barqu\u00e9 devant la base de la Minusca pour interpeller le capitaine, mais les Casques bleus leur ont r\u00e9pondu en russe \u00ab niet \u00bb. Ils refusent cat\u00e9goriquement de le livrer. Ceci a soulev\u00e9 une tension entre les hommes de Wagner et les Casques bleus durant quelques minutes.<\/p>\n<p>Au final, le capitaine devrait \u00eatre rapatri\u00e9 \u00e0 Bangui par un vol des Nations unies cette semaine.<\/p>\n<p>Rappelons que les mercenaires de la soci\u00e9t\u00e9 Wagner ont \u00e9t\u00e9 d\u00e9ploy\u00e9s en Centrafrique pour appuyer les soldats FACA dans leur offensive contre les rebelles de la coalition des patriotes pour le changement (CPC) depuis janvier dernier. Selon les experts des Nations unies, ils sont soup\u00e7onn\u00e9s d\u2019avoir commis de multiples crimes de guerre et crimes contre l\u2019humanit\u00e9 sur les populations civiles.<\/p>\n<p><b>\u00a0<\/b><\/p>\n","protected":false},"excerpt":{"rendered":"<p>Africa-Press &#8211; CentrAfricaine.\u00a0 \u00a0Soup\u00e7onn\u00e9 d\u2019avoir vendu des armes et munitions aux jeunes de Bria, un capitaine de l\u2019arm\u00e9e nationale a failli \u00eatre arr\u00eat\u00e9 par les mercenaires russes de la soci\u00e9t\u00e9 Wagner. Il est actuellement en fuite, et refuge de subir les m\u00eames tortures que celles faites au colonel Kitocko, commandant de la zone de d\u00e9fense [&hellip;]<\/p>\n","protected":false},"author":82,"featured_media":8750,"comment_status":"open","ping_status":"closed","sticky":false,"template":"","format":"standard","meta":{"footnotes":""},"categories":[11,2,20,10],"tags":[36,58,30],"class_list":["post-8751","post","type-post","status-publish","format-standard","has-post-thumbnail","hentry","category-homepage-french","category-politique","category-top-nouvelles","category-toutes-les-actualites","tag-africa-press","tag-africa-press-centrafricaine","tag-centrafricaine"],"yoast_head":"<!-- This site is optimized with the Yoast SEO Premium plugin v26.1 (Yoast SEO v27.0) - https:\/\/yoast.com\/product\/yoast-seo-premium-wordpress\/ -->\n<title>Bria, un officier de FACA pourchass\u00e9 par les mercenaires de Wagner, s\u2019est r\u00e9fugi\u00e9 dans la base de la Minusca - centrafricaine<\/title>\n<meta name=\"description\" content=\"Bangui, R\u00e9publique centrafricaine, vendredi, 9 juillet 2021, 14:40:38 ( Corbeaunews-Centrafrique ). Soup\u00e7onn\u00e9 d\u2019 ...\" \/>\n<meta name=\"robots\" content=\"index, follow, max-snippet:-1, max-image-preview:large, max-video-preview:-1\" \/>\n<link rel=\"canonical\" href=\"https:\/\/www.africa-press.net\/centrafricaine\/politique\/bria-un-officier-de-faca-pourchasse-par-les-mercenaires-de-wagner-sest-refugie-dans-la-base-de-la-minusca\" \/>\n<meta property=\"og:locale\" content=\"fr_FR\" \/>\n<meta property=\"og:type\" content=\"article\" \/>\n<meta property=\"og:title\" content=\"Bria, un officier de FACA pourchass\u00e9 par les mercenaires de Wagner, s\u2019est r\u00e9fugi\u00e9 dans la base de la Minusca\" \/>\n<meta property=\"og:description\" content=\"Bangui, R\u00e9publique centrafricaine, vendredi, 9 juillet 2021, 14:40:38 ( Corbeaunews-Centrafrique ). Soup\u00e7onn\u00e9 d\u2019 ...\" \/>\n<meta property=\"og:url\" content=\"https:\/\/www.africa-press.net\/centrafricaine\/politique\/bria-un-officier-de-faca-pourchasse-par-les-mercenaires-de-wagner-sest-refugie-dans-la-base-de-la-minusca\" \/>\n<meta property=\"og:site_name\" content=\"centrafricaine\" \/>\n<meta property=\"article:published_time\" content=\"2021-07-09T15:29:22+00:00\" \/>\n<meta property=\"article:modified_time\" content=\"2021-07-14T14:16:12+00:00\" \/>\n<meta property=\"og:image\" content=\"https:\/\/static.africa-press.net\/centrafricaine\/sites\/45\/2021\/07\/img-60e8661a8c20a.jpg\" \/>\n\t<meta property=\"og:image:width\" content=\"1000\" \/>\n\t<meta property=\"og:image:height\" content=\"562\" \/>\n\t<meta property=\"og:image:type\" content=\"image\/jpeg\" \/>\n<meta name=\"author\" content=\"cfeditorfr\" \/>\n<meta name=\"twitter:card\" content=\"summary_large_image\" \/>\n<meta name=\"twitter:label1\" content=\"\u00c9crit par\" \/>\n\t<meta name=\"twitter:data1\" content=\"cfeditorfr\" \/>\n\t<meta name=\"twitter:label2\" content=\"Dur\u00e9e de lecture estim\u00e9e\" \/>\n\t<meta name=\"twitter:data2\" content=\"2 minutes\" \/>\n<script type=\"application\/ld+json\" class=\"yoast-schema-graph\">{\"@context\":\"https:\/\/schema.org\",\"@graph\":[{\"@type\":\"Article\",\"@id\":\"https:\/\/www.africa-press.net\/centrafricaine\/politique\/bria-un-officier-de-faca-pourchasse-par-les-mercenaires-de-wagner-sest-refugie-dans-la-base-de-la-minusca#article\",\"isPartOf\":{\"@id\":\"https:\/\/www.africa-press.net\/centrafricaine\/politique\/bria-un-officier-de-faca-pourchasse-par-les-mercenaires-de-wagner-sest-refugie-dans-la-base-de-la-minusca\"},\"author\":{\"name\":\"cfeditorfr\",\"@id\":\"https:\/\/www.africa-press.net\/centrafricaine\/#\/schema\/person\/2b1cf3cd81a31e3cd26889ca66d677f1\"},\"headline\":\"Bria, un officier de FACA pourchass\u00e9 par les mercenaires de Wagner, s\u2019est r\u00e9fugi\u00e9 dans la base de la Minusca\",\"datePublished\":\"2021-07-09T15:29:22+00:00\",\"dateModified\":\"2021-07-14T14:16:12+00:00\",\"mainEntityOfPage\":{\"@id\":\"https:\/\/www.africa-press.net\/centrafricaine\/politique\/bria-un-officier-de-faca-pourchasse-par-les-mercenaires-de-wagner-sest-refugie-dans-la-base-de-la-minusca\"},\"wordCount\":476,\"commentCount\":0,\"image\":{\"@id\":\"https:\/\/www.africa-press.net\/centrafricaine\/politique\/bria-un-officier-de-faca-pourchasse-par-les-mercenaires-de-wagner-sest-refugie-dans-la-base-de-la-minusca#primaryimage\"},\"thumbnailUrl\":\"https:\/\/static.africa-press.net\/centrafricaine\/sites\/45\/2021\/07\/img-60e8661a8c20a.jpg\",\"keywords\":[\"Africa Press\",\"Africa Press-CentrAfricaine\",\"CentrAfricaine\"],\"articleSection\":[\"homepage-french\",\"Politique\",\"Top Nouvelles\",\"Toutes les actualit\u00e9s\"],\"inLanguage\":\"fr-FR\",\"potentialAction\":[{\"@type\":\"CommentAction\",\"name\":\"Comment\",\"target\":[\"https:\/\/www.africa-press.net\/centrafricaine\/politique\/bria-un-officier-de-faca-pourchasse-par-les-mercenaires-de-wagner-sest-refugie-dans-la-base-de-la-minusca#respond\"]}]},{\"@type\":\"WebPage\",\"@id\":\"https:\/\/www.africa-press.net\/centrafricaine\/politique\/bria-un-officier-de-faca-pourchasse-par-les-mercenaires-de-wagner-sest-refugie-dans-la-base-de-la-minusca\",\"url\":\"https:\/\/www.africa-press.net\/centrafricaine\/politique\/bria-un-officier-de-faca-pourchasse-par-les-mercenaires-de-wagner-sest-refugie-dans-la-base-de-la-minusca\",\"name\":\"Bria, un officier de FACA pourchass\u00e9 par les mercenaires de Wagner, s\u2019est r\u00e9fugi\u00e9 dans la base de la Minusca - centrafricaine\",\"isPartOf\":{\"@id\":\"https:\/\/www.africa-press.net\/centrafricaine\/#website\"},\"primaryImageOfPage\":{\"@id\":\"https:\/\/www.africa-press.net\/centrafricaine\/politique\/bria-un-officier-de-faca-pourchasse-par-les-mercenaires-de-wagner-sest-refugie-dans-la-base-de-la-minusca#primaryimage\"},\"image\":{\"@id\":\"https:\/\/www.africa-press.net\/centrafricaine\/politique\/bria-un-officier-de-faca-pourchasse-par-les-mercenaires-de-wagner-sest-refugie-dans-la-base-de-la-minusca#primaryimage\"},\"thumbnailUrl\":\"https:\/\/static.africa-press.net\/centrafricaine\/sites\/45\/2021\/07\/img-60e8661a8c20a.jpg\",\"datePublished\":\"2021-07-09T15:29:22+00:00\",\"dateModified\":\"2021-07-14T14:16:12+00:00\",\"author\":{\"@id\":\"https:\/\/www.africa-press.net\/centrafricaine\/#\/schema\/person\/2b1cf3cd81a31e3cd26889ca66d677f1\"},\"description\":\"Bangui, R\u00e9publique centrafricaine, vendredi, 9 juillet 2021, 14:40:38 ( Corbeaunews-Centrafrique ). Soup\u00e7onn\u00e9 d\u2019 ...\",\"breadcrumb\":{\"@id\":\"https:\/\/www.africa-press.net\/centrafricaine\/politique\/bria-un-officier-de-faca-pourchasse-par-les-mercenaires-de-wagner-sest-refugie-dans-la-base-de-la-minusca#breadcrumb\"},\"inLanguage\":\"fr-FR\",\"potentialAction\":[{\"@type\":\"ReadAction\",\"target\":[\"https:\/\/www.africa-press.net\/centrafricaine\/politique\/bria-un-officier-de-faca-pourchasse-par-les-mercenaires-de-wagner-sest-refugie-dans-la-base-de-la-minusca\"]}]},{\"@type\":\"ImageObject\",\"inLanguage\":\"fr-FR\",\"@id\":\"https:\/\/www.africa-press.net\/centrafricaine\/politique\/bria-un-officier-de-faca-pourchasse-par-les-mercenaires-de-wagner-sest-refugie-dans-la-base-de-la-minusca#primaryimage\",\"url\":\"https:\/\/static.africa-press.net\/centrafricaine\/sites\/45\/2021\/07\/img-60e8661a8c20a.jpg\",\"contentUrl\":\"https:\/\/static.africa-press.net\/centrafricaine\/sites\/45\/2021\/07\/img-60e8661a8c20a.jpg\",\"width\":1000,\"height\":562,\"caption\":\"Bria, un officier de FACA pourchass\u00e9 par les mercenaires de Wagner, s\u2019est r\u00e9fugi\u00e9 dans la base de la Minusca\"},{\"@type\":\"BreadcrumbList\",\"@id\":\"https:\/\/www.africa-press.net\/centrafricaine\/politique\/bria-un-officier-de-faca-pourchasse-par-les-mercenaires-de-wagner-sest-refugie-dans-la-base-de-la-minusca#breadcrumb\",\"itemListElement\":[{\"@type\":\"ListItem\",\"position\":1,\"name\":\"Accueil\",\"item\":\"https:\/\/www.africa-press.net\/centrafricaine\/\"},{\"@type\":\"ListItem\",\"position\":2,\"name\":\"Bria, un officier de FACA pourchass\u00e9 par les mercenaires de Wagner, s\u2019est r\u00e9fugi\u00e9 dans la base de la Minusca\"}]},{\"@type\":\"WebSite\",\"@id\":\"https:\/\/www.africa-press.net\/centrafricaine\/#website\",\"url\":\"https:\/\/www.africa-press.net\/centrafricaine\/\",\"name\":\"centrafricaine\",\"description\":\"Just another Africa News Agency Sites site\",\"potentialAction\":[{\"@type\":\"SearchAction\",\"target\":{\"@type\":\"EntryPoint\",\"urlTemplate\":\"https:\/\/www.africa-press.net\/centrafricaine\/?s={search_term_string}\"},\"query-input\":{\"@type\":\"PropertyValueSpecification\",\"valueRequired\":true,\"valueName\":\"search_term_string\"}}],\"inLanguage\":\"fr-FR\"},{\"@type\":\"Person\",\"@id\":\"https:\/\/www.africa-press.net\/centrafricaine\/#\/schema\/person\/2b1cf3cd81a31e3cd26889ca66d677f1\",\"name\":\"cfeditorfr\"}]}<\/script>\n<!-- \/ Yoast SEO Premium plugin. -->","yoast_head_json":{"title":"Bria, un officier de FACA pourchass\u00e9 par les mercenaires de Wagner, s\u2019est r\u00e9fugi\u00e9 dans la base de la Minusca - centrafricaine","description":"Bangui, R\u00e9publique centrafricaine, vendredi, 9 juillet 2021, 14:40:38 ( Corbeaunews-Centrafrique ). Soup\u00e7onn\u00e9 d\u2019 ...","robots":{"index":"index","follow":"follow","max-snippet":"max-snippet:-1","max-image-preview":"max-image-preview:large","max-video-preview":"max-video-preview:-1"},"canonical":"https:\/\/www.africa-press.net\/centrafricaine\/politique\/bria-un-officier-de-faca-pourchasse-par-les-mercenaires-de-wagner-sest-refugie-dans-la-base-de-la-minusca","og_locale":"fr_FR","og_type":"article","og_title":"Bria, un officier de FACA pourchass\u00e9 par les mercenaires de Wagner, s\u2019est r\u00e9fugi\u00e9 dans la base de la Minusca","og_description":"Bangui, R\u00e9publique centrafricaine, vendredi, 9 juillet 2021, 14:40:38 ( Corbeaunews-Centrafrique ). Soup\u00e7onn\u00e9 d\u2019 ...","og_url":"https:\/\/www.africa-press.net\/centrafricaine\/politique\/bria-un-officier-de-faca-pourchasse-par-les-mercenaires-de-wagner-sest-refugie-dans-la-base-de-la-minusca","og_site_name":"centrafricaine","article_published_time":"2021-07-09T15:29:22+00:00","article_modified_time":"2021-07-14T14:16:12+00:00","og_image":[{"width":1000,"height":562,"url":"https:\/\/static.africa-press.net\/centrafricaine\/sites\/45\/2021\/07\/img-60e8661a8c20a.jpg","type":"image\/jpeg"}],"author":"cfeditorfr","twitter_card":"summary_large_image","twitter_misc":{"\u00c9crit par":"cfeditorfr","Dur\u00e9e de lecture estim\u00e9e":"2 minutes"},"schema":{"@context":"https:\/\/schema.org","@graph":[{"@type":"Article","@id":"https:\/\/www.africa-press.net\/centrafricaine\/politique\/bria-un-officier-de-faca-pourchasse-par-les-mercenaires-de-wagner-sest-refugie-dans-la-base-de-la-minusca#article","isPartOf":{"@id":"https:\/\/www.africa-press.net\/centrafricaine\/politique\/bria-un-officier-de-faca-pourchasse-par-les-mercenaires-de-wagner-sest-refugie-dans-la-base-de-la-minusca"},"author":{"name":"cfeditorfr","@id":"https:\/\/www.africa-press.net\/centrafricaine\/#\/schema\/person\/2b1cf3cd81a31e3cd26889ca66d677f1"},"headline":"Bria, un officier de FACA pourchass\u00e9 par les mercenaires de Wagner, s\u2019est r\u00e9fugi\u00e9 dans la base de la Minusca","datePublished":"2021-07-09T15:29:22+00:00","dateModified":"2021-07-14T14:16:12+00:00","mainEntityOfPage":{"@id":"https:\/\/www.africa-press.net\/centrafricaine\/politique\/bria-un-officier-de-faca-pourchasse-par-les-mercenaires-de-wagner-sest-refugie-dans-la-base-de-la-minusca"},"wordCount":476,"commentCount":0,"image":{"@id":"https:\/\/www.africa-press.net\/centrafricaine\/politique\/bria-un-officier-de-faca-pourchasse-par-les-mercenaires-de-wagner-sest-refugie-dans-la-base-de-la-minusca#primaryimage"},"thumbnailUrl":"https:\/\/static.africa-press.net\/centrafricaine\/sites\/45\/2021\/07\/img-60e8661a8c20a.jpg","keywords":["Africa Press","Africa Press-CentrAfricaine","CentrAfricaine"],"articleSection":["homepage-french","Politique","Top Nouvelles","Toutes les actualit\u00e9s"],"inLanguage":"fr-FR","potentialAction":[{"@type":"CommentAction","name":"Comment","target":["https:\/\/www.africa-press.net\/centrafricaine\/politique\/bria-un-officier-de-faca-pourchasse-par-les-mercenaires-de-wagner-sest-refugie-dans-la-base-de-la-minusca#respond"]}]},{"@type":"WebPage","@id":"https:\/\/www.africa-press.net\/centrafricaine\/politique\/bria-un-officier-de-faca-pourchasse-par-les-mercenaires-de-wagner-sest-refugie-dans-la-base-de-la-minusca","url":"https:\/\/www.africa-press.net\/centrafricaine\/politique\/bria-un-officier-de-faca-pourchasse-par-les-mercenaires-de-wagner-sest-refugie-dans-la-base-de-la-minusca","name":"Bria, un officier de FACA pourchass\u00e9 par les mercenaires de Wagner, s\u2019est r\u00e9fugi\u00e9 dans la base de la Minusca - centrafricaine","isPartOf":{"@id":"https:\/\/www.africa-press.net\/centrafricaine\/#website"},"primaryImageOfPage":{"@id":"https:\/\/www.africa-press.net\/centrafricaine\/politique\/bria-un-officier-de-faca-pourchasse-par-les-mercenaires-de-wagner-sest-refugie-dans-la-base-de-la-minusca#primaryimage"},"image":{"@id":"https:\/\/www.africa-press.net\/centrafricaine\/politique\/bria-un-officier-de-faca-pourchasse-par-les-mercenaires-de-wagner-sest-refugie-dans-la-base-de-la-minusca#primaryimage"},"thumbnailUrl":"https:\/\/static.africa-press.net\/centrafricaine\/sites\/45\/2021\/07\/img-60e8661a8c20a.jpg","datePublished":"2021-07-09T15:29:22+00:00","dateModified":"2021-07-14T14:16:12+00:00","author":{"@id":"https:\/\/www.africa-press.net\/centrafricaine\/#\/schema\/person\/2b1cf3cd81a31e3cd26889ca66d677f1"},"description":"Bangui, R\u00e9publique centrafricaine, vendredi, 9 juillet 2021, 14:40:38 ( Corbeaunews-Centrafrique ). Soup\u00e7onn\u00e9 d\u2019 ...","breadcrumb":{"@id":"https:\/\/www.africa-press.net\/centrafricaine\/politique\/bria-un-officier-de-faca-pourchasse-par-les-mercenaires-de-wagner-sest-refugie-dans-la-base-de-la-minusca#breadcrumb"},"inLanguage":"fr-FR","potentialAction":[{"@type":"ReadAction","target":["https:\/\/www.africa-press.net\/centrafricaine\/politique\/bria-un-officier-de-faca-pourchasse-par-les-mercenaires-de-wagner-sest-refugie-dans-la-base-de-la-minusca"]}]},{"@type":"ImageObject","inLanguage":"fr-FR","@id":"https:\/\/www.africa-press.net\/centrafricaine\/politique\/bria-un-officier-de-faca-pourchasse-par-les-mercenaires-de-wagner-sest-refugie-dans-la-base-de-la-minusca#primaryimage","url":"https:\/\/static.africa-press.net\/centrafricaine\/sites\/45\/2021\/07\/img-60e8661a8c20a.jpg","contentUrl":"https:\/\/static.africa-press.net\/centrafricaine\/sites\/45\/2021\/07\/img-60e8661a8c20a.jpg","width":1000,"height":562,"caption":"Bria, un officier de FACA pourchass\u00e9 par les mercenaires de Wagner, s\u2019est r\u00e9fugi\u00e9 dans la base de la Minusca"},{"@type":"BreadcrumbList","@id":"https:\/\/www.africa-press.net\/centrafricaine\/politique\/bria-un-officier-de-faca-pourchasse-par-les-mercenaires-de-wagner-sest-refugie-dans-la-base-de-la-minusca#breadcrumb","itemListElement":[{"@type":"ListItem","position":1,"name":"Accueil","item":"https:\/\/www.africa-press.net\/centrafricaine\/"},{"@type":"ListItem","position":2,"name":"Bria, un officier de FACA pourchass\u00e9 par les mercenaires de Wagner, s\u2019est r\u00e9fugi\u00e9 dans la base de la Minusca"}]},{"@type":"WebSite","@id":"https:\/\/www.africa-press.net\/centrafricaine\/#website","url":"https:\/\/www.africa-press.net\/centrafricaine\/","name":"centrafricaine","description":"Just another Africa News Agency Sites site","potentialAction":[{"@type":"SearchAction","target":{"@type":"EntryPoint","urlTemplate":"https:\/\/www.africa-press.net\/centrafricaine\/?s={search_term_string}"},"query-input":{"@type":"PropertyValueSpecification","valueRequired":true,"valueName":"search_term_string"}}],"inLanguage":"fr-FR"},{"@type":"Person","@id":"https:\/\/www.africa-press.net\/centrafricaine\/#\/schema\/person\/2b1cf3cd81a31e3cd26889ca66d677f1","name":"cfeditorfr"}]}},"_links":{"self":[{"href":"https:\/\/www.africa-press.net\/centrafricaine\/wp-json\/wp\/v2\/posts\/8751","targetHints":{"allow":["GET"]}}],"collection":[{"href":"https:\/\/www.africa-press.net\/centrafricaine\/wp-json\/wp\/v2\/posts"}],"about":[{"href":"https:\/\/www.africa-press.net\/centrafricaine\/wp-json\/wp\/v2\/types\/post"}],"author":[{"embeddable":true,"href":"https:\/\/www.africa-press.net\/centrafricaine\/wp-json\/wp\/v2\/users\/82"}],"replies":[{"embeddable":true,"href":"https:\/\/www.africa-press.net\/centrafricaine\/wp-json\/wp\/v2\/comments?post=8751"}],"version-history":[{"count":0,"href":"https:\/\/www.africa-press.net\/centrafricaine\/wp-json\/wp\/v2\/posts\/8751\/revisions"}],"wp:featuredmedia":[{"embeddable":true,"href":"https:\/\/www.africa-press.net\/centrafricaine\/wp-json\/wp\/v2\/media\/8750"}],"wp:attachment":[{"href":"https:\/\/www.africa-press.net\/centrafricaine\/wp-json\/wp\/v2\/media?parent=8751"}],"wp:term":[{"taxonomy":"category","embeddable":true,"href":"https:\/\/www.africa-press.net\/centrafricaine\/wp-json\/wp\/v2\/categories?post=8751"},{"taxonomy":"post_tag","embeddable":true,"href":"https:\/\/www.africa-press.net\/centrafricaine\/wp-json\/wp\/v2\/tags?post=8751"}],"curies":[{"name":"wp","href":"https:\/\/api.w.org\/{rel}","templated":true}]}}