{"id":8754,"date":"2021-07-09T15:41:39","date_gmt":"2021-07-09T15:41:39","guid":{"rendered":"https:\/\/www.africa-press.net\/centrafricaine\/?p=8754"},"modified":"2021-07-14T14:24:42","modified_gmt":"2021-07-14T14:24:42","slug":"republique-centrafricaine-gouvernance-hypothetique-ou-des-actes-manquees","status":"publish","type":"post","link":"https:\/\/www.africa-press.net\/centrafricaine\/dossiers\/republique-centrafricaine-gouvernance-hypothetique-ou-des-actes-manquees","title":{"rendered":"\u00a0Gouvernance Hypoth\u00e9tique ou des Actes Manqu\u00e9es."},"content":{"rendered":"<p><span style=\"color: #ff6600\"><strong><a href=\"https:\/\/www.africa-press.net\/\">Africa-Press<\/a> &#8211; <a href=\"https:\/\/www.africa-press.net\/centrafricaine\">CentrAfricaine<\/a>.\u00a0 <\/strong><\/span>\u00a0Dans son malheur de ne pas avoir aujourd\u2019hui un Etat disposant pleinement de son droit et, d\u2019une organisation institutionnelle, administrative, par ailleurs judiciaire fiable sur l\u2019\u00e9tendue du territoire, avec des comp\u00e9tences et int\u00e9gr\u00e9s, qui devraient bien accompagner sur le plan de la bonne Gouvernance, de ce fait carr\u00e9ment inexistante, la R\u00e9publique Centrafricaine les faites de toutes ces travers\u00e9es des crises, des mauvaises gestions de toutes ces crises sur le plan : \u00ab Politique, Politico-militaires\u2026, des Mercenariats \u00bb et aussi par ailleurs les pr\u00e9tendues m\u00e9diations au niveau international tr\u00e8s souvent inefficaces et inefficientes, sans prise en compte des int\u00e9r\u00eats g\u00e9n\u00e9rales du peuple Centrafricain \u00e0 travers ces politiques venons d\u2019ailleurs, qui apparaitraient comme une handicap cruellement, d\u00e9savantageuses et, diminuent la chance de la R\u00e9publique de pouvoir acc\u00e9der \u00e0 des moyens modernes et efficaces sans \u00eatre p\u00e9nalis\u00e9e par la lourdeur du changement et de la routine tel que l\u2019on peut le constater dans des nombreux pays dit d\u00e9velopp\u00e9 ou Pays \u00e9mergeant.<\/p>\n<p>Ainsi f\u00fbt fait, les Pays \u00e9mergeants doivent leurs r\u00e9ussites gr\u00e2ce \u00e0 un dynamisme bien \u00e9tablie, bien mener sur les projets aboutis sur les renouvellements ou redynamisations des infrastructures \u00e0 tous les niveaux. Surtout ici, mes r\u00e9flexions se focaliseraient sur la bonne Gouvernance du Syst\u00e8me de l\u2019Information (SI) et d\u2019une bonne politique d\u2019Urbanisation du Syst\u00e8me de l\u2019Information sans rentrer beaucoup dans les d\u00e9tails, qui pallierait de contourner les m\u00e9thodes des gestions arbitraires, facteur favorisant les corruptions. Des types de projets quand c\u2019est bien mener, peu donner un grand encadrement dans la Bonne Gouvernance et donner les meilleures visibilit\u00e9s \u00e0 la mati\u00e8re des contr\u00f4les et des gestions des diff\u00e9rents flux, de performance d\u2019Etat pour les secteurs Publics et Priv\u00e9s.<\/p>\n<p>Pour exemple entre autres : les bonnes pratiques et d\u2019une bonne strat\u00e9gie de mise en \u0153uvre d\u2019un Syst\u00e8me d\u2019Information (SI) Urbanis\u00e9, tel que le pr\u00e9l\u00e8vement d\u2019imp\u00f4ts \u00e0 la source qui vient d\u2019\u00eatre instaur\u00e9 avec succ\u00e8s en France apr\u00e8s plus de quarante ans de reculades et d\u2019h\u00e9sitations politiques.<\/p>\n<p>Cela permettra au pays de gagner plusieurs d\u00e9cennies d\u2019efficacit\u00e9 et de lancer \u00e9conomique dans la dynamique du 21eme si\u00e8cle, ce qui est un pr\u00e9requis \u00e0 tout investisseur local ou \u00e9tranger.<\/p>\n<p>On peut ainsi citer comme exemples le Rwanda, l\u2019\u00eele Maurice, certain Pays de l\u2019Afrique de l\u2019Ouest, \u2026etc., qui disposant pour certains de ressources naturelles en exploitation moins cons\u00e9quentes que la R\u00e9publique Centrafricaine, sont pass\u00e9s en tr\u00e8s peu d\u2019ann\u00e9es d\u2019une soci\u00e9t\u00e9 traditionnelle artisanale \u00e0 une soci\u00e9t\u00e9 moderne et attractive.<\/p>\n<p>Attractive pour le commerce, attractive pour l\u2019investissement, attractive pour le tourisme, attractive pour la diaspora qui r\u00eave de revenir vivre au pays, attractive pour ses citoyens.<\/p>\n<p>Cette vision non utopique du futur de la R\u00e9publique Centrafricaine n\u00e9cessite une volont\u00e9 politique au-del\u00e0 des partis repr\u00e9sent\u00e9s, de d\u00e9finir et de recourir \u00e0 des moyens \u00e9valu\u00e9s, de respecter un calendrier et des objectifs qui vont bien au-del\u00e0 d\u2019un simple mandat \u00e9lectoral.<\/p>\n<p>En r\u00e9sultat, en moins d\u2019une d\u00e9cennie des changements r\u00e9alis\u00e9s ne pourront plus \u00eatre remis en cause au regard des progr\u00e8s d\u00e9j\u00e0 accomplis et des avantages ressentis par la population.<\/p>\n<p>Au-del\u00e0 d\u2019une g\u00e9n\u00e9ration, le progr\u00e8s \u00e9conomique et social sera la dynamique vertueuse du pays qui sera pass\u00e9 du pr\u00e9caire au bien vivre. Un sujet a d\u00e9velopp\u00e9 pour tout Patriote dans la continuit\u00e9 ou au lieu d\u2019avoir comme argument politique, les Calomnies, des diffamations, la mauvaise-fois, de surcroit, les prises des armes contre le peuple Centrafrique qui trimes, depuis des d\u00e9cennies dans les turpitudes injustement des politiques notoires, des arrogances des griots pour l\u2019heure, qui pi\u00e9tines les droits fondamentaux des citoyens, des adversaires politiques pour compte ?<\/p>\n<p>Aux opposants jamais contents dans l\u2019optique qu\u2019ils (elles) ne sont plus eux-m\u00eames aux affaires pour leurs \u00e9gos surdimensionn\u00e9s et personnels, ou tout ce qui ont des opinions divergentes est contreproductive. Cette mauvaise lecture de fait, de faire de la politique, pr\u00e9sente une grande inefficience, des reculades dans les avanc\u00e9s des processus de la Paix et r\u00e9conciliation, et sur le plan intellectuel, vise de la malhonn\u00eatet\u00e9 intellectuelle, de la mauvaise fois, ce qui d\u00e9truit notre cher Pays, divise la Nation.<\/p>\n<p>Le comble dans tout \u00e7a ! Toutes ces d\u00e9rapages des parts et d\u2019autres qui permettent d\u2019\u0153uvrer par ailleurs \u00e0 la d\u00e9structuration de notre d\u00e9mocratie si embryonnaire et, fractionnes les relations diplomatiques historiques sans discernement, jeter \u00e0 la p\u00e2ture part des personnes n\u2019ayant un sens de la diplomatie et des reculs suffisants de s\u2019y incruster pourtant du domaine du Pr\u00e9sident de la R\u00e9publique et le chef du Gouvernement et des ministres de tutelle. Idem pour la s\u00e9curit\u00e9 int\u00e9rieure, de la d\u00e9fense domaine r\u00e9server aux responsables en charge\u2026sous l\u2019impulsion du chef d\u2019Etat et son chef du Gouvernement etc.<\/p>\n<p>Il est temps de sauver la mise, toutes raisons gard\u00e9es. Se donner les moyens qui permettront d\u2019avancer sur le plan international. Ainsi pour la politique interne concerne tous les acteurs politiques confondus dans la mise en \u0153uvre de mani\u00e8re Pragmatique et Rationnelle ce dialogue inclusif. Il n\u2019y a pas d\u2019autre rem\u00e8de magique en politique\u2026de tenir compte des enjeux et les cons\u00e9quences.<\/p>\n<p><b>Les messages politiques aux citoyens et au reste du monde vu le contexte de la globalisation<\/b><\/p>\n<p>. Les mauvais agissements de part et d\u2019autre, toutes ces \u00e9motions maladroites qui sont suppos\u00e9s d\u00e9fendre la Patrie sont mauvaises conseill\u00e8res. Savoir neutraliser ces \u00e9motions afin d\u2019\u00eatre plus lucides pour agir.<\/p>\n<p>Nb) Dit-on pas que le pouvoir est toujours al\u00e9atoire ? Savoir pr\u00e9server l\u2019avenir et le vivre ensemble dans la diversit\u00e9 est mieux ! M\u00eame si on n\u2019est pas d\u2019accord sur tout. Les diversit\u00e9s d\u2019options et des visions en politique constituent une base int\u00e9grante, et facteur d\u2019effort de promouvoir, de tenir compte pour un chemin dans le progr\u00e8s de la d\u00e9mocratie.<\/p>\n<p>Ps) Aucun Pays au monde peut penser de s\u2019isoler du reste du monde. Il faut rappeler que, les Pays en voie de d\u00e9veloppement, Pays \u00e9mergents, soit Pays d\u00e9velopp\u00e9 ne se d\u00e9rogeront pas \u00e0 la r\u00e8gle d\u2019une \u00e9conomie dite globalis\u00e9e \u00e0 chacun de tirer avec intelligence l\u2019int\u00e9r\u00eat g\u00e9n\u00e9rale et primaire de son Pays.<\/p>\n<p><b>Le g\u00e9n\u00e9ral De Gaulle n\u2019a-t-il pas dit que : La France n\u2019a pas d\u2019amis mais des int\u00e9r\u00eats ?<\/b><\/p>\n<p><b>\u00ab Ce que veut dire savoir bien communiquer avec diplomatie et, en pr\u00e9servant l\u2019avenir, que d\u2019agir comme un \u00e9l\u00e9phant dans un magasin de porcelaine \u00bb afin de tout d\u00e9truire.<\/b><\/p>\n<p>Feu Pr\u00e9sident Mr. Jacques CHIRAC : Chaque pas doit \u00eatre un but<\/p>\n<p><b>R\u00e9f : Biographie m\u00e9moires 1 NiL Editions Paris, 2009, EAN 978-2-8411-467-2<\/b><\/p>\n<p>Une parenth\u00e8se : \u00ab Certes, ces petites paraphrases, pr\u00e9sentent une d\u00e9termination, la construction de soi, de l\u2019homme politique humainement et pragmatique, directe, et que les deux chef d\u2019Etats Fran\u00e7ais ont largement fond\u00e9s leurs visions Humanistes du monde et de l\u2019Histoire, ainsi Politique pour l\u2019int\u00e9r\u00eat de la France, jusqu\u2019au sommet de l\u2019Etat \u00bb.<\/p>\n<p>L\u2019objectif de cette r\u00e9flexion est de proposer une perspective des types diff\u00e9rents sur le plan \u00e9conomique, de fait pouvant jalonner le processus de d\u00e9veloppement, s\u2019il y a une r\u00e9elle volont\u00e9 politique \u00e0 adopter dans les strat\u00e9gies \u00e0 mener, ainsi qu\u2019une vision politique perspective que prospective dans des projets dits des infrastructures physiques (Routi\u00e8res, B\u00e2timents administratives\u2026\u00e9lectricit\u00e9s, distributions conduites des eaux potables etc.). Tr\u00e8s souvent l\u2019erreur commise, si les dimensions des contenues informatives sont mal agenc\u00e9es et, les informations, les flux dans sa mise en \u0153uvre, qui sont les r\u00e8gles, les facteurs d\u00e9terminantes du contr\u00f4le des gestions et de la bonne Gouvernance, les mauvaises Urbanisations du Syst\u00e8me d\u2019Information (USI) rendront moins efficace un tel projet mal pens\u00e9. D\u00e9finir une bonne strat\u00e9gie du Syst\u00e8me d\u2019Information (SI) ainsi que les r\u00e8gles r\u00e9gissantes d\u2019urbanisation peuvent rendes plus efficace performant une Gouvernant. Il est bien \u00e9videment que ce n\u2019est pas en Centrafrique qu\u2019on ne peut appeler la conscience politique des hommes et des femmes qui sont implant\u00e9s dans les sph\u00e8res politiques Centrafricaines avec une certaine conviction pour le Pays, la responsabilit\u00e9 et l\u2019int\u00e9grit\u00e9.<\/p>\n<p>Qu\u2019enfin que notre cher Patri, m\u00e9riterait d\u2019aller de l\u2019avant, que la R\u00e9publique Centrafricaine sorte dans sa descente en enfer. Les actes n\u00e9gativement poser par les uns et les autres n\u2019augurent pas un lendemain glorieux, pacifi\u00e9.<\/p>\n<p>La volont\u00e9 politique avec discernement permette une perspective vers la modernisation dans l\u2019espace et dans le temps d\u2019une bonne Gouvernance, ce qui on permit \u00e0 plusieurs Pays sous d\u00e9velopper, m\u00eame les Pays en extr\u00eame d\u00e9cadence dans un r\u00e9veil patriotique conscient, \u00e0 la suite d\u2019une crise traversante qui finalement arrivent de s\u2019en sortir bien, d\u00fb \u00e0 la clairvoyance de ces leaders politiques, des hommes int\u00e8gres, visionnaires pour leur Pays.<\/p>\n<p>Un Pays comme le Rwanda, \u00e0 qui on attribue aujourd\u2019hui, la qualification d\u2019un Pays \u00e9mergent.<\/p>\n<p>Durant ces derni\u00e8res d\u00e9cennies, ces pays ont connu des transformations politiques et \u00e9conomiques d\u2019une ampleur exceptionnelle. Dans le domaine politique, les choix strat\u00e9giques des acteurs, la transformation la plus remarquable a \u00e9t\u00e9 le processus de transition de l\u2019autoritarisme, vers le d\u00e9veloppement \u00e9conomique et humaine, m\u00eame si cette tendance n\u2019est pas universelle en ad\u00e9quation avec la d\u00e9mocratie. Pour la Centrafrique, je ne d\u00e9sesp\u00e8re pas pour une rupture de l\u2019arbitraire, de la gabegie, despotisme \u00e0 cela s\u2019ajoute, il faut bien le d\u00e9sarmement total des factions arm\u00e9es non-conventionnelles et, les pratiques de la r\u00e9bellion\u2026 des mercenariats.<\/p>\n<p>&nbsp;<\/p>\n","protected":false},"excerpt":{"rendered":"<p>Africa-Press &#8211; CentrAfricaine.\u00a0 \u00a0Dans son malheur de ne pas avoir aujourd\u2019hui un Etat disposant pleinement de son droit et, d\u2019une organisation institutionnelle, administrative, par ailleurs judiciaire fiable sur l\u2019\u00e9tendue du territoire, avec des comp\u00e9tences et int\u00e9gr\u00e9s, qui devraient bien accompagner sur le plan de la bonne Gouvernance, de ce fait carr\u00e9ment inexistante, la R\u00e9publique Centrafricaine [&hellip;]<\/p>\n","protected":false},"author":82,"featured_media":8753,"comment_status":"open","ping_status":"closed","sticky":false,"template":"","format":"standard","meta":{"footnotes":""},"categories":[7,11,20,10],"tags":[36,58,30],"class_list":["post-8754","post","type-post","status-publish","format-standard","has-post-thumbnail","hentry","category-dossiers","category-homepage-french","category-top-nouvelles","category-toutes-les-actualites","tag-africa-press","tag-africa-press-centrafricaine","tag-centrafricaine"],"yoast_head":"<!-- This site is optimized with the Yoast SEO Premium plugin v26.1 (Yoast SEO v27.0) - https:\/\/yoast.com\/product\/yoast-seo-premium-wordpress\/ -->\n<title>\u00a0Gouvernance Hypoth\u00e9tique ou des Actes Manqu\u00e9es. - centrafricaine<\/title>\n<meta name=\"description\" content=\"Bangui, R\u00e9publique centrafricaine, vendredi, 9 juillet 2021, 08:37:59 ( Corbeaunews-Centrafrique ). Dans son mal ...\" \/>\n<meta name=\"robots\" content=\"index, follow, max-snippet:-1, max-image-preview:large, max-video-preview:-1\" \/>\n<link rel=\"canonical\" href=\"https:\/\/www.africa-press.net\/centrafricaine\/dossiers\/republique-centrafricaine-gouvernance-hypothetique-ou-des-actes-manquees\" \/>\n<meta property=\"og:locale\" content=\"fr_FR\" \/>\n<meta property=\"og:type\" content=\"article\" \/>\n<meta property=\"og:title\" content=\"\u00a0Gouvernance Hypoth\u00e9tique ou des Actes Manqu\u00e9es.\" \/>\n<meta property=\"og:description\" content=\"Bangui, R\u00e9publique centrafricaine, vendredi, 9 juillet 2021, 08:37:59 ( Corbeaunews-Centrafrique ). Dans son mal ...\" \/>\n<meta property=\"og:url\" content=\"https:\/\/www.africa-press.net\/centrafricaine\/dossiers\/republique-centrafricaine-gouvernance-hypothetique-ou-des-actes-manquees\" \/>\n<meta property=\"og:site_name\" content=\"centrafricaine\" \/>\n<meta property=\"article:published_time\" content=\"2021-07-09T15:41:39+00:00\" \/>\n<meta property=\"article:modified_time\" content=\"2021-07-14T14:24:42+00:00\" \/>\n<meta property=\"og:image\" content=\"https:\/\/static.africa-press.net\/centrafricaine\/sites\/45\/2021\/07\/img-60e866587b9cd.jpg\" \/>\n\t<meta property=\"og:image:width\" content=\"1920\" \/>\n\t<meta property=\"og:image:height\" content=\"1281\" \/>\n\t<meta property=\"og:image:type\" content=\"image\/jpeg\" \/>\n<meta name=\"author\" content=\"cfeditorfr\" \/>\n<meta name=\"twitter:card\" content=\"summary_large_image\" \/>\n<meta name=\"twitter:label1\" content=\"\u00c9crit par\" \/>\n\t<meta name=\"twitter:data1\" content=\"cfeditorfr\" \/>\n\t<meta name=\"twitter:label2\" content=\"Dur\u00e9e de lecture estim\u00e9e\" \/>\n\t<meta name=\"twitter:data2\" content=\"7 minutes\" \/>\n<script type=\"application\/ld+json\" class=\"yoast-schema-graph\">{\"@context\":\"https:\/\/schema.org\",\"@graph\":[{\"@type\":\"Article\",\"@id\":\"https:\/\/www.africa-press.net\/centrafricaine\/dossiers\/republique-centrafricaine-gouvernance-hypothetique-ou-des-actes-manquees#article\",\"isPartOf\":{\"@id\":\"https:\/\/www.africa-press.net\/centrafricaine\/dossiers\/republique-centrafricaine-gouvernance-hypothetique-ou-des-actes-manquees\"},\"author\":{\"name\":\"cfeditorfr\",\"@id\":\"https:\/\/www.africa-press.net\/centrafricaine\/#\/schema\/person\/2b1cf3cd81a31e3cd26889ca66d677f1\"},\"headline\":\"\u00a0Gouvernance Hypoth\u00e9tique ou des Actes Manqu\u00e9es.\",\"datePublished\":\"2021-07-09T15:41:39+00:00\",\"dateModified\":\"2021-07-14T14:24:42+00:00\",\"mainEntityOfPage\":{\"@id\":\"https:\/\/www.africa-press.net\/centrafricaine\/dossiers\/republique-centrafricaine-gouvernance-hypothetique-ou-des-actes-manquees\"},\"wordCount\":1722,\"commentCount\":0,\"image\":{\"@id\":\"https:\/\/www.africa-press.net\/centrafricaine\/dossiers\/republique-centrafricaine-gouvernance-hypothetique-ou-des-actes-manquees#primaryimage\"},\"thumbnailUrl\":\"https:\/\/static.africa-press.net\/centrafricaine\/sites\/45\/2021\/07\/img-60e866587b9cd.jpg\",\"keywords\":[\"Africa Press\",\"Africa Press-CentrAfricaine\",\"CentrAfricaine\"],\"articleSection\":[\"Dossiers\",\"homepage-french\",\"Top Nouvelles\",\"Toutes les actualit\u00e9s\"],\"inLanguage\":\"fr-FR\",\"potentialAction\":[{\"@type\":\"CommentAction\",\"name\":\"Comment\",\"target\":[\"https:\/\/www.africa-press.net\/centrafricaine\/dossiers\/republique-centrafricaine-gouvernance-hypothetique-ou-des-actes-manquees#respond\"]}]},{\"@type\":\"WebPage\",\"@id\":\"https:\/\/www.africa-press.net\/centrafricaine\/dossiers\/republique-centrafricaine-gouvernance-hypothetique-ou-des-actes-manquees\",\"url\":\"https:\/\/www.africa-press.net\/centrafricaine\/dossiers\/republique-centrafricaine-gouvernance-hypothetique-ou-des-actes-manquees\",\"name\":\"\u00a0Gouvernance Hypoth\u00e9tique ou des Actes Manqu\u00e9es. - centrafricaine\",\"isPartOf\":{\"@id\":\"https:\/\/www.africa-press.net\/centrafricaine\/#website\"},\"primaryImageOfPage\":{\"@id\":\"https:\/\/www.africa-press.net\/centrafricaine\/dossiers\/republique-centrafricaine-gouvernance-hypothetique-ou-des-actes-manquees#primaryimage\"},\"image\":{\"@id\":\"https:\/\/www.africa-press.net\/centrafricaine\/dossiers\/republique-centrafricaine-gouvernance-hypothetique-ou-des-actes-manquees#primaryimage\"},\"thumbnailUrl\":\"https:\/\/static.africa-press.net\/centrafricaine\/sites\/45\/2021\/07\/img-60e866587b9cd.jpg\",\"datePublished\":\"2021-07-09T15:41:39+00:00\",\"dateModified\":\"2021-07-14T14:24:42+00:00\",\"author\":{\"@id\":\"https:\/\/www.africa-press.net\/centrafricaine\/#\/schema\/person\/2b1cf3cd81a31e3cd26889ca66d677f1\"},\"description\":\"Bangui, R\u00e9publique centrafricaine, vendredi, 9 juillet 2021, 08:37:59 ( Corbeaunews-Centrafrique ). Dans son mal ...\",\"breadcrumb\":{\"@id\":\"https:\/\/www.africa-press.net\/centrafricaine\/dossiers\/republique-centrafricaine-gouvernance-hypothetique-ou-des-actes-manquees#breadcrumb\"},\"inLanguage\":\"fr-FR\",\"potentialAction\":[{\"@type\":\"ReadAction\",\"target\":[\"https:\/\/www.africa-press.net\/centrafricaine\/dossiers\/republique-centrafricaine-gouvernance-hypothetique-ou-des-actes-manquees\"]}]},{\"@type\":\"ImageObject\",\"inLanguage\":\"fr-FR\",\"@id\":\"https:\/\/www.africa-press.net\/centrafricaine\/dossiers\/republique-centrafricaine-gouvernance-hypothetique-ou-des-actes-manquees#primaryimage\",\"url\":\"https:\/\/static.africa-press.net\/centrafricaine\/sites\/45\/2021\/07\/img-60e866587b9cd.jpg\",\"contentUrl\":\"https:\/\/static.africa-press.net\/centrafricaine\/sites\/45\/2021\/07\/img-60e866587b9cd.jpg\",\"width\":1920,\"height\":1281,\"caption\":\"R\u00e9publique Centrafricaine\u00a0:\u00a0Gouvernance Hypoth\u00e9tique ou des Actes Manqu\u00e9es.\"},{\"@type\":\"BreadcrumbList\",\"@id\":\"https:\/\/www.africa-press.net\/centrafricaine\/dossiers\/republique-centrafricaine-gouvernance-hypothetique-ou-des-actes-manquees#breadcrumb\",\"itemListElement\":[{\"@type\":\"ListItem\",\"position\":1,\"name\":\"Accueil\",\"item\":\"https:\/\/www.africa-press.net\/centrafricaine\/\"},{\"@type\":\"ListItem\",\"position\":2,\"name\":\"\u00a0Gouvernance Hypoth\u00e9tique ou des Actes Manqu\u00e9es.\"}]},{\"@type\":\"WebSite\",\"@id\":\"https:\/\/www.africa-press.net\/centrafricaine\/#website\",\"url\":\"https:\/\/www.africa-press.net\/centrafricaine\/\",\"name\":\"centrafricaine\",\"description\":\"Just another Africa News Agency Sites site\",\"potentialAction\":[{\"@type\":\"SearchAction\",\"target\":{\"@type\":\"EntryPoint\",\"urlTemplate\":\"https:\/\/www.africa-press.net\/centrafricaine\/?s={search_term_string}\"},\"query-input\":{\"@type\":\"PropertyValueSpecification\",\"valueRequired\":true,\"valueName\":\"search_term_string\"}}],\"inLanguage\":\"fr-FR\"},{\"@type\":\"Person\",\"@id\":\"https:\/\/www.africa-press.net\/centrafricaine\/#\/schema\/person\/2b1cf3cd81a31e3cd26889ca66d677f1\",\"name\":\"cfeditorfr\"}]}<\/script>\n<!-- \/ Yoast SEO Premium plugin. -->","yoast_head_json":{"title":"\u00a0Gouvernance Hypoth\u00e9tique ou des Actes Manqu\u00e9es. - centrafricaine","description":"Bangui, R\u00e9publique centrafricaine, vendredi, 9 juillet 2021, 08:37:59 ( Corbeaunews-Centrafrique ). Dans son mal ...","robots":{"index":"index","follow":"follow","max-snippet":"max-snippet:-1","max-image-preview":"max-image-preview:large","max-video-preview":"max-video-preview:-1"},"canonical":"https:\/\/www.africa-press.net\/centrafricaine\/dossiers\/republique-centrafricaine-gouvernance-hypothetique-ou-des-actes-manquees","og_locale":"fr_FR","og_type":"article","og_title":"\u00a0Gouvernance Hypoth\u00e9tique ou des Actes Manqu\u00e9es.","og_description":"Bangui, R\u00e9publique centrafricaine, vendredi, 9 juillet 2021, 08:37:59 ( Corbeaunews-Centrafrique ). Dans son mal ...","og_url":"https:\/\/www.africa-press.net\/centrafricaine\/dossiers\/republique-centrafricaine-gouvernance-hypothetique-ou-des-actes-manquees","og_site_name":"centrafricaine","article_published_time":"2021-07-09T15:41:39+00:00","article_modified_time":"2021-07-14T14:24:42+00:00","og_image":[{"width":1920,"height":1281,"url":"https:\/\/static.africa-press.net\/centrafricaine\/sites\/45\/2021\/07\/img-60e866587b9cd.jpg","type":"image\/jpeg"}],"author":"cfeditorfr","twitter_card":"summary_large_image","twitter_misc":{"\u00c9crit par":"cfeditorfr","Dur\u00e9e de lecture estim\u00e9e":"7 minutes"},"schema":{"@context":"https:\/\/schema.org","@graph":[{"@type":"Article","@id":"https:\/\/www.africa-press.net\/centrafricaine\/dossiers\/republique-centrafricaine-gouvernance-hypothetique-ou-des-actes-manquees#article","isPartOf":{"@id":"https:\/\/www.africa-press.net\/centrafricaine\/dossiers\/republique-centrafricaine-gouvernance-hypothetique-ou-des-actes-manquees"},"author":{"name":"cfeditorfr","@id":"https:\/\/www.africa-press.net\/centrafricaine\/#\/schema\/person\/2b1cf3cd81a31e3cd26889ca66d677f1"},"headline":"\u00a0Gouvernance Hypoth\u00e9tique ou des Actes Manqu\u00e9es.","datePublished":"2021-07-09T15:41:39+00:00","dateModified":"2021-07-14T14:24:42+00:00","mainEntityOfPage":{"@id":"https:\/\/www.africa-press.net\/centrafricaine\/dossiers\/republique-centrafricaine-gouvernance-hypothetique-ou-des-actes-manquees"},"wordCount":1722,"commentCount":0,"image":{"@id":"https:\/\/www.africa-press.net\/centrafricaine\/dossiers\/republique-centrafricaine-gouvernance-hypothetique-ou-des-actes-manquees#primaryimage"},"thumbnailUrl":"https:\/\/static.africa-press.net\/centrafricaine\/sites\/45\/2021\/07\/img-60e866587b9cd.jpg","keywords":["Africa Press","Africa Press-CentrAfricaine","CentrAfricaine"],"articleSection":["Dossiers","homepage-french","Top Nouvelles","Toutes les actualit\u00e9s"],"inLanguage":"fr-FR","potentialAction":[{"@type":"CommentAction","name":"Comment","target":["https:\/\/www.africa-press.net\/centrafricaine\/dossiers\/republique-centrafricaine-gouvernance-hypothetique-ou-des-actes-manquees#respond"]}]},{"@type":"WebPage","@id":"https:\/\/www.africa-press.net\/centrafricaine\/dossiers\/republique-centrafricaine-gouvernance-hypothetique-ou-des-actes-manquees","url":"https:\/\/www.africa-press.net\/centrafricaine\/dossiers\/republique-centrafricaine-gouvernance-hypothetique-ou-des-actes-manquees","name":"\u00a0Gouvernance Hypoth\u00e9tique ou des Actes Manqu\u00e9es. - centrafricaine","isPartOf":{"@id":"https:\/\/www.africa-press.net\/centrafricaine\/#website"},"primaryImageOfPage":{"@id":"https:\/\/www.africa-press.net\/centrafricaine\/dossiers\/republique-centrafricaine-gouvernance-hypothetique-ou-des-actes-manquees#primaryimage"},"image":{"@id":"https:\/\/www.africa-press.net\/centrafricaine\/dossiers\/republique-centrafricaine-gouvernance-hypothetique-ou-des-actes-manquees#primaryimage"},"thumbnailUrl":"https:\/\/static.africa-press.net\/centrafricaine\/sites\/45\/2021\/07\/img-60e866587b9cd.jpg","datePublished":"2021-07-09T15:41:39+00:00","dateModified":"2021-07-14T14:24:42+00:00","author":{"@id":"https:\/\/www.africa-press.net\/centrafricaine\/#\/schema\/person\/2b1cf3cd81a31e3cd26889ca66d677f1"},"description":"Bangui, R\u00e9publique centrafricaine, vendredi, 9 juillet 2021, 08:37:59 ( Corbeaunews-Centrafrique ). Dans son mal ...","breadcrumb":{"@id":"https:\/\/www.africa-press.net\/centrafricaine\/dossiers\/republique-centrafricaine-gouvernance-hypothetique-ou-des-actes-manquees#breadcrumb"},"inLanguage":"fr-FR","potentialAction":[{"@type":"ReadAction","target":["https:\/\/www.africa-press.net\/centrafricaine\/dossiers\/republique-centrafricaine-gouvernance-hypothetique-ou-des-actes-manquees"]}]},{"@type":"ImageObject","inLanguage":"fr-FR","@id":"https:\/\/www.africa-press.net\/centrafricaine\/dossiers\/republique-centrafricaine-gouvernance-hypothetique-ou-des-actes-manquees#primaryimage","url":"https:\/\/static.africa-press.net\/centrafricaine\/sites\/45\/2021\/07\/img-60e866587b9cd.jpg","contentUrl":"https:\/\/static.africa-press.net\/centrafricaine\/sites\/45\/2021\/07\/img-60e866587b9cd.jpg","width":1920,"height":1281,"caption":"R\u00e9publique Centrafricaine\u00a0:\u00a0Gouvernance Hypoth\u00e9tique ou des Actes Manqu\u00e9es."},{"@type":"BreadcrumbList","@id":"https:\/\/www.africa-press.net\/centrafricaine\/dossiers\/republique-centrafricaine-gouvernance-hypothetique-ou-des-actes-manquees#breadcrumb","itemListElement":[{"@type":"ListItem","position":1,"name":"Accueil","item":"https:\/\/www.africa-press.net\/centrafricaine\/"},{"@type":"ListItem","position":2,"name":"\u00a0Gouvernance Hypoth\u00e9tique ou des Actes Manqu\u00e9es."}]},{"@type":"WebSite","@id":"https:\/\/www.africa-press.net\/centrafricaine\/#website","url":"https:\/\/www.africa-press.net\/centrafricaine\/","name":"centrafricaine","description":"Just another Africa News Agency Sites site","potentialAction":[{"@type":"SearchAction","target":{"@type":"EntryPoint","urlTemplate":"https:\/\/www.africa-press.net\/centrafricaine\/?s={search_term_string}"},"query-input":{"@type":"PropertyValueSpecification","valueRequired":true,"valueName":"search_term_string"}}],"inLanguage":"fr-FR"},{"@type":"Person","@id":"https:\/\/www.africa-press.net\/centrafricaine\/#\/schema\/person\/2b1cf3cd81a31e3cd26889ca66d677f1","name":"cfeditorfr"}]}},"_links":{"self":[{"href":"https:\/\/www.africa-press.net\/centrafricaine\/wp-json\/wp\/v2\/posts\/8754","targetHints":{"allow":["GET"]}}],"collection":[{"href":"https:\/\/www.africa-press.net\/centrafricaine\/wp-json\/wp\/v2\/posts"}],"about":[{"href":"https:\/\/www.africa-press.net\/centrafricaine\/wp-json\/wp\/v2\/types\/post"}],"author":[{"embeddable":true,"href":"https:\/\/www.africa-press.net\/centrafricaine\/wp-json\/wp\/v2\/users\/82"}],"replies":[{"embeddable":true,"href":"https:\/\/www.africa-press.net\/centrafricaine\/wp-json\/wp\/v2\/comments?post=8754"}],"version-history":[{"count":0,"href":"https:\/\/www.africa-press.net\/centrafricaine\/wp-json\/wp\/v2\/posts\/8754\/revisions"}],"wp:featuredmedia":[{"embeddable":true,"href":"https:\/\/www.africa-press.net\/centrafricaine\/wp-json\/wp\/v2\/media\/8753"}],"wp:attachment":[{"href":"https:\/\/www.africa-press.net\/centrafricaine\/wp-json\/wp\/v2\/media?parent=8754"}],"wp:term":[{"taxonomy":"category","embeddable":true,"href":"https:\/\/www.africa-press.net\/centrafricaine\/wp-json\/wp\/v2\/categories?post=8754"},{"taxonomy":"post_tag","embeddable":true,"href":"https:\/\/www.africa-press.net\/centrafricaine\/wp-json\/wp\/v2\/tags?post=8754"}],"curies":[{"name":"wp","href":"https:\/\/api.w.org\/{rel}","templated":true}]}}