{"id":8757,"date":"2021-07-09T15:46:38","date_gmt":"2021-07-09T15:46:38","guid":{"rendered":"https:\/\/www.africa-press.net\/centrafricaine\/?p=8757"},"modified":"2021-07-14T14:11:12","modified_gmt":"2021-07-14T14:11:12","slug":"rca-viol-dune-jeune-fille-de-19-ans-un-pretendu-medecin-place-en-detention-a-lumir","status":"publish","type":"post","link":"https:\/\/www.africa-press.net\/centrafricaine\/toutes-les-actualites\/rca-viol-dune-jeune-fille-de-19-ans-un-pretendu-medecin-place-en-detention-a-lumir","title":{"rendered":"viol d\u2019une jeune fille de 19 ans, \u00a0un pr\u00e9tendu m\u00e9decin plac\u00e9 en d\u00e9tention \u00e0 l\u2019UMIR"},"content":{"rendered":"<p><span style=\"color: #ff6600\"><strong><a href=\"https:\/\/www.africa-press.net\/\">Africa-Press<\/a> &#8211; <a href=\"https:\/\/www.africa-press.net\/centrafricaine\">CentrAfricaine<\/a>. <\/strong><\/span><b>Un violeur pr\u00e9sum\u00e9 \u00e2g\u00e9 de 57 ans a \u00e9t\u00e9 interpell\u00e9 par une foule au quartier Sa\u00efdou, dans le deuxi\u00e8me arrondissement de Bangui. Il aurait abus\u00e9 sexuellement d\u2019une jeune fille de 19 ans au quartier 92 logements. Il se faisait passer pour un m\u00e9decin, en tout cas il travaille dans le m\u00e9tier, selon les parents de la victime.<\/b><\/p>\n<p>Il s\u2019appelle Raymond NGBAHOUMBI, \u00e2g\u00e9e de 57 ans, et travailleur dans un poste de sant\u00e9 d\u2019urgence au quartier 92 logements, dans le sixi\u00e8me arrondissement de Bangui.<\/p>\n<p>Il a crois\u00e9 sa victime pour la premi\u00e8re fois dans ce centre de sant\u00e9 lorsque ses parents l\u2019ont amen\u00e9 pour un mal au ventre. C\u2019est en ce moment que la victime de 19 ans et ses parents ont rencontr\u00e9 le pr\u00e9sum\u00e9 violeur qui est sans doute Monsieur Raymond NGBAHOUMBI. Apr\u00e8s consultation, l\u2019homme a prescrit des ordonnances comme quoi l\u2019enfant a des infections ventrales par suite de staphylocoque chronique. Les parents ont investi de l\u2019argent pour le traitement de l\u2019enfant, et ce m\u00e9decin a fini le premier traitement.<\/p>\n<p>Comme si le jeu \u00e9tait bien pr\u00e9par\u00e9, ce soi-disant m\u00e9decin a demand\u00e9 \u00e0 la jeune fille de revenir une semaine plus tard pour des v\u00e9rifications.<\/p>\n<p>Comme pr\u00e9vu, la date du deuxi\u00e8me rendez-vous est arriv\u00e9e, et la jeune fille entre dans le bureau de son m\u00e9decin. Quelques secondes plus tard, celui-ci a fait doser sa victime par une injection qui l\u2019a fait endormir compl\u00e8tement.<\/p>\n<p>Par la suite, le soi-disant m\u00e9decin lui a fait des actes d\u2019amour durant un moment. \u00c0 son r\u00e9veil, la jeune fille se sentait tr\u00e8s fatigu\u00e9e.<\/p>\n<p>Rentr\u00e9 \u00e0 la maison, elle expliquait tout \u00e0 ses parents qui sont venus au poste de sant\u00e9 pour retrouver le docteur, mais il \u00e9tait absent \u00e0 son bureau. Malheureusement, un mois plus tard, la jeune fille est d\u00e9clar\u00e9e enceinte, le faux m\u00e9decin a pris fuite, il abandonne son poste de travail \u00e0 une autre personne. Les parents l\u2019ont cherch\u00e9 en vain partout.<\/p>\n<p>Mais le samedi dernier, son Dieu n\u2019\u00e9tait pas avec lui. L\u2019un des parents de la jeune fille l\u2019a crois\u00e9 au march\u00e9 Sa\u00efdou en train d\u2019acheter des m\u00e9dicaments dans une pharmacie. Au moment o\u00f9 il l\u00e8ve ses yeux, il observe le parent de sa victime, et prend la poudre d\u2019escampette dans tous les sens, pourvu qu\u2019il disparaisse de vie de son beau-p\u00e8re qui est \u00e0 sa trousse. Malheureusement pour lui, il a \u00e9t\u00e9 attrap\u00e9 quelques m\u00e8tres plus loin par une foule immense.<\/p>\n<p>Il est transf\u00e9r\u00e9 \u00e0 l\u2019unit\u00e9 mixte d\u2019intervention rapide (UMIR).<\/p>\n<p>Pour l\u2019heure, l\u2019homme attend son d\u00e9ferrement devant le parquet de Bangui.<\/p>\n<p>&nbsp;<\/p>\n","protected":false},"excerpt":{"rendered":"<p>Africa-Press &#8211; CentrAfricaine. Un violeur pr\u00e9sum\u00e9 \u00e2g\u00e9 de 57 ans a \u00e9t\u00e9 interpell\u00e9 par une foule au quartier Sa\u00efdou, dans le deuxi\u00e8me arrondissement de Bangui. Il aurait abus\u00e9 sexuellement d\u2019une jeune fille de 19 ans au quartier 92 logements. Il se faisait passer pour un m\u00e9decin, en tout cas il travaille dans le m\u00e9tier, selon [&hellip;]<\/p>\n","protected":false},"author":82,"featured_media":8756,"comment_status":"open","ping_status":"closed","sticky":false,"template":"","format":"standard","meta":{"footnotes":""},"categories":[21,11,10],"tags":[36,58,30],"class_list":["post-8757","post","type-post","status-publish","format-standard","has-post-thumbnail","hentry","category-communaute","category-homepage-french","category-toutes-les-actualites","tag-africa-press","tag-africa-press-centrafricaine","tag-centrafricaine"],"yoast_head":"<!-- This site is optimized with the Yoast SEO Premium plugin v26.1 (Yoast SEO v27.0) - https:\/\/yoast.com\/product\/yoast-seo-premium-wordpress\/ -->\n<title>viol d\u2019une jeune fille de 19 ans, \u00a0un pr\u00e9tendu m\u00e9decin plac\u00e9 en d\u00e9tention \u00e0 l\u2019UMIR - centrafricaine<\/title>\n<meta name=\"description\" content=\"Bangui, R\u00e9publique centrafricaine, vendredi, 9 juillet 2021, 09:57:38 ( Corbeaunews-Centrafrique ). Un violeur pr\u00e9sum ...\" \/>\n<meta name=\"robots\" content=\"index, follow, max-snippet:-1, max-image-preview:large, max-video-preview:-1\" \/>\n<link rel=\"canonical\" href=\"https:\/\/www.africa-press.net\/centrafricaine\/toutes-les-actualites\/rca-viol-dune-jeune-fille-de-19-ans-un-pretendu-medecin-place-en-detention-a-lumir\" \/>\n<meta property=\"og:locale\" content=\"fr_FR\" \/>\n<meta property=\"og:type\" content=\"article\" \/>\n<meta property=\"og:title\" content=\"viol d\u2019une jeune fille de 19 ans, \u00a0un pr\u00e9tendu m\u00e9decin plac\u00e9 en d\u00e9tention \u00e0 l\u2019UMIR\" \/>\n<meta property=\"og:description\" content=\"Bangui, R\u00e9publique centrafricaine, vendredi, 9 juillet 2021, 09:57:38 ( Corbeaunews-Centrafrique ). Un violeur pr\u00e9sum ...\" \/>\n<meta property=\"og:url\" content=\"https:\/\/www.africa-press.net\/centrafricaine\/toutes-les-actualites\/rca-viol-dune-jeune-fille-de-19-ans-un-pretendu-medecin-place-en-detention-a-lumir\" \/>\n<meta property=\"og:site_name\" content=\"centrafricaine\" \/>\n<meta property=\"article:published_time\" content=\"2021-07-09T15:46:38+00:00\" \/>\n<meta property=\"article:modified_time\" content=\"2021-07-14T14:11:12+00:00\" \/>\n<meta property=\"og:image\" content=\"https:\/\/static.africa-press.net\/centrafricaine\/sites\/45\/2021\/07\/img-60e866a05c946.jpg\" \/>\n\t<meta property=\"og:image:width\" content=\"1000\" \/>\n\t<meta property=\"og:image:height\" content=\"750\" \/>\n\t<meta property=\"og:image:type\" content=\"image\/jpeg\" \/>\n<meta name=\"author\" content=\"cfeditorfr\" \/>\n<meta name=\"twitter:card\" content=\"summary_large_image\" \/>\n<meta name=\"twitter:label1\" content=\"\u00c9crit par\" \/>\n\t<meta name=\"twitter:data1\" content=\"cfeditorfr\" \/>\n\t<meta name=\"twitter:label2\" content=\"Dur\u00e9e de lecture estim\u00e9e\" \/>\n\t<meta name=\"twitter:data2\" content=\"2 minutes\" \/>\n<script type=\"application\/ld+json\" class=\"yoast-schema-graph\">{\"@context\":\"https:\/\/schema.org\",\"@graph\":[{\"@type\":\"Article\",\"@id\":\"https:\/\/www.africa-press.net\/centrafricaine\/toutes-les-actualites\/rca-viol-dune-jeune-fille-de-19-ans-un-pretendu-medecin-place-en-detention-a-lumir#article\",\"isPartOf\":{\"@id\":\"https:\/\/www.africa-press.net\/centrafricaine\/toutes-les-actualites\/rca-viol-dune-jeune-fille-de-19-ans-un-pretendu-medecin-place-en-detention-a-lumir\"},\"author\":{\"name\":\"cfeditorfr\",\"@id\":\"https:\/\/www.africa-press.net\/centrafricaine\/#\/schema\/person\/2b1cf3cd81a31e3cd26889ca66d677f1\"},\"headline\":\"viol d\u2019une jeune fille de 19 ans, \u00a0un pr\u00e9tendu m\u00e9decin plac\u00e9 en d\u00e9tention \u00e0 l\u2019UMIR\",\"datePublished\":\"2021-07-09T15:46:38+00:00\",\"dateModified\":\"2021-07-14T14:11:12+00:00\",\"mainEntityOfPage\":{\"@id\":\"https:\/\/www.africa-press.net\/centrafricaine\/toutes-les-actualites\/rca-viol-dune-jeune-fille-de-19-ans-un-pretendu-medecin-place-en-detention-a-lumir\"},\"wordCount\":484,\"commentCount\":0,\"image\":{\"@id\":\"https:\/\/www.africa-press.net\/centrafricaine\/toutes-les-actualites\/rca-viol-dune-jeune-fille-de-19-ans-un-pretendu-medecin-place-en-detention-a-lumir#primaryimage\"},\"thumbnailUrl\":\"https:\/\/static.africa-press.net\/centrafricaine\/sites\/45\/2021\/07\/img-60e866a05c946.jpg\",\"keywords\":[\"Africa Press\",\"Africa Press-CentrAfricaine\",\"CentrAfricaine\"],\"articleSection\":[\"Communaut\u00e9\",\"homepage-french\",\"Toutes les actualit\u00e9s\"],\"inLanguage\":\"fr-FR\",\"potentialAction\":[{\"@type\":\"CommentAction\",\"name\":\"Comment\",\"target\":[\"https:\/\/www.africa-press.net\/centrafricaine\/toutes-les-actualites\/rca-viol-dune-jeune-fille-de-19-ans-un-pretendu-medecin-place-en-detention-a-lumir#respond\"]}]},{\"@type\":\"WebPage\",\"@id\":\"https:\/\/www.africa-press.net\/centrafricaine\/toutes-les-actualites\/rca-viol-dune-jeune-fille-de-19-ans-un-pretendu-medecin-place-en-detention-a-lumir\",\"url\":\"https:\/\/www.africa-press.net\/centrafricaine\/toutes-les-actualites\/rca-viol-dune-jeune-fille-de-19-ans-un-pretendu-medecin-place-en-detention-a-lumir\",\"name\":\"viol d\u2019une jeune fille de 19 ans, \u00a0un pr\u00e9tendu m\u00e9decin plac\u00e9 en d\u00e9tention \u00e0 l\u2019UMIR - centrafricaine\",\"isPartOf\":{\"@id\":\"https:\/\/www.africa-press.net\/centrafricaine\/#website\"},\"primaryImageOfPage\":{\"@id\":\"https:\/\/www.africa-press.net\/centrafricaine\/toutes-les-actualites\/rca-viol-dune-jeune-fille-de-19-ans-un-pretendu-medecin-place-en-detention-a-lumir#primaryimage\"},\"image\":{\"@id\":\"https:\/\/www.africa-press.net\/centrafricaine\/toutes-les-actualites\/rca-viol-dune-jeune-fille-de-19-ans-un-pretendu-medecin-place-en-detention-a-lumir#primaryimage\"},\"thumbnailUrl\":\"https:\/\/static.africa-press.net\/centrafricaine\/sites\/45\/2021\/07\/img-60e866a05c946.jpg\",\"datePublished\":\"2021-07-09T15:46:38+00:00\",\"dateModified\":\"2021-07-14T14:11:12+00:00\",\"author\":{\"@id\":\"https:\/\/www.africa-press.net\/centrafricaine\/#\/schema\/person\/2b1cf3cd81a31e3cd26889ca66d677f1\"},\"description\":\"Bangui, R\u00e9publique centrafricaine, vendredi, 9 juillet 2021, 09:57:38 ( Corbeaunews-Centrafrique ). Un violeur pr\u00e9sum ...\",\"breadcrumb\":{\"@id\":\"https:\/\/www.africa-press.net\/centrafricaine\/toutes-les-actualites\/rca-viol-dune-jeune-fille-de-19-ans-un-pretendu-medecin-place-en-detention-a-lumir#breadcrumb\"},\"inLanguage\":\"fr-FR\",\"potentialAction\":[{\"@type\":\"ReadAction\",\"target\":[\"https:\/\/www.africa-press.net\/centrafricaine\/toutes-les-actualites\/rca-viol-dune-jeune-fille-de-19-ans-un-pretendu-medecin-place-en-detention-a-lumir\"]}]},{\"@type\":\"ImageObject\",\"inLanguage\":\"fr-FR\",\"@id\":\"https:\/\/www.africa-press.net\/centrafricaine\/toutes-les-actualites\/rca-viol-dune-jeune-fille-de-19-ans-un-pretendu-medecin-place-en-detention-a-lumir#primaryimage\",\"url\":\"https:\/\/static.africa-press.net\/centrafricaine\/sites\/45\/2021\/07\/img-60e866a05c946.jpg\",\"contentUrl\":\"https:\/\/static.africa-press.net\/centrafricaine\/sites\/45\/2021\/07\/img-60e866a05c946.jpg\",\"width\":1000,\"height\":750,\"caption\":\"RCA\u00a0: viol d\u2019une jeune fille de 19 ans, \u00a0un pr\u00e9tendu m\u00e9decin plac\u00e9 en d\u00e9tention \u00e0 l\u2019UMIR\"},{\"@type\":\"BreadcrumbList\",\"@id\":\"https:\/\/www.africa-press.net\/centrafricaine\/toutes-les-actualites\/rca-viol-dune-jeune-fille-de-19-ans-un-pretendu-medecin-place-en-detention-a-lumir#breadcrumb\",\"itemListElement\":[{\"@type\":\"ListItem\",\"position\":1,\"name\":\"Accueil\",\"item\":\"https:\/\/www.africa-press.net\/centrafricaine\/\"},{\"@type\":\"ListItem\",\"position\":2,\"name\":\"viol d\u2019une jeune fille de 19 ans, \u00a0un pr\u00e9tendu m\u00e9decin plac\u00e9 en d\u00e9tention \u00e0 l\u2019UMIR\"}]},{\"@type\":\"WebSite\",\"@id\":\"https:\/\/www.africa-press.net\/centrafricaine\/#website\",\"url\":\"https:\/\/www.africa-press.net\/centrafricaine\/\",\"name\":\"centrafricaine\",\"description\":\"Just another Africa News Agency Sites site\",\"potentialAction\":[{\"@type\":\"SearchAction\",\"target\":{\"@type\":\"EntryPoint\",\"urlTemplate\":\"https:\/\/www.africa-press.net\/centrafricaine\/?s={search_term_string}\"},\"query-input\":{\"@type\":\"PropertyValueSpecification\",\"valueRequired\":true,\"valueName\":\"search_term_string\"}}],\"inLanguage\":\"fr-FR\"},{\"@type\":\"Person\",\"@id\":\"https:\/\/www.africa-press.net\/centrafricaine\/#\/schema\/person\/2b1cf3cd81a31e3cd26889ca66d677f1\",\"name\":\"cfeditorfr\"}]}<\/script>\n<!-- \/ Yoast SEO Premium plugin. -->","yoast_head_json":{"title":"viol d\u2019une jeune fille de 19 ans, \u00a0un pr\u00e9tendu m\u00e9decin plac\u00e9 en d\u00e9tention \u00e0 l\u2019UMIR - centrafricaine","description":"Bangui, R\u00e9publique centrafricaine, vendredi, 9 juillet 2021, 09:57:38 ( Corbeaunews-Centrafrique ). Un violeur pr\u00e9sum ...","robots":{"index":"index","follow":"follow","max-snippet":"max-snippet:-1","max-image-preview":"max-image-preview:large","max-video-preview":"max-video-preview:-1"},"canonical":"https:\/\/www.africa-press.net\/centrafricaine\/toutes-les-actualites\/rca-viol-dune-jeune-fille-de-19-ans-un-pretendu-medecin-place-en-detention-a-lumir","og_locale":"fr_FR","og_type":"article","og_title":"viol d\u2019une jeune fille de 19 ans, \u00a0un pr\u00e9tendu m\u00e9decin plac\u00e9 en d\u00e9tention \u00e0 l\u2019UMIR","og_description":"Bangui, R\u00e9publique centrafricaine, vendredi, 9 juillet 2021, 09:57:38 ( Corbeaunews-Centrafrique ). Un violeur pr\u00e9sum ...","og_url":"https:\/\/www.africa-press.net\/centrafricaine\/toutes-les-actualites\/rca-viol-dune-jeune-fille-de-19-ans-un-pretendu-medecin-place-en-detention-a-lumir","og_site_name":"centrafricaine","article_published_time":"2021-07-09T15:46:38+00:00","article_modified_time":"2021-07-14T14:11:12+00:00","og_image":[{"width":1000,"height":750,"url":"https:\/\/static.africa-press.net\/centrafricaine\/sites\/45\/2021\/07\/img-60e866a05c946.jpg","type":"image\/jpeg"}],"author":"cfeditorfr","twitter_card":"summary_large_image","twitter_misc":{"\u00c9crit par":"cfeditorfr","Dur\u00e9e de lecture estim\u00e9e":"2 minutes"},"schema":{"@context":"https:\/\/schema.org","@graph":[{"@type":"Article","@id":"https:\/\/www.africa-press.net\/centrafricaine\/toutes-les-actualites\/rca-viol-dune-jeune-fille-de-19-ans-un-pretendu-medecin-place-en-detention-a-lumir#article","isPartOf":{"@id":"https:\/\/www.africa-press.net\/centrafricaine\/toutes-les-actualites\/rca-viol-dune-jeune-fille-de-19-ans-un-pretendu-medecin-place-en-detention-a-lumir"},"author":{"name":"cfeditorfr","@id":"https:\/\/www.africa-press.net\/centrafricaine\/#\/schema\/person\/2b1cf3cd81a31e3cd26889ca66d677f1"},"headline":"viol d\u2019une jeune fille de 19 ans, \u00a0un pr\u00e9tendu m\u00e9decin plac\u00e9 en d\u00e9tention \u00e0 l\u2019UMIR","datePublished":"2021-07-09T15:46:38+00:00","dateModified":"2021-07-14T14:11:12+00:00","mainEntityOfPage":{"@id":"https:\/\/www.africa-press.net\/centrafricaine\/toutes-les-actualites\/rca-viol-dune-jeune-fille-de-19-ans-un-pretendu-medecin-place-en-detention-a-lumir"},"wordCount":484,"commentCount":0,"image":{"@id":"https:\/\/www.africa-press.net\/centrafricaine\/toutes-les-actualites\/rca-viol-dune-jeune-fille-de-19-ans-un-pretendu-medecin-place-en-detention-a-lumir#primaryimage"},"thumbnailUrl":"https:\/\/static.africa-press.net\/centrafricaine\/sites\/45\/2021\/07\/img-60e866a05c946.jpg","keywords":["Africa Press","Africa Press-CentrAfricaine","CentrAfricaine"],"articleSection":["Communaut\u00e9","homepage-french","Toutes les actualit\u00e9s"],"inLanguage":"fr-FR","potentialAction":[{"@type":"CommentAction","name":"Comment","target":["https:\/\/www.africa-press.net\/centrafricaine\/toutes-les-actualites\/rca-viol-dune-jeune-fille-de-19-ans-un-pretendu-medecin-place-en-detention-a-lumir#respond"]}]},{"@type":"WebPage","@id":"https:\/\/www.africa-press.net\/centrafricaine\/toutes-les-actualites\/rca-viol-dune-jeune-fille-de-19-ans-un-pretendu-medecin-place-en-detention-a-lumir","url":"https:\/\/www.africa-press.net\/centrafricaine\/toutes-les-actualites\/rca-viol-dune-jeune-fille-de-19-ans-un-pretendu-medecin-place-en-detention-a-lumir","name":"viol d\u2019une jeune fille de 19 ans, \u00a0un pr\u00e9tendu m\u00e9decin plac\u00e9 en d\u00e9tention \u00e0 l\u2019UMIR - centrafricaine","isPartOf":{"@id":"https:\/\/www.africa-press.net\/centrafricaine\/#website"},"primaryImageOfPage":{"@id":"https:\/\/www.africa-press.net\/centrafricaine\/toutes-les-actualites\/rca-viol-dune-jeune-fille-de-19-ans-un-pretendu-medecin-place-en-detention-a-lumir#primaryimage"},"image":{"@id":"https:\/\/www.africa-press.net\/centrafricaine\/toutes-les-actualites\/rca-viol-dune-jeune-fille-de-19-ans-un-pretendu-medecin-place-en-detention-a-lumir#primaryimage"},"thumbnailUrl":"https:\/\/static.africa-press.net\/centrafricaine\/sites\/45\/2021\/07\/img-60e866a05c946.jpg","datePublished":"2021-07-09T15:46:38+00:00","dateModified":"2021-07-14T14:11:12+00:00","author":{"@id":"https:\/\/www.africa-press.net\/centrafricaine\/#\/schema\/person\/2b1cf3cd81a31e3cd26889ca66d677f1"},"description":"Bangui, R\u00e9publique centrafricaine, vendredi, 9 juillet 2021, 09:57:38 ( Corbeaunews-Centrafrique ). Un violeur pr\u00e9sum ...","breadcrumb":{"@id":"https:\/\/www.africa-press.net\/centrafricaine\/toutes-les-actualites\/rca-viol-dune-jeune-fille-de-19-ans-un-pretendu-medecin-place-en-detention-a-lumir#breadcrumb"},"inLanguage":"fr-FR","potentialAction":[{"@type":"ReadAction","target":["https:\/\/www.africa-press.net\/centrafricaine\/toutes-les-actualites\/rca-viol-dune-jeune-fille-de-19-ans-un-pretendu-medecin-place-en-detention-a-lumir"]}]},{"@type":"ImageObject","inLanguage":"fr-FR","@id":"https:\/\/www.africa-press.net\/centrafricaine\/toutes-les-actualites\/rca-viol-dune-jeune-fille-de-19-ans-un-pretendu-medecin-place-en-detention-a-lumir#primaryimage","url":"https:\/\/static.africa-press.net\/centrafricaine\/sites\/45\/2021\/07\/img-60e866a05c946.jpg","contentUrl":"https:\/\/static.africa-press.net\/centrafricaine\/sites\/45\/2021\/07\/img-60e866a05c946.jpg","width":1000,"height":750,"caption":"RCA\u00a0: viol d\u2019une jeune fille de 19 ans, \u00a0un pr\u00e9tendu m\u00e9decin plac\u00e9 en d\u00e9tention \u00e0 l\u2019UMIR"},{"@type":"BreadcrumbList","@id":"https:\/\/www.africa-press.net\/centrafricaine\/toutes-les-actualites\/rca-viol-dune-jeune-fille-de-19-ans-un-pretendu-medecin-place-en-detention-a-lumir#breadcrumb","itemListElement":[{"@type":"ListItem","position":1,"name":"Accueil","item":"https:\/\/www.africa-press.net\/centrafricaine\/"},{"@type":"ListItem","position":2,"name":"viol d\u2019une jeune fille de 19 ans, \u00a0un pr\u00e9tendu m\u00e9decin plac\u00e9 en d\u00e9tention \u00e0 l\u2019UMIR"}]},{"@type":"WebSite","@id":"https:\/\/www.africa-press.net\/centrafricaine\/#website","url":"https:\/\/www.africa-press.net\/centrafricaine\/","name":"centrafricaine","description":"Just another Africa News Agency Sites site","potentialAction":[{"@type":"SearchAction","target":{"@type":"EntryPoint","urlTemplate":"https:\/\/www.africa-press.net\/centrafricaine\/?s={search_term_string}"},"query-input":{"@type":"PropertyValueSpecification","valueRequired":true,"valueName":"search_term_string"}}],"inLanguage":"fr-FR"},{"@type":"Person","@id":"https:\/\/www.africa-press.net\/centrafricaine\/#\/schema\/person\/2b1cf3cd81a31e3cd26889ca66d677f1","name":"cfeditorfr"}]}},"_links":{"self":[{"href":"https:\/\/www.africa-press.net\/centrafricaine\/wp-json\/wp\/v2\/posts\/8757","targetHints":{"allow":["GET"]}}],"collection":[{"href":"https:\/\/www.africa-press.net\/centrafricaine\/wp-json\/wp\/v2\/posts"}],"about":[{"href":"https:\/\/www.africa-press.net\/centrafricaine\/wp-json\/wp\/v2\/types\/post"}],"author":[{"embeddable":true,"href":"https:\/\/www.africa-press.net\/centrafricaine\/wp-json\/wp\/v2\/users\/82"}],"replies":[{"embeddable":true,"href":"https:\/\/www.africa-press.net\/centrafricaine\/wp-json\/wp\/v2\/comments?post=8757"}],"version-history":[{"count":0,"href":"https:\/\/www.africa-press.net\/centrafricaine\/wp-json\/wp\/v2\/posts\/8757\/revisions"}],"wp:featuredmedia":[{"embeddable":true,"href":"https:\/\/www.africa-press.net\/centrafricaine\/wp-json\/wp\/v2\/media\/8756"}],"wp:attachment":[{"href":"https:\/\/www.africa-press.net\/centrafricaine\/wp-json\/wp\/v2\/media?parent=8757"}],"wp:term":[{"taxonomy":"category","embeddable":true,"href":"https:\/\/www.africa-press.net\/centrafricaine\/wp-json\/wp\/v2\/categories?post=8757"},{"taxonomy":"post_tag","embeddable":true,"href":"https:\/\/www.africa-press.net\/centrafricaine\/wp-json\/wp\/v2\/tags?post=8757"}],"curies":[{"name":"wp","href":"https:\/\/api.w.org\/{rel}","templated":true}]}}