{"id":8760,"date":"2021-07-09T15:57:53","date_gmt":"2021-07-09T15:57:53","guid":{"rendered":"https:\/\/www.africa-press.net\/centrafricaine\/?p=8760"},"modified":"2021-07-14T14:11:24","modified_gmt":"2021-07-14T14:11:24","slug":"centrafrique-les-faucons-de-touadera","status":"publish","type":"post","link":"https:\/\/www.africa-press.net\/centrafricaine\/dossiers\/centrafrique-les-faucons-de-touadera","title":{"rendered":"les \u00ab\u00a0faucons\u00a0\u00bb de Touad\u00e9ra"},"content":{"rendered":"<p><span style=\"color: #ff6600\"><strong><a href=\"https:\/\/www.africa-press.net\/\">Africa-Press<\/a> &#8211; <a href=\"https:\/\/www.africa-press.net\/centrafricaine\">CentrAfricaine<\/a>. <\/strong><\/span>Proches conseillers, financiers ou membres de la famille du pr\u00e9sident centrafricain, ils sont sur tous les fronts pour prot\u00e9ger Bangui face aux rebelles qui ont jur\u00e9 la chute de Faustin-Archange Touad\u00e9ra. Et bon nombre d\u2019entre eux sont tr\u00e8s li\u00e9s avec la Russie de Vladimir Poutine\u2026<\/p>\n<p>Depuis d\u00e9cembre, la Coalition des patriotes pour le changement (CPC), r\u00e9bellion rassemblant plusieurs groupes arm\u00e9s men\u00e9e par l\u2019ex-pr\u00e9sident Fran\u00e7ois Boziz\u00e9, a lanc\u00e9 les hostilit\u00e9s contre le pouvoir de Bangui. D\u00e9but janvier, ces derniers sont m\u00eame parvenus jusqu\u2019aux portes de la capitale, avant d\u2019\u00eatre repouss\u00e9s par l\u2019arm\u00e9e centrafricaine, appuy\u00e9e par les forces russes et rwandaises. Faustin-Archange Touad\u00e9ra (FAT) avait alors vu sa pr\u00e9sidence sauv\u00e9e de justesse.<\/p>\n<p>Depuis cet \u00e9pisode d\u00e9licat pour Bangui, plusieurs proches de FAT ont \u0153uvr\u00e9 en coulisses pour cr\u00e9er des alliances et recoller les morceaux entre Touad\u00e9ra et certains de ses homologues voisins, aux yeux desquels le pr\u00e9sident centrafricain devenait presque ind\u00e9sirable. Diplomatie, \u00e9conomie\u2026 Ces \u00ab faucons \u00bb du pr\u00e9sident sont sur tous les fronts pour aider le chef de l\u2019\u00c9tat \u00e0 conforter sa position face \u00e0 la CPC apr\u00e8s une pr\u00e9sidentielle pour le moins contest\u00e9e, et \u00e0 regagner ses galons dans la sous-r\u00e9gion. Et sans surprise, bon nombre de ces \u00ab faucons \u00bb ont des liens serr\u00e9s avec la Russie de Vladimir Poutine\u2026<\/p>\n<p><b>Thierry Oronfei<\/b><\/p>\n<p>Thierry Oronfei \u00a9 DR Ministre conseiller de Faustin-Archange Touad\u00e9ra charg\u00e9 des nouvelles technologies depuis le premier quinquennat du chef de l\u2019\u00c9tat, il est aujourd\u2019hui l\u2019une des pi\u00e8ces ma\u00eetresses du cercle pr\u00e9sidentiel. Ce math\u00e9maticien de formation a jou\u00e9 un r\u00f4le essentiel dans les strat\u00e9gies mises en place par le pouvoir pour contrer les rebelles de la CPC.<\/p>\n","protected":false},"excerpt":{"rendered":"<p>Africa-Press &#8211; CentrAfricaine. Proches conseillers, financiers ou membres de la famille du pr\u00e9sident centrafricain, ils sont sur tous les fronts pour prot\u00e9ger Bangui face aux rebelles qui ont jur\u00e9 la chute de Faustin-Archange Touad\u00e9ra. Et bon nombre d\u2019entre eux sont tr\u00e8s li\u00e9s avec la Russie de Vladimir Poutine\u2026 Depuis d\u00e9cembre, la Coalition des patriotes pour [&hellip;]<\/p>\n","protected":false},"author":82,"featured_media":8759,"comment_status":"open","ping_status":"closed","sticky":false,"template":"","format":"standard","meta":{"footnotes":""},"categories":[7,11,20,10],"tags":[36,58,30],"class_list":["post-8760","post","type-post","status-publish","format-standard","has-post-thumbnail","hentry","category-dossiers","category-homepage-french","category-top-nouvelles","category-toutes-les-actualites","tag-africa-press","tag-africa-press-centrafricaine","tag-centrafricaine"],"yoast_head":"<!-- This site is optimized with the Yoast SEO Premium plugin v26.1 (Yoast SEO v27.0) - https:\/\/yoast.com\/product\/yoast-seo-premium-wordpress\/ -->\n<title>les \u00ab\u00a0faucons\u00a0\u00bb de Touad\u00e9ra - centrafricaine<\/title>\n<meta name=\"description\" content=\"Proches conseillers, financiers ou membres de la famille du pr\u00e9sident centrafricain, ils sont sur tous les fronts pour p ...\" \/>\n<meta name=\"robots\" content=\"index, follow, max-snippet:-1, max-image-preview:large, max-video-preview:-1\" \/>\n<link rel=\"canonical\" href=\"https:\/\/www.africa-press.net\/centrafricaine\/dossiers\/centrafrique-les-faucons-de-touadera\" \/>\n<meta property=\"og:locale\" content=\"fr_FR\" \/>\n<meta property=\"og:type\" content=\"article\" \/>\n<meta property=\"og:title\" content=\"les \u00ab\u00a0faucons\u00a0\u00bb de Touad\u00e9ra\" \/>\n<meta property=\"og:description\" content=\"Proches conseillers, financiers ou membres de la famille du pr\u00e9sident centrafricain, ils sont sur tous les fronts pour p ...\" \/>\n<meta property=\"og:url\" content=\"https:\/\/www.africa-press.net\/centrafricaine\/dossiers\/centrafrique-les-faucons-de-touadera\" \/>\n<meta property=\"og:site_name\" content=\"centrafricaine\" \/>\n<meta property=\"article:published_time\" content=\"2021-07-09T15:57:53+00:00\" \/>\n<meta property=\"article:modified_time\" content=\"2021-07-14T14:11:24+00:00\" \/>\n<meta property=\"og:image\" content=\"https:\/\/static.africa-press.net\/centrafricaine\/sites\/45\/2021\/07\/img-60e86729e2a1d.jpg\" \/>\n\t<meta property=\"og:image:width\" content=\"720\" \/>\n\t<meta property=\"og:image:height\" content=\"360\" \/>\n\t<meta property=\"og:image:type\" content=\"image\/jpeg\" \/>\n<meta name=\"author\" content=\"cfeditorfr\" \/>\n<meta name=\"twitter:card\" content=\"summary_large_image\" \/>\n<meta name=\"twitter:label1\" content=\"\u00c9crit par\" \/>\n\t<meta name=\"twitter:data1\" content=\"cfeditorfr\" \/>\n\t<meta name=\"twitter:label2\" content=\"Dur\u00e9e de lecture estim\u00e9e\" \/>\n\t<meta name=\"twitter:data2\" content=\"2 minutes\" \/>\n<script type=\"application\/ld+json\" class=\"yoast-schema-graph\">{\"@context\":\"https:\/\/schema.org\",\"@graph\":[{\"@type\":\"Article\",\"@id\":\"https:\/\/www.africa-press.net\/centrafricaine\/dossiers\/centrafrique-les-faucons-de-touadera#article\",\"isPartOf\":{\"@id\":\"https:\/\/www.africa-press.net\/centrafricaine\/dossiers\/centrafrique-les-faucons-de-touadera\"},\"author\":{\"name\":\"cfeditorfr\",\"@id\":\"https:\/\/www.africa-press.net\/centrafricaine\/#\/schema\/person\/2b1cf3cd81a31e3cd26889ca66d677f1\"},\"headline\":\"les \u00ab\u00a0faucons\u00a0\u00bb de Touad\u00e9ra\",\"datePublished\":\"2021-07-09T15:57:53+00:00\",\"dateModified\":\"2021-07-14T14:11:24+00:00\",\"mainEntityOfPage\":{\"@id\":\"https:\/\/www.africa-press.net\/centrafricaine\/dossiers\/centrafrique-les-faucons-de-touadera\"},\"wordCount\":316,\"commentCount\":0,\"image\":{\"@id\":\"https:\/\/www.africa-press.net\/centrafricaine\/dossiers\/centrafrique-les-faucons-de-touadera#primaryimage\"},\"thumbnailUrl\":\"https:\/\/static.africa-press.net\/centrafricaine\/sites\/45\/2021\/07\/img-60e86729e2a1d.jpg\",\"keywords\":[\"Africa Press\",\"Africa Press-CentrAfricaine\",\"CentrAfricaine\"],\"articleSection\":[\"Dossiers\",\"homepage-french\",\"Top Nouvelles\",\"Toutes les actualit\u00e9s\"],\"inLanguage\":\"fr-FR\",\"potentialAction\":[{\"@type\":\"CommentAction\",\"name\":\"Comment\",\"target\":[\"https:\/\/www.africa-press.net\/centrafricaine\/dossiers\/centrafrique-les-faucons-de-touadera#respond\"]}]},{\"@type\":\"WebPage\",\"@id\":\"https:\/\/www.africa-press.net\/centrafricaine\/dossiers\/centrafrique-les-faucons-de-touadera\",\"url\":\"https:\/\/www.africa-press.net\/centrafricaine\/dossiers\/centrafrique-les-faucons-de-touadera\",\"name\":\"les \u00ab\u00a0faucons\u00a0\u00bb de Touad\u00e9ra - centrafricaine\",\"isPartOf\":{\"@id\":\"https:\/\/www.africa-press.net\/centrafricaine\/#website\"},\"primaryImageOfPage\":{\"@id\":\"https:\/\/www.africa-press.net\/centrafricaine\/dossiers\/centrafrique-les-faucons-de-touadera#primaryimage\"},\"image\":{\"@id\":\"https:\/\/www.africa-press.net\/centrafricaine\/dossiers\/centrafrique-les-faucons-de-touadera#primaryimage\"},\"thumbnailUrl\":\"https:\/\/static.africa-press.net\/centrafricaine\/sites\/45\/2021\/07\/img-60e86729e2a1d.jpg\",\"datePublished\":\"2021-07-09T15:57:53+00:00\",\"dateModified\":\"2021-07-14T14:11:24+00:00\",\"author\":{\"@id\":\"https:\/\/www.africa-press.net\/centrafricaine\/#\/schema\/person\/2b1cf3cd81a31e3cd26889ca66d677f1\"},\"description\":\"Proches conseillers, financiers ou membres de la famille du pr\u00e9sident centrafricain, ils sont sur tous les fronts pour p ...\",\"breadcrumb\":{\"@id\":\"https:\/\/www.africa-press.net\/centrafricaine\/dossiers\/centrafrique-les-faucons-de-touadera#breadcrumb\"},\"inLanguage\":\"fr-FR\",\"potentialAction\":[{\"@type\":\"ReadAction\",\"target\":[\"https:\/\/www.africa-press.net\/centrafricaine\/dossiers\/centrafrique-les-faucons-de-touadera\"]}]},{\"@type\":\"ImageObject\",\"inLanguage\":\"fr-FR\",\"@id\":\"https:\/\/www.africa-press.net\/centrafricaine\/dossiers\/centrafrique-les-faucons-de-touadera#primaryimage\",\"url\":\"https:\/\/static.africa-press.net\/centrafricaine\/sites\/45\/2021\/07\/img-60e86729e2a1d.jpg\",\"contentUrl\":\"https:\/\/static.africa-press.net\/centrafricaine\/sites\/45\/2021\/07\/img-60e86729e2a1d.jpg\",\"width\":720,\"height\":360,\"caption\":\"Centrafrique : les \u00ab\u00a0faucons\u00a0\u00bb de Touad\u00e9ra\"},{\"@type\":\"BreadcrumbList\",\"@id\":\"https:\/\/www.africa-press.net\/centrafricaine\/dossiers\/centrafrique-les-faucons-de-touadera#breadcrumb\",\"itemListElement\":[{\"@type\":\"ListItem\",\"position\":1,\"name\":\"Accueil\",\"item\":\"https:\/\/www.africa-press.net\/centrafricaine\/\"},{\"@type\":\"ListItem\",\"position\":2,\"name\":\"les \u00ab\u00a0faucons\u00a0\u00bb de Touad\u00e9ra\"}]},{\"@type\":\"WebSite\",\"@id\":\"https:\/\/www.africa-press.net\/centrafricaine\/#website\",\"url\":\"https:\/\/www.africa-press.net\/centrafricaine\/\",\"name\":\"centrafricaine\",\"description\":\"Just another Africa News Agency Sites site\",\"potentialAction\":[{\"@type\":\"SearchAction\",\"target\":{\"@type\":\"EntryPoint\",\"urlTemplate\":\"https:\/\/www.africa-press.net\/centrafricaine\/?s={search_term_string}\"},\"query-input\":{\"@type\":\"PropertyValueSpecification\",\"valueRequired\":true,\"valueName\":\"search_term_string\"}}],\"inLanguage\":\"fr-FR\"},{\"@type\":\"Person\",\"@id\":\"https:\/\/www.africa-press.net\/centrafricaine\/#\/schema\/person\/2b1cf3cd81a31e3cd26889ca66d677f1\",\"name\":\"cfeditorfr\"}]}<\/script>\n<!-- \/ Yoast SEO Premium plugin. -->","yoast_head_json":{"title":"les \u00ab\u00a0faucons\u00a0\u00bb de Touad\u00e9ra - centrafricaine","description":"Proches conseillers, financiers ou membres de la famille du pr\u00e9sident centrafricain, ils sont sur tous les fronts pour p ...","robots":{"index":"index","follow":"follow","max-snippet":"max-snippet:-1","max-image-preview":"max-image-preview:large","max-video-preview":"max-video-preview:-1"},"canonical":"https:\/\/www.africa-press.net\/centrafricaine\/dossiers\/centrafrique-les-faucons-de-touadera","og_locale":"fr_FR","og_type":"article","og_title":"les \u00ab\u00a0faucons\u00a0\u00bb de Touad\u00e9ra","og_description":"Proches conseillers, financiers ou membres de la famille du pr\u00e9sident centrafricain, ils sont sur tous les fronts pour p ...","og_url":"https:\/\/www.africa-press.net\/centrafricaine\/dossiers\/centrafrique-les-faucons-de-touadera","og_site_name":"centrafricaine","article_published_time":"2021-07-09T15:57:53+00:00","article_modified_time":"2021-07-14T14:11:24+00:00","og_image":[{"width":720,"height":360,"url":"https:\/\/static.africa-press.net\/centrafricaine\/sites\/45\/2021\/07\/img-60e86729e2a1d.jpg","type":"image\/jpeg"}],"author":"cfeditorfr","twitter_card":"summary_large_image","twitter_misc":{"\u00c9crit par":"cfeditorfr","Dur\u00e9e de lecture estim\u00e9e":"2 minutes"},"schema":{"@context":"https:\/\/schema.org","@graph":[{"@type":"Article","@id":"https:\/\/www.africa-press.net\/centrafricaine\/dossiers\/centrafrique-les-faucons-de-touadera#article","isPartOf":{"@id":"https:\/\/www.africa-press.net\/centrafricaine\/dossiers\/centrafrique-les-faucons-de-touadera"},"author":{"name":"cfeditorfr","@id":"https:\/\/www.africa-press.net\/centrafricaine\/#\/schema\/person\/2b1cf3cd81a31e3cd26889ca66d677f1"},"headline":"les \u00ab\u00a0faucons\u00a0\u00bb de Touad\u00e9ra","datePublished":"2021-07-09T15:57:53+00:00","dateModified":"2021-07-14T14:11:24+00:00","mainEntityOfPage":{"@id":"https:\/\/www.africa-press.net\/centrafricaine\/dossiers\/centrafrique-les-faucons-de-touadera"},"wordCount":316,"commentCount":0,"image":{"@id":"https:\/\/www.africa-press.net\/centrafricaine\/dossiers\/centrafrique-les-faucons-de-touadera#primaryimage"},"thumbnailUrl":"https:\/\/static.africa-press.net\/centrafricaine\/sites\/45\/2021\/07\/img-60e86729e2a1d.jpg","keywords":["Africa Press","Africa Press-CentrAfricaine","CentrAfricaine"],"articleSection":["Dossiers","homepage-french","Top Nouvelles","Toutes les actualit\u00e9s"],"inLanguage":"fr-FR","potentialAction":[{"@type":"CommentAction","name":"Comment","target":["https:\/\/www.africa-press.net\/centrafricaine\/dossiers\/centrafrique-les-faucons-de-touadera#respond"]}]},{"@type":"WebPage","@id":"https:\/\/www.africa-press.net\/centrafricaine\/dossiers\/centrafrique-les-faucons-de-touadera","url":"https:\/\/www.africa-press.net\/centrafricaine\/dossiers\/centrafrique-les-faucons-de-touadera","name":"les \u00ab\u00a0faucons\u00a0\u00bb de Touad\u00e9ra - centrafricaine","isPartOf":{"@id":"https:\/\/www.africa-press.net\/centrafricaine\/#website"},"primaryImageOfPage":{"@id":"https:\/\/www.africa-press.net\/centrafricaine\/dossiers\/centrafrique-les-faucons-de-touadera#primaryimage"},"image":{"@id":"https:\/\/www.africa-press.net\/centrafricaine\/dossiers\/centrafrique-les-faucons-de-touadera#primaryimage"},"thumbnailUrl":"https:\/\/static.africa-press.net\/centrafricaine\/sites\/45\/2021\/07\/img-60e86729e2a1d.jpg","datePublished":"2021-07-09T15:57:53+00:00","dateModified":"2021-07-14T14:11:24+00:00","author":{"@id":"https:\/\/www.africa-press.net\/centrafricaine\/#\/schema\/person\/2b1cf3cd81a31e3cd26889ca66d677f1"},"description":"Proches conseillers, financiers ou membres de la famille du pr\u00e9sident centrafricain, ils sont sur tous les fronts pour p ...","breadcrumb":{"@id":"https:\/\/www.africa-press.net\/centrafricaine\/dossiers\/centrafrique-les-faucons-de-touadera#breadcrumb"},"inLanguage":"fr-FR","potentialAction":[{"@type":"ReadAction","target":["https:\/\/www.africa-press.net\/centrafricaine\/dossiers\/centrafrique-les-faucons-de-touadera"]}]},{"@type":"ImageObject","inLanguage":"fr-FR","@id":"https:\/\/www.africa-press.net\/centrafricaine\/dossiers\/centrafrique-les-faucons-de-touadera#primaryimage","url":"https:\/\/static.africa-press.net\/centrafricaine\/sites\/45\/2021\/07\/img-60e86729e2a1d.jpg","contentUrl":"https:\/\/static.africa-press.net\/centrafricaine\/sites\/45\/2021\/07\/img-60e86729e2a1d.jpg","width":720,"height":360,"caption":"Centrafrique : les \u00ab\u00a0faucons\u00a0\u00bb de Touad\u00e9ra"},{"@type":"BreadcrumbList","@id":"https:\/\/www.africa-press.net\/centrafricaine\/dossiers\/centrafrique-les-faucons-de-touadera#breadcrumb","itemListElement":[{"@type":"ListItem","position":1,"name":"Accueil","item":"https:\/\/www.africa-press.net\/centrafricaine\/"},{"@type":"ListItem","position":2,"name":"les \u00ab\u00a0faucons\u00a0\u00bb de Touad\u00e9ra"}]},{"@type":"WebSite","@id":"https:\/\/www.africa-press.net\/centrafricaine\/#website","url":"https:\/\/www.africa-press.net\/centrafricaine\/","name":"centrafricaine","description":"Just another Africa News Agency Sites site","potentialAction":[{"@type":"SearchAction","target":{"@type":"EntryPoint","urlTemplate":"https:\/\/www.africa-press.net\/centrafricaine\/?s={search_term_string}"},"query-input":{"@type":"PropertyValueSpecification","valueRequired":true,"valueName":"search_term_string"}}],"inLanguage":"fr-FR"},{"@type":"Person","@id":"https:\/\/www.africa-press.net\/centrafricaine\/#\/schema\/person\/2b1cf3cd81a31e3cd26889ca66d677f1","name":"cfeditorfr"}]}},"_links":{"self":[{"href":"https:\/\/www.africa-press.net\/centrafricaine\/wp-json\/wp\/v2\/posts\/8760","targetHints":{"allow":["GET"]}}],"collection":[{"href":"https:\/\/www.africa-press.net\/centrafricaine\/wp-json\/wp\/v2\/posts"}],"about":[{"href":"https:\/\/www.africa-press.net\/centrafricaine\/wp-json\/wp\/v2\/types\/post"}],"author":[{"embeddable":true,"href":"https:\/\/www.africa-press.net\/centrafricaine\/wp-json\/wp\/v2\/users\/82"}],"replies":[{"embeddable":true,"href":"https:\/\/www.africa-press.net\/centrafricaine\/wp-json\/wp\/v2\/comments?post=8760"}],"version-history":[{"count":0,"href":"https:\/\/www.africa-press.net\/centrafricaine\/wp-json\/wp\/v2\/posts\/8760\/revisions"}],"wp:featuredmedia":[{"embeddable":true,"href":"https:\/\/www.africa-press.net\/centrafricaine\/wp-json\/wp\/v2\/media\/8759"}],"wp:attachment":[{"href":"https:\/\/www.africa-press.net\/centrafricaine\/wp-json\/wp\/v2\/media?parent=8760"}],"wp:term":[{"taxonomy":"category","embeddable":true,"href":"https:\/\/www.africa-press.net\/centrafricaine\/wp-json\/wp\/v2\/categories?post=8760"},{"taxonomy":"post_tag","embeddable":true,"href":"https:\/\/www.africa-press.net\/centrafricaine\/wp-json\/wp\/v2\/tags?post=8760"}],"curies":[{"name":"wp","href":"https:\/\/api.w.org\/{rel}","templated":true}]}}