{"id":8767,"date":"2021-07-13T17:02:19","date_gmt":"2021-07-13T17:02:19","guid":{"rendered":"https:\/\/www.africa-press.net\/centrafricaine\/?p=8767"},"modified":"2021-07-14T14:12:21","modified_gmt":"2021-07-14T14:12:21","slug":"rca-blaise-didatien-kossimatchi-coordonnateur-de-la-plateforme-galaxy-suspend-pour-3-mois-les-activites-de-sa-plateforme-contre-la-france","status":"publish","type":"post","link":"https:\/\/www.africa-press.net\/centrafricaine\/politique\/rca-blaise-didatien-kossimatchi-coordonnateur-de-la-plateforme-galaxy-suspend-pour-3-mois-les-activites-de-sa-plateforme-contre-la-france","title":{"rendered":"Blaise Didatien KOSSIMATCHI, coordonnateur de la plateforme Galaxy suspend pour 3 mois \u00a0les activit\u00e9s de sa plateforme contre la France"},"content":{"rendered":"<p><span style=\"color: #ff6600\"><strong><a href=\"https:\/\/www.africa-press.net\/\">Africa-Press<\/a> &#8211; <a href=\"https:\/\/www.africa-press.net\/centrafricaine\">CentrAfricaine<\/a>. <\/strong><\/span><b>Monsieur Blaise Didatien KOSSIMATCHI, multiplicateur des associations fictives du pouvoir, d\u00e9clare dans un communiqu\u00e9 publi\u00e9 ce dimanche 12 juillet 2021 que dans la perspective du dialogue r\u00e9publicain qui est imminent, sa plateforme Galaxy prend la d\u00e9cision de sursoir \u00e0 ses actions et manifestations pr\u00e9vues le 14 Juillet 2021 contre la France afin de donner une chance \u00e0 une prise de conscience de ce pays ami pour revoir sa feuille de route et se positionner du c\u00f4t\u00e9 de la raison et du peuple centrafricain. Il appelle \u00e0 ses bases des 8 arrondissements de Bangui, des Bimbo et ses environs de garder leur calme tout en restant vigilants afin de r\u00e9pondre pr\u00e9sent le moment venu \u00e0 ses appels patriotiques.<\/b><\/p>\n<p>Centrafricaines, centrafricains, tr\u00e8s chers compatriotes,<\/p>\n<p>La Galaxie Nationale Centrafricaine voudrait pr\u00e9senter \u00e0 l\u2019opinion nationale et internationale les griefs de la population retenus contre la France dans ses relations tumultueuses avec la R\u00e9publique Centrafricaine, griefs \u00e0 l\u2019origine de nos prises de position parfois incomprises par ceux qui soutiennent la politique de l\u2019autruche entretenue par ce pays avec lequel nous avons pourtant des relations historiques.<\/p>\n<p>Notre organisation s\u2019il faut le rappeler est une branche de la soci\u00e9t\u00e9 civile centrafricaine qui a pour principal objectif la d\u00e9fense des int\u00e9r\u00eats sup\u00e9rieurs de la R\u00e9publique Centrafricaine et la lutte pour la protection des droits humains. Nul n\u2019est sans ignorer que notre pays traverse en ce moment l\u2019une des pages les plus sombres de son histoire.<\/p>\n<p>Le peuple est meurtri par de nombreuses ann\u00e9es de crises \u00e0 r\u00e9p\u00e9tition avec comme corollaire la violation de ses droits les plus fondamentaux. Les crises \u00e0 r\u00e9p\u00e9tition ont plong\u00e9 plus de 80% de la population dans une situation socio\u00e9conomique et s\u00e9curitaire dramatique.<\/p>\n<p>Les origines de ces crises sont certes endog\u00e8nes puisque ce sont nos compatriotes instrumentalis\u00e9s qui servent de bras arm\u00e9s, d\u2019agitateurs et ex\u00e9cutants de la feuille de route qu\u2019ils ont re\u00e7ue des puissances \u00e9trang\u00e8res bien connues. Le r\u00f4le de la France est notoire dans la crise que connait la RCA. Elle a abrit\u00e9 et abrite encore les activistes et chantres de la haine et de la division nationale, hostiles \u00e0 tout effort de r\u00e9conciliation et de coh\u00e9sion sociale.!<\/p>\n<p>Faille-t-il le rappeler, notre pays est li\u00e9 \u00e0 la France par des accords de d\u00e9fense que ce pays qui pourtant entretient des liens historiques avec la RCA a refus\u00e9 de mettre en branle lorsque la paix et la s\u00e9curit\u00e9 du peuple centrafricain ont \u00e9t\u00e9 mises en p\u00e9ril. Il ne fait aucun doute que la France a contribu\u00e9 \u00e0 la fragilisation de la RCA en acceptant que son sol serve de base arri\u00e8re aux putschistes, tel fut le cas de Boziz\u00e9 avant 2003 qui a pr\u00e9par\u00e9 son coup d\u2019Etat contre Patass\u00e9 \u00e0 partir de la France et avec le soutien du feu le Pr\u00e9sident Idris D\u00e9by Itno sur demande expresse de la France.<\/p>\n<p>La pr\u00e9sence de Sangaris en Centrafrique avec la crise caus\u00e9e par la Seleka n\u2019a jamais contribu\u00e9 au retour de la paix, bien au contraire ces forces fran\u00e7aises ont mis leurs renseignements et leur logistique au service des forces n\u00e9gatives pour amplifier la crise. La France a jou\u00e9 au pourrissement en Centrafrique et son hostilit\u00e9 au r\u00e9gime d\u00e9mocratiquement \u00e9lu du Pr\u00e9sident TOUADERA n\u2019est plus \u00e0 d\u00e9montrer.<\/p>\n<p>On reconnait les bons amis dans le malheur, la France nous a tourn\u00e9 le dos, elle a tourn\u00e9 le dos au peuple centrafricain et nous laisse \u00e0 pr\u00e9sent mourir du venin mortel qu\u2019elle a inocul\u00e9 en Centrafrique gr\u00e2ce aux groupes arm\u00e9s et autres mercenaires qu\u2019elle entretient mais aussi \u00e0 travers son soutien actif \u00e0 une certaine classe politique acquise \u00e0 sa cause. Le peuple n\u2019est pas dupe et ne se laissera plus manipuler.<\/p>\n<p>Nous appelons \u00e0 des relations saines et gagnant-gagnant mues par le respect mutuel et la solidarit\u00e9 entre nos deux peuples. Nous disons non au n\u00e9ocolonialisme fran\u00e7ais en<\/p>\n<p>Centrafrique et \u00e0 la campagne d\u2019isolement sur la sc\u00e8ne internationale entretenue par la France contre les autorit\u00e9s centrafricaines.<\/p>\n<p>Nous disons non au soutien de la France aux forces n\u00e9gatives et forces du mal en Centrafrique et \u00e0 l\u2019obsession de la France \u00e0 maintenir l\u2019embargo sur les armes contre le peuple centrafricain. Nous continuerons de mobiliser le peuple centrafricain pour d\u00e9fendre ses int\u00e9r\u00eats et ceci au p\u00e9ril de notre vie.<\/p>\n<p>La France doit changer de logiciel en Centrafrique et se mettre du c\u00f4t\u00e9 du peuple centrafricain et non de ses ennemis. Nous osons croire que ce pays ami va r\u00e9solument prendre la d\u00e9cision d\u2019aller dans le sens d\u2019un accompagnement du peuple centrafricain \u00e0 tourner cette page sombre de notre histoire pour enfin renouer avec la paix, l\u2019unit\u00e9 nationale, la coh\u00e9sion sociale pour un d\u00e9veloppement inclusif et harmonieux de notre pays.!<\/p>\n<p>\u00ab Aussi, la Galaxie Nationale Centrafricaine, dans la perspective du dialogue r\u00e9publicain qui est imminent prend la d\u00e9cision de sursoir aux actions et manifestations pr\u00e9vues le 14 Juillet 2021 contre la France afin de donner une chance \u00e0 une prise de conscience de ce pays ami pour revoir sa feuille de route et se positionner du c\u00f4t\u00e9 de la raison et du peuple centrafricain.<\/p>\n<p>Nous ne saurions offrir aux ennemis de la paix tapis dans l\u2019ombre une autre occasion pour r\u00e9aliser leur sombre dessein car ils ont, de source digne de foi, planifi\u00e9 de se servir de nos actions citoyennes pour enclencher un autre plan de d\u00e9stabilisation des institutions r\u00e9publicaines. \u00bb<\/p>\n<p>Nous demandons donc \u00e0 nos bases des 8 arrondissements de Bangui, des Bimbo et ses environs de garder leur calme tout en restant vigilants afin de r\u00e9pondre pr\u00e9sent le moment venu \u00e0 notre appel. Nous sommes dans un Etat de droit et la libert\u00e9 d\u2019expression reste l\u2019un de droit les plus fondamentaux reconnu au peuple.<\/p>\n<p>Nous ne saurions fl\u00e9chir devant les menaces de poursuite et menaces de mort agit\u00e9es par les ennemis du peuple ni sacrifier ses int\u00e9r\u00eats sup\u00e9rieurs. Nous osons esp\u00e9rer que la tr\u00eave de trois mois que nous observons permettra aux uns et aux autres de se raviser.<\/p>\n<p>Comme le disent les latins \u00ab ET FODERIT, PER QUEM TRADITUR POPULI SUI GRAVIS \u00bb autrement-dit \u00ab qui trahit le peuple creuse sa propre tombe \u00bb<\/p>\n<p>Vive la coop\u00e9ration Franco-Centrafricaine.<\/p>\n<p>&nbsp;<\/p>\n","protected":false},"excerpt":{"rendered":"<p>Africa-Press &#8211; CentrAfricaine. Monsieur Blaise Didatien KOSSIMATCHI, multiplicateur des associations fictives du pouvoir, d\u00e9clare dans un communiqu\u00e9 publi\u00e9 ce dimanche 12 juillet 2021 que dans la perspective du dialogue r\u00e9publicain qui est imminent, sa plateforme Galaxy prend la d\u00e9cision de sursoir \u00e0 ses actions et manifestations pr\u00e9vues le 14 Juillet 2021 contre la France afin [&hellip;]<\/p>\n","protected":false},"author":82,"featured_media":8766,"comment_status":"open","ping_status":"closed","sticky":false,"template":"","format":"standard","meta":{"footnotes":""},"categories":[11,2,10],"tags":[36,58,30],"class_list":["post-8767","post","type-post","status-publish","format-standard","has-post-thumbnail","hentry","category-homepage-french","category-politique","category-toutes-les-actualites","tag-africa-press","tag-africa-press-centrafricaine","tag-centrafricaine"],"yoast_head":"<!-- This site is optimized with the Yoast SEO Premium plugin v26.1 (Yoast SEO v27.0) - https:\/\/yoast.com\/product\/yoast-seo-premium-wordpress\/ -->\n<title>Blaise Didatien KOSSIMATCHI, coordonnateur de la plateforme Galaxy suspend pour 3 mois \u00a0les activit\u00e9s de sa plateforme contre la France - centrafricaine<\/title>\n<meta name=\"robots\" content=\"index, follow, max-snippet:-1, max-image-preview:large, max-video-preview:-1\" \/>\n<link rel=\"canonical\" href=\"https:\/\/www.africa-press.net\/centrafricaine\/politique\/rca-blaise-didatien-kossimatchi-coordonnateur-de-la-plateforme-galaxy-suspend-pour-3-mois-les-activites-de-sa-plateforme-contre-la-france\" \/>\n<meta property=\"og:locale\" content=\"fr_FR\" \/>\n<meta property=\"og:type\" content=\"article\" \/>\n<meta property=\"og:title\" content=\"Blaise Didatien KOSSIMATCHI, coordonnateur de la plateforme Galaxy suspend pour 3 mois \u00a0les activit\u00e9s de sa plateforme contre la France\" \/>\n<meta property=\"og:description\" content=\"Africa-Press &#8211; CentrAfricaine. Monsieur Blaise Didatien KOSSIMATCHI, multiplicateur des associations fictives du pouvoir, d\u00e9clare dans un communiqu\u00e9 publi\u00e9 ce dimanche 12 juillet 2021 que dans la perspective du dialogue r\u00e9publicain qui est imminent, sa plateforme Galaxy prend la d\u00e9cision de sursoir \u00e0 ses actions et manifestations pr\u00e9vues le 14 Juillet 2021 contre la France afin [&hellip;]\" \/>\n<meta property=\"og:url\" content=\"https:\/\/www.africa-press.net\/centrafricaine\/politique\/rca-blaise-didatien-kossimatchi-coordonnateur-de-la-plateforme-galaxy-suspend-pour-3-mois-les-activites-de-sa-plateforme-contre-la-france\" \/>\n<meta property=\"og:site_name\" content=\"centrafricaine\" \/>\n<meta property=\"article:published_time\" content=\"2021-07-13T17:02:19+00:00\" \/>\n<meta property=\"article:modified_time\" content=\"2021-07-14T14:12:21+00:00\" \/>\n<meta property=\"og:image\" content=\"https:\/\/static.africa-press.net\/centrafricaine\/sites\/45\/2021\/07\/img-60edc42a123c2.jpg\" \/>\n\t<meta property=\"og:image:width\" content=\"1000\" \/>\n\t<meta property=\"og:image:height\" content=\"882\" \/>\n\t<meta property=\"og:image:type\" content=\"image\/jpeg\" \/>\n<meta name=\"author\" content=\"cfeditorfr\" \/>\n<meta name=\"twitter:card\" content=\"summary_large_image\" \/>\n<meta name=\"twitter:label1\" content=\"\u00c9crit par\" \/>\n\t<meta name=\"twitter:data1\" content=\"cfeditorfr\" \/>\n\t<meta name=\"twitter:label2\" content=\"Dur\u00e9e de lecture estim\u00e9e\" \/>\n\t<meta name=\"twitter:data2\" content=\"5 minutes\" \/>\n<script type=\"application\/ld+json\" class=\"yoast-schema-graph\">{\"@context\":\"https:\/\/schema.org\",\"@graph\":[{\"@type\":\"Article\",\"@id\":\"https:\/\/www.africa-press.net\/centrafricaine\/politique\/rca-blaise-didatien-kossimatchi-coordonnateur-de-la-plateforme-galaxy-suspend-pour-3-mois-les-activites-de-sa-plateforme-contre-la-france#article\",\"isPartOf\":{\"@id\":\"https:\/\/www.africa-press.net\/centrafricaine\/politique\/rca-blaise-didatien-kossimatchi-coordonnateur-de-la-plateforme-galaxy-suspend-pour-3-mois-les-activites-de-sa-plateforme-contre-la-france\"},\"author\":{\"name\":\"cfeditorfr\",\"@id\":\"https:\/\/www.africa-press.net\/centrafricaine\/#\/schema\/person\/2b1cf3cd81a31e3cd26889ca66d677f1\"},\"headline\":\"Blaise Didatien KOSSIMATCHI, coordonnateur de la plateforme Galaxy suspend pour 3 mois \u00a0les activit\u00e9s de sa plateforme contre la France\",\"datePublished\":\"2021-07-13T17:02:19+00:00\",\"dateModified\":\"2021-07-14T14:12:21+00:00\",\"mainEntityOfPage\":{\"@id\":\"https:\/\/www.africa-press.net\/centrafricaine\/politique\/rca-blaise-didatien-kossimatchi-coordonnateur-de-la-plateforme-galaxy-suspend-pour-3-mois-les-activites-de-sa-plateforme-contre-la-france\"},\"wordCount\":1100,\"commentCount\":0,\"image\":{\"@id\":\"https:\/\/www.africa-press.net\/centrafricaine\/politique\/rca-blaise-didatien-kossimatchi-coordonnateur-de-la-plateforme-galaxy-suspend-pour-3-mois-les-activites-de-sa-plateforme-contre-la-france#primaryimage\"},\"thumbnailUrl\":\"https:\/\/static.africa-press.net\/centrafricaine\/sites\/45\/2021\/07\/img-60edc42a123c2.jpg\",\"keywords\":[\"Africa Press\",\"Africa Press-CentrAfricaine\",\"CentrAfricaine\"],\"articleSection\":[\"homepage-french\",\"Politique\",\"Toutes les actualit\u00e9s\"],\"inLanguage\":\"fr-FR\",\"potentialAction\":[{\"@type\":\"CommentAction\",\"name\":\"Comment\",\"target\":[\"https:\/\/www.africa-press.net\/centrafricaine\/politique\/rca-blaise-didatien-kossimatchi-coordonnateur-de-la-plateforme-galaxy-suspend-pour-3-mois-les-activites-de-sa-plateforme-contre-la-france#respond\"]}]},{\"@type\":\"WebPage\",\"@id\":\"https:\/\/www.africa-press.net\/centrafricaine\/politique\/rca-blaise-didatien-kossimatchi-coordonnateur-de-la-plateforme-galaxy-suspend-pour-3-mois-les-activites-de-sa-plateforme-contre-la-france\",\"url\":\"https:\/\/www.africa-press.net\/centrafricaine\/politique\/rca-blaise-didatien-kossimatchi-coordonnateur-de-la-plateforme-galaxy-suspend-pour-3-mois-les-activites-de-sa-plateforme-contre-la-france\",\"name\":\"Blaise Didatien KOSSIMATCHI, coordonnateur de la plateforme Galaxy suspend pour 3 mois \u00a0les activit\u00e9s de sa plateforme contre la France - centrafricaine\",\"isPartOf\":{\"@id\":\"https:\/\/www.africa-press.net\/centrafricaine\/#website\"},\"primaryImageOfPage\":{\"@id\":\"https:\/\/www.africa-press.net\/centrafricaine\/politique\/rca-blaise-didatien-kossimatchi-coordonnateur-de-la-plateforme-galaxy-suspend-pour-3-mois-les-activites-de-sa-plateforme-contre-la-france#primaryimage\"},\"image\":{\"@id\":\"https:\/\/www.africa-press.net\/centrafricaine\/politique\/rca-blaise-didatien-kossimatchi-coordonnateur-de-la-plateforme-galaxy-suspend-pour-3-mois-les-activites-de-sa-plateforme-contre-la-france#primaryimage\"},\"thumbnailUrl\":\"https:\/\/static.africa-press.net\/centrafricaine\/sites\/45\/2021\/07\/img-60edc42a123c2.jpg\",\"datePublished\":\"2021-07-13T17:02:19+00:00\",\"dateModified\":\"2021-07-14T14:12:21+00:00\",\"author\":{\"@id\":\"https:\/\/www.africa-press.net\/centrafricaine\/#\/schema\/person\/2b1cf3cd81a31e3cd26889ca66d677f1\"},\"breadcrumb\":{\"@id\":\"https:\/\/www.africa-press.net\/centrafricaine\/politique\/rca-blaise-didatien-kossimatchi-coordonnateur-de-la-plateforme-galaxy-suspend-pour-3-mois-les-activites-de-sa-plateforme-contre-la-france#breadcrumb\"},\"inLanguage\":\"fr-FR\",\"potentialAction\":[{\"@type\":\"ReadAction\",\"target\":[\"https:\/\/www.africa-press.net\/centrafricaine\/politique\/rca-blaise-didatien-kossimatchi-coordonnateur-de-la-plateforme-galaxy-suspend-pour-3-mois-les-activites-de-sa-plateforme-contre-la-france\"]}]},{\"@type\":\"ImageObject\",\"inLanguage\":\"fr-FR\",\"@id\":\"https:\/\/www.africa-press.net\/centrafricaine\/politique\/rca-blaise-didatien-kossimatchi-coordonnateur-de-la-plateforme-galaxy-suspend-pour-3-mois-les-activites-de-sa-plateforme-contre-la-france#primaryimage\",\"url\":\"https:\/\/static.africa-press.net\/centrafricaine\/sites\/45\/2021\/07\/img-60edc42a123c2.jpg\",\"contentUrl\":\"https:\/\/static.africa-press.net\/centrafricaine\/sites\/45\/2021\/07\/img-60edc42a123c2.jpg\",\"width\":1000,\"height\":882,\"caption\":\"RCA\u00a0: Blaise Didatien KOSSIMATCHI, coordonnateur de la plateforme Galaxy suspend pour 3 mois \u00a0les activit\u00e9s de sa plateforme contre la France\"},{\"@type\":\"BreadcrumbList\",\"@id\":\"https:\/\/www.africa-press.net\/centrafricaine\/politique\/rca-blaise-didatien-kossimatchi-coordonnateur-de-la-plateforme-galaxy-suspend-pour-3-mois-les-activites-de-sa-plateforme-contre-la-france#breadcrumb\",\"itemListElement\":[{\"@type\":\"ListItem\",\"position\":1,\"name\":\"Accueil\",\"item\":\"https:\/\/www.africa-press.net\/centrafricaine\/\"},{\"@type\":\"ListItem\",\"position\":2,\"name\":\"Blaise Didatien KOSSIMATCHI, coordonnateur de la plateforme Galaxy suspend pour 3 mois \u00a0les activit\u00e9s de sa plateforme contre la France\"}]},{\"@type\":\"WebSite\",\"@id\":\"https:\/\/www.africa-press.net\/centrafricaine\/#website\",\"url\":\"https:\/\/www.africa-press.net\/centrafricaine\/\",\"name\":\"centrafricaine\",\"description\":\"Just another Africa News Agency Sites site\",\"potentialAction\":[{\"@type\":\"SearchAction\",\"target\":{\"@type\":\"EntryPoint\",\"urlTemplate\":\"https:\/\/www.africa-press.net\/centrafricaine\/?s={search_term_string}\"},\"query-input\":{\"@type\":\"PropertyValueSpecification\",\"valueRequired\":true,\"valueName\":\"search_term_string\"}}],\"inLanguage\":\"fr-FR\"},{\"@type\":\"Person\",\"@id\":\"https:\/\/www.africa-press.net\/centrafricaine\/#\/schema\/person\/2b1cf3cd81a31e3cd26889ca66d677f1\",\"name\":\"cfeditorfr\"}]}<\/script>\n<!-- \/ Yoast SEO Premium plugin. -->","yoast_head_json":{"title":"Blaise Didatien KOSSIMATCHI, coordonnateur de la plateforme Galaxy suspend pour 3 mois \u00a0les activit\u00e9s de sa plateforme contre la France - centrafricaine","robots":{"index":"index","follow":"follow","max-snippet":"max-snippet:-1","max-image-preview":"max-image-preview:large","max-video-preview":"max-video-preview:-1"},"canonical":"https:\/\/www.africa-press.net\/centrafricaine\/politique\/rca-blaise-didatien-kossimatchi-coordonnateur-de-la-plateforme-galaxy-suspend-pour-3-mois-les-activites-de-sa-plateforme-contre-la-france","og_locale":"fr_FR","og_type":"article","og_title":"Blaise Didatien KOSSIMATCHI, coordonnateur de la plateforme Galaxy suspend pour 3 mois \u00a0les activit\u00e9s de sa plateforme contre la France","og_description":"Africa-Press &#8211; CentrAfricaine. Monsieur Blaise Didatien KOSSIMATCHI, multiplicateur des associations fictives du pouvoir, d\u00e9clare dans un communiqu\u00e9 publi\u00e9 ce dimanche 12 juillet 2021 que dans la perspective du dialogue r\u00e9publicain qui est imminent, sa plateforme Galaxy prend la d\u00e9cision de sursoir \u00e0 ses actions et manifestations pr\u00e9vues le 14 Juillet 2021 contre la France afin [&hellip;]","og_url":"https:\/\/www.africa-press.net\/centrafricaine\/politique\/rca-blaise-didatien-kossimatchi-coordonnateur-de-la-plateforme-galaxy-suspend-pour-3-mois-les-activites-de-sa-plateforme-contre-la-france","og_site_name":"centrafricaine","article_published_time":"2021-07-13T17:02:19+00:00","article_modified_time":"2021-07-14T14:12:21+00:00","og_image":[{"width":1000,"height":882,"url":"https:\/\/static.africa-press.net\/centrafricaine\/sites\/45\/2021\/07\/img-60edc42a123c2.jpg","type":"image\/jpeg"}],"author":"cfeditorfr","twitter_card":"summary_large_image","twitter_misc":{"\u00c9crit par":"cfeditorfr","Dur\u00e9e de lecture estim\u00e9e":"5 minutes"},"schema":{"@context":"https:\/\/schema.org","@graph":[{"@type":"Article","@id":"https:\/\/www.africa-press.net\/centrafricaine\/politique\/rca-blaise-didatien-kossimatchi-coordonnateur-de-la-plateforme-galaxy-suspend-pour-3-mois-les-activites-de-sa-plateforme-contre-la-france#article","isPartOf":{"@id":"https:\/\/www.africa-press.net\/centrafricaine\/politique\/rca-blaise-didatien-kossimatchi-coordonnateur-de-la-plateforme-galaxy-suspend-pour-3-mois-les-activites-de-sa-plateforme-contre-la-france"},"author":{"name":"cfeditorfr","@id":"https:\/\/www.africa-press.net\/centrafricaine\/#\/schema\/person\/2b1cf3cd81a31e3cd26889ca66d677f1"},"headline":"Blaise Didatien KOSSIMATCHI, coordonnateur de la plateforme Galaxy suspend pour 3 mois \u00a0les activit\u00e9s de sa plateforme contre la France","datePublished":"2021-07-13T17:02:19+00:00","dateModified":"2021-07-14T14:12:21+00:00","mainEntityOfPage":{"@id":"https:\/\/www.africa-press.net\/centrafricaine\/politique\/rca-blaise-didatien-kossimatchi-coordonnateur-de-la-plateforme-galaxy-suspend-pour-3-mois-les-activites-de-sa-plateforme-contre-la-france"},"wordCount":1100,"commentCount":0,"image":{"@id":"https:\/\/www.africa-press.net\/centrafricaine\/politique\/rca-blaise-didatien-kossimatchi-coordonnateur-de-la-plateforme-galaxy-suspend-pour-3-mois-les-activites-de-sa-plateforme-contre-la-france#primaryimage"},"thumbnailUrl":"https:\/\/static.africa-press.net\/centrafricaine\/sites\/45\/2021\/07\/img-60edc42a123c2.jpg","keywords":["Africa Press","Africa Press-CentrAfricaine","CentrAfricaine"],"articleSection":["homepage-french","Politique","Toutes les actualit\u00e9s"],"inLanguage":"fr-FR","potentialAction":[{"@type":"CommentAction","name":"Comment","target":["https:\/\/www.africa-press.net\/centrafricaine\/politique\/rca-blaise-didatien-kossimatchi-coordonnateur-de-la-plateforme-galaxy-suspend-pour-3-mois-les-activites-de-sa-plateforme-contre-la-france#respond"]}]},{"@type":"WebPage","@id":"https:\/\/www.africa-press.net\/centrafricaine\/politique\/rca-blaise-didatien-kossimatchi-coordonnateur-de-la-plateforme-galaxy-suspend-pour-3-mois-les-activites-de-sa-plateforme-contre-la-france","url":"https:\/\/www.africa-press.net\/centrafricaine\/politique\/rca-blaise-didatien-kossimatchi-coordonnateur-de-la-plateforme-galaxy-suspend-pour-3-mois-les-activites-de-sa-plateforme-contre-la-france","name":"Blaise Didatien KOSSIMATCHI, coordonnateur de la plateforme Galaxy suspend pour 3 mois \u00a0les activit\u00e9s de sa plateforme contre la France - centrafricaine","isPartOf":{"@id":"https:\/\/www.africa-press.net\/centrafricaine\/#website"},"primaryImageOfPage":{"@id":"https:\/\/www.africa-press.net\/centrafricaine\/politique\/rca-blaise-didatien-kossimatchi-coordonnateur-de-la-plateforme-galaxy-suspend-pour-3-mois-les-activites-de-sa-plateforme-contre-la-france#primaryimage"},"image":{"@id":"https:\/\/www.africa-press.net\/centrafricaine\/politique\/rca-blaise-didatien-kossimatchi-coordonnateur-de-la-plateforme-galaxy-suspend-pour-3-mois-les-activites-de-sa-plateforme-contre-la-france#primaryimage"},"thumbnailUrl":"https:\/\/static.africa-press.net\/centrafricaine\/sites\/45\/2021\/07\/img-60edc42a123c2.jpg","datePublished":"2021-07-13T17:02:19+00:00","dateModified":"2021-07-14T14:12:21+00:00","author":{"@id":"https:\/\/www.africa-press.net\/centrafricaine\/#\/schema\/person\/2b1cf3cd81a31e3cd26889ca66d677f1"},"breadcrumb":{"@id":"https:\/\/www.africa-press.net\/centrafricaine\/politique\/rca-blaise-didatien-kossimatchi-coordonnateur-de-la-plateforme-galaxy-suspend-pour-3-mois-les-activites-de-sa-plateforme-contre-la-france#breadcrumb"},"inLanguage":"fr-FR","potentialAction":[{"@type":"ReadAction","target":["https:\/\/www.africa-press.net\/centrafricaine\/politique\/rca-blaise-didatien-kossimatchi-coordonnateur-de-la-plateforme-galaxy-suspend-pour-3-mois-les-activites-de-sa-plateforme-contre-la-france"]}]},{"@type":"ImageObject","inLanguage":"fr-FR","@id":"https:\/\/www.africa-press.net\/centrafricaine\/politique\/rca-blaise-didatien-kossimatchi-coordonnateur-de-la-plateforme-galaxy-suspend-pour-3-mois-les-activites-de-sa-plateforme-contre-la-france#primaryimage","url":"https:\/\/static.africa-press.net\/centrafricaine\/sites\/45\/2021\/07\/img-60edc42a123c2.jpg","contentUrl":"https:\/\/static.africa-press.net\/centrafricaine\/sites\/45\/2021\/07\/img-60edc42a123c2.jpg","width":1000,"height":882,"caption":"RCA\u00a0: Blaise Didatien KOSSIMATCHI, coordonnateur de la plateforme Galaxy suspend pour 3 mois \u00a0les activit\u00e9s de sa plateforme contre la France"},{"@type":"BreadcrumbList","@id":"https:\/\/www.africa-press.net\/centrafricaine\/politique\/rca-blaise-didatien-kossimatchi-coordonnateur-de-la-plateforme-galaxy-suspend-pour-3-mois-les-activites-de-sa-plateforme-contre-la-france#breadcrumb","itemListElement":[{"@type":"ListItem","position":1,"name":"Accueil","item":"https:\/\/www.africa-press.net\/centrafricaine\/"},{"@type":"ListItem","position":2,"name":"Blaise Didatien KOSSIMATCHI, coordonnateur de la plateforme Galaxy suspend pour 3 mois \u00a0les activit\u00e9s de sa plateforme contre la France"}]},{"@type":"WebSite","@id":"https:\/\/www.africa-press.net\/centrafricaine\/#website","url":"https:\/\/www.africa-press.net\/centrafricaine\/","name":"centrafricaine","description":"Just another Africa News Agency Sites site","potentialAction":[{"@type":"SearchAction","target":{"@type":"EntryPoint","urlTemplate":"https:\/\/www.africa-press.net\/centrafricaine\/?s={search_term_string}"},"query-input":{"@type":"PropertyValueSpecification","valueRequired":true,"valueName":"search_term_string"}}],"inLanguage":"fr-FR"},{"@type":"Person","@id":"https:\/\/www.africa-press.net\/centrafricaine\/#\/schema\/person\/2b1cf3cd81a31e3cd26889ca66d677f1","name":"cfeditorfr"}]}},"_links":{"self":[{"href":"https:\/\/www.africa-press.net\/centrafricaine\/wp-json\/wp\/v2\/posts\/8767","targetHints":{"allow":["GET"]}}],"collection":[{"href":"https:\/\/www.africa-press.net\/centrafricaine\/wp-json\/wp\/v2\/posts"}],"about":[{"href":"https:\/\/www.africa-press.net\/centrafricaine\/wp-json\/wp\/v2\/types\/post"}],"author":[{"embeddable":true,"href":"https:\/\/www.africa-press.net\/centrafricaine\/wp-json\/wp\/v2\/users\/82"}],"replies":[{"embeddable":true,"href":"https:\/\/www.africa-press.net\/centrafricaine\/wp-json\/wp\/v2\/comments?post=8767"}],"version-history":[{"count":0,"href":"https:\/\/www.africa-press.net\/centrafricaine\/wp-json\/wp\/v2\/posts\/8767\/revisions"}],"wp:featuredmedia":[{"embeddable":true,"href":"https:\/\/www.africa-press.net\/centrafricaine\/wp-json\/wp\/v2\/media\/8766"}],"wp:attachment":[{"href":"https:\/\/www.africa-press.net\/centrafricaine\/wp-json\/wp\/v2\/media?parent=8767"}],"wp:term":[{"taxonomy":"category","embeddable":true,"href":"https:\/\/www.africa-press.net\/centrafricaine\/wp-json\/wp\/v2\/categories?post=8767"},{"taxonomy":"post_tag","embeddable":true,"href":"https:\/\/www.africa-press.net\/centrafricaine\/wp-json\/wp\/v2\/tags?post=8767"}],"curies":[{"name":"wp","href":"https:\/\/api.w.org\/{rel}","templated":true}]}}