{"id":8769,"date":"2021-07-13T17:01:23","date_gmt":"2021-07-13T17:01:23","guid":{"rendered":"https:\/\/www.africa-press.net\/centrafricaine\/?p=8769"},"modified":"2021-07-14T14:12:02","modified_gmt":"2021-07-14T14:12:02","slug":"rca-validation-des-rapports-definitifs-elabores-par-le-cis-sa-sur-letude-nationale-prospective-rca-2050","status":"publish","type":"post","link":"https:\/\/www.africa-press.net\/centrafricaine\/toutes-les-actualites\/rca-validation-des-rapports-definitifs-elabores-par-le-cis-sa-sur-letude-nationale-prospective-rca-2050","title":{"rendered":"Validation des rapports d\u00e9finitifs \u00e9labor\u00e9s par le CIS-SA sur l\u2019\u00c9tude Nationale Prospective \u00ab\u00a0RCA 2050\u00a0\u00bb"},"content":{"rendered":"<p><span style=\"color: #ff6600\"><strong><a href=\"https:\/\/www.africa-press.net\/\">Africa-Press<\/a> &#8211; <a href=\"https:\/\/www.africa-press.net\/centrafricaine\">CentrAfricaine<\/a>. <\/strong><\/span><b>\u00a0Les rapports d\u00e9finitifs sur l\u2019\u00e9tude r\u00e9trospective sur la bonne gouvernance \u00e9conomique, bilan des plans et programmes ant\u00e9rieur ont \u00e9t\u00e9 valid\u00e9s par les membres de l\u2019\u00e9quipe technique prospective et les repr\u00e9sentants des d\u00e9partements minist\u00e9riels et quelques experts internationaux. La validation desdits rapports a eu lieu \u00e0 l\u2019issue d\u2019un atelier organis\u00e9 du 08 au 09 juillet 2021 \u00e0 Bangui.<\/b><\/p>\n<p>Le gouvernement centrafricain, en partenariat avec le PNUD s\u2019engage \u00e0 r\u00e9aliser mutuellement une \u00e9tude nationale prospective \u00ab RCA 2050 \u00bb, devant d\u00e9finir la R\u00e9publique centrafricaine \u00e0 l\u2019horizon d\u2019une g\u00e9n\u00e9ration. Cette \u00e9tude qui s\u2019articule en plusieurs \u00e9tapes commence par une \u00e9tude r\u00e9trospective qui concerne six (6) th\u00e9matiques dont celles relatives \u00e0 la gouvernance \u00e9conomique et bilan des plans et programmes ant\u00e9rieure, ont \u00e9t\u00e9 confi\u00e9e au Cabinet CIS-SA \u00e0 la suite d\u2019un processus de recrutement par la coordination de l\u2019ETP.<\/p>\n<p>Apr\u00e8s une s\u00e9rie d\u2019analyses, les 70 experts nationaux et internationaux qui ont \u00e9mis des amendements et des suggestions sur le fond et la forme du document, avant de proc\u00e9der \u00e0 sa validation \u00e0 la fin de cette pl\u00e9ni\u00e8re de deux jours.<\/p>\n<p>Le Coordonnateur-Technique du projet RCA vision 2050, Nerry Urbain Cyrille MBALLA se r\u00e9jouit de la validation de ce rapport qui est la premi\u00e8re phase de cette \u00e9tude nationale prospective.<\/p>\n<p><b>\u00ab Ce document permet de faire un diagnostic de notre pays en ce qui concerne le programme et le plan qui ont \u00e9t\u00e9 \u00e9labor\u00e9s. Ce document r\u00e9alis\u00e9 rel\u00e8ve les points fort et faible d\u2019un plan politique et \u00e9conomique des diff\u00e9rents gouvernements qui se sont succ\u00e9d\u00e9 \u00e0 la t\u00eate de ce pays. L\u2019id\u00e9e, c\u2019est de voir un peu la tendance de l\u2019\u00e9conomie centrafricaine, quel est le taux de la croissance qu\u2019on a r\u00e9alis\u00e9 dans le pays, quels sont les secteurs qui ont contribu\u00e9s \u00e0 la r\u00e9alisation de cette croissance et quel est l\u2019apport des diff\u00e9rents secteurs de l\u2019\u00e9conomie centrafricaine \u00bb<\/b><\/p>\n<p>, a-t-il expliqu\u00e9.<\/p>\n<p>La validation de ce rapport est la premi\u00e8re phase de l\u2019\u00e9tude nationale de prospective, et la deuxi\u00e8me portera sur l\u2019analyse prospective suivi de la troisi\u00e8me et quatri\u00e8me phase.<\/p>\n<p>Selon F\u00e9lix MOLOUA, ministre d\u2019Etat charg\u00e9 de l\u2019Economie, du plan et de la coop\u00e9ration internationale, l\u2019\u00e9tude prospective est une d\u00e9marche qui explore le futur \u00e0 travers les approches multidisciplinaires et syst\u00e9matiques. La d\u00e9marche se d\u00e9cline en cinq \u00e9tapes, notamment l\u2019\u00e9tude r\u00e9trospective, l\u2019analyse prospective, la construction des sc\u00e9narii, la formulation de la vision et l\u2019op\u00e9rationnalisation de la vision.<\/p>\n<p>Il est \u00e0 rappeler que cette \u00e9tude nationale prospective pour le d\u00e9veloppement de long terme du pays est appuy\u00e9e par le PNUD et la Banque mondiale. Elle a \u00e9t\u00e9 lanc\u00e9e le 20 novembre 2020 par le Pr\u00e9sident de la R\u00e9publique Faustin Archange TOUADERA.<\/p>\n<p><b>\u00a0<\/b><\/p>\n","protected":false},"excerpt":{"rendered":"<p>Africa-Press &#8211; CentrAfricaine. \u00a0Les rapports d\u00e9finitifs sur l\u2019\u00e9tude r\u00e9trospective sur la bonne gouvernance \u00e9conomique, bilan des plans et programmes ant\u00e9rieur ont \u00e9t\u00e9 valid\u00e9s par les membres de l\u2019\u00e9quipe technique prospective et les repr\u00e9sentants des d\u00e9partements minist\u00e9riels et quelques experts internationaux. La validation desdits rapports a eu lieu \u00e0 l\u2019issue d\u2019un atelier organis\u00e9 du 08 au [&hellip;]<\/p>\n","protected":false},"author":82,"featured_media":8768,"comment_status":"open","ping_status":"closed","sticky":false,"template":"","format":"standard","meta":{"footnotes":""},"categories":[21,11,10],"tags":[36,58,30],"class_list":["post-8769","post","type-post","status-publish","format-standard","has-post-thumbnail","hentry","category-communaute","category-homepage-french","category-toutes-les-actualites","tag-africa-press","tag-africa-press-centrafricaine","tag-centrafricaine"],"yoast_head":"<!-- This site is optimized with the Yoast SEO Premium plugin v26.1 (Yoast SEO v27.0) - https:\/\/yoast.com\/product\/yoast-seo-premium-wordpress\/ -->\n<title>Validation des rapports d\u00e9finitifs \u00e9labor\u00e9s par le CIS-SA sur l\u2019\u00c9tude Nationale Prospective \u00ab\u00a0RCA 2050\u00a0\u00bb - centrafricaine<\/title>\n<meta name=\"description\" content=\"Bangui, R\u00e9publique centrafricaine, lundi, 12 juillet 2021 ( Corbeaunews-Centrafrique). Les rapports d\u00e9finitifs sur ...\" \/>\n<meta name=\"robots\" content=\"index, follow, max-snippet:-1, max-image-preview:large, max-video-preview:-1\" \/>\n<link rel=\"canonical\" href=\"https:\/\/www.africa-press.net\/centrafricaine\/toutes-les-actualites\/rca-validation-des-rapports-definitifs-elabores-par-le-cis-sa-sur-letude-nationale-prospective-rca-2050\" \/>\n<meta property=\"og:locale\" content=\"fr_FR\" \/>\n<meta property=\"og:type\" content=\"article\" \/>\n<meta property=\"og:title\" content=\"Validation des rapports d\u00e9finitifs \u00e9labor\u00e9s par le CIS-SA sur l\u2019\u00c9tude Nationale Prospective \u00ab\u00a0RCA 2050\u00a0\u00bb\" \/>\n<meta property=\"og:description\" content=\"Bangui, R\u00e9publique centrafricaine, lundi, 12 juillet 2021 ( Corbeaunews-Centrafrique). Les rapports d\u00e9finitifs sur ...\" \/>\n<meta property=\"og:url\" content=\"https:\/\/www.africa-press.net\/centrafricaine\/toutes-les-actualites\/rca-validation-des-rapports-definitifs-elabores-par-le-cis-sa-sur-letude-nationale-prospective-rca-2050\" \/>\n<meta property=\"og:site_name\" content=\"centrafricaine\" \/>\n<meta property=\"article:published_time\" content=\"2021-07-13T17:01:23+00:00\" \/>\n<meta property=\"article:modified_time\" content=\"2021-07-14T14:12:02+00:00\" \/>\n<meta property=\"og:image\" content=\"https:\/\/static.africa-press.net\/centrafricaine\/sites\/45\/2021\/07\/img-60edc47943714.jpg\" \/>\n\t<meta property=\"og:image:width\" content=\"720\" \/>\n\t<meta property=\"og:image:height\" content=\"540\" \/>\n\t<meta property=\"og:image:type\" content=\"image\/jpeg\" \/>\n<meta name=\"author\" content=\"cfeditorfr\" \/>\n<meta name=\"twitter:card\" content=\"summary_large_image\" \/>\n<meta name=\"twitter:label1\" content=\"\u00c9crit par\" \/>\n\t<meta name=\"twitter:data1\" content=\"cfeditorfr\" \/>\n\t<meta name=\"twitter:label2\" content=\"Dur\u00e9e de lecture estim\u00e9e\" \/>\n\t<meta name=\"twitter:data2\" content=\"2 minutes\" \/>\n<script type=\"application\/ld+json\" class=\"yoast-schema-graph\">{\"@context\":\"https:\/\/schema.org\",\"@graph\":[{\"@type\":\"Article\",\"@id\":\"https:\/\/www.africa-press.net\/centrafricaine\/toutes-les-actualites\/rca-validation-des-rapports-definitifs-elabores-par-le-cis-sa-sur-letude-nationale-prospective-rca-2050#article\",\"isPartOf\":{\"@id\":\"https:\/\/www.africa-press.net\/centrafricaine\/toutes-les-actualites\/rca-validation-des-rapports-definitifs-elabores-par-le-cis-sa-sur-letude-nationale-prospective-rca-2050\"},\"author\":{\"name\":\"cfeditorfr\",\"@id\":\"https:\/\/www.africa-press.net\/centrafricaine\/#\/schema\/person\/2b1cf3cd81a31e3cd26889ca66d677f1\"},\"headline\":\"Validation des rapports d\u00e9finitifs \u00e9labor\u00e9s par le CIS-SA sur l\u2019\u00c9tude Nationale Prospective \u00ab\u00a0RCA 2050\u00a0\u00bb\",\"datePublished\":\"2021-07-13T17:01:23+00:00\",\"dateModified\":\"2021-07-14T14:12:02+00:00\",\"mainEntityOfPage\":{\"@id\":\"https:\/\/www.africa-press.net\/centrafricaine\/toutes-les-actualites\/rca-validation-des-rapports-definitifs-elabores-par-le-cis-sa-sur-letude-nationale-prospective-rca-2050\"},\"wordCount\":506,\"commentCount\":0,\"image\":{\"@id\":\"https:\/\/www.africa-press.net\/centrafricaine\/toutes-les-actualites\/rca-validation-des-rapports-definitifs-elabores-par-le-cis-sa-sur-letude-nationale-prospective-rca-2050#primaryimage\"},\"thumbnailUrl\":\"https:\/\/static.africa-press.net\/centrafricaine\/sites\/45\/2021\/07\/img-60edc47943714.jpg\",\"keywords\":[\"Africa Press\",\"Africa Press-CentrAfricaine\",\"CentrAfricaine\"],\"articleSection\":[\"Communaut\u00e9\",\"homepage-french\",\"Toutes les actualit\u00e9s\"],\"inLanguage\":\"fr-FR\",\"potentialAction\":[{\"@type\":\"CommentAction\",\"name\":\"Comment\",\"target\":[\"https:\/\/www.africa-press.net\/centrafricaine\/toutes-les-actualites\/rca-validation-des-rapports-definitifs-elabores-par-le-cis-sa-sur-letude-nationale-prospective-rca-2050#respond\"]}]},{\"@type\":\"WebPage\",\"@id\":\"https:\/\/www.africa-press.net\/centrafricaine\/toutes-les-actualites\/rca-validation-des-rapports-definitifs-elabores-par-le-cis-sa-sur-letude-nationale-prospective-rca-2050\",\"url\":\"https:\/\/www.africa-press.net\/centrafricaine\/toutes-les-actualites\/rca-validation-des-rapports-definitifs-elabores-par-le-cis-sa-sur-letude-nationale-prospective-rca-2050\",\"name\":\"Validation des rapports d\u00e9finitifs \u00e9labor\u00e9s par le CIS-SA sur l\u2019\u00c9tude Nationale Prospective \u00ab\u00a0RCA 2050\u00a0\u00bb - centrafricaine\",\"isPartOf\":{\"@id\":\"https:\/\/www.africa-press.net\/centrafricaine\/#website\"},\"primaryImageOfPage\":{\"@id\":\"https:\/\/www.africa-press.net\/centrafricaine\/toutes-les-actualites\/rca-validation-des-rapports-definitifs-elabores-par-le-cis-sa-sur-letude-nationale-prospective-rca-2050#primaryimage\"},\"image\":{\"@id\":\"https:\/\/www.africa-press.net\/centrafricaine\/toutes-les-actualites\/rca-validation-des-rapports-definitifs-elabores-par-le-cis-sa-sur-letude-nationale-prospective-rca-2050#primaryimage\"},\"thumbnailUrl\":\"https:\/\/static.africa-press.net\/centrafricaine\/sites\/45\/2021\/07\/img-60edc47943714.jpg\",\"datePublished\":\"2021-07-13T17:01:23+00:00\",\"dateModified\":\"2021-07-14T14:12:02+00:00\",\"author\":{\"@id\":\"https:\/\/www.africa-press.net\/centrafricaine\/#\/schema\/person\/2b1cf3cd81a31e3cd26889ca66d677f1\"},\"description\":\"Bangui, R\u00e9publique centrafricaine, lundi, 12 juillet 2021 ( Corbeaunews-Centrafrique). Les rapports d\u00e9finitifs sur ...\",\"breadcrumb\":{\"@id\":\"https:\/\/www.africa-press.net\/centrafricaine\/toutes-les-actualites\/rca-validation-des-rapports-definitifs-elabores-par-le-cis-sa-sur-letude-nationale-prospective-rca-2050#breadcrumb\"},\"inLanguage\":\"fr-FR\",\"potentialAction\":[{\"@type\":\"ReadAction\",\"target\":[\"https:\/\/www.africa-press.net\/centrafricaine\/toutes-les-actualites\/rca-validation-des-rapports-definitifs-elabores-par-le-cis-sa-sur-letude-nationale-prospective-rca-2050\"]}]},{\"@type\":\"ImageObject\",\"inLanguage\":\"fr-FR\",\"@id\":\"https:\/\/www.africa-press.net\/centrafricaine\/toutes-les-actualites\/rca-validation-des-rapports-definitifs-elabores-par-le-cis-sa-sur-letude-nationale-prospective-rca-2050#primaryimage\",\"url\":\"https:\/\/static.africa-press.net\/centrafricaine\/sites\/45\/2021\/07\/img-60edc47943714.jpg\",\"contentUrl\":\"https:\/\/static.africa-press.net\/centrafricaine\/sites\/45\/2021\/07\/img-60edc47943714.jpg\",\"width\":720,\"height\":540,\"caption\":\"RCA\u00a0: Validation des rapports d\u00e9finitifs \u00e9labor\u00e9s par le CIS-SA sur l\u2019\u00c9tude Nationale Prospective \u00ab\u00a0RCA 2050\u00a0\u00bb\"},{\"@type\":\"BreadcrumbList\",\"@id\":\"https:\/\/www.africa-press.net\/centrafricaine\/toutes-les-actualites\/rca-validation-des-rapports-definitifs-elabores-par-le-cis-sa-sur-letude-nationale-prospective-rca-2050#breadcrumb\",\"itemListElement\":[{\"@type\":\"ListItem\",\"position\":1,\"name\":\"Accueil\",\"item\":\"https:\/\/www.africa-press.net\/centrafricaine\/\"},{\"@type\":\"ListItem\",\"position\":2,\"name\":\"Validation des rapports d\u00e9finitifs \u00e9labor\u00e9s par le CIS-SA sur l\u2019\u00c9tude Nationale Prospective \u00ab\u00a0RCA 2050\u00a0\u00bb\"}]},{\"@type\":\"WebSite\",\"@id\":\"https:\/\/www.africa-press.net\/centrafricaine\/#website\",\"url\":\"https:\/\/www.africa-press.net\/centrafricaine\/\",\"name\":\"centrafricaine\",\"description\":\"Just another Africa News Agency Sites site\",\"potentialAction\":[{\"@type\":\"SearchAction\",\"target\":{\"@type\":\"EntryPoint\",\"urlTemplate\":\"https:\/\/www.africa-press.net\/centrafricaine\/?s={search_term_string}\"},\"query-input\":{\"@type\":\"PropertyValueSpecification\",\"valueRequired\":true,\"valueName\":\"search_term_string\"}}],\"inLanguage\":\"fr-FR\"},{\"@type\":\"Person\",\"@id\":\"https:\/\/www.africa-press.net\/centrafricaine\/#\/schema\/person\/2b1cf3cd81a31e3cd26889ca66d677f1\",\"name\":\"cfeditorfr\"}]}<\/script>\n<!-- \/ Yoast SEO Premium plugin. -->","yoast_head_json":{"title":"Validation des rapports d\u00e9finitifs \u00e9labor\u00e9s par le CIS-SA sur l\u2019\u00c9tude Nationale Prospective \u00ab\u00a0RCA 2050\u00a0\u00bb - centrafricaine","description":"Bangui, R\u00e9publique centrafricaine, lundi, 12 juillet 2021 ( Corbeaunews-Centrafrique). Les rapports d\u00e9finitifs sur ...","robots":{"index":"index","follow":"follow","max-snippet":"max-snippet:-1","max-image-preview":"max-image-preview:large","max-video-preview":"max-video-preview:-1"},"canonical":"https:\/\/www.africa-press.net\/centrafricaine\/toutes-les-actualites\/rca-validation-des-rapports-definitifs-elabores-par-le-cis-sa-sur-letude-nationale-prospective-rca-2050","og_locale":"fr_FR","og_type":"article","og_title":"Validation des rapports d\u00e9finitifs \u00e9labor\u00e9s par le CIS-SA sur l\u2019\u00c9tude Nationale Prospective \u00ab\u00a0RCA 2050\u00a0\u00bb","og_description":"Bangui, R\u00e9publique centrafricaine, lundi, 12 juillet 2021 ( Corbeaunews-Centrafrique). Les rapports d\u00e9finitifs sur ...","og_url":"https:\/\/www.africa-press.net\/centrafricaine\/toutes-les-actualites\/rca-validation-des-rapports-definitifs-elabores-par-le-cis-sa-sur-letude-nationale-prospective-rca-2050","og_site_name":"centrafricaine","article_published_time":"2021-07-13T17:01:23+00:00","article_modified_time":"2021-07-14T14:12:02+00:00","og_image":[{"width":720,"height":540,"url":"https:\/\/static.africa-press.net\/centrafricaine\/sites\/45\/2021\/07\/img-60edc47943714.jpg","type":"image\/jpeg"}],"author":"cfeditorfr","twitter_card":"summary_large_image","twitter_misc":{"\u00c9crit par":"cfeditorfr","Dur\u00e9e de lecture estim\u00e9e":"2 minutes"},"schema":{"@context":"https:\/\/schema.org","@graph":[{"@type":"Article","@id":"https:\/\/www.africa-press.net\/centrafricaine\/toutes-les-actualites\/rca-validation-des-rapports-definitifs-elabores-par-le-cis-sa-sur-letude-nationale-prospective-rca-2050#article","isPartOf":{"@id":"https:\/\/www.africa-press.net\/centrafricaine\/toutes-les-actualites\/rca-validation-des-rapports-definitifs-elabores-par-le-cis-sa-sur-letude-nationale-prospective-rca-2050"},"author":{"name":"cfeditorfr","@id":"https:\/\/www.africa-press.net\/centrafricaine\/#\/schema\/person\/2b1cf3cd81a31e3cd26889ca66d677f1"},"headline":"Validation des rapports d\u00e9finitifs \u00e9labor\u00e9s par le CIS-SA sur l\u2019\u00c9tude Nationale Prospective \u00ab\u00a0RCA 2050\u00a0\u00bb","datePublished":"2021-07-13T17:01:23+00:00","dateModified":"2021-07-14T14:12:02+00:00","mainEntityOfPage":{"@id":"https:\/\/www.africa-press.net\/centrafricaine\/toutes-les-actualites\/rca-validation-des-rapports-definitifs-elabores-par-le-cis-sa-sur-letude-nationale-prospective-rca-2050"},"wordCount":506,"commentCount":0,"image":{"@id":"https:\/\/www.africa-press.net\/centrafricaine\/toutes-les-actualites\/rca-validation-des-rapports-definitifs-elabores-par-le-cis-sa-sur-letude-nationale-prospective-rca-2050#primaryimage"},"thumbnailUrl":"https:\/\/static.africa-press.net\/centrafricaine\/sites\/45\/2021\/07\/img-60edc47943714.jpg","keywords":["Africa Press","Africa Press-CentrAfricaine","CentrAfricaine"],"articleSection":["Communaut\u00e9","homepage-french","Toutes les actualit\u00e9s"],"inLanguage":"fr-FR","potentialAction":[{"@type":"CommentAction","name":"Comment","target":["https:\/\/www.africa-press.net\/centrafricaine\/toutes-les-actualites\/rca-validation-des-rapports-definitifs-elabores-par-le-cis-sa-sur-letude-nationale-prospective-rca-2050#respond"]}]},{"@type":"WebPage","@id":"https:\/\/www.africa-press.net\/centrafricaine\/toutes-les-actualites\/rca-validation-des-rapports-definitifs-elabores-par-le-cis-sa-sur-letude-nationale-prospective-rca-2050","url":"https:\/\/www.africa-press.net\/centrafricaine\/toutes-les-actualites\/rca-validation-des-rapports-definitifs-elabores-par-le-cis-sa-sur-letude-nationale-prospective-rca-2050","name":"Validation des rapports d\u00e9finitifs \u00e9labor\u00e9s par le CIS-SA sur l\u2019\u00c9tude Nationale Prospective \u00ab\u00a0RCA 2050\u00a0\u00bb - centrafricaine","isPartOf":{"@id":"https:\/\/www.africa-press.net\/centrafricaine\/#website"},"primaryImageOfPage":{"@id":"https:\/\/www.africa-press.net\/centrafricaine\/toutes-les-actualites\/rca-validation-des-rapports-definitifs-elabores-par-le-cis-sa-sur-letude-nationale-prospective-rca-2050#primaryimage"},"image":{"@id":"https:\/\/www.africa-press.net\/centrafricaine\/toutes-les-actualites\/rca-validation-des-rapports-definitifs-elabores-par-le-cis-sa-sur-letude-nationale-prospective-rca-2050#primaryimage"},"thumbnailUrl":"https:\/\/static.africa-press.net\/centrafricaine\/sites\/45\/2021\/07\/img-60edc47943714.jpg","datePublished":"2021-07-13T17:01:23+00:00","dateModified":"2021-07-14T14:12:02+00:00","author":{"@id":"https:\/\/www.africa-press.net\/centrafricaine\/#\/schema\/person\/2b1cf3cd81a31e3cd26889ca66d677f1"},"description":"Bangui, R\u00e9publique centrafricaine, lundi, 12 juillet 2021 ( Corbeaunews-Centrafrique). Les rapports d\u00e9finitifs sur ...","breadcrumb":{"@id":"https:\/\/www.africa-press.net\/centrafricaine\/toutes-les-actualites\/rca-validation-des-rapports-definitifs-elabores-par-le-cis-sa-sur-letude-nationale-prospective-rca-2050#breadcrumb"},"inLanguage":"fr-FR","potentialAction":[{"@type":"ReadAction","target":["https:\/\/www.africa-press.net\/centrafricaine\/toutes-les-actualites\/rca-validation-des-rapports-definitifs-elabores-par-le-cis-sa-sur-letude-nationale-prospective-rca-2050"]}]},{"@type":"ImageObject","inLanguage":"fr-FR","@id":"https:\/\/www.africa-press.net\/centrafricaine\/toutes-les-actualites\/rca-validation-des-rapports-definitifs-elabores-par-le-cis-sa-sur-letude-nationale-prospective-rca-2050#primaryimage","url":"https:\/\/static.africa-press.net\/centrafricaine\/sites\/45\/2021\/07\/img-60edc47943714.jpg","contentUrl":"https:\/\/static.africa-press.net\/centrafricaine\/sites\/45\/2021\/07\/img-60edc47943714.jpg","width":720,"height":540,"caption":"RCA\u00a0: Validation des rapports d\u00e9finitifs \u00e9labor\u00e9s par le CIS-SA sur l\u2019\u00c9tude Nationale Prospective \u00ab\u00a0RCA 2050\u00a0\u00bb"},{"@type":"BreadcrumbList","@id":"https:\/\/www.africa-press.net\/centrafricaine\/toutes-les-actualites\/rca-validation-des-rapports-definitifs-elabores-par-le-cis-sa-sur-letude-nationale-prospective-rca-2050#breadcrumb","itemListElement":[{"@type":"ListItem","position":1,"name":"Accueil","item":"https:\/\/www.africa-press.net\/centrafricaine\/"},{"@type":"ListItem","position":2,"name":"Validation des rapports d\u00e9finitifs \u00e9labor\u00e9s par le CIS-SA sur l\u2019\u00c9tude Nationale Prospective \u00ab\u00a0RCA 2050\u00a0\u00bb"}]},{"@type":"WebSite","@id":"https:\/\/www.africa-press.net\/centrafricaine\/#website","url":"https:\/\/www.africa-press.net\/centrafricaine\/","name":"centrafricaine","description":"Just another Africa News Agency Sites site","potentialAction":[{"@type":"SearchAction","target":{"@type":"EntryPoint","urlTemplate":"https:\/\/www.africa-press.net\/centrafricaine\/?s={search_term_string}"},"query-input":{"@type":"PropertyValueSpecification","valueRequired":true,"valueName":"search_term_string"}}],"inLanguage":"fr-FR"},{"@type":"Person","@id":"https:\/\/www.africa-press.net\/centrafricaine\/#\/schema\/person\/2b1cf3cd81a31e3cd26889ca66d677f1","name":"cfeditorfr"}]}},"_links":{"self":[{"href":"https:\/\/www.africa-press.net\/centrafricaine\/wp-json\/wp\/v2\/posts\/8769","targetHints":{"allow":["GET"]}}],"collection":[{"href":"https:\/\/www.africa-press.net\/centrafricaine\/wp-json\/wp\/v2\/posts"}],"about":[{"href":"https:\/\/www.africa-press.net\/centrafricaine\/wp-json\/wp\/v2\/types\/post"}],"author":[{"embeddable":true,"href":"https:\/\/www.africa-press.net\/centrafricaine\/wp-json\/wp\/v2\/users\/82"}],"replies":[{"embeddable":true,"href":"https:\/\/www.africa-press.net\/centrafricaine\/wp-json\/wp\/v2\/comments?post=8769"}],"version-history":[{"count":0,"href":"https:\/\/www.africa-press.net\/centrafricaine\/wp-json\/wp\/v2\/posts\/8769\/revisions"}],"wp:featuredmedia":[{"embeddable":true,"href":"https:\/\/www.africa-press.net\/centrafricaine\/wp-json\/wp\/v2\/media\/8768"}],"wp:attachment":[{"href":"https:\/\/www.africa-press.net\/centrafricaine\/wp-json\/wp\/v2\/media?parent=8769"}],"wp:term":[{"taxonomy":"category","embeddable":true,"href":"https:\/\/www.africa-press.net\/centrafricaine\/wp-json\/wp\/v2\/categories?post=8769"},{"taxonomy":"post_tag","embeddable":true,"href":"https:\/\/www.africa-press.net\/centrafricaine\/wp-json\/wp\/v2\/tags?post=8769"}],"curies":[{"name":"wp","href":"https:\/\/api.w.org\/{rel}","templated":true}]}}