{"id":8772,"date":"2021-07-13T17:08:17","date_gmt":"2021-07-13T17:08:17","guid":{"rendered":"https:\/\/www.africa-press.net\/centrafricaine\/?p=8772"},"modified":"2021-07-14T14:12:38","modified_gmt":"2021-07-14T14:12:38","slug":"rca-le-coordonnateur-de-la-cpc-fustige-le-dialogue-republicain-et-appelle-la-communaute-internationale-a-faire-la-pression-sur-touadera-et-son-gouvernement","status":"publish","type":"post","link":"https:\/\/www.africa-press.net\/centrafricaine\/politique\/rca-le-coordonnateur-de-la-cpc-fustige-le-dialogue-republicain-et-appelle-la-communaute-internationale-a-faire-la-pression-sur-touadera-et-son-gouvernement","title":{"rendered":"le Coordonnateur de la CPC fustige le dialogue r\u00e9publicain, et appelle la communaut\u00e9 internationale \u00e0 faire la pression sur \u00ab\u00a0Touadera et son gouvernement\u00a0\u00bb"},"content":{"rendered":"<p><span style=\"color: #ff6600\"><strong><a href=\"https:\/\/www.africa-press.net\/\">Africa-Press<\/a> &#8211; <a href=\"https:\/\/www.africa-press.net\/centrafricaine\">CentrAfricaine<\/a>. <\/strong><\/span><b>\u00a0Dans un communiqu\u00e9 publi\u00e9 samedi 10 juillet 2021, le coordonnateur g\u00e9n\u00e9ral de la coalition des patriotes pour le changement (CPC), le g\u00e9n\u00e9ral d\u2019arm\u00e9es Fran\u00e7ois Boziz\u00e9 d\u00e9nonce vigoureusement le processus du \u00ab dialogue r\u00e9publicain \u00bb initi\u00e9 par le chef de l\u2019\u00c9tat. D\u2019apr\u00e8s lui, \u00ab le Pr\u00e9sident Faustin Archange TOUAD\u00c9RA ruine les derni\u00e8res chances d\u2019offrir \u00e0 la R\u00e9publique Centrafricaine un avenir de Paix o\u00f9 toutes ses filles et tous ses fils, apr\u00e8s avoir fait \u201csous l\u2019arbre \u00e0 palabre\u201d le bilan des d\u00e9cennies de cendres, optent pour leur tourner d\u00e9finitivement le dos et s\u2019engagerr\u00e9solument, dans la concorde et la conjugaison de leurs comp\u00e9tences, vers le d\u00e9veloppement \u00e9conomique de la Nation. Il tire l\u2019attention de la communaut\u00e9 internationale, \u00ab garante de la moralit\u00e9 de la gouvernance politique internationale, et de la s\u00e9curit\u00e9 des populations soumises depuis de trop nombreux mois aux agressions de mercenaires dont tous les \u00c9tats d\u00e9nient pudiquement d\u2019endosser la paternit\u00e9, pour qu\u2019elle fasse pression \u2013 aux niveaux politique et militaire \u2013 sur le Chef de l\u2019\u00c9tat centrafricain et son gouvernement, afin qu\u2019ils se plient aux bonnes pratiques internationales et daignent enfin organiser un Dialogue politique inclusif, avant qu\u2019il ne soit trop tard \u00bb.<\/b><\/p>\n<p>COMMUNIQU\u00c9 DE PRESSE<\/p>\n<p>L\u2019opinion publique nationale, vent debout<\/p>\n<p>face \u00e0 un Comit\u00e9 d\u2019organisation du Dialogue R\u00e9publicain d\u00e9s\u00e9quilibr\u00e9, non inclusif, verrouill\u00e9 et non consensuel \u2026<\/p>\n<p>La pr\u00e9alerte lanc\u00e9e par la Coalition des Patriotes pour le Changement d\u00e8s le 21 mars 2021 relative au p\u00e9rim\u00e8tre souhait\u00e9 pour le dialogue politique, tout comme ses craintes du 14 juin 2021 sur le caract\u00e8re non inclusif annonc\u00e9 de celui-ci, ont pu appara\u00eetre au regard de quelques-uns, notamment de la Communaut\u00e9 internationale et du G-5, comme des outrances de la CPC qui manifesterait ainsi un esprit de fronde et de contradiction syst\u00e9matique ainsi que sa mauvaise foi devant les initiatives du pouvoir. Force est de reconna\u00eetre aujourd\u2019hui l\u2019\u00e9vidence, \u00e0 la suite de la lev\u00e9e de boucliers suscit\u00e9e par le D\u00e9cret N\u00b0 21.148 du 30 juin 2021, sign\u00e9 du Pr\u00e9sident de la R\u00e9publique, mettant en place le Comit\u00e9 d\u2019organisation du Dialogue R\u00e9publicain. \u25a0<\/p>\n<p>\u00eeopinion publique nationale, dans sa grande diversit\u00e9, s\u2019est mobilis\u00e9e pour vilipender le Pr\u00e9sident de la R\u00e9publique, Son Excellence le Professeur Faustin Archange TOUAD\u00c9RA, lequel a marqu\u00e9 sa volont\u00e9 de caporalisation du processus du Dialogue apr\u00e8s avoir confisqu\u00e9 la tutelle politique du Comit\u00e9 pr\u00e9paratoire.<\/p>\n<p>Quand la Coalition de l\u2019Opposition D\u00e9mocratique 2020 (COD-2020) d\u00e9nonce le caract\u00e8re non consensuel, non inclusif, d\u00e9s\u00e9quilibr\u00e9 et totalement verrouill\u00e9 du Comit\u00e9 d\u2019Organisation, la Coordination des Organisations de la Soci\u00e9t\u00e9 Civile pour la Paix en Centrafrique (COSCIPAC) lui r\u00e9pond que la roublardise du locataire du Palais de la Renaissance l\u2019a conduit \u00e0 tailler sur mesure l\u2019ossature d\u2019un Comit\u00e9 pr\u00e9paratoire fantoche compos\u00e9 essentiellement et domin\u00e9 par les entit\u00e9s \u00e0 la solde du pouvoir.<\/p>\n<p>Le Mouvement de Lib\u00e9ration du Peuple Centrafricain (MLPC), hier encore, sinon toujours, alli\u00e9 du pouvoir et que l\u2019on ne peut gu\u00e8re suspecter de radicalisme ni d\u2019hostilit\u00e9 vis-\u00e0-vis du Chef de l\u2019\u00c9tat ou de son parti le Mouvement des C\u0153urs Unis (MCU), n\u2019h\u00e9site plus \u00e0 d\u00e9nigrer le d\u00e9cret unilat\u00e9ral ayant mis en place le Secr\u00e9tariat Technique pr\u00e9paratoire mais aussi le d\u00e9cret similaire portant cr\u00e9ation et organisation du Comit\u00e9 d\u2019organisation du Dialogue Politique.<\/p>\n<p>Le MLPC exige la r\u00e9vision de ce dernier d\u00e9cret et y subordonne le maintien de sa participation au processus.<\/p>\n<p>Le PATRIE (Parti Africain pour une Transformation Radicale et l\u2019Int\u00e9gration des \u00c9tats) n\u2019est pas en reste qui joint sa voix \u00e0 la clameur g\u00e9n\u00e9rale et d\u00e9nonce le caract\u00e8re \u00e0 dessein d\u00e9s\u00e9quilibr\u00e9 de ce Comit\u00e9 qui fait la part belle \u00e0 la majorit\u00e9 pr\u00e9sidentielle et \u00e0 ses diff\u00e9rentes d\u00e9clinaisons, alors que les autres entit\u00e9s sont marginalis\u00e9es.<\/p>\n<p>Le PATRIE conditionne \u00e9galement sa participation \u00e0 un consensus sur le Comit\u00e9 d\u2019organisation.<\/p>\n<p>De jour en jour, de nouvelles entit\u00e9s politiques, comme le Parti D\u00e9mocratique Centrafricain (PDCA), rejoignent le concert de protestation tous azimuts. Il annonce la consolidation du pouvoir dictatorial que le Pr\u00e9sident Faustin Archange TOUAD\u00c9RA est en train de mettre en place.<\/p>\n<p>Nous faisons l\u2019\u00e9conomie des appels r\u00e9p\u00e9t\u00e9s de toutes les confessions religieuses, de celui, \u00e9minent, de sa Saintet\u00e9 le Pape, aussi bien de toutes les voix autoris\u00e9es comme celle du Secr\u00e9taire G\u00e9n\u00e9ral des Nations Unies, qui ont invit\u00e9 les autorit\u00e9s politiques \u00e0 garantir l\u2019inclusivit\u00e9 du Dialogue politique.<\/p>\n<p>\u00c0 l\u2019\u00e9vidence, malgr\u00e9 une demande insistante et g\u00e9n\u00e9rale de toutes les couches de la population, malgr\u00e9 une incitation des institutions internationales, \u00e0 privil\u00e9gier non seulement un dialogue mais un dialogue inclusif, le Pr\u00e9sident de la R\u00e9publique tente d\u2019imposer au forceps un dialogue politique excluant les principaux protagonistes de la crise s\u00e9curitaire, que sont les Groupes Arm\u00e9s.<\/p>\n<p>Il pr\u00e9f\u00e8rerait discuter uniquement avec ses partisans et ses affid\u00e9s, dans un consensus l\u00e9nifiant qui lui permette de prolonger sa politique d\u2019exclusion et de man\u0153uvrer en vue de modifier la Constitution et de se garantir un troisi\u00e8me mandat, rigoureusement interdit par la Constitution de 2016.<\/p>\n<p>Au demeurant, si le pouvoir avait voulu donner des gages de sa bonne volont\u00e9 d\u2019aller \u00e0 un dialogue politique inclusif, il aurait donn\u00e9 des signaux susceptibles de d\u00e9crisper l\u2019ambiance d\u00e9l\u00e9t\u00e8re g\u00e9n\u00e9rale ; par exemple :<\/p>\n<p>De ces faits, il d\u00e9coule que le Pr\u00e9sident Faustin Archange TOUAD\u00c9RA ruine les derni\u00e8res chances d\u2019offrir \u00e0 la R\u00e9publique Centrafricaine un avenir de Paix o\u00f9 toutes ses filles et tous ses fils, apr\u00e8s avoir fait \u201csous l\u2019arbre \u00e0 palabre\u201d le bilan des d\u00e9cennies de cendres, optent pour leur tourner d\u00e9finitivement le dos et s\u2019engager<\/p>\n<p>r\u00e9solument, dans la concorde et la conjugaison de leurs comp\u00e9tences, vers le d\u00e9veloppement \u00e9conomique de la Nation. C\u2019est une grande responsabilit\u00e9 dont il sera comptable devant l\u2019histoire !<\/p>\n<p>La Coalition des Patriotes pour le Changement appelle une nouvelle fois l\u2019attention de la Communaut\u00e9 internationale, garante de la moralit\u00e9 de la gouvernance politique internationale, et de la s\u00e9curit\u00e9 des populations soumises depuis de trop nombreux mois aux agressions de mercenaires dont tous les \u00c9tats d\u00e9nient pudiquement d\u2019endosser la paternit\u00e9, pour qu\u2019elle fasse pression \u2013 aux niveaux politique et militaire \u2013 sur le Chef de l\u2019\u00c9tat centrafricain et son gouvernement, afin qu\u2019ils se plient aux bonnes pratiques internationales et daignent enfin organiser un Dialogue politique inclusif, avant qu\u2019il ne soit trop tard.<\/p>\n<p>&nbsp;<\/p>\n","protected":false},"excerpt":{"rendered":"<p>Africa-Press &#8211; CentrAfricaine. \u00a0Dans un communiqu\u00e9 publi\u00e9 samedi 10 juillet 2021, le coordonnateur g\u00e9n\u00e9ral de la coalition des patriotes pour le changement (CPC), le g\u00e9n\u00e9ral d\u2019arm\u00e9es Fran\u00e7ois Boziz\u00e9 d\u00e9nonce vigoureusement le processus du \u00ab dialogue r\u00e9publicain \u00bb initi\u00e9 par le chef de l\u2019\u00c9tat. D\u2019apr\u00e8s lui, \u00ab le Pr\u00e9sident Faustin Archange TOUAD\u00c9RA ruine les derni\u00e8res chances [&hellip;]<\/p>\n","protected":false},"author":82,"featured_media":8771,"comment_status":"open","ping_status":"closed","sticky":false,"template":"","format":"standard","meta":{"footnotes":""},"categories":[11,2,10],"tags":[36,58,30],"class_list":["post-8772","post","type-post","status-publish","format-standard","has-post-thumbnail","hentry","category-homepage-french","category-politique","category-toutes-les-actualites","tag-africa-press","tag-africa-press-centrafricaine","tag-centrafricaine"],"yoast_head":"<!-- This site is optimized with the Yoast SEO Premium plugin v26.1 (Yoast SEO v27.0) - https:\/\/yoast.com\/product\/yoast-seo-premium-wordpress\/ -->\n<title>le Coordonnateur de la CPC fustige le dialogue r\u00e9publicain, et appelle la communaut\u00e9 internationale \u00e0 faire la pression sur \u00ab\u00a0Touadera et son gouvernement\u00a0\u00bb - centrafricaine<\/title>\n<meta name=\"description\" content=\"Bangui, R\u00e9publique centrafricaine, lundi, 12 juillet 2021 ( Corbeaunews \u2013 Centrafrique ). Dans un communiqu\u00e9 publi\u00e9 s ...\" \/>\n<meta name=\"robots\" content=\"index, follow, max-snippet:-1, max-image-preview:large, max-video-preview:-1\" \/>\n<link rel=\"canonical\" href=\"https:\/\/www.africa-press.net\/centrafricaine\/politique\/rca-le-coordonnateur-de-la-cpc-fustige-le-dialogue-republicain-et-appelle-la-communaute-internationale-a-faire-la-pression-sur-touadera-et-son-gouvernement\" \/>\n<meta property=\"og:locale\" content=\"fr_FR\" \/>\n<meta property=\"og:type\" content=\"article\" \/>\n<meta property=\"og:title\" content=\"le Coordonnateur de la CPC fustige le dialogue r\u00e9publicain, et appelle la communaut\u00e9 internationale \u00e0 faire la pression sur \u00ab\u00a0Touadera et son gouvernement\u00a0\u00bb\" \/>\n<meta property=\"og:description\" content=\"Bangui, R\u00e9publique centrafricaine, lundi, 12 juillet 2021 ( Corbeaunews \u2013 Centrafrique ). Dans un communiqu\u00e9 publi\u00e9 s ...\" \/>\n<meta property=\"og:url\" content=\"https:\/\/www.africa-press.net\/centrafricaine\/politique\/rca-le-coordonnateur-de-la-cpc-fustige-le-dialogue-republicain-et-appelle-la-communaute-internationale-a-faire-la-pression-sur-touadera-et-son-gouvernement\" \/>\n<meta property=\"og:site_name\" content=\"centrafricaine\" \/>\n<meta property=\"article:published_time\" content=\"2021-07-13T17:08:17+00:00\" \/>\n<meta property=\"article:modified_time\" content=\"2021-07-14T14:12:38+00:00\" \/>\n<meta property=\"og:image\" content=\"https:\/\/static.africa-press.net\/centrafricaine\/sites\/45\/2021\/07\/img-60edc4ac349fb.jpg\" \/>\n\t<meta property=\"og:image:width\" content=\"720\" \/>\n\t<meta property=\"og:image:height\" content=\"479\" \/>\n\t<meta property=\"og:image:type\" content=\"image\/jpeg\" \/>\n<meta name=\"author\" content=\"cfeditorfr\" \/>\n<meta name=\"twitter:card\" content=\"summary_large_image\" \/>\n<meta name=\"twitter:label1\" content=\"\u00c9crit par\" \/>\n\t<meta name=\"twitter:data1\" content=\"cfeditorfr\" \/>\n\t<meta name=\"twitter:label2\" content=\"Dur\u00e9e de lecture estim\u00e9e\" \/>\n\t<meta name=\"twitter:data2\" content=\"5 minutes\" \/>\n<script type=\"application\/ld+json\" class=\"yoast-schema-graph\">{\"@context\":\"https:\/\/schema.org\",\"@graph\":[{\"@type\":\"Article\",\"@id\":\"https:\/\/www.africa-press.net\/centrafricaine\/politique\/rca-le-coordonnateur-de-la-cpc-fustige-le-dialogue-republicain-et-appelle-la-communaute-internationale-a-faire-la-pression-sur-touadera-et-son-gouvernement#article\",\"isPartOf\":{\"@id\":\"https:\/\/www.africa-press.net\/centrafricaine\/politique\/rca-le-coordonnateur-de-la-cpc-fustige-le-dialogue-republicain-et-appelle-la-communaute-internationale-a-faire-la-pression-sur-touadera-et-son-gouvernement\"},\"author\":{\"name\":\"cfeditorfr\",\"@id\":\"https:\/\/www.africa-press.net\/centrafricaine\/#\/schema\/person\/2b1cf3cd81a31e3cd26889ca66d677f1\"},\"headline\":\"le Coordonnateur de la CPC fustige le dialogue r\u00e9publicain, et appelle la communaut\u00e9 internationale \u00e0 faire la pression sur \u00ab\u00a0Touadera et son gouvernement\u00a0\u00bb\",\"datePublished\":\"2021-07-13T17:08:17+00:00\",\"dateModified\":\"2021-07-14T14:12:38+00:00\",\"mainEntityOfPage\":{\"@id\":\"https:\/\/www.africa-press.net\/centrafricaine\/politique\/rca-le-coordonnateur-de-la-cpc-fustige-le-dialogue-republicain-et-appelle-la-communaute-internationale-a-faire-la-pression-sur-touadera-et-son-gouvernement\"},\"wordCount\":1164,\"commentCount\":0,\"image\":{\"@id\":\"https:\/\/www.africa-press.net\/centrafricaine\/politique\/rca-le-coordonnateur-de-la-cpc-fustige-le-dialogue-republicain-et-appelle-la-communaute-internationale-a-faire-la-pression-sur-touadera-et-son-gouvernement#primaryimage\"},\"thumbnailUrl\":\"https:\/\/static.africa-press.net\/centrafricaine\/sites\/45\/2021\/07\/img-60edc4ac349fb.jpg\",\"keywords\":[\"Africa Press\",\"Africa Press-CentrAfricaine\",\"CentrAfricaine\"],\"articleSection\":[\"homepage-french\",\"Politique\",\"Toutes les actualit\u00e9s\"],\"inLanguage\":\"fr-FR\",\"potentialAction\":[{\"@type\":\"CommentAction\",\"name\":\"Comment\",\"target\":[\"https:\/\/www.africa-press.net\/centrafricaine\/politique\/rca-le-coordonnateur-de-la-cpc-fustige-le-dialogue-republicain-et-appelle-la-communaute-internationale-a-faire-la-pression-sur-touadera-et-son-gouvernement#respond\"]}]},{\"@type\":\"WebPage\",\"@id\":\"https:\/\/www.africa-press.net\/centrafricaine\/politique\/rca-le-coordonnateur-de-la-cpc-fustige-le-dialogue-republicain-et-appelle-la-communaute-internationale-a-faire-la-pression-sur-touadera-et-son-gouvernement\",\"url\":\"https:\/\/www.africa-press.net\/centrafricaine\/politique\/rca-le-coordonnateur-de-la-cpc-fustige-le-dialogue-republicain-et-appelle-la-communaute-internationale-a-faire-la-pression-sur-touadera-et-son-gouvernement\",\"name\":\"le Coordonnateur de la CPC fustige le dialogue r\u00e9publicain, et appelle la communaut\u00e9 internationale \u00e0 faire la pression sur \u00ab\u00a0Touadera et son gouvernement\u00a0\u00bb - centrafricaine\",\"isPartOf\":{\"@id\":\"https:\/\/www.africa-press.net\/centrafricaine\/#website\"},\"primaryImageOfPage\":{\"@id\":\"https:\/\/www.africa-press.net\/centrafricaine\/politique\/rca-le-coordonnateur-de-la-cpc-fustige-le-dialogue-republicain-et-appelle-la-communaute-internationale-a-faire-la-pression-sur-touadera-et-son-gouvernement#primaryimage\"},\"image\":{\"@id\":\"https:\/\/www.africa-press.net\/centrafricaine\/politique\/rca-le-coordonnateur-de-la-cpc-fustige-le-dialogue-republicain-et-appelle-la-communaute-internationale-a-faire-la-pression-sur-touadera-et-son-gouvernement#primaryimage\"},\"thumbnailUrl\":\"https:\/\/static.africa-press.net\/centrafricaine\/sites\/45\/2021\/07\/img-60edc4ac349fb.jpg\",\"datePublished\":\"2021-07-13T17:08:17+00:00\",\"dateModified\":\"2021-07-14T14:12:38+00:00\",\"author\":{\"@id\":\"https:\/\/www.africa-press.net\/centrafricaine\/#\/schema\/person\/2b1cf3cd81a31e3cd26889ca66d677f1\"},\"description\":\"Bangui, R\u00e9publique centrafricaine, lundi, 12 juillet 2021 ( Corbeaunews \u2013 Centrafrique ). Dans un communiqu\u00e9 publi\u00e9 s ...\",\"breadcrumb\":{\"@id\":\"https:\/\/www.africa-press.net\/centrafricaine\/politique\/rca-le-coordonnateur-de-la-cpc-fustige-le-dialogue-republicain-et-appelle-la-communaute-internationale-a-faire-la-pression-sur-touadera-et-son-gouvernement#breadcrumb\"},\"inLanguage\":\"fr-FR\",\"potentialAction\":[{\"@type\":\"ReadAction\",\"target\":[\"https:\/\/www.africa-press.net\/centrafricaine\/politique\/rca-le-coordonnateur-de-la-cpc-fustige-le-dialogue-republicain-et-appelle-la-communaute-internationale-a-faire-la-pression-sur-touadera-et-son-gouvernement\"]}]},{\"@type\":\"ImageObject\",\"inLanguage\":\"fr-FR\",\"@id\":\"https:\/\/www.africa-press.net\/centrafricaine\/politique\/rca-le-coordonnateur-de-la-cpc-fustige-le-dialogue-republicain-et-appelle-la-communaute-internationale-a-faire-la-pression-sur-touadera-et-son-gouvernement#primaryimage\",\"url\":\"https:\/\/static.africa-press.net\/centrafricaine\/sites\/45\/2021\/07\/img-60edc4ac349fb.jpg\",\"contentUrl\":\"https:\/\/static.africa-press.net\/centrafricaine\/sites\/45\/2021\/07\/img-60edc4ac349fb.jpg\",\"width\":720,\"height\":479,\"caption\":\"RCA\u00a0: le Coordonnateur de la CPC fustige le dialogue r\u00e9publicain, et appelle la communaut\u00e9 internationale \u00e0 faire la pression sur \u00ab\u00a0Touadera et son gouvernement\u00a0\u00bb\"},{\"@type\":\"BreadcrumbList\",\"@id\":\"https:\/\/www.africa-press.net\/centrafricaine\/politique\/rca-le-coordonnateur-de-la-cpc-fustige-le-dialogue-republicain-et-appelle-la-communaute-internationale-a-faire-la-pression-sur-touadera-et-son-gouvernement#breadcrumb\",\"itemListElement\":[{\"@type\":\"ListItem\",\"position\":1,\"name\":\"Accueil\",\"item\":\"https:\/\/www.africa-press.net\/centrafricaine\/\"},{\"@type\":\"ListItem\",\"position\":2,\"name\":\"le Coordonnateur de la CPC fustige le dialogue r\u00e9publicain, et appelle la communaut\u00e9 internationale \u00e0 faire la pression sur \u00ab\u00a0Touadera et son gouvernement\u00a0\u00bb\"}]},{\"@type\":\"WebSite\",\"@id\":\"https:\/\/www.africa-press.net\/centrafricaine\/#website\",\"url\":\"https:\/\/www.africa-press.net\/centrafricaine\/\",\"name\":\"centrafricaine\",\"description\":\"Just another Africa News Agency Sites site\",\"potentialAction\":[{\"@type\":\"SearchAction\",\"target\":{\"@type\":\"EntryPoint\",\"urlTemplate\":\"https:\/\/www.africa-press.net\/centrafricaine\/?s={search_term_string}\"},\"query-input\":{\"@type\":\"PropertyValueSpecification\",\"valueRequired\":true,\"valueName\":\"search_term_string\"}}],\"inLanguage\":\"fr-FR\"},{\"@type\":\"Person\",\"@id\":\"https:\/\/www.africa-press.net\/centrafricaine\/#\/schema\/person\/2b1cf3cd81a31e3cd26889ca66d677f1\",\"name\":\"cfeditorfr\"}]}<\/script>\n<!-- \/ Yoast SEO Premium plugin. -->","yoast_head_json":{"title":"le Coordonnateur de la CPC fustige le dialogue r\u00e9publicain, et appelle la communaut\u00e9 internationale \u00e0 faire la pression sur \u00ab\u00a0Touadera et son gouvernement\u00a0\u00bb - centrafricaine","description":"Bangui, R\u00e9publique centrafricaine, lundi, 12 juillet 2021 ( Corbeaunews \u2013 Centrafrique ). Dans un communiqu\u00e9 publi\u00e9 s ...","robots":{"index":"index","follow":"follow","max-snippet":"max-snippet:-1","max-image-preview":"max-image-preview:large","max-video-preview":"max-video-preview:-1"},"canonical":"https:\/\/www.africa-press.net\/centrafricaine\/politique\/rca-le-coordonnateur-de-la-cpc-fustige-le-dialogue-republicain-et-appelle-la-communaute-internationale-a-faire-la-pression-sur-touadera-et-son-gouvernement","og_locale":"fr_FR","og_type":"article","og_title":"le Coordonnateur de la CPC fustige le dialogue r\u00e9publicain, et appelle la communaut\u00e9 internationale \u00e0 faire la pression sur \u00ab\u00a0Touadera et son gouvernement\u00a0\u00bb","og_description":"Bangui, R\u00e9publique centrafricaine, lundi, 12 juillet 2021 ( Corbeaunews \u2013 Centrafrique ). Dans un communiqu\u00e9 publi\u00e9 s ...","og_url":"https:\/\/www.africa-press.net\/centrafricaine\/politique\/rca-le-coordonnateur-de-la-cpc-fustige-le-dialogue-republicain-et-appelle-la-communaute-internationale-a-faire-la-pression-sur-touadera-et-son-gouvernement","og_site_name":"centrafricaine","article_published_time":"2021-07-13T17:08:17+00:00","article_modified_time":"2021-07-14T14:12:38+00:00","og_image":[{"width":720,"height":479,"url":"https:\/\/static.africa-press.net\/centrafricaine\/sites\/45\/2021\/07\/img-60edc4ac349fb.jpg","type":"image\/jpeg"}],"author":"cfeditorfr","twitter_card":"summary_large_image","twitter_misc":{"\u00c9crit par":"cfeditorfr","Dur\u00e9e de lecture estim\u00e9e":"5 minutes"},"schema":{"@context":"https:\/\/schema.org","@graph":[{"@type":"Article","@id":"https:\/\/www.africa-press.net\/centrafricaine\/politique\/rca-le-coordonnateur-de-la-cpc-fustige-le-dialogue-republicain-et-appelle-la-communaute-internationale-a-faire-la-pression-sur-touadera-et-son-gouvernement#article","isPartOf":{"@id":"https:\/\/www.africa-press.net\/centrafricaine\/politique\/rca-le-coordonnateur-de-la-cpc-fustige-le-dialogue-republicain-et-appelle-la-communaute-internationale-a-faire-la-pression-sur-touadera-et-son-gouvernement"},"author":{"name":"cfeditorfr","@id":"https:\/\/www.africa-press.net\/centrafricaine\/#\/schema\/person\/2b1cf3cd81a31e3cd26889ca66d677f1"},"headline":"le Coordonnateur de la CPC fustige le dialogue r\u00e9publicain, et appelle la communaut\u00e9 internationale \u00e0 faire la pression sur \u00ab\u00a0Touadera et son gouvernement\u00a0\u00bb","datePublished":"2021-07-13T17:08:17+00:00","dateModified":"2021-07-14T14:12:38+00:00","mainEntityOfPage":{"@id":"https:\/\/www.africa-press.net\/centrafricaine\/politique\/rca-le-coordonnateur-de-la-cpc-fustige-le-dialogue-republicain-et-appelle-la-communaute-internationale-a-faire-la-pression-sur-touadera-et-son-gouvernement"},"wordCount":1164,"commentCount":0,"image":{"@id":"https:\/\/www.africa-press.net\/centrafricaine\/politique\/rca-le-coordonnateur-de-la-cpc-fustige-le-dialogue-republicain-et-appelle-la-communaute-internationale-a-faire-la-pression-sur-touadera-et-son-gouvernement#primaryimage"},"thumbnailUrl":"https:\/\/static.africa-press.net\/centrafricaine\/sites\/45\/2021\/07\/img-60edc4ac349fb.jpg","keywords":["Africa Press","Africa Press-CentrAfricaine","CentrAfricaine"],"articleSection":["homepage-french","Politique","Toutes les actualit\u00e9s"],"inLanguage":"fr-FR","potentialAction":[{"@type":"CommentAction","name":"Comment","target":["https:\/\/www.africa-press.net\/centrafricaine\/politique\/rca-le-coordonnateur-de-la-cpc-fustige-le-dialogue-republicain-et-appelle-la-communaute-internationale-a-faire-la-pression-sur-touadera-et-son-gouvernement#respond"]}]},{"@type":"WebPage","@id":"https:\/\/www.africa-press.net\/centrafricaine\/politique\/rca-le-coordonnateur-de-la-cpc-fustige-le-dialogue-republicain-et-appelle-la-communaute-internationale-a-faire-la-pression-sur-touadera-et-son-gouvernement","url":"https:\/\/www.africa-press.net\/centrafricaine\/politique\/rca-le-coordonnateur-de-la-cpc-fustige-le-dialogue-republicain-et-appelle-la-communaute-internationale-a-faire-la-pression-sur-touadera-et-son-gouvernement","name":"le Coordonnateur de la CPC fustige le dialogue r\u00e9publicain, et appelle la communaut\u00e9 internationale \u00e0 faire la pression sur \u00ab\u00a0Touadera et son gouvernement\u00a0\u00bb - centrafricaine","isPartOf":{"@id":"https:\/\/www.africa-press.net\/centrafricaine\/#website"},"primaryImageOfPage":{"@id":"https:\/\/www.africa-press.net\/centrafricaine\/politique\/rca-le-coordonnateur-de-la-cpc-fustige-le-dialogue-republicain-et-appelle-la-communaute-internationale-a-faire-la-pression-sur-touadera-et-son-gouvernement#primaryimage"},"image":{"@id":"https:\/\/www.africa-press.net\/centrafricaine\/politique\/rca-le-coordonnateur-de-la-cpc-fustige-le-dialogue-republicain-et-appelle-la-communaute-internationale-a-faire-la-pression-sur-touadera-et-son-gouvernement#primaryimage"},"thumbnailUrl":"https:\/\/static.africa-press.net\/centrafricaine\/sites\/45\/2021\/07\/img-60edc4ac349fb.jpg","datePublished":"2021-07-13T17:08:17+00:00","dateModified":"2021-07-14T14:12:38+00:00","author":{"@id":"https:\/\/www.africa-press.net\/centrafricaine\/#\/schema\/person\/2b1cf3cd81a31e3cd26889ca66d677f1"},"description":"Bangui, R\u00e9publique centrafricaine, lundi, 12 juillet 2021 ( Corbeaunews \u2013 Centrafrique ). Dans un communiqu\u00e9 publi\u00e9 s ...","breadcrumb":{"@id":"https:\/\/www.africa-press.net\/centrafricaine\/politique\/rca-le-coordonnateur-de-la-cpc-fustige-le-dialogue-republicain-et-appelle-la-communaute-internationale-a-faire-la-pression-sur-touadera-et-son-gouvernement#breadcrumb"},"inLanguage":"fr-FR","potentialAction":[{"@type":"ReadAction","target":["https:\/\/www.africa-press.net\/centrafricaine\/politique\/rca-le-coordonnateur-de-la-cpc-fustige-le-dialogue-republicain-et-appelle-la-communaute-internationale-a-faire-la-pression-sur-touadera-et-son-gouvernement"]}]},{"@type":"ImageObject","inLanguage":"fr-FR","@id":"https:\/\/www.africa-press.net\/centrafricaine\/politique\/rca-le-coordonnateur-de-la-cpc-fustige-le-dialogue-republicain-et-appelle-la-communaute-internationale-a-faire-la-pression-sur-touadera-et-son-gouvernement#primaryimage","url":"https:\/\/static.africa-press.net\/centrafricaine\/sites\/45\/2021\/07\/img-60edc4ac349fb.jpg","contentUrl":"https:\/\/static.africa-press.net\/centrafricaine\/sites\/45\/2021\/07\/img-60edc4ac349fb.jpg","width":720,"height":479,"caption":"RCA\u00a0: le Coordonnateur de la CPC fustige le dialogue r\u00e9publicain, et appelle la communaut\u00e9 internationale \u00e0 faire la pression sur \u00ab\u00a0Touadera et son gouvernement\u00a0\u00bb"},{"@type":"BreadcrumbList","@id":"https:\/\/www.africa-press.net\/centrafricaine\/politique\/rca-le-coordonnateur-de-la-cpc-fustige-le-dialogue-republicain-et-appelle-la-communaute-internationale-a-faire-la-pression-sur-touadera-et-son-gouvernement#breadcrumb","itemListElement":[{"@type":"ListItem","position":1,"name":"Accueil","item":"https:\/\/www.africa-press.net\/centrafricaine\/"},{"@type":"ListItem","position":2,"name":"le Coordonnateur de la CPC fustige le dialogue r\u00e9publicain, et appelle la communaut\u00e9 internationale \u00e0 faire la pression sur \u00ab\u00a0Touadera et son gouvernement\u00a0\u00bb"}]},{"@type":"WebSite","@id":"https:\/\/www.africa-press.net\/centrafricaine\/#website","url":"https:\/\/www.africa-press.net\/centrafricaine\/","name":"centrafricaine","description":"Just another Africa News Agency Sites site","potentialAction":[{"@type":"SearchAction","target":{"@type":"EntryPoint","urlTemplate":"https:\/\/www.africa-press.net\/centrafricaine\/?s={search_term_string}"},"query-input":{"@type":"PropertyValueSpecification","valueRequired":true,"valueName":"search_term_string"}}],"inLanguage":"fr-FR"},{"@type":"Person","@id":"https:\/\/www.africa-press.net\/centrafricaine\/#\/schema\/person\/2b1cf3cd81a31e3cd26889ca66d677f1","name":"cfeditorfr"}]}},"_links":{"self":[{"href":"https:\/\/www.africa-press.net\/centrafricaine\/wp-json\/wp\/v2\/posts\/8772","targetHints":{"allow":["GET"]}}],"collection":[{"href":"https:\/\/www.africa-press.net\/centrafricaine\/wp-json\/wp\/v2\/posts"}],"about":[{"href":"https:\/\/www.africa-press.net\/centrafricaine\/wp-json\/wp\/v2\/types\/post"}],"author":[{"embeddable":true,"href":"https:\/\/www.africa-press.net\/centrafricaine\/wp-json\/wp\/v2\/users\/82"}],"replies":[{"embeddable":true,"href":"https:\/\/www.africa-press.net\/centrafricaine\/wp-json\/wp\/v2\/comments?post=8772"}],"version-history":[{"count":0,"href":"https:\/\/www.africa-press.net\/centrafricaine\/wp-json\/wp\/v2\/posts\/8772\/revisions"}],"wp:featuredmedia":[{"embeddable":true,"href":"https:\/\/www.africa-press.net\/centrafricaine\/wp-json\/wp\/v2\/media\/8771"}],"wp:attachment":[{"href":"https:\/\/www.africa-press.net\/centrafricaine\/wp-json\/wp\/v2\/media?parent=8772"}],"wp:term":[{"taxonomy":"category","embeddable":true,"href":"https:\/\/www.africa-press.net\/centrafricaine\/wp-json\/wp\/v2\/categories?post=8772"},{"taxonomy":"post_tag","embeddable":true,"href":"https:\/\/www.africa-press.net\/centrafricaine\/wp-json\/wp\/v2\/tags?post=8772"}],"curies":[{"name":"wp","href":"https:\/\/api.w.org\/{rel}","templated":true}]}}