{"id":8775,"date":"2021-07-13T17:15:08","date_gmt":"2021-07-13T17:15:08","guid":{"rendered":"https:\/\/www.africa-press.net\/centrafricaine\/?p=8775"},"modified":"2021-07-14T14:12:49","modified_gmt":"2021-07-14T14:12:49","slug":"ippy-deux-personnes-portees-disparues-leurs-familles-soupconnent-les-faca-et-les-mercenaires-de-wagner","status":"publish","type":"post","link":"https:\/\/www.africa-press.net\/centrafricaine\/toutes-les-actualites\/ippy-deux-personnes-portees-disparues-leurs-familles-soupconnent-les-faca-et-les-mercenaires-de-wagner","title":{"rendered":"Ippy, deux personnes port\u00e9es disparues, leurs familles soup\u00e7onnent les FACA et les mercenaires de Wagner"},"content":{"rendered":"<p><span style=\"color: #ff6600\"><strong><a href=\"https:\/\/www.africa-press.net\/\">Africa-Press<\/a> &#8211; <a href=\"https:\/\/www.africa-press.net\/centrafricaine\">CentrAfricaine<\/a>.\u00a0 <\/strong><\/span>\u00a0Face \u00e0 la pression incessante des \u00e9l\u00e9ments des forces arm\u00e9es centrafricaines (FACA) et les mercenaires russes de la soci\u00e9t\u00e9 Wagner sur les populations civiles, la famille des personnes port\u00e9es disparues les soup\u00e7onne d\u2019\u00eatre derri\u00e8re cet enl\u00e8vement.<\/p>\n<p>La premi\u00e8re personne disparue, un jeune chr\u00e9tien du quartier du centre-ville. Le jeudi dernier, il disait \u00e0 ses proches qu\u2019il aille au champ, mais deux jours apr\u00e8s, ce samedi 10 juillet, il n\u2019est pas rentr\u00e9 \u00e0 la maison. Ses parents le cherchent en vain, m\u00eame dans son champ.<\/p>\n<p>La deuxi\u00e8me victime, un jeune musulman du quartier Bornou qui a \u00e9t\u00e9 subitement port\u00e9 disparu vendredi 09 juillet. Son absence a \u00e9t\u00e9 constat\u00e9e 24 heures plus tard, ce samedi 10 juillet \u00e0 19 heures. Cette double disparition soul\u00e8ve d\u2019\u00e9normes inqui\u00e9tudes au sein de la population \u00e0 Ippy. Mais les parents, de leur c\u00f4t\u00e9, soup\u00e7onnent quant \u00e0 eux les mercenaires de Wagner ou les soldats FACA d\u2019\u00eatre derri\u00e8re cette double disparition.<\/p>\n<p>Selon les parents de la premi\u00e8re personne disparue, le m\u00eame jour, c\u2019est-\u00e0-dire le jeudi dernier, au moment de son retour du champ, il avait crois\u00e9 un jeune de son quartier \u00e0 moins d\u2019un kilom\u00e8tre de l\u2019entr\u00e9e de la ville. Ce qui les pousse \u00e0 imaginer qu\u2019il serait enlev\u00e9 ici \u00e0 Ippy et non dans la for\u00eat. Pour la deuxi\u00e8me personne, ses parents d\u00e9clarent qu\u2019il est commer\u00e7ant, et ne travaille pas en dehors d\u2019Ippy, sa ville natale. Son enl\u00e8vement aurait eu lieu ici dans la ville, insistent-ils.<\/p>\n<p>Deux cas de disparition la semaine derni\u00e8re \u00e0 Ippy, et plusieurs questions restent en suspens.<\/p>\n<p>Il convient de rappeler que depuis plusieurs mois, les soldats FACA bas\u00e9s \u00e0 Ippy ont interdit \u00e0 toute la population, quel que soit l\u2019\u00e2ge, de parler, discuter ou croiser un Casque bleu de la Minusca. Faute de quoi, la personne qui ne respecte pas cette d\u00e9cision serait arr\u00eat\u00e9e et transf\u00e9r\u00e9 \u00e0 Bangui. Ainsi, la peur s\u2019empare de la population qui \u00e9vite d\u2019aller signaler des cas pareils \u00e0 la Minusca ou aux ONG.<\/p>\n<p><b>\u00a0<\/b><\/p>\n","protected":false},"excerpt":{"rendered":"<p>Africa-Press &#8211; CentrAfricaine.\u00a0 \u00a0Face \u00e0 la pression incessante des \u00e9l\u00e9ments des forces arm\u00e9es centrafricaines (FACA) et les mercenaires russes de la soci\u00e9t\u00e9 Wagner sur les populations civiles, la famille des personnes port\u00e9es disparues les soup\u00e7onne d\u2019\u00eatre derri\u00e8re cet enl\u00e8vement. La premi\u00e8re personne disparue, un jeune chr\u00e9tien du quartier du centre-ville. Le jeudi dernier, il disait [&hellip;]<\/p>\n","protected":false},"author":82,"featured_media":8774,"comment_status":"open","ping_status":"closed","sticky":false,"template":"","format":"standard","meta":{"footnotes":""},"categories":[21,11,10],"tags":[36,58,30],"class_list":["post-8775","post","type-post","status-publish","format-standard","has-post-thumbnail","hentry","category-communaute","category-homepage-french","category-toutes-les-actualites","tag-africa-press","tag-africa-press-centrafricaine","tag-centrafricaine"],"yoast_head":"<!-- This site is optimized with the Yoast SEO Premium plugin v26.1 (Yoast SEO v27.0) - https:\/\/yoast.com\/product\/yoast-seo-premium-wordpress\/ -->\n<title>Ippy, deux personnes port\u00e9es disparues, leurs familles soup\u00e7onnent les FACA et les mercenaires de Wagner - centrafricaine<\/title>\n<meta name=\"description\" content=\"Bangui, R\u00e9publique centrafricaine, lundi, 11 juillet 2021, 03:20:37 ( Corbeaunews-Centrafrique ). Face \u00e0 la pres ...\" \/>\n<meta name=\"robots\" content=\"index, follow, max-snippet:-1, max-image-preview:large, max-video-preview:-1\" \/>\n<link rel=\"canonical\" href=\"https:\/\/www.africa-press.net\/centrafricaine\/toutes-les-actualites\/ippy-deux-personnes-portees-disparues-leurs-familles-soupconnent-les-faca-et-les-mercenaires-de-wagner\" \/>\n<meta property=\"og:locale\" content=\"fr_FR\" \/>\n<meta property=\"og:type\" content=\"article\" \/>\n<meta property=\"og:title\" content=\"Ippy, deux personnes port\u00e9es disparues, leurs familles soup\u00e7onnent les FACA et les mercenaires de Wagner\" \/>\n<meta property=\"og:description\" content=\"Bangui, R\u00e9publique centrafricaine, lundi, 11 juillet 2021, 03:20:37 ( Corbeaunews-Centrafrique ). Face \u00e0 la pres ...\" \/>\n<meta property=\"og:url\" content=\"https:\/\/www.africa-press.net\/centrafricaine\/toutes-les-actualites\/ippy-deux-personnes-portees-disparues-leurs-familles-soupconnent-les-faca-et-les-mercenaires-de-wagner\" \/>\n<meta property=\"og:site_name\" content=\"centrafricaine\" \/>\n<meta property=\"article:published_time\" content=\"2021-07-13T17:15:08+00:00\" \/>\n<meta property=\"article:modified_time\" content=\"2021-07-14T14:12:49+00:00\" \/>\n<meta property=\"og:image\" content=\"https:\/\/static.africa-press.net\/centrafricaine\/sites\/45\/2021\/07\/img-60edc4e391241.jpg\" \/>\n\t<meta property=\"og:image:width\" content=\"1000\" \/>\n\t<meta property=\"og:image:height\" content=\"550\" \/>\n\t<meta property=\"og:image:type\" content=\"image\/jpeg\" \/>\n<meta name=\"author\" content=\"cfeditorfr\" \/>\n<meta name=\"twitter:card\" content=\"summary_large_image\" \/>\n<meta name=\"twitter:label1\" content=\"\u00c9crit par\" \/>\n\t<meta name=\"twitter:data1\" content=\"cfeditorfr\" \/>\n\t<meta name=\"twitter:label2\" content=\"Dur\u00e9e de lecture estim\u00e9e\" \/>\n\t<meta name=\"twitter:data2\" content=\"2 minutes\" \/>\n<script type=\"application\/ld+json\" class=\"yoast-schema-graph\">{\"@context\":\"https:\/\/schema.org\",\"@graph\":[{\"@type\":\"Article\",\"@id\":\"https:\/\/www.africa-press.net\/centrafricaine\/toutes-les-actualites\/ippy-deux-personnes-portees-disparues-leurs-familles-soupconnent-les-faca-et-les-mercenaires-de-wagner#article\",\"isPartOf\":{\"@id\":\"https:\/\/www.africa-press.net\/centrafricaine\/toutes-les-actualites\/ippy-deux-personnes-portees-disparues-leurs-familles-soupconnent-les-faca-et-les-mercenaires-de-wagner\"},\"author\":{\"name\":\"cfeditorfr\",\"@id\":\"https:\/\/www.africa-press.net\/centrafricaine\/#\/schema\/person\/2b1cf3cd81a31e3cd26889ca66d677f1\"},\"headline\":\"Ippy, deux personnes port\u00e9es disparues, leurs familles soup\u00e7onnent les FACA et les mercenaires de Wagner\",\"datePublished\":\"2021-07-13T17:15:08+00:00\",\"dateModified\":\"2021-07-14T14:12:49+00:00\",\"mainEntityOfPage\":{\"@id\":\"https:\/\/www.africa-press.net\/centrafricaine\/toutes-les-actualites\/ippy-deux-personnes-portees-disparues-leurs-familles-soupconnent-les-faca-et-les-mercenaires-de-wagner\"},\"wordCount\":376,\"commentCount\":0,\"image\":{\"@id\":\"https:\/\/www.africa-press.net\/centrafricaine\/toutes-les-actualites\/ippy-deux-personnes-portees-disparues-leurs-familles-soupconnent-les-faca-et-les-mercenaires-de-wagner#primaryimage\"},\"thumbnailUrl\":\"https:\/\/static.africa-press.net\/centrafricaine\/sites\/45\/2021\/07\/img-60edc4e391241.jpg\",\"keywords\":[\"Africa Press\",\"Africa Press-CentrAfricaine\",\"CentrAfricaine\"],\"articleSection\":[\"Communaut\u00e9\",\"homepage-french\",\"Toutes les actualit\u00e9s\"],\"inLanguage\":\"fr-FR\",\"potentialAction\":[{\"@type\":\"CommentAction\",\"name\":\"Comment\",\"target\":[\"https:\/\/www.africa-press.net\/centrafricaine\/toutes-les-actualites\/ippy-deux-personnes-portees-disparues-leurs-familles-soupconnent-les-faca-et-les-mercenaires-de-wagner#respond\"]}]},{\"@type\":\"WebPage\",\"@id\":\"https:\/\/www.africa-press.net\/centrafricaine\/toutes-les-actualites\/ippy-deux-personnes-portees-disparues-leurs-familles-soupconnent-les-faca-et-les-mercenaires-de-wagner\",\"url\":\"https:\/\/www.africa-press.net\/centrafricaine\/toutes-les-actualites\/ippy-deux-personnes-portees-disparues-leurs-familles-soupconnent-les-faca-et-les-mercenaires-de-wagner\",\"name\":\"Ippy, deux personnes port\u00e9es disparues, leurs familles soup\u00e7onnent les FACA et les mercenaires de Wagner - centrafricaine\",\"isPartOf\":{\"@id\":\"https:\/\/www.africa-press.net\/centrafricaine\/#website\"},\"primaryImageOfPage\":{\"@id\":\"https:\/\/www.africa-press.net\/centrafricaine\/toutes-les-actualites\/ippy-deux-personnes-portees-disparues-leurs-familles-soupconnent-les-faca-et-les-mercenaires-de-wagner#primaryimage\"},\"image\":{\"@id\":\"https:\/\/www.africa-press.net\/centrafricaine\/toutes-les-actualites\/ippy-deux-personnes-portees-disparues-leurs-familles-soupconnent-les-faca-et-les-mercenaires-de-wagner#primaryimage\"},\"thumbnailUrl\":\"https:\/\/static.africa-press.net\/centrafricaine\/sites\/45\/2021\/07\/img-60edc4e391241.jpg\",\"datePublished\":\"2021-07-13T17:15:08+00:00\",\"dateModified\":\"2021-07-14T14:12:49+00:00\",\"author\":{\"@id\":\"https:\/\/www.africa-press.net\/centrafricaine\/#\/schema\/person\/2b1cf3cd81a31e3cd26889ca66d677f1\"},\"description\":\"Bangui, R\u00e9publique centrafricaine, lundi, 11 juillet 2021, 03:20:37 ( Corbeaunews-Centrafrique ). Face \u00e0 la pres ...\",\"breadcrumb\":{\"@id\":\"https:\/\/www.africa-press.net\/centrafricaine\/toutes-les-actualites\/ippy-deux-personnes-portees-disparues-leurs-familles-soupconnent-les-faca-et-les-mercenaires-de-wagner#breadcrumb\"},\"inLanguage\":\"fr-FR\",\"potentialAction\":[{\"@type\":\"ReadAction\",\"target\":[\"https:\/\/www.africa-press.net\/centrafricaine\/toutes-les-actualites\/ippy-deux-personnes-portees-disparues-leurs-familles-soupconnent-les-faca-et-les-mercenaires-de-wagner\"]}]},{\"@type\":\"ImageObject\",\"inLanguage\":\"fr-FR\",\"@id\":\"https:\/\/www.africa-press.net\/centrafricaine\/toutes-les-actualites\/ippy-deux-personnes-portees-disparues-leurs-familles-soupconnent-les-faca-et-les-mercenaires-de-wagner#primaryimage\",\"url\":\"https:\/\/static.africa-press.net\/centrafricaine\/sites\/45\/2021\/07\/img-60edc4e391241.jpg\",\"contentUrl\":\"https:\/\/static.africa-press.net\/centrafricaine\/sites\/45\/2021\/07\/img-60edc4e391241.jpg\",\"width\":1000,\"height\":550,\"caption\":\"Ippy, deux personnes port\u00e9es disparues, leurs familles soup\u00e7onnent les FACA et les mercenaires de Wagner\"},{\"@type\":\"BreadcrumbList\",\"@id\":\"https:\/\/www.africa-press.net\/centrafricaine\/toutes-les-actualites\/ippy-deux-personnes-portees-disparues-leurs-familles-soupconnent-les-faca-et-les-mercenaires-de-wagner#breadcrumb\",\"itemListElement\":[{\"@type\":\"ListItem\",\"position\":1,\"name\":\"Accueil\",\"item\":\"https:\/\/www.africa-press.net\/centrafricaine\/\"},{\"@type\":\"ListItem\",\"position\":2,\"name\":\"Ippy, deux personnes port\u00e9es disparues, leurs familles soup\u00e7onnent les FACA et les mercenaires de Wagner\"}]},{\"@type\":\"WebSite\",\"@id\":\"https:\/\/www.africa-press.net\/centrafricaine\/#website\",\"url\":\"https:\/\/www.africa-press.net\/centrafricaine\/\",\"name\":\"centrafricaine\",\"description\":\"Just another Africa News Agency Sites site\",\"potentialAction\":[{\"@type\":\"SearchAction\",\"target\":{\"@type\":\"EntryPoint\",\"urlTemplate\":\"https:\/\/www.africa-press.net\/centrafricaine\/?s={search_term_string}\"},\"query-input\":{\"@type\":\"PropertyValueSpecification\",\"valueRequired\":true,\"valueName\":\"search_term_string\"}}],\"inLanguage\":\"fr-FR\"},{\"@type\":\"Person\",\"@id\":\"https:\/\/www.africa-press.net\/centrafricaine\/#\/schema\/person\/2b1cf3cd81a31e3cd26889ca66d677f1\",\"name\":\"cfeditorfr\"}]}<\/script>\n<!-- \/ Yoast SEO Premium plugin. -->","yoast_head_json":{"title":"Ippy, deux personnes port\u00e9es disparues, leurs familles soup\u00e7onnent les FACA et les mercenaires de Wagner - centrafricaine","description":"Bangui, R\u00e9publique centrafricaine, lundi, 11 juillet 2021, 03:20:37 ( Corbeaunews-Centrafrique ). Face \u00e0 la pres ...","robots":{"index":"index","follow":"follow","max-snippet":"max-snippet:-1","max-image-preview":"max-image-preview:large","max-video-preview":"max-video-preview:-1"},"canonical":"https:\/\/www.africa-press.net\/centrafricaine\/toutes-les-actualites\/ippy-deux-personnes-portees-disparues-leurs-familles-soupconnent-les-faca-et-les-mercenaires-de-wagner","og_locale":"fr_FR","og_type":"article","og_title":"Ippy, deux personnes port\u00e9es disparues, leurs familles soup\u00e7onnent les FACA et les mercenaires de Wagner","og_description":"Bangui, R\u00e9publique centrafricaine, lundi, 11 juillet 2021, 03:20:37 ( Corbeaunews-Centrafrique ). Face \u00e0 la pres ...","og_url":"https:\/\/www.africa-press.net\/centrafricaine\/toutes-les-actualites\/ippy-deux-personnes-portees-disparues-leurs-familles-soupconnent-les-faca-et-les-mercenaires-de-wagner","og_site_name":"centrafricaine","article_published_time":"2021-07-13T17:15:08+00:00","article_modified_time":"2021-07-14T14:12:49+00:00","og_image":[{"width":1000,"height":550,"url":"https:\/\/static.africa-press.net\/centrafricaine\/sites\/45\/2021\/07\/img-60edc4e391241.jpg","type":"image\/jpeg"}],"author":"cfeditorfr","twitter_card":"summary_large_image","twitter_misc":{"\u00c9crit par":"cfeditorfr","Dur\u00e9e de lecture estim\u00e9e":"2 minutes"},"schema":{"@context":"https:\/\/schema.org","@graph":[{"@type":"Article","@id":"https:\/\/www.africa-press.net\/centrafricaine\/toutes-les-actualites\/ippy-deux-personnes-portees-disparues-leurs-familles-soupconnent-les-faca-et-les-mercenaires-de-wagner#article","isPartOf":{"@id":"https:\/\/www.africa-press.net\/centrafricaine\/toutes-les-actualites\/ippy-deux-personnes-portees-disparues-leurs-familles-soupconnent-les-faca-et-les-mercenaires-de-wagner"},"author":{"name":"cfeditorfr","@id":"https:\/\/www.africa-press.net\/centrafricaine\/#\/schema\/person\/2b1cf3cd81a31e3cd26889ca66d677f1"},"headline":"Ippy, deux personnes port\u00e9es disparues, leurs familles soup\u00e7onnent les FACA et les mercenaires de Wagner","datePublished":"2021-07-13T17:15:08+00:00","dateModified":"2021-07-14T14:12:49+00:00","mainEntityOfPage":{"@id":"https:\/\/www.africa-press.net\/centrafricaine\/toutes-les-actualites\/ippy-deux-personnes-portees-disparues-leurs-familles-soupconnent-les-faca-et-les-mercenaires-de-wagner"},"wordCount":376,"commentCount":0,"image":{"@id":"https:\/\/www.africa-press.net\/centrafricaine\/toutes-les-actualites\/ippy-deux-personnes-portees-disparues-leurs-familles-soupconnent-les-faca-et-les-mercenaires-de-wagner#primaryimage"},"thumbnailUrl":"https:\/\/static.africa-press.net\/centrafricaine\/sites\/45\/2021\/07\/img-60edc4e391241.jpg","keywords":["Africa Press","Africa Press-CentrAfricaine","CentrAfricaine"],"articleSection":["Communaut\u00e9","homepage-french","Toutes les actualit\u00e9s"],"inLanguage":"fr-FR","potentialAction":[{"@type":"CommentAction","name":"Comment","target":["https:\/\/www.africa-press.net\/centrafricaine\/toutes-les-actualites\/ippy-deux-personnes-portees-disparues-leurs-familles-soupconnent-les-faca-et-les-mercenaires-de-wagner#respond"]}]},{"@type":"WebPage","@id":"https:\/\/www.africa-press.net\/centrafricaine\/toutes-les-actualites\/ippy-deux-personnes-portees-disparues-leurs-familles-soupconnent-les-faca-et-les-mercenaires-de-wagner","url":"https:\/\/www.africa-press.net\/centrafricaine\/toutes-les-actualites\/ippy-deux-personnes-portees-disparues-leurs-familles-soupconnent-les-faca-et-les-mercenaires-de-wagner","name":"Ippy, deux personnes port\u00e9es disparues, leurs familles soup\u00e7onnent les FACA et les mercenaires de Wagner - centrafricaine","isPartOf":{"@id":"https:\/\/www.africa-press.net\/centrafricaine\/#website"},"primaryImageOfPage":{"@id":"https:\/\/www.africa-press.net\/centrafricaine\/toutes-les-actualites\/ippy-deux-personnes-portees-disparues-leurs-familles-soupconnent-les-faca-et-les-mercenaires-de-wagner#primaryimage"},"image":{"@id":"https:\/\/www.africa-press.net\/centrafricaine\/toutes-les-actualites\/ippy-deux-personnes-portees-disparues-leurs-familles-soupconnent-les-faca-et-les-mercenaires-de-wagner#primaryimage"},"thumbnailUrl":"https:\/\/static.africa-press.net\/centrafricaine\/sites\/45\/2021\/07\/img-60edc4e391241.jpg","datePublished":"2021-07-13T17:15:08+00:00","dateModified":"2021-07-14T14:12:49+00:00","author":{"@id":"https:\/\/www.africa-press.net\/centrafricaine\/#\/schema\/person\/2b1cf3cd81a31e3cd26889ca66d677f1"},"description":"Bangui, R\u00e9publique centrafricaine, lundi, 11 juillet 2021, 03:20:37 ( Corbeaunews-Centrafrique ). Face \u00e0 la pres ...","breadcrumb":{"@id":"https:\/\/www.africa-press.net\/centrafricaine\/toutes-les-actualites\/ippy-deux-personnes-portees-disparues-leurs-familles-soupconnent-les-faca-et-les-mercenaires-de-wagner#breadcrumb"},"inLanguage":"fr-FR","potentialAction":[{"@type":"ReadAction","target":["https:\/\/www.africa-press.net\/centrafricaine\/toutes-les-actualites\/ippy-deux-personnes-portees-disparues-leurs-familles-soupconnent-les-faca-et-les-mercenaires-de-wagner"]}]},{"@type":"ImageObject","inLanguage":"fr-FR","@id":"https:\/\/www.africa-press.net\/centrafricaine\/toutes-les-actualites\/ippy-deux-personnes-portees-disparues-leurs-familles-soupconnent-les-faca-et-les-mercenaires-de-wagner#primaryimage","url":"https:\/\/static.africa-press.net\/centrafricaine\/sites\/45\/2021\/07\/img-60edc4e391241.jpg","contentUrl":"https:\/\/static.africa-press.net\/centrafricaine\/sites\/45\/2021\/07\/img-60edc4e391241.jpg","width":1000,"height":550,"caption":"Ippy, deux personnes port\u00e9es disparues, leurs familles soup\u00e7onnent les FACA et les mercenaires de Wagner"},{"@type":"BreadcrumbList","@id":"https:\/\/www.africa-press.net\/centrafricaine\/toutes-les-actualites\/ippy-deux-personnes-portees-disparues-leurs-familles-soupconnent-les-faca-et-les-mercenaires-de-wagner#breadcrumb","itemListElement":[{"@type":"ListItem","position":1,"name":"Accueil","item":"https:\/\/www.africa-press.net\/centrafricaine\/"},{"@type":"ListItem","position":2,"name":"Ippy, deux personnes port\u00e9es disparues, leurs familles soup\u00e7onnent les FACA et les mercenaires de Wagner"}]},{"@type":"WebSite","@id":"https:\/\/www.africa-press.net\/centrafricaine\/#website","url":"https:\/\/www.africa-press.net\/centrafricaine\/","name":"centrafricaine","description":"Just another Africa News Agency Sites site","potentialAction":[{"@type":"SearchAction","target":{"@type":"EntryPoint","urlTemplate":"https:\/\/www.africa-press.net\/centrafricaine\/?s={search_term_string}"},"query-input":{"@type":"PropertyValueSpecification","valueRequired":true,"valueName":"search_term_string"}}],"inLanguage":"fr-FR"},{"@type":"Person","@id":"https:\/\/www.africa-press.net\/centrafricaine\/#\/schema\/person\/2b1cf3cd81a31e3cd26889ca66d677f1","name":"cfeditorfr"}]}},"_links":{"self":[{"href":"https:\/\/www.africa-press.net\/centrafricaine\/wp-json\/wp\/v2\/posts\/8775","targetHints":{"allow":["GET"]}}],"collection":[{"href":"https:\/\/www.africa-press.net\/centrafricaine\/wp-json\/wp\/v2\/posts"}],"about":[{"href":"https:\/\/www.africa-press.net\/centrafricaine\/wp-json\/wp\/v2\/types\/post"}],"author":[{"embeddable":true,"href":"https:\/\/www.africa-press.net\/centrafricaine\/wp-json\/wp\/v2\/users\/82"}],"replies":[{"embeddable":true,"href":"https:\/\/www.africa-press.net\/centrafricaine\/wp-json\/wp\/v2\/comments?post=8775"}],"version-history":[{"count":0,"href":"https:\/\/www.africa-press.net\/centrafricaine\/wp-json\/wp\/v2\/posts\/8775\/revisions"}],"wp:featuredmedia":[{"embeddable":true,"href":"https:\/\/www.africa-press.net\/centrafricaine\/wp-json\/wp\/v2\/media\/8774"}],"wp:attachment":[{"href":"https:\/\/www.africa-press.net\/centrafricaine\/wp-json\/wp\/v2\/media?parent=8775"}],"wp:term":[{"taxonomy":"category","embeddable":true,"href":"https:\/\/www.africa-press.net\/centrafricaine\/wp-json\/wp\/v2\/categories?post=8775"},{"taxonomy":"post_tag","embeddable":true,"href":"https:\/\/www.africa-press.net\/centrafricaine\/wp-json\/wp\/v2\/tags?post=8775"}],"curies":[{"name":"wp","href":"https:\/\/api.w.org\/{rel}","templated":true}]}}