{"id":8778,"date":"2021-07-13T17:23:16","date_gmt":"2021-07-13T17:23:16","guid":{"rendered":"https:\/\/www.africa-press.net\/centrafricaine\/?p=8778"},"modified":"2021-07-14T14:13:00","modified_gmt":"2021-07-14T14:13:00","slug":"rca-bria-la-tension-est-a-son-comble-entre-les-casques-bleus-et-les-mercenaires-de-wagner","status":"publish","type":"post","link":"https:\/\/www.africa-press.net\/centrafricaine\/politique\/rca-bria-la-tension-est-a-son-comble-entre-les-casques-bleus-et-les-mercenaires-de-wagner","title":{"rendered":"Bria, la tension est \u00e0 son comble entre les Casques bleus et les mercenaires de Wagner"},"content":{"rendered":"<p><span style=\"color: #ff6600\"><strong><a href=\"https:\/\/www.africa-press.net\/\">Africa-Press<\/a> &#8211; <a href=\"https:\/\/www.africa-press.net\/centrafricaine\">CentrAfricaine<\/a>.\u00a0 <\/strong><\/span>\u00a0Trois jours apr\u00e8s la tentative d\u2019arrestation \u00e0 Bria du chef du d\u00e9tachement des forces arm\u00e9es centrafricaines (FACA), la tension est toujours vive entre les mercenaires de Wagner et les Casques bleus de la Minusca, provoquant ainsi un face-\u00e0-face tendu entre eux dans un quartier de Bria la semaine derni\u00e8re.<\/p>\n<p>Depuis quatre jours, on assiste miraculeusement \u00e0 un d\u00e9part massif des jeunes de Bria pour la capitale Bangui. Ils \u00e9voquent la situation s\u00e9curitaire qui pr\u00e9vaut en ce moment dans leur ville.<\/p>\n<p>Selon plusieurs d\u2019entre eux, les mercenaires de la soci\u00e9t\u00e9 russe Wagner ont jur\u00e9 de mener une op\u00e9ration muscl\u00e9e dans les prochains jours dans les diff\u00e9rents quartiers de la ville.<\/p>\n<p><b>\u00ab Officiellement, les hommes de Wagner disaient qu\u2019ils vont chercher des armes et des effets militaires, mais officieusement, leur objectif serait d\u2019arr\u00eater massivement les jeunes qu\u2019ils consid\u00e8rent d\u00e9sormais comme des complices du capitaine des FACA en fuite \u00bb<\/b><\/p>\n<p>, affirment-ils.<\/p>\n<p>Ainsi, quelques-uns d\u2019entre eux sont partis alerter le service des droits de l\u2019homme et de s\u00e9curit\u00e9 des Nations unies. Mais ce samedi 10 juillet vers 16 heures, une colonne des mercenaires de Wagner, lourdement arm\u00e9s et dans leur v\u00e9hicule, est entr\u00e9e dans le quartier Mandet, situ\u00e9 au centre-ville. Les Casques bleus, inform\u00e9s aussi de la nouvelle, ont suivi les hommes de Wagner dans ce quartier. Lourdement arm\u00e9s dans leur v\u00e9hicule blind\u00e9, les Casques bleus, arme au poing, ont pris position dans des coins strat\u00e9giques du quartier Mandet face aux mercenaires de Wagner. Mais face \u00e0 la pr\u00e9sence de la Minusca, les mercenaires de Wagner ont laiss\u00e9 tomber leur plan et retournent dans leur base.<\/p>\n<p>D\u00e9sormais, les Casques bleus affirment que chaque d\u00e9placement des Wagner sera suivi d\u2019une \u00e9quipe arm\u00e9e afin d\u2019enqu\u00eater de pr\u00e8s sur leurs faits et gestes.<\/p>\n<p>Rappelons que le jeudi dernier, un capitaine de l\u2019arm\u00e9e nationale, chef du d\u00e9tachement militaire \u00e0 Bria a failli d\u2019\u00eatre arr\u00eat\u00e9 par les mercenaires de Wagner. Soup\u00e7onn\u00e9 d\u2019avoir vendu des armes aux jeunes de Bria qu\u2019ils consid\u00e8rent comme des \u00ab complices \u00bb des rebelles, l\u2019homme avait pris fuite, et s\u2019est r\u00e9fugi\u00e9 dans la base de la Minusca. Ce qui a provoqu\u00e9 une vive tension entre les Casques bleus et les hommes de Wagner qui accusent d\u00e9sormais les jeunes de Bria, notamment du quartier Mandet d\u2019\u00eatre des complices de ce fameux capitaine.<\/p>\n<p><b>\u00a0<\/b><\/p>\n","protected":false},"excerpt":{"rendered":"<p>Africa-Press &#8211; CentrAfricaine.\u00a0 \u00a0Trois jours apr\u00e8s la tentative d\u2019arrestation \u00e0 Bria du chef du d\u00e9tachement des forces arm\u00e9es centrafricaines (FACA), la tension est toujours vive entre les mercenaires de Wagner et les Casques bleus de la Minusca, provoquant ainsi un face-\u00e0-face tendu entre eux dans un quartier de Bria la semaine derni\u00e8re. Depuis quatre jours, [&hellip;]<\/p>\n","protected":false},"author":82,"featured_media":8777,"comment_status":"open","ping_status":"closed","sticky":false,"template":"","format":"standard","meta":{"footnotes":""},"categories":[11,2,10],"tags":[36,58,30],"class_list":["post-8778","post","type-post","status-publish","format-standard","has-post-thumbnail","hentry","category-homepage-french","category-politique","category-toutes-les-actualites","tag-africa-press","tag-africa-press-centrafricaine","tag-centrafricaine"],"yoast_head":"<!-- This site is optimized with the Yoast SEO Premium plugin v26.1 (Yoast SEO v27.0) - https:\/\/yoast.com\/product\/yoast-seo-premium-wordpress\/ -->\n<title>Bria, la tension est \u00e0 son comble entre les Casques bleus et les mercenaires de Wagner - centrafricaine<\/title>\n<meta name=\"description\" content=\"Bangui, R\u00e9publique centrafricaine, lundi, 12 juillet 2021, 03:34:38 ( Corbeaunews-Centrafrique ). Trois jours ap ...\" \/>\n<meta name=\"robots\" content=\"index, follow, max-snippet:-1, max-image-preview:large, max-video-preview:-1\" \/>\n<link rel=\"canonical\" href=\"https:\/\/www.africa-press.net\/centrafricaine\/politique\/rca-bria-la-tension-est-a-son-comble-entre-les-casques-bleus-et-les-mercenaires-de-wagner\" \/>\n<meta property=\"og:locale\" content=\"fr_FR\" \/>\n<meta property=\"og:type\" content=\"article\" \/>\n<meta property=\"og:title\" content=\"Bria, la tension est \u00e0 son comble entre les Casques bleus et les mercenaires de Wagner\" \/>\n<meta property=\"og:description\" content=\"Bangui, R\u00e9publique centrafricaine, lundi, 12 juillet 2021, 03:34:38 ( Corbeaunews-Centrafrique ). Trois jours ap ...\" \/>\n<meta property=\"og:url\" content=\"https:\/\/www.africa-press.net\/centrafricaine\/politique\/rca-bria-la-tension-est-a-son-comble-entre-les-casques-bleus-et-les-mercenaires-de-wagner\" \/>\n<meta property=\"og:site_name\" content=\"centrafricaine\" \/>\n<meta property=\"article:published_time\" content=\"2021-07-13T17:23:16+00:00\" \/>\n<meta property=\"article:modified_time\" content=\"2021-07-14T14:13:00+00:00\" \/>\n<meta property=\"og:image\" content=\"https:\/\/static.africa-press.net\/centrafricaine\/sites\/45\/2021\/07\/img-60edc51b89faf.jpg\" \/>\n\t<meta property=\"og:image:width\" content=\"720\" \/>\n\t<meta property=\"og:image:height\" content=\"360\" \/>\n\t<meta property=\"og:image:type\" content=\"image\/jpeg\" \/>\n<meta name=\"author\" content=\"cfeditorfr\" \/>\n<meta name=\"twitter:card\" content=\"summary_large_image\" \/>\n<meta name=\"twitter:label1\" content=\"\u00c9crit par\" \/>\n\t<meta name=\"twitter:data1\" content=\"cfeditorfr\" \/>\n\t<meta name=\"twitter:label2\" content=\"Dur\u00e9e de lecture estim\u00e9e\" \/>\n\t<meta name=\"twitter:data2\" content=\"2 minutes\" \/>\n<script type=\"application\/ld+json\" class=\"yoast-schema-graph\">{\"@context\":\"https:\/\/schema.org\",\"@graph\":[{\"@type\":\"Article\",\"@id\":\"https:\/\/www.africa-press.net\/centrafricaine\/politique\/rca-bria-la-tension-est-a-son-comble-entre-les-casques-bleus-et-les-mercenaires-de-wagner#article\",\"isPartOf\":{\"@id\":\"https:\/\/www.africa-press.net\/centrafricaine\/politique\/rca-bria-la-tension-est-a-son-comble-entre-les-casques-bleus-et-les-mercenaires-de-wagner\"},\"author\":{\"name\":\"cfeditorfr\",\"@id\":\"https:\/\/www.africa-press.net\/centrafricaine\/#\/schema\/person\/2b1cf3cd81a31e3cd26889ca66d677f1\"},\"headline\":\"Bria, la tension est \u00e0 son comble entre les Casques bleus et les mercenaires de Wagner\",\"datePublished\":\"2021-07-13T17:23:16+00:00\",\"dateModified\":\"2021-07-14T14:13:00+00:00\",\"mainEntityOfPage\":{\"@id\":\"https:\/\/www.africa-press.net\/centrafricaine\/politique\/rca-bria-la-tension-est-a-son-comble-entre-les-casques-bleus-et-les-mercenaires-de-wagner\"},\"wordCount\":436,\"commentCount\":0,\"image\":{\"@id\":\"https:\/\/www.africa-press.net\/centrafricaine\/politique\/rca-bria-la-tension-est-a-son-comble-entre-les-casques-bleus-et-les-mercenaires-de-wagner#primaryimage\"},\"thumbnailUrl\":\"https:\/\/static.africa-press.net\/centrafricaine\/sites\/45\/2021\/07\/img-60edc51b89faf.jpg\",\"keywords\":[\"Africa Press\",\"Africa Press-CentrAfricaine\",\"CentrAfricaine\"],\"articleSection\":[\"homepage-french\",\"Politique\",\"Toutes les actualit\u00e9s\"],\"inLanguage\":\"fr-FR\",\"potentialAction\":[{\"@type\":\"CommentAction\",\"name\":\"Comment\",\"target\":[\"https:\/\/www.africa-press.net\/centrafricaine\/politique\/rca-bria-la-tension-est-a-son-comble-entre-les-casques-bleus-et-les-mercenaires-de-wagner#respond\"]}]},{\"@type\":\"WebPage\",\"@id\":\"https:\/\/www.africa-press.net\/centrafricaine\/politique\/rca-bria-la-tension-est-a-son-comble-entre-les-casques-bleus-et-les-mercenaires-de-wagner\",\"url\":\"https:\/\/www.africa-press.net\/centrafricaine\/politique\/rca-bria-la-tension-est-a-son-comble-entre-les-casques-bleus-et-les-mercenaires-de-wagner\",\"name\":\"Bria, la tension est \u00e0 son comble entre les Casques bleus et les mercenaires de Wagner - centrafricaine\",\"isPartOf\":{\"@id\":\"https:\/\/www.africa-press.net\/centrafricaine\/#website\"},\"primaryImageOfPage\":{\"@id\":\"https:\/\/www.africa-press.net\/centrafricaine\/politique\/rca-bria-la-tension-est-a-son-comble-entre-les-casques-bleus-et-les-mercenaires-de-wagner#primaryimage\"},\"image\":{\"@id\":\"https:\/\/www.africa-press.net\/centrafricaine\/politique\/rca-bria-la-tension-est-a-son-comble-entre-les-casques-bleus-et-les-mercenaires-de-wagner#primaryimage\"},\"thumbnailUrl\":\"https:\/\/static.africa-press.net\/centrafricaine\/sites\/45\/2021\/07\/img-60edc51b89faf.jpg\",\"datePublished\":\"2021-07-13T17:23:16+00:00\",\"dateModified\":\"2021-07-14T14:13:00+00:00\",\"author\":{\"@id\":\"https:\/\/www.africa-press.net\/centrafricaine\/#\/schema\/person\/2b1cf3cd81a31e3cd26889ca66d677f1\"},\"description\":\"Bangui, R\u00e9publique centrafricaine, lundi, 12 juillet 2021, 03:34:38 ( Corbeaunews-Centrafrique ). Trois jours ap ...\",\"breadcrumb\":{\"@id\":\"https:\/\/www.africa-press.net\/centrafricaine\/politique\/rca-bria-la-tension-est-a-son-comble-entre-les-casques-bleus-et-les-mercenaires-de-wagner#breadcrumb\"},\"inLanguage\":\"fr-FR\",\"potentialAction\":[{\"@type\":\"ReadAction\",\"target\":[\"https:\/\/www.africa-press.net\/centrafricaine\/politique\/rca-bria-la-tension-est-a-son-comble-entre-les-casques-bleus-et-les-mercenaires-de-wagner\"]}]},{\"@type\":\"ImageObject\",\"inLanguage\":\"fr-FR\",\"@id\":\"https:\/\/www.africa-press.net\/centrafricaine\/politique\/rca-bria-la-tension-est-a-son-comble-entre-les-casques-bleus-et-les-mercenaires-de-wagner#primaryimage\",\"url\":\"https:\/\/static.africa-press.net\/centrafricaine\/sites\/45\/2021\/07\/img-60edc51b89faf.jpg\",\"contentUrl\":\"https:\/\/static.africa-press.net\/centrafricaine\/sites\/45\/2021\/07\/img-60edc51b89faf.jpg\",\"width\":720,\"height\":360,\"caption\":\"RCA\u00a0: Bria, la tension est \u00e0 son comble entre les Casques bleus et les mercenaires de Wagner\"},{\"@type\":\"BreadcrumbList\",\"@id\":\"https:\/\/www.africa-press.net\/centrafricaine\/politique\/rca-bria-la-tension-est-a-son-comble-entre-les-casques-bleus-et-les-mercenaires-de-wagner#breadcrumb\",\"itemListElement\":[{\"@type\":\"ListItem\",\"position\":1,\"name\":\"Accueil\",\"item\":\"https:\/\/www.africa-press.net\/centrafricaine\/\"},{\"@type\":\"ListItem\",\"position\":2,\"name\":\"Bria, la tension est \u00e0 son comble entre les Casques bleus et les mercenaires de Wagner\"}]},{\"@type\":\"WebSite\",\"@id\":\"https:\/\/www.africa-press.net\/centrafricaine\/#website\",\"url\":\"https:\/\/www.africa-press.net\/centrafricaine\/\",\"name\":\"centrafricaine\",\"description\":\"Just another Africa News Agency Sites site\",\"potentialAction\":[{\"@type\":\"SearchAction\",\"target\":{\"@type\":\"EntryPoint\",\"urlTemplate\":\"https:\/\/www.africa-press.net\/centrafricaine\/?s={search_term_string}\"},\"query-input\":{\"@type\":\"PropertyValueSpecification\",\"valueRequired\":true,\"valueName\":\"search_term_string\"}}],\"inLanguage\":\"fr-FR\"},{\"@type\":\"Person\",\"@id\":\"https:\/\/www.africa-press.net\/centrafricaine\/#\/schema\/person\/2b1cf3cd81a31e3cd26889ca66d677f1\",\"name\":\"cfeditorfr\"}]}<\/script>\n<!-- \/ Yoast SEO Premium plugin. -->","yoast_head_json":{"title":"Bria, la tension est \u00e0 son comble entre les Casques bleus et les mercenaires de Wagner - centrafricaine","description":"Bangui, R\u00e9publique centrafricaine, lundi, 12 juillet 2021, 03:34:38 ( Corbeaunews-Centrafrique ). Trois jours ap ...","robots":{"index":"index","follow":"follow","max-snippet":"max-snippet:-1","max-image-preview":"max-image-preview:large","max-video-preview":"max-video-preview:-1"},"canonical":"https:\/\/www.africa-press.net\/centrafricaine\/politique\/rca-bria-la-tension-est-a-son-comble-entre-les-casques-bleus-et-les-mercenaires-de-wagner","og_locale":"fr_FR","og_type":"article","og_title":"Bria, la tension est \u00e0 son comble entre les Casques bleus et les mercenaires de Wagner","og_description":"Bangui, R\u00e9publique centrafricaine, lundi, 12 juillet 2021, 03:34:38 ( Corbeaunews-Centrafrique ). Trois jours ap ...","og_url":"https:\/\/www.africa-press.net\/centrafricaine\/politique\/rca-bria-la-tension-est-a-son-comble-entre-les-casques-bleus-et-les-mercenaires-de-wagner","og_site_name":"centrafricaine","article_published_time":"2021-07-13T17:23:16+00:00","article_modified_time":"2021-07-14T14:13:00+00:00","og_image":[{"width":720,"height":360,"url":"https:\/\/static.africa-press.net\/centrafricaine\/sites\/45\/2021\/07\/img-60edc51b89faf.jpg","type":"image\/jpeg"}],"author":"cfeditorfr","twitter_card":"summary_large_image","twitter_misc":{"\u00c9crit par":"cfeditorfr","Dur\u00e9e de lecture estim\u00e9e":"2 minutes"},"schema":{"@context":"https:\/\/schema.org","@graph":[{"@type":"Article","@id":"https:\/\/www.africa-press.net\/centrafricaine\/politique\/rca-bria-la-tension-est-a-son-comble-entre-les-casques-bleus-et-les-mercenaires-de-wagner#article","isPartOf":{"@id":"https:\/\/www.africa-press.net\/centrafricaine\/politique\/rca-bria-la-tension-est-a-son-comble-entre-les-casques-bleus-et-les-mercenaires-de-wagner"},"author":{"name":"cfeditorfr","@id":"https:\/\/www.africa-press.net\/centrafricaine\/#\/schema\/person\/2b1cf3cd81a31e3cd26889ca66d677f1"},"headline":"Bria, la tension est \u00e0 son comble entre les Casques bleus et les mercenaires de Wagner","datePublished":"2021-07-13T17:23:16+00:00","dateModified":"2021-07-14T14:13:00+00:00","mainEntityOfPage":{"@id":"https:\/\/www.africa-press.net\/centrafricaine\/politique\/rca-bria-la-tension-est-a-son-comble-entre-les-casques-bleus-et-les-mercenaires-de-wagner"},"wordCount":436,"commentCount":0,"image":{"@id":"https:\/\/www.africa-press.net\/centrafricaine\/politique\/rca-bria-la-tension-est-a-son-comble-entre-les-casques-bleus-et-les-mercenaires-de-wagner#primaryimage"},"thumbnailUrl":"https:\/\/static.africa-press.net\/centrafricaine\/sites\/45\/2021\/07\/img-60edc51b89faf.jpg","keywords":["Africa Press","Africa Press-CentrAfricaine","CentrAfricaine"],"articleSection":["homepage-french","Politique","Toutes les actualit\u00e9s"],"inLanguage":"fr-FR","potentialAction":[{"@type":"CommentAction","name":"Comment","target":["https:\/\/www.africa-press.net\/centrafricaine\/politique\/rca-bria-la-tension-est-a-son-comble-entre-les-casques-bleus-et-les-mercenaires-de-wagner#respond"]}]},{"@type":"WebPage","@id":"https:\/\/www.africa-press.net\/centrafricaine\/politique\/rca-bria-la-tension-est-a-son-comble-entre-les-casques-bleus-et-les-mercenaires-de-wagner","url":"https:\/\/www.africa-press.net\/centrafricaine\/politique\/rca-bria-la-tension-est-a-son-comble-entre-les-casques-bleus-et-les-mercenaires-de-wagner","name":"Bria, la tension est \u00e0 son comble entre les Casques bleus et les mercenaires de Wagner - centrafricaine","isPartOf":{"@id":"https:\/\/www.africa-press.net\/centrafricaine\/#website"},"primaryImageOfPage":{"@id":"https:\/\/www.africa-press.net\/centrafricaine\/politique\/rca-bria-la-tension-est-a-son-comble-entre-les-casques-bleus-et-les-mercenaires-de-wagner#primaryimage"},"image":{"@id":"https:\/\/www.africa-press.net\/centrafricaine\/politique\/rca-bria-la-tension-est-a-son-comble-entre-les-casques-bleus-et-les-mercenaires-de-wagner#primaryimage"},"thumbnailUrl":"https:\/\/static.africa-press.net\/centrafricaine\/sites\/45\/2021\/07\/img-60edc51b89faf.jpg","datePublished":"2021-07-13T17:23:16+00:00","dateModified":"2021-07-14T14:13:00+00:00","author":{"@id":"https:\/\/www.africa-press.net\/centrafricaine\/#\/schema\/person\/2b1cf3cd81a31e3cd26889ca66d677f1"},"description":"Bangui, R\u00e9publique centrafricaine, lundi, 12 juillet 2021, 03:34:38 ( Corbeaunews-Centrafrique ). Trois jours ap ...","breadcrumb":{"@id":"https:\/\/www.africa-press.net\/centrafricaine\/politique\/rca-bria-la-tension-est-a-son-comble-entre-les-casques-bleus-et-les-mercenaires-de-wagner#breadcrumb"},"inLanguage":"fr-FR","potentialAction":[{"@type":"ReadAction","target":["https:\/\/www.africa-press.net\/centrafricaine\/politique\/rca-bria-la-tension-est-a-son-comble-entre-les-casques-bleus-et-les-mercenaires-de-wagner"]}]},{"@type":"ImageObject","inLanguage":"fr-FR","@id":"https:\/\/www.africa-press.net\/centrafricaine\/politique\/rca-bria-la-tension-est-a-son-comble-entre-les-casques-bleus-et-les-mercenaires-de-wagner#primaryimage","url":"https:\/\/static.africa-press.net\/centrafricaine\/sites\/45\/2021\/07\/img-60edc51b89faf.jpg","contentUrl":"https:\/\/static.africa-press.net\/centrafricaine\/sites\/45\/2021\/07\/img-60edc51b89faf.jpg","width":720,"height":360,"caption":"RCA\u00a0: Bria, la tension est \u00e0 son comble entre les Casques bleus et les mercenaires de Wagner"},{"@type":"BreadcrumbList","@id":"https:\/\/www.africa-press.net\/centrafricaine\/politique\/rca-bria-la-tension-est-a-son-comble-entre-les-casques-bleus-et-les-mercenaires-de-wagner#breadcrumb","itemListElement":[{"@type":"ListItem","position":1,"name":"Accueil","item":"https:\/\/www.africa-press.net\/centrafricaine\/"},{"@type":"ListItem","position":2,"name":"Bria, la tension est \u00e0 son comble entre les Casques bleus et les mercenaires de Wagner"}]},{"@type":"WebSite","@id":"https:\/\/www.africa-press.net\/centrafricaine\/#website","url":"https:\/\/www.africa-press.net\/centrafricaine\/","name":"centrafricaine","description":"Just another Africa News Agency Sites site","potentialAction":[{"@type":"SearchAction","target":{"@type":"EntryPoint","urlTemplate":"https:\/\/www.africa-press.net\/centrafricaine\/?s={search_term_string}"},"query-input":{"@type":"PropertyValueSpecification","valueRequired":true,"valueName":"search_term_string"}}],"inLanguage":"fr-FR"},{"@type":"Person","@id":"https:\/\/www.africa-press.net\/centrafricaine\/#\/schema\/person\/2b1cf3cd81a31e3cd26889ca66d677f1","name":"cfeditorfr"}]}},"_links":{"self":[{"href":"https:\/\/www.africa-press.net\/centrafricaine\/wp-json\/wp\/v2\/posts\/8778","targetHints":{"allow":["GET"]}}],"collection":[{"href":"https:\/\/www.africa-press.net\/centrafricaine\/wp-json\/wp\/v2\/posts"}],"about":[{"href":"https:\/\/www.africa-press.net\/centrafricaine\/wp-json\/wp\/v2\/types\/post"}],"author":[{"embeddable":true,"href":"https:\/\/www.africa-press.net\/centrafricaine\/wp-json\/wp\/v2\/users\/82"}],"replies":[{"embeddable":true,"href":"https:\/\/www.africa-press.net\/centrafricaine\/wp-json\/wp\/v2\/comments?post=8778"}],"version-history":[{"count":0,"href":"https:\/\/www.africa-press.net\/centrafricaine\/wp-json\/wp\/v2\/posts\/8778\/revisions"}],"wp:featuredmedia":[{"embeddable":true,"href":"https:\/\/www.africa-press.net\/centrafricaine\/wp-json\/wp\/v2\/media\/8777"}],"wp:attachment":[{"href":"https:\/\/www.africa-press.net\/centrafricaine\/wp-json\/wp\/v2\/media?parent=8778"}],"wp:term":[{"taxonomy":"category","embeddable":true,"href":"https:\/\/www.africa-press.net\/centrafricaine\/wp-json\/wp\/v2\/categories?post=8778"},{"taxonomy":"post_tag","embeddable":true,"href":"https:\/\/www.africa-press.net\/centrafricaine\/wp-json\/wp\/v2\/tags?post=8778"}],"curies":[{"name":"wp","href":"https:\/\/api.w.org\/{rel}","templated":true}]}}