{"id":8784,"date":"2021-07-13T17:43:44","date_gmt":"2021-07-13T17:43:44","guid":{"rendered":"https:\/\/www.africa-press.net\/centrafricaine\/?p=8784"},"modified":"2021-07-13T16:57:03","modified_gmt":"2021-07-13T16:57:03","slug":"bria-un-operateur-economique-arrete-tot-ce-matin-a-son-domicile-par-les-mercenaires-de-wagner","status":"publish","type":"post","link":"https:\/\/www.africa-press.net\/centrafricaine\/politique\/bria-un-operateur-economique-arrete-tot-ce-matin-a-son-domicile-par-les-mercenaires-de-wagner","title":{"rendered":"Bria, un op\u00e9rateur \u00e9conomique arr\u00eat\u00e9 t\u00f4t ce matin \u00e0 son domicile par les mercenaires de Wagner"},"content":{"rendered":"<p><span style=\"color: #ff6600\"><strong><a href=\"https:\/\/www.africa-press.net\/\">Africa-Press<\/a> &#8211; <a href=\"https:\/\/www.africa-press.net\/centrafricaine\">CentrAfricaine<\/a>. <\/strong><\/span><b>Bangui, R\u00e9publique centrafricaine,<\/b><\/p>\n<p>lundi, 12 juillet 2021, 11:07:21 ( Corbeaunews-Centrafrique ). Face \u00e0 la nouvelle d\u00e9cision des Casques bleus de les suivre de pr\u00e8s dans toute leur op\u00e9ration, les hommes de Wagner changent de strat\u00e9gie. Ils op\u00e8rent d\u00e9sormais la nuit ou tr\u00e8s t\u00f4t le matin chez leur victime. C\u2019est ce qui s\u2019est pass\u00e9 ce tr\u00e8s t\u00f4t ce matin du lundi 12 juillet au domicile d\u2019un op\u00e9rateur \u00e9conomique \u00e0 Bria, dans la Haute-Kotto.<\/p>\n<p>Il s\u2019appelle Abdoulaye, il est acheteur de diamant depuis plusieurs ann\u00e9es \u00e0 Bria. Mais ce lundi matin, il a \u00e9t\u00e9 interpell\u00e9 \u00e0 son domicile du quartier Piango par les mercenaires russes et syriens de la soci\u00e9t\u00e9 Wagner.<\/p>\n<p>En effet, selon notre journaliste \u00e0 Bria appel\u00e9 en urgence sur le lieu de la sc\u00e8ne, vers 4h20, un v\u00e9hicule des hommes de Wagner, \u00e0 bord on y voit 5 mercenaires bien arm\u00e9s, est entr\u00e9 au quartier Piango. Celui-ci est all\u00e9 directement au domicile de Monsieur Abdoulaye, un homme d\u2019affaires de la Haute-Kotto. Mais celui-ci \u00e9tait parti \u00e0 la mosqu\u00e9e pour la pri\u00e8re du matin quand les Wagner sont arriv\u00e9s chez lui. Ils commencent la fouille de la maison chambre par chambre.<\/p>\n<p>Entre-temps, les voisins de Monsieur Abdoulaye sont sortis nombreux et observent la sc\u00e8ne. D\u2019autres ont sugg\u00e9r\u00e9 d\u2019envoyer quelqu\u2019un \u00e0 la mosqu\u00e9e pour avertir Monsieur Abdoulaye de ne pas rentrer, car les hommes de Wagner sont chez lui. Ce qui a \u00e9t\u00e9 fait, mais Monsieur Abdoulaye refuse et disait qu\u2019il doit rentrer chez lui, car il n\u2019a que sa femme et ses enfants mineurs \u00e0 la maison.<\/p>\n<p><b>\u00ab S\u2019il s\u2019agit de tuer, ils n\u2019ont qu\u2019\u00e0 me tuer, car je n\u2019ai aucun effet militaire chez moi, encore moins une arme \u00bb<\/b><\/p>\n<p>, disait Monsieur Abdoulaye. Mais avant qu\u2019il ne rentre, les mercenaires de Wagner n\u2019ont rien trouv\u00e9, sauf ses biens priv\u00e9s qu\u2019ils confisquent, notamment sa ceinture en cuir qu\u2019ils l\u2019ont enlev\u00e9 sur l\u2019un de ses pantalons. En plus ils ont pris sa chaussure Pataugas, confectionn\u00e9e avec des mati\u00e8res nobles qu\u2019il a r\u00e9serv\u00e9es uniquement pour le chantier minier. En plus, ils ont emport\u00e9 aussi une somme d\u2019argent qu\u2019il a laiss\u00e9 sur le coffre de son lit, mais le montant n\u2019\u00e9tait pas connu.<\/p>\n<p>Par la suite quand Monsieur Abdoulaye est arriv\u00e9 chez lui, les Wagner ont torch\u00e9 sur lui et lui demandent ce qu\u2019il fait ici. Il leur a r\u00e9pondu c\u2019est bien lui le propri\u00e9taire de la maison. C\u2019est ainsi qu\u2019il a \u00e9t\u00e9 embarqu\u00e9 par les mercenaires de Wagner vers 4h50 du matin. Mais au moment de leur d\u00e9part, sa femme voudrait monter dans le v\u00e9hicule, mais les Wagner l\u2019ont rassur\u00e9, disant qu\u2019ils vont seulement l\u2019interroger et le laisser rentrer.<\/p>\n<p>Aux derni\u00e8res nouvelles, l\u2019homme est actuellement incarc\u00e9r\u00e9 dans un conteneur qu\u2019ils servent de prison dans leur base de La Kotto.<\/p>\n<p>Selon des sources locales, ces Wagner ont l\u2019habitude d\u2019arr\u00eater au hasard les op\u00e9rateurs \u00e9conomiques de la r\u00e9gion pour ensuite demander de ran\u00e7on \u00e0 leur famille.<\/p>\n<p>Affaire \u00e0 suivre\u2026<\/p>\n<p><b>Par Mo\u00efse Banafio<\/b><\/p>\n<p>Journaliste r\u00e9dacteur<\/p>\n<p>Tel : 70 13 39 97<\/p>\n<p><b>Alain Nzilo<\/b><\/p>\n<p>Directeur de publications<\/p>\n<p>Tel\/ WhatsApp : +236 75 72 18 21<\/p>\n<p>Email : alainnzilo@gmail.com<\/p>\n","protected":false},"excerpt":{"rendered":"<p>Africa-Press &#8211; CentrAfricaine. Bangui, R\u00e9publique centrafricaine, lundi, 12 juillet 2021, 11:07:21 ( Corbeaunews-Centrafrique ). Face \u00e0 la nouvelle d\u00e9cision des Casques bleus de les suivre de pr\u00e8s dans toute leur op\u00e9ration, les hommes de Wagner changent de strat\u00e9gie. Ils op\u00e8rent d\u00e9sormais la nuit ou tr\u00e8s t\u00f4t le matin chez leur victime. C\u2019est ce qui s\u2019est [&hellip;]<\/p>\n","protected":false},"author":82,"featured_media":8783,"comment_status":"open","ping_status":"closed","sticky":false,"template":"","format":"standard","meta":{"footnotes":""},"categories":[11,2,10],"tags":[36,58,30],"class_list":["post-8784","post","type-post","status-publish","format-standard","has-post-thumbnail","hentry","category-homepage-french","category-politique","category-toutes-les-actualites","tag-africa-press","tag-africa-press-centrafricaine","tag-centrafricaine"],"yoast_head":"<!-- This site is optimized with the Yoast SEO Premium plugin v26.1 (Yoast SEO v27.0) - https:\/\/yoast.com\/product\/yoast-seo-premium-wordpress\/ -->\n<title>Bria, un op\u00e9rateur \u00e9conomique arr\u00eat\u00e9 t\u00f4t ce matin \u00e0 son domicile par les mercenaires de Wagner - centrafricaine<\/title>\n<meta name=\"description\" content=\"Bangui, R\u00e9publique centrafricaine, lundi, 12 juillet 2021, 11:07:21 ( Corbeaunews-Centrafrique ). Face \u00e0 la nouv ...\" \/>\n<meta name=\"robots\" content=\"index, follow, max-snippet:-1, max-image-preview:large, max-video-preview:-1\" \/>\n<link rel=\"canonical\" href=\"https:\/\/www.africa-press.net\/centrafricaine\/politique\/bria-un-operateur-economique-arrete-tot-ce-matin-a-son-domicile-par-les-mercenaires-de-wagner\" \/>\n<meta property=\"og:locale\" content=\"fr_FR\" \/>\n<meta property=\"og:type\" content=\"article\" \/>\n<meta property=\"og:title\" content=\"Bria, un op\u00e9rateur \u00e9conomique arr\u00eat\u00e9 t\u00f4t ce matin \u00e0 son domicile par les mercenaires de Wagner\" \/>\n<meta property=\"og:description\" content=\"Bangui, R\u00e9publique centrafricaine, lundi, 12 juillet 2021, 11:07:21 ( Corbeaunews-Centrafrique ). Face \u00e0 la nouv ...\" \/>\n<meta property=\"og:url\" content=\"https:\/\/www.africa-press.net\/centrafricaine\/politique\/bria-un-operateur-economique-arrete-tot-ce-matin-a-son-domicile-par-les-mercenaires-de-wagner\" \/>\n<meta property=\"og:site_name\" content=\"centrafricaine\" \/>\n<meta property=\"article:published_time\" content=\"2021-07-13T17:43:44+00:00\" \/>\n<meta property=\"og:image\" content=\"https:\/\/static.africa-press.net\/centrafricaine\/sites\/45\/2021\/07\/img-60edc5ae6eda3.jpg\" \/>\n\t<meta property=\"og:image:width\" content=\"758\" \/>\n\t<meta property=\"og:image:height\" content=\"547\" \/>\n\t<meta property=\"og:image:type\" content=\"image\/jpeg\" \/>\n<meta name=\"author\" content=\"cfeditorfr\" \/>\n<meta name=\"twitter:card\" content=\"summary_large_image\" \/>\n<meta name=\"twitter:label1\" content=\"\u00c9crit par\" \/>\n\t<meta name=\"twitter:data1\" content=\"cfeditorfr\" \/>\n\t<meta name=\"twitter:label2\" content=\"Dur\u00e9e de lecture estim\u00e9e\" \/>\n\t<meta name=\"twitter:data2\" content=\"3 minutes\" \/>\n<script type=\"application\/ld+json\" class=\"yoast-schema-graph\">{\"@context\":\"https:\/\/schema.org\",\"@graph\":[{\"@type\":\"Article\",\"@id\":\"https:\/\/www.africa-press.net\/centrafricaine\/politique\/bria-un-operateur-economique-arrete-tot-ce-matin-a-son-domicile-par-les-mercenaires-de-wagner#article\",\"isPartOf\":{\"@id\":\"https:\/\/www.africa-press.net\/centrafricaine\/politique\/bria-un-operateur-economique-arrete-tot-ce-matin-a-son-domicile-par-les-mercenaires-de-wagner\"},\"author\":{\"name\":\"cfeditorfr\",\"@id\":\"https:\/\/www.africa-press.net\/centrafricaine\/#\/schema\/person\/2b1cf3cd81a31e3cd26889ca66d677f1\"},\"headline\":\"Bria, un op\u00e9rateur \u00e9conomique arr\u00eat\u00e9 t\u00f4t ce matin \u00e0 son domicile par les mercenaires de Wagner\",\"datePublished\":\"2021-07-13T17:43:44+00:00\",\"mainEntityOfPage\":{\"@id\":\"https:\/\/www.africa-press.net\/centrafricaine\/politique\/bria-un-operateur-economique-arrete-tot-ce-matin-a-son-domicile-par-les-mercenaires-de-wagner\"},\"wordCount\":577,\"commentCount\":0,\"image\":{\"@id\":\"https:\/\/www.africa-press.net\/centrafricaine\/politique\/bria-un-operateur-economique-arrete-tot-ce-matin-a-son-domicile-par-les-mercenaires-de-wagner#primaryimage\"},\"thumbnailUrl\":\"https:\/\/static.africa-press.net\/centrafricaine\/sites\/45\/2021\/07\/img-60edc5ae6eda3.jpg\",\"keywords\":[\"Africa Press\",\"Africa Press-CentrAfricaine\",\"CentrAfricaine\"],\"articleSection\":[\"homepage-french\",\"Politique\",\"Toutes les actualit\u00e9s\"],\"inLanguage\":\"fr-FR\",\"potentialAction\":[{\"@type\":\"CommentAction\",\"name\":\"Comment\",\"target\":[\"https:\/\/www.africa-press.net\/centrafricaine\/politique\/bria-un-operateur-economique-arrete-tot-ce-matin-a-son-domicile-par-les-mercenaires-de-wagner#respond\"]}]},{\"@type\":\"WebPage\",\"@id\":\"https:\/\/www.africa-press.net\/centrafricaine\/politique\/bria-un-operateur-economique-arrete-tot-ce-matin-a-son-domicile-par-les-mercenaires-de-wagner\",\"url\":\"https:\/\/www.africa-press.net\/centrafricaine\/politique\/bria-un-operateur-economique-arrete-tot-ce-matin-a-son-domicile-par-les-mercenaires-de-wagner\",\"name\":\"Bria, un op\u00e9rateur \u00e9conomique arr\u00eat\u00e9 t\u00f4t ce matin \u00e0 son domicile par les mercenaires de Wagner - centrafricaine\",\"isPartOf\":{\"@id\":\"https:\/\/www.africa-press.net\/centrafricaine\/#website\"},\"primaryImageOfPage\":{\"@id\":\"https:\/\/www.africa-press.net\/centrafricaine\/politique\/bria-un-operateur-economique-arrete-tot-ce-matin-a-son-domicile-par-les-mercenaires-de-wagner#primaryimage\"},\"image\":{\"@id\":\"https:\/\/www.africa-press.net\/centrafricaine\/politique\/bria-un-operateur-economique-arrete-tot-ce-matin-a-son-domicile-par-les-mercenaires-de-wagner#primaryimage\"},\"thumbnailUrl\":\"https:\/\/static.africa-press.net\/centrafricaine\/sites\/45\/2021\/07\/img-60edc5ae6eda3.jpg\",\"datePublished\":\"2021-07-13T17:43:44+00:00\",\"author\":{\"@id\":\"https:\/\/www.africa-press.net\/centrafricaine\/#\/schema\/person\/2b1cf3cd81a31e3cd26889ca66d677f1\"},\"description\":\"Bangui, R\u00e9publique centrafricaine, lundi, 12 juillet 2021, 11:07:21 ( Corbeaunews-Centrafrique ). Face \u00e0 la nouv ...\",\"breadcrumb\":{\"@id\":\"https:\/\/www.africa-press.net\/centrafricaine\/politique\/bria-un-operateur-economique-arrete-tot-ce-matin-a-son-domicile-par-les-mercenaires-de-wagner#breadcrumb\"},\"inLanguage\":\"fr-FR\",\"potentialAction\":[{\"@type\":\"ReadAction\",\"target\":[\"https:\/\/www.africa-press.net\/centrafricaine\/politique\/bria-un-operateur-economique-arrete-tot-ce-matin-a-son-domicile-par-les-mercenaires-de-wagner\"]}]},{\"@type\":\"ImageObject\",\"inLanguage\":\"fr-FR\",\"@id\":\"https:\/\/www.africa-press.net\/centrafricaine\/politique\/bria-un-operateur-economique-arrete-tot-ce-matin-a-son-domicile-par-les-mercenaires-de-wagner#primaryimage\",\"url\":\"https:\/\/static.africa-press.net\/centrafricaine\/sites\/45\/2021\/07\/img-60edc5ae6eda3.jpg\",\"contentUrl\":\"https:\/\/static.africa-press.net\/centrafricaine\/sites\/45\/2021\/07\/img-60edc5ae6eda3.jpg\",\"width\":758,\"height\":547,\"caption\":\"Bria, un op\u00e9rateur \u00e9conomique arr\u00eat\u00e9 t\u00f4t ce matin \u00e0 son domicile par les mercenaires de Wagner\"},{\"@type\":\"BreadcrumbList\",\"@id\":\"https:\/\/www.africa-press.net\/centrafricaine\/politique\/bria-un-operateur-economique-arrete-tot-ce-matin-a-son-domicile-par-les-mercenaires-de-wagner#breadcrumb\",\"itemListElement\":[{\"@type\":\"ListItem\",\"position\":1,\"name\":\"Accueil\",\"item\":\"https:\/\/www.africa-press.net\/centrafricaine\/\"},{\"@type\":\"ListItem\",\"position\":2,\"name\":\"Bria, un op\u00e9rateur \u00e9conomique arr\u00eat\u00e9 t\u00f4t ce matin \u00e0 son domicile par les mercenaires de Wagner\"}]},{\"@type\":\"WebSite\",\"@id\":\"https:\/\/www.africa-press.net\/centrafricaine\/#website\",\"url\":\"https:\/\/www.africa-press.net\/centrafricaine\/\",\"name\":\"centrafricaine\",\"description\":\"Just another Africa News Agency Sites site\",\"potentialAction\":[{\"@type\":\"SearchAction\",\"target\":{\"@type\":\"EntryPoint\",\"urlTemplate\":\"https:\/\/www.africa-press.net\/centrafricaine\/?s={search_term_string}\"},\"query-input\":{\"@type\":\"PropertyValueSpecification\",\"valueRequired\":true,\"valueName\":\"search_term_string\"}}],\"inLanguage\":\"fr-FR\"},{\"@type\":\"Person\",\"@id\":\"https:\/\/www.africa-press.net\/centrafricaine\/#\/schema\/person\/2b1cf3cd81a31e3cd26889ca66d677f1\",\"name\":\"cfeditorfr\"}]}<\/script>\n<!-- \/ Yoast SEO Premium plugin. -->","yoast_head_json":{"title":"Bria, un op\u00e9rateur \u00e9conomique arr\u00eat\u00e9 t\u00f4t ce matin \u00e0 son domicile par les mercenaires de Wagner - centrafricaine","description":"Bangui, R\u00e9publique centrafricaine, lundi, 12 juillet 2021, 11:07:21 ( Corbeaunews-Centrafrique ). Face \u00e0 la nouv ...","robots":{"index":"index","follow":"follow","max-snippet":"max-snippet:-1","max-image-preview":"max-image-preview:large","max-video-preview":"max-video-preview:-1"},"canonical":"https:\/\/www.africa-press.net\/centrafricaine\/politique\/bria-un-operateur-economique-arrete-tot-ce-matin-a-son-domicile-par-les-mercenaires-de-wagner","og_locale":"fr_FR","og_type":"article","og_title":"Bria, un op\u00e9rateur \u00e9conomique arr\u00eat\u00e9 t\u00f4t ce matin \u00e0 son domicile par les mercenaires de Wagner","og_description":"Bangui, R\u00e9publique centrafricaine, lundi, 12 juillet 2021, 11:07:21 ( Corbeaunews-Centrafrique ). Face \u00e0 la nouv ...","og_url":"https:\/\/www.africa-press.net\/centrafricaine\/politique\/bria-un-operateur-economique-arrete-tot-ce-matin-a-son-domicile-par-les-mercenaires-de-wagner","og_site_name":"centrafricaine","article_published_time":"2021-07-13T17:43:44+00:00","og_image":[{"width":758,"height":547,"url":"https:\/\/static.africa-press.net\/centrafricaine\/sites\/45\/2021\/07\/img-60edc5ae6eda3.jpg","type":"image\/jpeg"}],"author":"cfeditorfr","twitter_card":"summary_large_image","twitter_misc":{"\u00c9crit par":"cfeditorfr","Dur\u00e9e de lecture estim\u00e9e":"3 minutes"},"schema":{"@context":"https:\/\/schema.org","@graph":[{"@type":"Article","@id":"https:\/\/www.africa-press.net\/centrafricaine\/politique\/bria-un-operateur-economique-arrete-tot-ce-matin-a-son-domicile-par-les-mercenaires-de-wagner#article","isPartOf":{"@id":"https:\/\/www.africa-press.net\/centrafricaine\/politique\/bria-un-operateur-economique-arrete-tot-ce-matin-a-son-domicile-par-les-mercenaires-de-wagner"},"author":{"name":"cfeditorfr","@id":"https:\/\/www.africa-press.net\/centrafricaine\/#\/schema\/person\/2b1cf3cd81a31e3cd26889ca66d677f1"},"headline":"Bria, un op\u00e9rateur \u00e9conomique arr\u00eat\u00e9 t\u00f4t ce matin \u00e0 son domicile par les mercenaires de Wagner","datePublished":"2021-07-13T17:43:44+00:00","mainEntityOfPage":{"@id":"https:\/\/www.africa-press.net\/centrafricaine\/politique\/bria-un-operateur-economique-arrete-tot-ce-matin-a-son-domicile-par-les-mercenaires-de-wagner"},"wordCount":577,"commentCount":0,"image":{"@id":"https:\/\/www.africa-press.net\/centrafricaine\/politique\/bria-un-operateur-economique-arrete-tot-ce-matin-a-son-domicile-par-les-mercenaires-de-wagner#primaryimage"},"thumbnailUrl":"https:\/\/static.africa-press.net\/centrafricaine\/sites\/45\/2021\/07\/img-60edc5ae6eda3.jpg","keywords":["Africa Press","Africa Press-CentrAfricaine","CentrAfricaine"],"articleSection":["homepage-french","Politique","Toutes les actualit\u00e9s"],"inLanguage":"fr-FR","potentialAction":[{"@type":"CommentAction","name":"Comment","target":["https:\/\/www.africa-press.net\/centrafricaine\/politique\/bria-un-operateur-economique-arrete-tot-ce-matin-a-son-domicile-par-les-mercenaires-de-wagner#respond"]}]},{"@type":"WebPage","@id":"https:\/\/www.africa-press.net\/centrafricaine\/politique\/bria-un-operateur-economique-arrete-tot-ce-matin-a-son-domicile-par-les-mercenaires-de-wagner","url":"https:\/\/www.africa-press.net\/centrafricaine\/politique\/bria-un-operateur-economique-arrete-tot-ce-matin-a-son-domicile-par-les-mercenaires-de-wagner","name":"Bria, un op\u00e9rateur \u00e9conomique arr\u00eat\u00e9 t\u00f4t ce matin \u00e0 son domicile par les mercenaires de Wagner - centrafricaine","isPartOf":{"@id":"https:\/\/www.africa-press.net\/centrafricaine\/#website"},"primaryImageOfPage":{"@id":"https:\/\/www.africa-press.net\/centrafricaine\/politique\/bria-un-operateur-economique-arrete-tot-ce-matin-a-son-domicile-par-les-mercenaires-de-wagner#primaryimage"},"image":{"@id":"https:\/\/www.africa-press.net\/centrafricaine\/politique\/bria-un-operateur-economique-arrete-tot-ce-matin-a-son-domicile-par-les-mercenaires-de-wagner#primaryimage"},"thumbnailUrl":"https:\/\/static.africa-press.net\/centrafricaine\/sites\/45\/2021\/07\/img-60edc5ae6eda3.jpg","datePublished":"2021-07-13T17:43:44+00:00","author":{"@id":"https:\/\/www.africa-press.net\/centrafricaine\/#\/schema\/person\/2b1cf3cd81a31e3cd26889ca66d677f1"},"description":"Bangui, R\u00e9publique centrafricaine, lundi, 12 juillet 2021, 11:07:21 ( Corbeaunews-Centrafrique ). Face \u00e0 la nouv ...","breadcrumb":{"@id":"https:\/\/www.africa-press.net\/centrafricaine\/politique\/bria-un-operateur-economique-arrete-tot-ce-matin-a-son-domicile-par-les-mercenaires-de-wagner#breadcrumb"},"inLanguage":"fr-FR","potentialAction":[{"@type":"ReadAction","target":["https:\/\/www.africa-press.net\/centrafricaine\/politique\/bria-un-operateur-economique-arrete-tot-ce-matin-a-son-domicile-par-les-mercenaires-de-wagner"]}]},{"@type":"ImageObject","inLanguage":"fr-FR","@id":"https:\/\/www.africa-press.net\/centrafricaine\/politique\/bria-un-operateur-economique-arrete-tot-ce-matin-a-son-domicile-par-les-mercenaires-de-wagner#primaryimage","url":"https:\/\/static.africa-press.net\/centrafricaine\/sites\/45\/2021\/07\/img-60edc5ae6eda3.jpg","contentUrl":"https:\/\/static.africa-press.net\/centrafricaine\/sites\/45\/2021\/07\/img-60edc5ae6eda3.jpg","width":758,"height":547,"caption":"Bria, un op\u00e9rateur \u00e9conomique arr\u00eat\u00e9 t\u00f4t ce matin \u00e0 son domicile par les mercenaires de Wagner"},{"@type":"BreadcrumbList","@id":"https:\/\/www.africa-press.net\/centrafricaine\/politique\/bria-un-operateur-economique-arrete-tot-ce-matin-a-son-domicile-par-les-mercenaires-de-wagner#breadcrumb","itemListElement":[{"@type":"ListItem","position":1,"name":"Accueil","item":"https:\/\/www.africa-press.net\/centrafricaine\/"},{"@type":"ListItem","position":2,"name":"Bria, un op\u00e9rateur \u00e9conomique arr\u00eat\u00e9 t\u00f4t ce matin \u00e0 son domicile par les mercenaires de Wagner"}]},{"@type":"WebSite","@id":"https:\/\/www.africa-press.net\/centrafricaine\/#website","url":"https:\/\/www.africa-press.net\/centrafricaine\/","name":"centrafricaine","description":"Just another Africa News Agency Sites site","potentialAction":[{"@type":"SearchAction","target":{"@type":"EntryPoint","urlTemplate":"https:\/\/www.africa-press.net\/centrafricaine\/?s={search_term_string}"},"query-input":{"@type":"PropertyValueSpecification","valueRequired":true,"valueName":"search_term_string"}}],"inLanguage":"fr-FR"},{"@type":"Person","@id":"https:\/\/www.africa-press.net\/centrafricaine\/#\/schema\/person\/2b1cf3cd81a31e3cd26889ca66d677f1","name":"cfeditorfr"}]}},"_links":{"self":[{"href":"https:\/\/www.africa-press.net\/centrafricaine\/wp-json\/wp\/v2\/posts\/8784","targetHints":{"allow":["GET"]}}],"collection":[{"href":"https:\/\/www.africa-press.net\/centrafricaine\/wp-json\/wp\/v2\/posts"}],"about":[{"href":"https:\/\/www.africa-press.net\/centrafricaine\/wp-json\/wp\/v2\/types\/post"}],"author":[{"embeddable":true,"href":"https:\/\/www.africa-press.net\/centrafricaine\/wp-json\/wp\/v2\/users\/82"}],"replies":[{"embeddable":true,"href":"https:\/\/www.africa-press.net\/centrafricaine\/wp-json\/wp\/v2\/comments?post=8784"}],"version-history":[{"count":0,"href":"https:\/\/www.africa-press.net\/centrafricaine\/wp-json\/wp\/v2\/posts\/8784\/revisions"}],"wp:featuredmedia":[{"embeddable":true,"href":"https:\/\/www.africa-press.net\/centrafricaine\/wp-json\/wp\/v2\/media\/8783"}],"wp:attachment":[{"href":"https:\/\/www.africa-press.net\/centrafricaine\/wp-json\/wp\/v2\/media?parent=8784"}],"wp:term":[{"taxonomy":"category","embeddable":true,"href":"https:\/\/www.africa-press.net\/centrafricaine\/wp-json\/wp\/v2\/categories?post=8784"},{"taxonomy":"post_tag","embeddable":true,"href":"https:\/\/www.africa-press.net\/centrafricaine\/wp-json\/wp\/v2\/tags?post=8784"}],"curies":[{"name":"wp","href":"https:\/\/api.w.org\/{rel}","templated":true}]}}