{"id":8787,"date":"2021-07-13T17:50:33","date_gmt":"2021-07-13T17:50:33","guid":{"rendered":"https:\/\/www.africa-press.net\/centrafricaine\/?p=8787"},"modified":"2021-07-14T14:13:43","modified_gmt":"2021-07-14T14:13:43","slug":"bedie-et-gbagbo-se-mobilisent-pour-la-reconciliation","status":"publish","type":"post","link":"https:\/\/www.africa-press.net\/centrafricaine\/politique\/bedie-et-gbagbo-se-mobilisent-pour-la-reconciliation","title":{"rendered":"B\u00e9di\u00e9 et Gbagbo se mobilisent pour la r\u00e9conciliation"},"content":{"rendered":"<p><span style=\"color: #ff6600\"><strong><a href=\"https:\/\/www.africa-press.net\/\">Africa-Press<\/a> &#8211; <a href=\"https:\/\/www.africa-press.net\/centrafricaine\">CentrAfricaine<\/a>.\u00a0 <\/strong><\/span><b>\u00a0Les anciens pr\u00e9sidents, Laurent Gbagbo et Henri Konan B\u00e9di\u00e9, ont lanc\u00e9 dimanche un appel pour un dialogue inclusif et pour la r\u00e9conciliation en C\u00f4te d\u2019Ivoire.<\/b><\/p>\n<p>Laurent Gbagbo et Henri Konan B\u00e9di\u00e9, se sont rencontr\u00e9s samedi (10.07.2021), \u00e0 Daoukro, village natal de Henri Konan B\u00e9di\u00e9. Au menu de cette rencontre, la r\u00e9conciliation et la coh\u00e9sion nationale. La r\u00e9conciliation de ces deux anciens pr\u00e9sidents de la r\u00e9publique suffira-t-elle pour r\u00e9concilier les Ivoiriens ? La cr\u00e9ation d\u2019un minist\u00e8re de la r\u00e9conciliation nationale et le retour de Laurent Gbagbo ainsi que de plusieurs exil\u00e9s \u2013 dont les plus caciques du camp Gbagbo \u2013 sont pr\u00e9sent\u00e9s comme le signe que le pouvoir du pr\u00e9sident Ouattara veut aller \u00e0 la d\u00e9crispation politique. Laurent Gbagbo du FPI et Henri Konan B\u00e9di\u00e9 du PDCI, deux adversaires d\u2019hier et aujourd\u2019hui des alli\u00e9s, semblent vouloir prendre leur place dans ce processus. Mais, pour l\u2019analyste politique, Geoffroy Kouao, ces retrouvailles ressemblent \u00e0 bien d\u2019autres rencontres qui ont eu lieu avant celle entre Laurent Gbagbo et Henri Konan B\u00e9di\u00e9. \u201cJe ne crois pas en la rh\u00e9torique de la r\u00e9conciliation nationale, allant dans le sens des retrouvailles des acteurs politiques. Seule l\u2019organisation d\u2019\u00e9lection transparente, r\u00e9guli\u00e8re, ouverte et concurrentielle en 2025 permettra d\u2019aller \u00e0 la r\u00e9conciliation. C\u2019est lorsque les Ivoiriens auront un pr\u00e9sident de la r\u00e9publique sorti des urnes sans contestation, qu\u2019on aura la r\u00e9conciliation\u2019\u2019, affirme l\u2019analyste.Pour sa part, le journaliste Andr\u00e9 Silver Konan, estime que le rapprochement entre les deux grandes figures de la vie politique ivoirienne ne suffira pas, tant qu\u2019il n\u2019y aura pas de justice. \u201cLes deux personnalit\u00e9s se sont d\u00e9j\u00e0 r\u00e9concili\u00e9es il y a deux ans \u00e0 Bruxelles. Leur r\u00e9conciliation depuis deux ans n\u2019a pas eu d\u2019incidence majeure sur la r\u00e9conciliation m\u00eame nationale. De ce fait, je pense que la r\u00e9conciliation nationale viendra de la justice et de l\u2019\u00e9quit\u00e9. Sinon la structuration de la r\u00e9conciliation, la formalisation de la r\u00e9conciliation et la th\u00e9\u00e2tralisation de la r\u00e9conciliation restera toujours fasciste\u2019\u2019, explique Andr\u00e9 Silver Konan.Les Ivoiriens esp\u00e8rent une paix durable apr\u00e8s plus de vingt ann\u00e9es de crise politiqueR\u00e9conciliation inclusiveAndr\u00e9 Silver Konan affirme par ailleurs que la r\u00e9conciliation doit \u00eatre inclusive. Celle-ci doit prendre en compte la participation de tous les acteurs politiques ivoiriens dont Guillaume Soro, condamn\u00e9 \u00e0 perp\u00e9tuit\u00e9 par contumace et Charles Bl\u00e9 Goud\u00e9 rest\u00e9 aux Pays-Bas et toujours priv\u00e9 de son passeport ivoirien. \u201cUne r\u00e9conciliation entre les trois t\u00e9nors de la politique ivoirienne n\u2019est pas \u00e0 exclure. Par contre, cette r\u00e9conciliation si elle se fait sur le dos de certaines t\u00eates fortes de la nouvelle g\u00e9n\u00e9ration, en occurrence Charles Bl\u00e9 Goud\u00e9 ou Guillaume Soro, ce sera une r\u00e9conciliation de fa\u00e7ade\u2019\u2019, dit le journaliste.<\/p>\n<p>&nbsp;<\/p>\n","protected":false},"excerpt":{"rendered":"<p>Africa-Press &#8211; CentrAfricaine.\u00a0 \u00a0Les anciens pr\u00e9sidents, Laurent Gbagbo et Henri Konan B\u00e9di\u00e9, ont lanc\u00e9 dimanche un appel pour un dialogue inclusif et pour la r\u00e9conciliation en C\u00f4te d\u2019Ivoire. Laurent Gbagbo et Henri Konan B\u00e9di\u00e9, se sont rencontr\u00e9s samedi (10.07.2021), \u00e0 Daoukro, village natal de Henri Konan B\u00e9di\u00e9. Au menu de cette rencontre, la r\u00e9conciliation et [&hellip;]<\/p>\n","protected":false},"author":82,"featured_media":8786,"comment_status":"open","ping_status":"closed","sticky":false,"template":"","format":"standard","meta":{"footnotes":""},"categories":[11,2,20,10],"tags":[36,58,30],"class_list":["post-8787","post","type-post","status-publish","format-standard","has-post-thumbnail","hentry","category-homepage-french","category-politique","category-top-nouvelles","category-toutes-les-actualites","tag-africa-press","tag-africa-press-centrafricaine","tag-centrafricaine"],"yoast_head":"<!-- This site is optimized with the Yoast SEO Premium plugin v26.1 (Yoast SEO v27.0) - https:\/\/yoast.com\/product\/yoast-seo-premium-wordpress\/ -->\n<title>B\u00e9di\u00e9 et Gbagbo se mobilisent pour la r\u00e9conciliation - centrafricaine<\/title>\n<meta name=\"description\" content=\"Bangui ( R\u00e9publique centrafricaine ) \u2013 Les anciens pr\u00e9sidents, Laurent Gbagbo et Henri Konan B\u00e9di\u00e9, ont lanc\u00e9 dimanch ...\" \/>\n<meta name=\"robots\" content=\"index, follow, max-snippet:-1, max-image-preview:large, max-video-preview:-1\" \/>\n<link rel=\"canonical\" href=\"https:\/\/www.africa-press.net\/centrafricaine\/politique\/bedie-et-gbagbo-se-mobilisent-pour-la-reconciliation\" \/>\n<meta property=\"og:locale\" content=\"fr_FR\" \/>\n<meta property=\"og:type\" content=\"article\" \/>\n<meta property=\"og:title\" content=\"B\u00e9di\u00e9 et Gbagbo se mobilisent pour la r\u00e9conciliation\" \/>\n<meta property=\"og:description\" content=\"Bangui ( R\u00e9publique centrafricaine ) \u2013 Les anciens pr\u00e9sidents, Laurent Gbagbo et Henri Konan B\u00e9di\u00e9, ont lanc\u00e9 dimanch ...\" \/>\n<meta property=\"og:url\" content=\"https:\/\/www.africa-press.net\/centrafricaine\/politique\/bedie-et-gbagbo-se-mobilisent-pour-la-reconciliation\" \/>\n<meta property=\"og:site_name\" content=\"centrafricaine\" \/>\n<meta property=\"article:published_time\" content=\"2021-07-13T17:50:33+00:00\" \/>\n<meta property=\"article:modified_time\" content=\"2021-07-14T14:13:43+00:00\" \/>\n<meta property=\"og:image\" content=\"https:\/\/static.africa-press.net\/centrafricaine\/sites\/45\/2021\/07\/img-60edc5eed2c66.jpg\" \/>\n\t<meta property=\"og:image:width\" content=\"720\" \/>\n\t<meta property=\"og:image:height\" content=\"405\" \/>\n\t<meta property=\"og:image:type\" content=\"image\/jpeg\" \/>\n<meta name=\"author\" content=\"cfeditorfr\" \/>\n<meta name=\"twitter:card\" content=\"summary_large_image\" \/>\n<meta name=\"twitter:label1\" content=\"\u00c9crit par\" \/>\n\t<meta name=\"twitter:data1\" content=\"cfeditorfr\" \/>\n\t<meta name=\"twitter:label2\" content=\"Dur\u00e9e de lecture estim\u00e9e\" \/>\n\t<meta name=\"twitter:data2\" content=\"2 minutes\" \/>\n<script type=\"application\/ld+json\" class=\"yoast-schema-graph\">{\"@context\":\"https:\/\/schema.org\",\"@graph\":[{\"@type\":\"Article\",\"@id\":\"https:\/\/www.africa-press.net\/centrafricaine\/politique\/bedie-et-gbagbo-se-mobilisent-pour-la-reconciliation#article\",\"isPartOf\":{\"@id\":\"https:\/\/www.africa-press.net\/centrafricaine\/politique\/bedie-et-gbagbo-se-mobilisent-pour-la-reconciliation\"},\"author\":{\"name\":\"cfeditorfr\",\"@id\":\"https:\/\/www.africa-press.net\/centrafricaine\/#\/schema\/person\/2b1cf3cd81a31e3cd26889ca66d677f1\"},\"headline\":\"B\u00e9di\u00e9 et Gbagbo se mobilisent pour la r\u00e9conciliation\",\"datePublished\":\"2021-07-13T17:50:33+00:00\",\"dateModified\":\"2021-07-14T14:13:43+00:00\",\"mainEntityOfPage\":{\"@id\":\"https:\/\/www.africa-press.net\/centrafricaine\/politique\/bedie-et-gbagbo-se-mobilisent-pour-la-reconciliation\"},\"wordCount\":513,\"commentCount\":0,\"image\":{\"@id\":\"https:\/\/www.africa-press.net\/centrafricaine\/politique\/bedie-et-gbagbo-se-mobilisent-pour-la-reconciliation#primaryimage\"},\"thumbnailUrl\":\"https:\/\/static.africa-press.net\/centrafricaine\/sites\/45\/2021\/07\/img-60edc5eed2c66.jpg\",\"keywords\":[\"Africa Press\",\"Africa Press-CentrAfricaine\",\"CentrAfricaine\"],\"articleSection\":[\"homepage-french\",\"Politique\",\"Top Nouvelles\",\"Toutes les actualit\u00e9s\"],\"inLanguage\":\"fr-FR\",\"potentialAction\":[{\"@type\":\"CommentAction\",\"name\":\"Comment\",\"target\":[\"https:\/\/www.africa-press.net\/centrafricaine\/politique\/bedie-et-gbagbo-se-mobilisent-pour-la-reconciliation#respond\"]}]},{\"@type\":\"WebPage\",\"@id\":\"https:\/\/www.africa-press.net\/centrafricaine\/politique\/bedie-et-gbagbo-se-mobilisent-pour-la-reconciliation\",\"url\":\"https:\/\/www.africa-press.net\/centrafricaine\/politique\/bedie-et-gbagbo-se-mobilisent-pour-la-reconciliation\",\"name\":\"B\u00e9di\u00e9 et Gbagbo se mobilisent pour la r\u00e9conciliation - centrafricaine\",\"isPartOf\":{\"@id\":\"https:\/\/www.africa-press.net\/centrafricaine\/#website\"},\"primaryImageOfPage\":{\"@id\":\"https:\/\/www.africa-press.net\/centrafricaine\/politique\/bedie-et-gbagbo-se-mobilisent-pour-la-reconciliation#primaryimage\"},\"image\":{\"@id\":\"https:\/\/www.africa-press.net\/centrafricaine\/politique\/bedie-et-gbagbo-se-mobilisent-pour-la-reconciliation#primaryimage\"},\"thumbnailUrl\":\"https:\/\/static.africa-press.net\/centrafricaine\/sites\/45\/2021\/07\/img-60edc5eed2c66.jpg\",\"datePublished\":\"2021-07-13T17:50:33+00:00\",\"dateModified\":\"2021-07-14T14:13:43+00:00\",\"author\":{\"@id\":\"https:\/\/www.africa-press.net\/centrafricaine\/#\/schema\/person\/2b1cf3cd81a31e3cd26889ca66d677f1\"},\"description\":\"Bangui ( R\u00e9publique centrafricaine ) \u2013 Les anciens pr\u00e9sidents, Laurent Gbagbo et Henri Konan B\u00e9di\u00e9, ont lanc\u00e9 dimanch ...\",\"breadcrumb\":{\"@id\":\"https:\/\/www.africa-press.net\/centrafricaine\/politique\/bedie-et-gbagbo-se-mobilisent-pour-la-reconciliation#breadcrumb\"},\"inLanguage\":\"fr-FR\",\"potentialAction\":[{\"@type\":\"ReadAction\",\"target\":[\"https:\/\/www.africa-press.net\/centrafricaine\/politique\/bedie-et-gbagbo-se-mobilisent-pour-la-reconciliation\"]}]},{\"@type\":\"ImageObject\",\"inLanguage\":\"fr-FR\",\"@id\":\"https:\/\/www.africa-press.net\/centrafricaine\/politique\/bedie-et-gbagbo-se-mobilisent-pour-la-reconciliation#primaryimage\",\"url\":\"https:\/\/static.africa-press.net\/centrafricaine\/sites\/45\/2021\/07\/img-60edc5eed2c66.jpg\",\"contentUrl\":\"https:\/\/static.africa-press.net\/centrafricaine\/sites\/45\/2021\/07\/img-60edc5eed2c66.jpg\",\"width\":720,\"height\":405,\"caption\":\"B\u00e9di\u00e9 et Gbagbo se mobilisent pour la r\u00e9conciliation\"},{\"@type\":\"BreadcrumbList\",\"@id\":\"https:\/\/www.africa-press.net\/centrafricaine\/politique\/bedie-et-gbagbo-se-mobilisent-pour-la-reconciliation#breadcrumb\",\"itemListElement\":[{\"@type\":\"ListItem\",\"position\":1,\"name\":\"Accueil\",\"item\":\"https:\/\/www.africa-press.net\/centrafricaine\/\"},{\"@type\":\"ListItem\",\"position\":2,\"name\":\"B\u00e9di\u00e9 et Gbagbo se mobilisent pour la r\u00e9conciliation\"}]},{\"@type\":\"WebSite\",\"@id\":\"https:\/\/www.africa-press.net\/centrafricaine\/#website\",\"url\":\"https:\/\/www.africa-press.net\/centrafricaine\/\",\"name\":\"centrafricaine\",\"description\":\"Just another Africa News Agency Sites site\",\"potentialAction\":[{\"@type\":\"SearchAction\",\"target\":{\"@type\":\"EntryPoint\",\"urlTemplate\":\"https:\/\/www.africa-press.net\/centrafricaine\/?s={search_term_string}\"},\"query-input\":{\"@type\":\"PropertyValueSpecification\",\"valueRequired\":true,\"valueName\":\"search_term_string\"}}],\"inLanguage\":\"fr-FR\"},{\"@type\":\"Person\",\"@id\":\"https:\/\/www.africa-press.net\/centrafricaine\/#\/schema\/person\/2b1cf3cd81a31e3cd26889ca66d677f1\",\"name\":\"cfeditorfr\"}]}<\/script>\n<!-- \/ Yoast SEO Premium plugin. -->","yoast_head_json":{"title":"B\u00e9di\u00e9 et Gbagbo se mobilisent pour la r\u00e9conciliation - centrafricaine","description":"Bangui ( R\u00e9publique centrafricaine ) \u2013 Les anciens pr\u00e9sidents, Laurent Gbagbo et Henri Konan B\u00e9di\u00e9, ont lanc\u00e9 dimanch ...","robots":{"index":"index","follow":"follow","max-snippet":"max-snippet:-1","max-image-preview":"max-image-preview:large","max-video-preview":"max-video-preview:-1"},"canonical":"https:\/\/www.africa-press.net\/centrafricaine\/politique\/bedie-et-gbagbo-se-mobilisent-pour-la-reconciliation","og_locale":"fr_FR","og_type":"article","og_title":"B\u00e9di\u00e9 et Gbagbo se mobilisent pour la r\u00e9conciliation","og_description":"Bangui ( R\u00e9publique centrafricaine ) \u2013 Les anciens pr\u00e9sidents, Laurent Gbagbo et Henri Konan B\u00e9di\u00e9, ont lanc\u00e9 dimanch ...","og_url":"https:\/\/www.africa-press.net\/centrafricaine\/politique\/bedie-et-gbagbo-se-mobilisent-pour-la-reconciliation","og_site_name":"centrafricaine","article_published_time":"2021-07-13T17:50:33+00:00","article_modified_time":"2021-07-14T14:13:43+00:00","og_image":[{"width":720,"height":405,"url":"https:\/\/static.africa-press.net\/centrafricaine\/sites\/45\/2021\/07\/img-60edc5eed2c66.jpg","type":"image\/jpeg"}],"author":"cfeditorfr","twitter_card":"summary_large_image","twitter_misc":{"\u00c9crit par":"cfeditorfr","Dur\u00e9e de lecture estim\u00e9e":"2 minutes"},"schema":{"@context":"https:\/\/schema.org","@graph":[{"@type":"Article","@id":"https:\/\/www.africa-press.net\/centrafricaine\/politique\/bedie-et-gbagbo-se-mobilisent-pour-la-reconciliation#article","isPartOf":{"@id":"https:\/\/www.africa-press.net\/centrafricaine\/politique\/bedie-et-gbagbo-se-mobilisent-pour-la-reconciliation"},"author":{"name":"cfeditorfr","@id":"https:\/\/www.africa-press.net\/centrafricaine\/#\/schema\/person\/2b1cf3cd81a31e3cd26889ca66d677f1"},"headline":"B\u00e9di\u00e9 et Gbagbo se mobilisent pour la r\u00e9conciliation","datePublished":"2021-07-13T17:50:33+00:00","dateModified":"2021-07-14T14:13:43+00:00","mainEntityOfPage":{"@id":"https:\/\/www.africa-press.net\/centrafricaine\/politique\/bedie-et-gbagbo-se-mobilisent-pour-la-reconciliation"},"wordCount":513,"commentCount":0,"image":{"@id":"https:\/\/www.africa-press.net\/centrafricaine\/politique\/bedie-et-gbagbo-se-mobilisent-pour-la-reconciliation#primaryimage"},"thumbnailUrl":"https:\/\/static.africa-press.net\/centrafricaine\/sites\/45\/2021\/07\/img-60edc5eed2c66.jpg","keywords":["Africa Press","Africa Press-CentrAfricaine","CentrAfricaine"],"articleSection":["homepage-french","Politique","Top Nouvelles","Toutes les actualit\u00e9s"],"inLanguage":"fr-FR","potentialAction":[{"@type":"CommentAction","name":"Comment","target":["https:\/\/www.africa-press.net\/centrafricaine\/politique\/bedie-et-gbagbo-se-mobilisent-pour-la-reconciliation#respond"]}]},{"@type":"WebPage","@id":"https:\/\/www.africa-press.net\/centrafricaine\/politique\/bedie-et-gbagbo-se-mobilisent-pour-la-reconciliation","url":"https:\/\/www.africa-press.net\/centrafricaine\/politique\/bedie-et-gbagbo-se-mobilisent-pour-la-reconciliation","name":"B\u00e9di\u00e9 et Gbagbo se mobilisent pour la r\u00e9conciliation - centrafricaine","isPartOf":{"@id":"https:\/\/www.africa-press.net\/centrafricaine\/#website"},"primaryImageOfPage":{"@id":"https:\/\/www.africa-press.net\/centrafricaine\/politique\/bedie-et-gbagbo-se-mobilisent-pour-la-reconciliation#primaryimage"},"image":{"@id":"https:\/\/www.africa-press.net\/centrafricaine\/politique\/bedie-et-gbagbo-se-mobilisent-pour-la-reconciliation#primaryimage"},"thumbnailUrl":"https:\/\/static.africa-press.net\/centrafricaine\/sites\/45\/2021\/07\/img-60edc5eed2c66.jpg","datePublished":"2021-07-13T17:50:33+00:00","dateModified":"2021-07-14T14:13:43+00:00","author":{"@id":"https:\/\/www.africa-press.net\/centrafricaine\/#\/schema\/person\/2b1cf3cd81a31e3cd26889ca66d677f1"},"description":"Bangui ( R\u00e9publique centrafricaine ) \u2013 Les anciens pr\u00e9sidents, Laurent Gbagbo et Henri Konan B\u00e9di\u00e9, ont lanc\u00e9 dimanch ...","breadcrumb":{"@id":"https:\/\/www.africa-press.net\/centrafricaine\/politique\/bedie-et-gbagbo-se-mobilisent-pour-la-reconciliation#breadcrumb"},"inLanguage":"fr-FR","potentialAction":[{"@type":"ReadAction","target":["https:\/\/www.africa-press.net\/centrafricaine\/politique\/bedie-et-gbagbo-se-mobilisent-pour-la-reconciliation"]}]},{"@type":"ImageObject","inLanguage":"fr-FR","@id":"https:\/\/www.africa-press.net\/centrafricaine\/politique\/bedie-et-gbagbo-se-mobilisent-pour-la-reconciliation#primaryimage","url":"https:\/\/static.africa-press.net\/centrafricaine\/sites\/45\/2021\/07\/img-60edc5eed2c66.jpg","contentUrl":"https:\/\/static.africa-press.net\/centrafricaine\/sites\/45\/2021\/07\/img-60edc5eed2c66.jpg","width":720,"height":405,"caption":"B\u00e9di\u00e9 et Gbagbo se mobilisent pour la r\u00e9conciliation"},{"@type":"BreadcrumbList","@id":"https:\/\/www.africa-press.net\/centrafricaine\/politique\/bedie-et-gbagbo-se-mobilisent-pour-la-reconciliation#breadcrumb","itemListElement":[{"@type":"ListItem","position":1,"name":"Accueil","item":"https:\/\/www.africa-press.net\/centrafricaine\/"},{"@type":"ListItem","position":2,"name":"B\u00e9di\u00e9 et Gbagbo se mobilisent pour la r\u00e9conciliation"}]},{"@type":"WebSite","@id":"https:\/\/www.africa-press.net\/centrafricaine\/#website","url":"https:\/\/www.africa-press.net\/centrafricaine\/","name":"centrafricaine","description":"Just another Africa News Agency Sites site","potentialAction":[{"@type":"SearchAction","target":{"@type":"EntryPoint","urlTemplate":"https:\/\/www.africa-press.net\/centrafricaine\/?s={search_term_string}"},"query-input":{"@type":"PropertyValueSpecification","valueRequired":true,"valueName":"search_term_string"}}],"inLanguage":"fr-FR"},{"@type":"Person","@id":"https:\/\/www.africa-press.net\/centrafricaine\/#\/schema\/person\/2b1cf3cd81a31e3cd26889ca66d677f1","name":"cfeditorfr"}]}},"_links":{"self":[{"href":"https:\/\/www.africa-press.net\/centrafricaine\/wp-json\/wp\/v2\/posts\/8787","targetHints":{"allow":["GET"]}}],"collection":[{"href":"https:\/\/www.africa-press.net\/centrafricaine\/wp-json\/wp\/v2\/posts"}],"about":[{"href":"https:\/\/www.africa-press.net\/centrafricaine\/wp-json\/wp\/v2\/types\/post"}],"author":[{"embeddable":true,"href":"https:\/\/www.africa-press.net\/centrafricaine\/wp-json\/wp\/v2\/users\/82"}],"replies":[{"embeddable":true,"href":"https:\/\/www.africa-press.net\/centrafricaine\/wp-json\/wp\/v2\/comments?post=8787"}],"version-history":[{"count":0,"href":"https:\/\/www.africa-press.net\/centrafricaine\/wp-json\/wp\/v2\/posts\/8787\/revisions"}],"wp:featuredmedia":[{"embeddable":true,"href":"https:\/\/www.africa-press.net\/centrafricaine\/wp-json\/wp\/v2\/media\/8786"}],"wp:attachment":[{"href":"https:\/\/www.africa-press.net\/centrafricaine\/wp-json\/wp\/v2\/media?parent=8787"}],"wp:term":[{"taxonomy":"category","embeddable":true,"href":"https:\/\/www.africa-press.net\/centrafricaine\/wp-json\/wp\/v2\/categories?post=8787"},{"taxonomy":"post_tag","embeddable":true,"href":"https:\/\/www.africa-press.net\/centrafricaine\/wp-json\/wp\/v2\/tags?post=8787"}],"curies":[{"name":"wp","href":"https:\/\/api.w.org\/{rel}","templated":true}]}}