{"id":8790,"date":"2021-07-13T17:57:20","date_gmt":"2021-07-13T17:57:20","guid":{"rendered":"https:\/\/www.africa-press.net\/centrafricaine\/?p=8790"},"modified":"2021-07-14T14:14:00","modified_gmt":"2021-07-14T14:14:00","slug":"rca-le-proces-de-patrice-edouard-ngaissona-et-alfred-yekatom-se-poursuit-devant-la-cpi-avec-laudition-du-14eme-temoin","status":"publish","type":"post","link":"https:\/\/www.africa-press.net\/centrafricaine\/politique\/rca-le-proces-de-patrice-edouard-ngaissona-et-alfred-yekatom-se-poursuit-devant-la-cpi-avec-laudition-du-14eme-temoin","title":{"rendered":"le proc\u00e8s de Patrice \u00c9douard Nga\u00efssona et Alfred Yekatom se poursuit devant la CPI avec l\u2019audition du 14\u00e8me \u00a0t\u00e9moin"},"content":{"rendered":"<p><span style=\"color: #ff6600\"><strong><a href=\"https:\/\/www.africa-press.net\/\">Africa-Press<\/a> &#8211; <a href=\"https:\/\/www.africa-press.net\/centrafricaine\">CentrAfricaine<\/a>.\u00a0 <\/strong><\/span>\u00a0Le proc\u00e8s de Patrice-Edouard Nga\u00efssona et Alfred Yekatom pour crimes de guerre et crimes contre l\u2019humanit\u00e9 se poursuit ce mardi 13 juillet 2021. L\u2019audience de ce mardi est consacr\u00e9e \u00e0 la d\u00e9position du quatorzi\u00e8mes t\u00e9moin pr\u00e9sent\u00e9 par l\u2019accusation.<\/p>\n<p>Selon le bureau de la Cour p\u00e9nale internationale \u00e0 Bangui en R\u00e9publique centrafricaine, l\u2019audience se poursuit avec la d\u00e9position du t\u00e9moin P-0291 .<\/p>\n<p>Selon le bureau du procureur, Le 14\u00e8me t\u00e9moin cit\u00e9 par l\u2019Accusation \u00e9tait le Premier ministre de la Centrafrique de janvier 2013 \u00e0 janvier 2014.<\/p>\n<p>Le t\u00e9moin devrait d\u00e9poser, entre autres sujets, sur : le contexte du conflit arm\u00e9 ; la pr\u00e9sum\u00e9e propagande antimusulmane du r\u00e9gime de M. Boziz\u00e9 avant le coup d\u2019\u00c9tat de la S\u00e9l\u00e9ka et distribution de machettes aux membres des milices COCORA et COAC pendant cette p\u00e9riode ; l\u2019attaque pr\u00e9sum\u00e9e des Anti-Balaka sur Bangui le 5 d\u00e9cembre 2013 ; leadership pr\u00e9sum\u00e9 de M. Boziz\u00e9 et M. Nga\u00efssona sur les Anti-Balaka ; la structure des Anti-Balaka ; la pr\u00e9sum\u00e9e commission de crimes par la S\u00e9l\u00e9ka et les Anti-Balaka ; et le d\u00e9placement forc\u00e9 all\u00e9gu\u00e9 de la population.<\/p>\n<p>Rappelons que Patrice \u00c9douard Nga\u00efssona, ex-coordonnateur de la milice Anti-Balaka, et Alfred Yekatom, ex-commandant en chef de la milice Anti-Balaka sont poursuivis devant la cour p\u00e9nale internationale pour crimes contre l\u2019humanit\u00e9 et crimes de guerre commis en 2013 et 2014.<\/p>\n<p><b>\u00a0<\/b><\/p>\n","protected":false},"excerpt":{"rendered":"<p>Africa-Press &#8211; CentrAfricaine.\u00a0 \u00a0Le proc\u00e8s de Patrice-Edouard Nga\u00efssona et Alfred Yekatom pour crimes de guerre et crimes contre l\u2019humanit\u00e9 se poursuit ce mardi 13 juillet 2021. L\u2019audience de ce mardi est consacr\u00e9e \u00e0 la d\u00e9position du quatorzi\u00e8mes t\u00e9moin pr\u00e9sent\u00e9 par l\u2019accusation. Selon le bureau de la Cour p\u00e9nale internationale \u00e0 Bangui en R\u00e9publique centrafricaine, l\u2019audience [&hellip;]<\/p>\n","protected":false},"author":82,"featured_media":8789,"comment_status":"open","ping_status":"closed","sticky":false,"template":"","format":"standard","meta":{"footnotes":""},"categories":[11,2,20,10],"tags":[36,58,30],"class_list":["post-8790","post","type-post","status-publish","format-standard","has-post-thumbnail","hentry","category-homepage-french","category-politique","category-top-nouvelles","category-toutes-les-actualites","tag-africa-press","tag-africa-press-centrafricaine","tag-centrafricaine"],"yoast_head":"<!-- This site is optimized with the Yoast SEO Premium plugin v26.1 (Yoast SEO v27.0) - https:\/\/yoast.com\/product\/yoast-seo-premium-wordpress\/ -->\n<title>le proc\u00e8s de Patrice \u00c9douard Nga\u00efssona et Alfred Yekatom se poursuit devant la CPI avec l\u2019audition du 14\u00e8me \u00a0t\u00e9moin - centrafricaine<\/title>\n<meta name=\"description\" content=\"Bangui, R\u00e9publique centrafricaine, mardi, 13 juillet 2021, 03:17:46 ( Corbeaunews-Centrafrique ). Le proc\u00e8s de P ...\" \/>\n<meta name=\"robots\" content=\"index, follow, max-snippet:-1, max-image-preview:large, max-video-preview:-1\" \/>\n<link rel=\"canonical\" href=\"https:\/\/www.africa-press.net\/centrafricaine\/politique\/rca-le-proces-de-patrice-edouard-ngaissona-et-alfred-yekatom-se-poursuit-devant-la-cpi-avec-laudition-du-14eme-temoin\" \/>\n<meta property=\"og:locale\" content=\"fr_FR\" \/>\n<meta property=\"og:type\" content=\"article\" \/>\n<meta property=\"og:title\" content=\"le proc\u00e8s de Patrice \u00c9douard Nga\u00efssona et Alfred Yekatom se poursuit devant la CPI avec l\u2019audition du 14\u00e8me \u00a0t\u00e9moin\" \/>\n<meta property=\"og:description\" content=\"Bangui, R\u00e9publique centrafricaine, mardi, 13 juillet 2021, 03:17:46 ( Corbeaunews-Centrafrique ). Le proc\u00e8s de P ...\" \/>\n<meta property=\"og:url\" content=\"https:\/\/www.africa-press.net\/centrafricaine\/politique\/rca-le-proces-de-patrice-edouard-ngaissona-et-alfred-yekatom-se-poursuit-devant-la-cpi-avec-laudition-du-14eme-temoin\" \/>\n<meta property=\"og:site_name\" content=\"centrafricaine\" \/>\n<meta property=\"article:published_time\" content=\"2021-07-13T17:57:20+00:00\" \/>\n<meta property=\"article:modified_time\" content=\"2021-07-14T14:14:00+00:00\" \/>\n<meta property=\"og:image\" content=\"https:\/\/static.africa-press.net\/centrafricaine\/sites\/45\/2021\/07\/img-60edc61f7666b.jpg\" \/>\n\t<meta property=\"og:image:width\" content=\"720\" \/>\n\t<meta property=\"og:image:height\" content=\"404\" \/>\n\t<meta property=\"og:image:type\" content=\"image\/jpeg\" \/>\n<meta name=\"author\" content=\"cfeditorfr\" \/>\n<meta name=\"twitter:card\" content=\"summary_large_image\" \/>\n<meta name=\"twitter:label1\" content=\"\u00c9crit par\" \/>\n\t<meta name=\"twitter:data1\" content=\"cfeditorfr\" \/>\n\t<meta name=\"twitter:label2\" content=\"Dur\u00e9e de lecture estim\u00e9e\" \/>\n\t<meta name=\"twitter:data2\" content=\"1 minute\" \/>\n<script type=\"application\/ld+json\" class=\"yoast-schema-graph\">{\"@context\":\"https:\/\/schema.org\",\"@graph\":[{\"@type\":\"Article\",\"@id\":\"https:\/\/www.africa-press.net\/centrafricaine\/politique\/rca-le-proces-de-patrice-edouard-ngaissona-et-alfred-yekatom-se-poursuit-devant-la-cpi-avec-laudition-du-14eme-temoin#article\",\"isPartOf\":{\"@id\":\"https:\/\/www.africa-press.net\/centrafricaine\/politique\/rca-le-proces-de-patrice-edouard-ngaissona-et-alfred-yekatom-se-poursuit-devant-la-cpi-avec-laudition-du-14eme-temoin\"},\"author\":{\"name\":\"cfeditorfr\",\"@id\":\"https:\/\/www.africa-press.net\/centrafricaine\/#\/schema\/person\/2b1cf3cd81a31e3cd26889ca66d677f1\"},\"headline\":\"le proc\u00e8s de Patrice \u00c9douard Nga\u00efssona et Alfred Yekatom se poursuit devant la CPI avec l\u2019audition du 14\u00e8me \u00a0t\u00e9moin\",\"datePublished\":\"2021-07-13T17:57:20+00:00\",\"dateModified\":\"2021-07-14T14:14:00+00:00\",\"mainEntityOfPage\":{\"@id\":\"https:\/\/www.africa-press.net\/centrafricaine\/politique\/rca-le-proces-de-patrice-edouard-ngaissona-et-alfred-yekatom-se-poursuit-devant-la-cpi-avec-laudition-du-14eme-temoin\"},\"wordCount\":267,\"commentCount\":0,\"image\":{\"@id\":\"https:\/\/www.africa-press.net\/centrafricaine\/politique\/rca-le-proces-de-patrice-edouard-ngaissona-et-alfred-yekatom-se-poursuit-devant-la-cpi-avec-laudition-du-14eme-temoin#primaryimage\"},\"thumbnailUrl\":\"https:\/\/static.africa-press.net\/centrafricaine\/sites\/45\/2021\/07\/img-60edc61f7666b.jpg\",\"keywords\":[\"Africa Press\",\"Africa Press-CentrAfricaine\",\"CentrAfricaine\"],\"articleSection\":[\"homepage-french\",\"Politique\",\"Top Nouvelles\",\"Toutes les actualit\u00e9s\"],\"inLanguage\":\"fr-FR\",\"potentialAction\":[{\"@type\":\"CommentAction\",\"name\":\"Comment\",\"target\":[\"https:\/\/www.africa-press.net\/centrafricaine\/politique\/rca-le-proces-de-patrice-edouard-ngaissona-et-alfred-yekatom-se-poursuit-devant-la-cpi-avec-laudition-du-14eme-temoin#respond\"]}]},{\"@type\":\"WebPage\",\"@id\":\"https:\/\/www.africa-press.net\/centrafricaine\/politique\/rca-le-proces-de-patrice-edouard-ngaissona-et-alfred-yekatom-se-poursuit-devant-la-cpi-avec-laudition-du-14eme-temoin\",\"url\":\"https:\/\/www.africa-press.net\/centrafricaine\/politique\/rca-le-proces-de-patrice-edouard-ngaissona-et-alfred-yekatom-se-poursuit-devant-la-cpi-avec-laudition-du-14eme-temoin\",\"name\":\"le proc\u00e8s de Patrice \u00c9douard Nga\u00efssona et Alfred Yekatom se poursuit devant la CPI avec l\u2019audition du 14\u00e8me \u00a0t\u00e9moin - centrafricaine\",\"isPartOf\":{\"@id\":\"https:\/\/www.africa-press.net\/centrafricaine\/#website\"},\"primaryImageOfPage\":{\"@id\":\"https:\/\/www.africa-press.net\/centrafricaine\/politique\/rca-le-proces-de-patrice-edouard-ngaissona-et-alfred-yekatom-se-poursuit-devant-la-cpi-avec-laudition-du-14eme-temoin#primaryimage\"},\"image\":{\"@id\":\"https:\/\/www.africa-press.net\/centrafricaine\/politique\/rca-le-proces-de-patrice-edouard-ngaissona-et-alfred-yekatom-se-poursuit-devant-la-cpi-avec-laudition-du-14eme-temoin#primaryimage\"},\"thumbnailUrl\":\"https:\/\/static.africa-press.net\/centrafricaine\/sites\/45\/2021\/07\/img-60edc61f7666b.jpg\",\"datePublished\":\"2021-07-13T17:57:20+00:00\",\"dateModified\":\"2021-07-14T14:14:00+00:00\",\"author\":{\"@id\":\"https:\/\/www.africa-press.net\/centrafricaine\/#\/schema\/person\/2b1cf3cd81a31e3cd26889ca66d677f1\"},\"description\":\"Bangui, R\u00e9publique centrafricaine, mardi, 13 juillet 2021, 03:17:46 ( Corbeaunews-Centrafrique ). Le proc\u00e8s de P ...\",\"breadcrumb\":{\"@id\":\"https:\/\/www.africa-press.net\/centrafricaine\/politique\/rca-le-proces-de-patrice-edouard-ngaissona-et-alfred-yekatom-se-poursuit-devant-la-cpi-avec-laudition-du-14eme-temoin#breadcrumb\"},\"inLanguage\":\"fr-FR\",\"potentialAction\":[{\"@type\":\"ReadAction\",\"target\":[\"https:\/\/www.africa-press.net\/centrafricaine\/politique\/rca-le-proces-de-patrice-edouard-ngaissona-et-alfred-yekatom-se-poursuit-devant-la-cpi-avec-laudition-du-14eme-temoin\"]}]},{\"@type\":\"ImageObject\",\"inLanguage\":\"fr-FR\",\"@id\":\"https:\/\/www.africa-press.net\/centrafricaine\/politique\/rca-le-proces-de-patrice-edouard-ngaissona-et-alfred-yekatom-se-poursuit-devant-la-cpi-avec-laudition-du-14eme-temoin#primaryimage\",\"url\":\"https:\/\/static.africa-press.net\/centrafricaine\/sites\/45\/2021\/07\/img-60edc61f7666b.jpg\",\"contentUrl\":\"https:\/\/static.africa-press.net\/centrafricaine\/sites\/45\/2021\/07\/img-60edc61f7666b.jpg\",\"width\":720,\"height\":404,\"caption\":\"RCA\u00a0: le proc\u00e8s de Patrice \u00c9douard Nga\u00efssona et Alfred Yekatom se poursuit devant la CPI avec l\u2019audition du 14\u00e8me \u00a0t\u00e9moin\"},{\"@type\":\"BreadcrumbList\",\"@id\":\"https:\/\/www.africa-press.net\/centrafricaine\/politique\/rca-le-proces-de-patrice-edouard-ngaissona-et-alfred-yekatom-se-poursuit-devant-la-cpi-avec-laudition-du-14eme-temoin#breadcrumb\",\"itemListElement\":[{\"@type\":\"ListItem\",\"position\":1,\"name\":\"Accueil\",\"item\":\"https:\/\/www.africa-press.net\/centrafricaine\/\"},{\"@type\":\"ListItem\",\"position\":2,\"name\":\"le proc\u00e8s de Patrice \u00c9douard Nga\u00efssona et Alfred Yekatom se poursuit devant la CPI avec l\u2019audition du 14\u00e8me \u00a0t\u00e9moin\"}]},{\"@type\":\"WebSite\",\"@id\":\"https:\/\/www.africa-press.net\/centrafricaine\/#website\",\"url\":\"https:\/\/www.africa-press.net\/centrafricaine\/\",\"name\":\"centrafricaine\",\"description\":\"Just another Africa News Agency Sites site\",\"potentialAction\":[{\"@type\":\"SearchAction\",\"target\":{\"@type\":\"EntryPoint\",\"urlTemplate\":\"https:\/\/www.africa-press.net\/centrafricaine\/?s={search_term_string}\"},\"query-input\":{\"@type\":\"PropertyValueSpecification\",\"valueRequired\":true,\"valueName\":\"search_term_string\"}}],\"inLanguage\":\"fr-FR\"},{\"@type\":\"Person\",\"@id\":\"https:\/\/www.africa-press.net\/centrafricaine\/#\/schema\/person\/2b1cf3cd81a31e3cd26889ca66d677f1\",\"name\":\"cfeditorfr\"}]}<\/script>\n<!-- \/ Yoast SEO Premium plugin. -->","yoast_head_json":{"title":"le proc\u00e8s de Patrice \u00c9douard Nga\u00efssona et Alfred Yekatom se poursuit devant la CPI avec l\u2019audition du 14\u00e8me \u00a0t\u00e9moin - centrafricaine","description":"Bangui, R\u00e9publique centrafricaine, mardi, 13 juillet 2021, 03:17:46 ( Corbeaunews-Centrafrique ). Le proc\u00e8s de P ...","robots":{"index":"index","follow":"follow","max-snippet":"max-snippet:-1","max-image-preview":"max-image-preview:large","max-video-preview":"max-video-preview:-1"},"canonical":"https:\/\/www.africa-press.net\/centrafricaine\/politique\/rca-le-proces-de-patrice-edouard-ngaissona-et-alfred-yekatom-se-poursuit-devant-la-cpi-avec-laudition-du-14eme-temoin","og_locale":"fr_FR","og_type":"article","og_title":"le proc\u00e8s de Patrice \u00c9douard Nga\u00efssona et Alfred Yekatom se poursuit devant la CPI avec l\u2019audition du 14\u00e8me \u00a0t\u00e9moin","og_description":"Bangui, R\u00e9publique centrafricaine, mardi, 13 juillet 2021, 03:17:46 ( Corbeaunews-Centrafrique ). Le proc\u00e8s de P ...","og_url":"https:\/\/www.africa-press.net\/centrafricaine\/politique\/rca-le-proces-de-patrice-edouard-ngaissona-et-alfred-yekatom-se-poursuit-devant-la-cpi-avec-laudition-du-14eme-temoin","og_site_name":"centrafricaine","article_published_time":"2021-07-13T17:57:20+00:00","article_modified_time":"2021-07-14T14:14:00+00:00","og_image":[{"width":720,"height":404,"url":"https:\/\/static.africa-press.net\/centrafricaine\/sites\/45\/2021\/07\/img-60edc61f7666b.jpg","type":"image\/jpeg"}],"author":"cfeditorfr","twitter_card":"summary_large_image","twitter_misc":{"\u00c9crit par":"cfeditorfr","Dur\u00e9e de lecture estim\u00e9e":"1 minute"},"schema":{"@context":"https:\/\/schema.org","@graph":[{"@type":"Article","@id":"https:\/\/www.africa-press.net\/centrafricaine\/politique\/rca-le-proces-de-patrice-edouard-ngaissona-et-alfred-yekatom-se-poursuit-devant-la-cpi-avec-laudition-du-14eme-temoin#article","isPartOf":{"@id":"https:\/\/www.africa-press.net\/centrafricaine\/politique\/rca-le-proces-de-patrice-edouard-ngaissona-et-alfred-yekatom-se-poursuit-devant-la-cpi-avec-laudition-du-14eme-temoin"},"author":{"name":"cfeditorfr","@id":"https:\/\/www.africa-press.net\/centrafricaine\/#\/schema\/person\/2b1cf3cd81a31e3cd26889ca66d677f1"},"headline":"le proc\u00e8s de Patrice \u00c9douard Nga\u00efssona et Alfred Yekatom se poursuit devant la CPI avec l\u2019audition du 14\u00e8me \u00a0t\u00e9moin","datePublished":"2021-07-13T17:57:20+00:00","dateModified":"2021-07-14T14:14:00+00:00","mainEntityOfPage":{"@id":"https:\/\/www.africa-press.net\/centrafricaine\/politique\/rca-le-proces-de-patrice-edouard-ngaissona-et-alfred-yekatom-se-poursuit-devant-la-cpi-avec-laudition-du-14eme-temoin"},"wordCount":267,"commentCount":0,"image":{"@id":"https:\/\/www.africa-press.net\/centrafricaine\/politique\/rca-le-proces-de-patrice-edouard-ngaissona-et-alfred-yekatom-se-poursuit-devant-la-cpi-avec-laudition-du-14eme-temoin#primaryimage"},"thumbnailUrl":"https:\/\/static.africa-press.net\/centrafricaine\/sites\/45\/2021\/07\/img-60edc61f7666b.jpg","keywords":["Africa Press","Africa Press-CentrAfricaine","CentrAfricaine"],"articleSection":["homepage-french","Politique","Top Nouvelles","Toutes les actualit\u00e9s"],"inLanguage":"fr-FR","potentialAction":[{"@type":"CommentAction","name":"Comment","target":["https:\/\/www.africa-press.net\/centrafricaine\/politique\/rca-le-proces-de-patrice-edouard-ngaissona-et-alfred-yekatom-se-poursuit-devant-la-cpi-avec-laudition-du-14eme-temoin#respond"]}]},{"@type":"WebPage","@id":"https:\/\/www.africa-press.net\/centrafricaine\/politique\/rca-le-proces-de-patrice-edouard-ngaissona-et-alfred-yekatom-se-poursuit-devant-la-cpi-avec-laudition-du-14eme-temoin","url":"https:\/\/www.africa-press.net\/centrafricaine\/politique\/rca-le-proces-de-patrice-edouard-ngaissona-et-alfred-yekatom-se-poursuit-devant-la-cpi-avec-laudition-du-14eme-temoin","name":"le proc\u00e8s de Patrice \u00c9douard Nga\u00efssona et Alfred Yekatom se poursuit devant la CPI avec l\u2019audition du 14\u00e8me \u00a0t\u00e9moin - centrafricaine","isPartOf":{"@id":"https:\/\/www.africa-press.net\/centrafricaine\/#website"},"primaryImageOfPage":{"@id":"https:\/\/www.africa-press.net\/centrafricaine\/politique\/rca-le-proces-de-patrice-edouard-ngaissona-et-alfred-yekatom-se-poursuit-devant-la-cpi-avec-laudition-du-14eme-temoin#primaryimage"},"image":{"@id":"https:\/\/www.africa-press.net\/centrafricaine\/politique\/rca-le-proces-de-patrice-edouard-ngaissona-et-alfred-yekatom-se-poursuit-devant-la-cpi-avec-laudition-du-14eme-temoin#primaryimage"},"thumbnailUrl":"https:\/\/static.africa-press.net\/centrafricaine\/sites\/45\/2021\/07\/img-60edc61f7666b.jpg","datePublished":"2021-07-13T17:57:20+00:00","dateModified":"2021-07-14T14:14:00+00:00","author":{"@id":"https:\/\/www.africa-press.net\/centrafricaine\/#\/schema\/person\/2b1cf3cd81a31e3cd26889ca66d677f1"},"description":"Bangui, R\u00e9publique centrafricaine, mardi, 13 juillet 2021, 03:17:46 ( Corbeaunews-Centrafrique ). Le proc\u00e8s de P ...","breadcrumb":{"@id":"https:\/\/www.africa-press.net\/centrafricaine\/politique\/rca-le-proces-de-patrice-edouard-ngaissona-et-alfred-yekatom-se-poursuit-devant-la-cpi-avec-laudition-du-14eme-temoin#breadcrumb"},"inLanguage":"fr-FR","potentialAction":[{"@type":"ReadAction","target":["https:\/\/www.africa-press.net\/centrafricaine\/politique\/rca-le-proces-de-patrice-edouard-ngaissona-et-alfred-yekatom-se-poursuit-devant-la-cpi-avec-laudition-du-14eme-temoin"]}]},{"@type":"ImageObject","inLanguage":"fr-FR","@id":"https:\/\/www.africa-press.net\/centrafricaine\/politique\/rca-le-proces-de-patrice-edouard-ngaissona-et-alfred-yekatom-se-poursuit-devant-la-cpi-avec-laudition-du-14eme-temoin#primaryimage","url":"https:\/\/static.africa-press.net\/centrafricaine\/sites\/45\/2021\/07\/img-60edc61f7666b.jpg","contentUrl":"https:\/\/static.africa-press.net\/centrafricaine\/sites\/45\/2021\/07\/img-60edc61f7666b.jpg","width":720,"height":404,"caption":"RCA\u00a0: le proc\u00e8s de Patrice \u00c9douard Nga\u00efssona et Alfred Yekatom se poursuit devant la CPI avec l\u2019audition du 14\u00e8me \u00a0t\u00e9moin"},{"@type":"BreadcrumbList","@id":"https:\/\/www.africa-press.net\/centrafricaine\/politique\/rca-le-proces-de-patrice-edouard-ngaissona-et-alfred-yekatom-se-poursuit-devant-la-cpi-avec-laudition-du-14eme-temoin#breadcrumb","itemListElement":[{"@type":"ListItem","position":1,"name":"Accueil","item":"https:\/\/www.africa-press.net\/centrafricaine\/"},{"@type":"ListItem","position":2,"name":"le proc\u00e8s de Patrice \u00c9douard Nga\u00efssona et Alfred Yekatom se poursuit devant la CPI avec l\u2019audition du 14\u00e8me \u00a0t\u00e9moin"}]},{"@type":"WebSite","@id":"https:\/\/www.africa-press.net\/centrafricaine\/#website","url":"https:\/\/www.africa-press.net\/centrafricaine\/","name":"centrafricaine","description":"Just another Africa News Agency Sites site","potentialAction":[{"@type":"SearchAction","target":{"@type":"EntryPoint","urlTemplate":"https:\/\/www.africa-press.net\/centrafricaine\/?s={search_term_string}"},"query-input":{"@type":"PropertyValueSpecification","valueRequired":true,"valueName":"search_term_string"}}],"inLanguage":"fr-FR"},{"@type":"Person","@id":"https:\/\/www.africa-press.net\/centrafricaine\/#\/schema\/person\/2b1cf3cd81a31e3cd26889ca66d677f1","name":"cfeditorfr"}]}},"_links":{"self":[{"href":"https:\/\/www.africa-press.net\/centrafricaine\/wp-json\/wp\/v2\/posts\/8790","targetHints":{"allow":["GET"]}}],"collection":[{"href":"https:\/\/www.africa-press.net\/centrafricaine\/wp-json\/wp\/v2\/posts"}],"about":[{"href":"https:\/\/www.africa-press.net\/centrafricaine\/wp-json\/wp\/v2\/types\/post"}],"author":[{"embeddable":true,"href":"https:\/\/www.africa-press.net\/centrafricaine\/wp-json\/wp\/v2\/users\/82"}],"replies":[{"embeddable":true,"href":"https:\/\/www.africa-press.net\/centrafricaine\/wp-json\/wp\/v2\/comments?post=8790"}],"version-history":[{"count":0,"href":"https:\/\/www.africa-press.net\/centrafricaine\/wp-json\/wp\/v2\/posts\/8790\/revisions"}],"wp:featuredmedia":[{"embeddable":true,"href":"https:\/\/www.africa-press.net\/centrafricaine\/wp-json\/wp\/v2\/media\/8789"}],"wp:attachment":[{"href":"https:\/\/www.africa-press.net\/centrafricaine\/wp-json\/wp\/v2\/media?parent=8790"}],"wp:term":[{"taxonomy":"category","embeddable":true,"href":"https:\/\/www.africa-press.net\/centrafricaine\/wp-json\/wp\/v2\/categories?post=8790"},{"taxonomy":"post_tag","embeddable":true,"href":"https:\/\/www.africa-press.net\/centrafricaine\/wp-json\/wp\/v2\/tags?post=8790"}],"curies":[{"name":"wp","href":"https:\/\/api.w.org\/{rel}","templated":true}]}}