{"id":8793,"date":"2021-07-13T18:06:40","date_gmt":"2021-07-13T18:06:40","guid":{"rendered":"https:\/\/www.africa-press.net\/centrafricaine\/?p=8793"},"modified":"2021-07-14T14:14:08","modified_gmt":"2021-07-14T14:14:08","slug":"rca-le-president-du-tribunal-administratif-de-bangui-dr-georges-jean-michel-anibie-empeche-de-sortir-du-territoire-national","status":"publish","type":"post","link":"https:\/\/www.africa-press.net\/centrafricaine\/politique\/rca-le-president-du-tribunal-administratif-de-bangui-dr-georges-jean-michel-anibie-empeche-de-sortir-du-territoire-national","title":{"rendered":"Le Pr\u00e9sident du tribunal administratif de Bangui , Dr Georges Jean Michel ANIBIE emp\u00each\u00e9 de sortir du territoire national"},"content":{"rendered":"<p><span style=\"color: #ff6600\"><strong><a href=\"https:\/\/www.africa-press.net\/\">Africa-Press<\/a> &#8211; <a href=\"https:\/\/www.africa-press.net\/centrafricaine\">CentrAfricaine<\/a>. <\/strong><\/span><b>Le docteur Georges Jean Michel ANIBIE, Pr\u00e9sident du tribunal administratif de Bangui, a \u00e9t\u00e9 emp\u00each\u00e9 la semaine derni\u00e8re de quitter le territoire national. Il s\u2019est vu refuser le droit d\u2019embarquer dans l\u2019avion faute d\u2019avoir pu obtenir une autorisation de sortie du territoire d\u00e9livr\u00e9e par le minist\u00e8re de la s\u00e9curit\u00e9, a-t-on appris des sources a\u00e9roportuaires le samedi dernier.<\/b><\/p>\n<p>M\u00eame si les raisons de cette nouvelle interdiction de sortie du territoire centrafricain n\u2019ont pas \u00e9t\u00e9 clairement \u00e9tablies, tout porte \u00e0 croire que les r\u00e9centes d\u00e9cisions du tribunal administratif de Bangui dans l\u2019affaire Aur\u00e9lien Simplice Kongb\u00e9l\u00e9 Zingas contre le procureur de la R\u00e9publique Laurent L\u00e9ngand\u00e9 serait \u00e0 l\u2019origine.<\/p>\n<p>En effet, le 19 mai 2021, un groupe de cinq (5) parlementaires de la septi\u00e8me l\u00e9gislature centrafricaine devrait se rendre dans la capitale sud-africaine pour pr\u00eater serment et participer \u00e0 la quatri\u00e8me session de la cinqui\u00e8me l\u00e9gislature du parlement panafricain. Au-del\u00e0 d\u2019un ordre de mission sign\u00e9 de fa\u00e7on r\u00e9guli\u00e8re par le pr\u00e9sident de l\u2019Assembl\u00e9e nationale, un d\u00e9put\u00e9 de l\u2019opposition d\u00e9mocratique, par-dessus le chef de la d\u00e9l\u00e9gation Aur\u00e9lien Simplice Zingas s\u2019est vu refuser la sortie du territoire et ses documents de voyage confisqu\u00e9s sans explication par les autorit\u00e9s a\u00e9roportuaires.<\/p>\n<p>Ainsi, le 20 mai 2021, une requ\u00eate avait \u00e9t\u00e9 d\u00e9pos\u00e9e devant le tribunal administratif de Bangui, et la d\u00e9fense de l\u2019opposant KONGBELET Simplice Aur\u00e9lien ZINGAS estime que la d\u00e9cision de l\u2019interdiction de sortie du territoire prise par le minist\u00e8re de l\u2019Int\u00e9rieur est manifestement ill\u00e9gale dans la mesure ou il sait qu\u2019une telle pr\u00e9rogative ne rel\u00e8ve pas de sa comp\u00e9tence.<\/p>\n<p>Le 25 mai 2021, par ordonnance de r\u00e9f\u00e9r\u00e9, le tribunal administratif statuant en premier ressort dans l\u2019affaire Aur\u00e9lien Simplice Zingas Kongb\u00e9l\u00e9 contre le procureur de la R\u00e9publique, ordonn\u00e9 la lev\u00e9e des mesures administratives faisant interdiction au requ\u00e9rant de quitter le territoire national et la restitution de ces documents de voyage confisqu\u00e9s.<\/p>\n<p>Malgr\u00e9 cette d\u00e9cision de la justice centrafricaine, le minist\u00e8re de la S\u00e9curit\u00e9 n\u2019avait pas voulu obtemp\u00e9rer, et L\u2019honorable Aur\u00e9lien Simplice Kongb\u00e9l\u00e9 Zingas a \u00e9t\u00e9 emp\u00each\u00e9 une nouvelle fois \u00e0 l\u2019a\u00e9roport de Bangui Mpoko. Selon son avocat, l\u2019ex\u00e9cution d\u2019une d\u00e9cision de justice va de soi.<\/p>\n<p><b>\u00ab L\u2019ex\u00e9cution d\u2019une d\u00e9cision de justice va de soi, parce que nous sommes dans un \u00e9tat qui se dit d\u00e9mocratique et de droit. Nous sommes dans un \u00e9tat o\u00f9 la s\u00e9paration de pouvoir est garantie. Et je n\u2019en veux pour cause que le discours du Pr\u00e9sident de la R\u00e9publique qui invitait les magistrats \u00e0 faire leur travail dans la qui\u00e9tude. Nous en avons la preuve l\u00e0. Pour maintenant je pense que ce qu\u2019il faut c\u2019est que le pouvoir ex\u00e9cutif, le pouvoir politique laisse les magistrats faire leur travail \u00bb<\/b><\/p>\n<p>, ajoute ma\u00eetre Arlette SOMBO DIBELLE.<\/p>\n<p>Mais \u00e0 la grande surprise de tous, c\u2019est d\u00e9sormais Monsieur Georges Jean Michel ANIBIE , Pr\u00e9sident du tribunal administratif de Bangui qui est dans le viseur des autorit\u00e9s \u00e0 cause probablement de la d\u00e9cision qu\u2019il a prise dans l\u2019affaire Aur\u00e9lien Zingas.<\/p>\n<p>&nbsp;<\/p>\n","protected":false},"excerpt":{"rendered":"<p>Africa-Press &#8211; CentrAfricaine. Le docteur Georges Jean Michel ANIBIE, Pr\u00e9sident du tribunal administratif de Bangui, a \u00e9t\u00e9 emp\u00each\u00e9 la semaine derni\u00e8re de quitter le territoire national. Il s\u2019est vu refuser le droit d\u2019embarquer dans l\u2019avion faute d\u2019avoir pu obtenir une autorisation de sortie du territoire d\u00e9livr\u00e9e par le minist\u00e8re de la s\u00e9curit\u00e9, a-t-on appris des [&hellip;]<\/p>\n","protected":false},"author":82,"featured_media":8792,"comment_status":"open","ping_status":"closed","sticky":false,"template":"","format":"standard","meta":{"footnotes":""},"categories":[11,2,10],"tags":[36,58,30],"class_list":["post-8793","post","type-post","status-publish","format-standard","has-post-thumbnail","hentry","category-homepage-french","category-politique","category-toutes-les-actualites","tag-africa-press","tag-africa-press-centrafricaine","tag-centrafricaine"],"yoast_head":"<!-- This site is optimized with the Yoast SEO Premium plugin v26.1 (Yoast SEO v27.0) - https:\/\/yoast.com\/product\/yoast-seo-premium-wordpress\/ -->\n<title>Le Pr\u00e9sident du tribunal administratif de Bangui , Dr Georges Jean Michel ANIBIE emp\u00each\u00e9 de sortir du territoire national - centrafricaine<\/title>\n<meta name=\"description\" content=\"Bangui, R\u00e9publique centrafricaine, mardi, 13 juillet 2021, 03:04:35 ( Corbeaunews-Centrafrique ). Le docteur Georges ...\" \/>\n<meta name=\"robots\" content=\"index, follow, max-snippet:-1, max-image-preview:large, max-video-preview:-1\" \/>\n<link rel=\"canonical\" href=\"https:\/\/www.africa-press.net\/centrafricaine\/politique\/rca-le-president-du-tribunal-administratif-de-bangui-dr-georges-jean-michel-anibie-empeche-de-sortir-du-territoire-national\" \/>\n<meta property=\"og:locale\" content=\"fr_FR\" \/>\n<meta property=\"og:type\" content=\"article\" \/>\n<meta property=\"og:title\" content=\"Le Pr\u00e9sident du tribunal administratif de Bangui , Dr Georges Jean Michel ANIBIE emp\u00each\u00e9 de sortir du territoire national\" \/>\n<meta property=\"og:description\" content=\"Bangui, R\u00e9publique centrafricaine, mardi, 13 juillet 2021, 03:04:35 ( Corbeaunews-Centrafrique ). Le docteur Georges ...\" \/>\n<meta property=\"og:url\" content=\"https:\/\/www.africa-press.net\/centrafricaine\/politique\/rca-le-president-du-tribunal-administratif-de-bangui-dr-georges-jean-michel-anibie-empeche-de-sortir-du-territoire-national\" \/>\n<meta property=\"og:site_name\" content=\"centrafricaine\" \/>\n<meta property=\"article:published_time\" content=\"2021-07-13T18:06:40+00:00\" \/>\n<meta property=\"article:modified_time\" content=\"2021-07-14T14:14:08+00:00\" \/>\n<meta property=\"og:image\" content=\"https:\/\/static.africa-press.net\/centrafricaine\/sites\/45\/2021\/07\/img-60edc669602de.jpg\" \/>\n\t<meta property=\"og:image:width\" content=\"720\" \/>\n\t<meta property=\"og:image:height\" content=\"404\" \/>\n\t<meta property=\"og:image:type\" content=\"image\/jpeg\" \/>\n<meta name=\"author\" content=\"cfeditorfr\" \/>\n<meta name=\"twitter:card\" content=\"summary_large_image\" \/>\n<meta name=\"twitter:label1\" content=\"\u00c9crit par\" \/>\n\t<meta name=\"twitter:data1\" content=\"cfeditorfr\" \/>\n\t<meta name=\"twitter:label2\" content=\"Dur\u00e9e de lecture estim\u00e9e\" \/>\n\t<meta name=\"twitter:data2\" content=\"3 minutes\" \/>\n<script type=\"application\/ld+json\" class=\"yoast-schema-graph\">{\"@context\":\"https:\/\/schema.org\",\"@graph\":[{\"@type\":\"Article\",\"@id\":\"https:\/\/www.africa-press.net\/centrafricaine\/politique\/rca-le-president-du-tribunal-administratif-de-bangui-dr-georges-jean-michel-anibie-empeche-de-sortir-du-territoire-national#article\",\"isPartOf\":{\"@id\":\"https:\/\/www.africa-press.net\/centrafricaine\/politique\/rca-le-president-du-tribunal-administratif-de-bangui-dr-georges-jean-michel-anibie-empeche-de-sortir-du-territoire-national\"},\"author\":{\"name\":\"cfeditorfr\",\"@id\":\"https:\/\/www.africa-press.net\/centrafricaine\/#\/schema\/person\/2b1cf3cd81a31e3cd26889ca66d677f1\"},\"headline\":\"Le Pr\u00e9sident du tribunal administratif de Bangui , Dr Georges Jean Michel ANIBIE emp\u00each\u00e9 de sortir du territoire national\",\"datePublished\":\"2021-07-13T18:06:40+00:00\",\"dateModified\":\"2021-07-14T14:14:08+00:00\",\"mainEntityOfPage\":{\"@id\":\"https:\/\/www.africa-press.net\/centrafricaine\/politique\/rca-le-president-du-tribunal-administratif-de-bangui-dr-georges-jean-michel-anibie-empeche-de-sortir-du-territoire-national\"},\"wordCount\":596,\"commentCount\":0,\"image\":{\"@id\":\"https:\/\/www.africa-press.net\/centrafricaine\/politique\/rca-le-president-du-tribunal-administratif-de-bangui-dr-georges-jean-michel-anibie-empeche-de-sortir-du-territoire-national#primaryimage\"},\"thumbnailUrl\":\"https:\/\/static.africa-press.net\/centrafricaine\/sites\/45\/2021\/07\/img-60edc669602de.jpg\",\"keywords\":[\"Africa Press\",\"Africa Press-CentrAfricaine\",\"CentrAfricaine\"],\"articleSection\":[\"homepage-french\",\"Politique\",\"Toutes les actualit\u00e9s\"],\"inLanguage\":\"fr-FR\",\"potentialAction\":[{\"@type\":\"CommentAction\",\"name\":\"Comment\",\"target\":[\"https:\/\/www.africa-press.net\/centrafricaine\/politique\/rca-le-president-du-tribunal-administratif-de-bangui-dr-georges-jean-michel-anibie-empeche-de-sortir-du-territoire-national#respond\"]}]},{\"@type\":\"WebPage\",\"@id\":\"https:\/\/www.africa-press.net\/centrafricaine\/politique\/rca-le-president-du-tribunal-administratif-de-bangui-dr-georges-jean-michel-anibie-empeche-de-sortir-du-territoire-national\",\"url\":\"https:\/\/www.africa-press.net\/centrafricaine\/politique\/rca-le-president-du-tribunal-administratif-de-bangui-dr-georges-jean-michel-anibie-empeche-de-sortir-du-territoire-national\",\"name\":\"Le Pr\u00e9sident du tribunal administratif de Bangui , Dr Georges Jean Michel ANIBIE emp\u00each\u00e9 de sortir du territoire national - centrafricaine\",\"isPartOf\":{\"@id\":\"https:\/\/www.africa-press.net\/centrafricaine\/#website\"},\"primaryImageOfPage\":{\"@id\":\"https:\/\/www.africa-press.net\/centrafricaine\/politique\/rca-le-president-du-tribunal-administratif-de-bangui-dr-georges-jean-michel-anibie-empeche-de-sortir-du-territoire-national#primaryimage\"},\"image\":{\"@id\":\"https:\/\/www.africa-press.net\/centrafricaine\/politique\/rca-le-president-du-tribunal-administratif-de-bangui-dr-georges-jean-michel-anibie-empeche-de-sortir-du-territoire-national#primaryimage\"},\"thumbnailUrl\":\"https:\/\/static.africa-press.net\/centrafricaine\/sites\/45\/2021\/07\/img-60edc669602de.jpg\",\"datePublished\":\"2021-07-13T18:06:40+00:00\",\"dateModified\":\"2021-07-14T14:14:08+00:00\",\"author\":{\"@id\":\"https:\/\/www.africa-press.net\/centrafricaine\/#\/schema\/person\/2b1cf3cd81a31e3cd26889ca66d677f1\"},\"description\":\"Bangui, R\u00e9publique centrafricaine, mardi, 13 juillet 2021, 03:04:35 ( Corbeaunews-Centrafrique ). Le docteur Georges ...\",\"breadcrumb\":{\"@id\":\"https:\/\/www.africa-press.net\/centrafricaine\/politique\/rca-le-president-du-tribunal-administratif-de-bangui-dr-georges-jean-michel-anibie-empeche-de-sortir-du-territoire-national#breadcrumb\"},\"inLanguage\":\"fr-FR\",\"potentialAction\":[{\"@type\":\"ReadAction\",\"target\":[\"https:\/\/www.africa-press.net\/centrafricaine\/politique\/rca-le-president-du-tribunal-administratif-de-bangui-dr-georges-jean-michel-anibie-empeche-de-sortir-du-territoire-national\"]}]},{\"@type\":\"ImageObject\",\"inLanguage\":\"fr-FR\",\"@id\":\"https:\/\/www.africa-press.net\/centrafricaine\/politique\/rca-le-president-du-tribunal-administratif-de-bangui-dr-georges-jean-michel-anibie-empeche-de-sortir-du-territoire-national#primaryimage\",\"url\":\"https:\/\/static.africa-press.net\/centrafricaine\/sites\/45\/2021\/07\/img-60edc669602de.jpg\",\"contentUrl\":\"https:\/\/static.africa-press.net\/centrafricaine\/sites\/45\/2021\/07\/img-60edc669602de.jpg\",\"width\":720,\"height\":404,\"caption\":\"RCA\u00a0: Le Pr\u00e9sident du tribunal administratif de Bangui , Dr Georges Jean Michel ANIBIE emp\u00each\u00e9 de sortir du territoire national\"},{\"@type\":\"BreadcrumbList\",\"@id\":\"https:\/\/www.africa-press.net\/centrafricaine\/politique\/rca-le-president-du-tribunal-administratif-de-bangui-dr-georges-jean-michel-anibie-empeche-de-sortir-du-territoire-national#breadcrumb\",\"itemListElement\":[{\"@type\":\"ListItem\",\"position\":1,\"name\":\"Accueil\",\"item\":\"https:\/\/www.africa-press.net\/centrafricaine\/\"},{\"@type\":\"ListItem\",\"position\":2,\"name\":\"Le Pr\u00e9sident du tribunal administratif de Bangui , Dr Georges Jean Michel ANIBIE emp\u00each\u00e9 de sortir du territoire national\"}]},{\"@type\":\"WebSite\",\"@id\":\"https:\/\/www.africa-press.net\/centrafricaine\/#website\",\"url\":\"https:\/\/www.africa-press.net\/centrafricaine\/\",\"name\":\"centrafricaine\",\"description\":\"Just another Africa News Agency Sites site\",\"potentialAction\":[{\"@type\":\"SearchAction\",\"target\":{\"@type\":\"EntryPoint\",\"urlTemplate\":\"https:\/\/www.africa-press.net\/centrafricaine\/?s={search_term_string}\"},\"query-input\":{\"@type\":\"PropertyValueSpecification\",\"valueRequired\":true,\"valueName\":\"search_term_string\"}}],\"inLanguage\":\"fr-FR\"},{\"@type\":\"Person\",\"@id\":\"https:\/\/www.africa-press.net\/centrafricaine\/#\/schema\/person\/2b1cf3cd81a31e3cd26889ca66d677f1\",\"name\":\"cfeditorfr\"}]}<\/script>\n<!-- \/ Yoast SEO Premium plugin. -->","yoast_head_json":{"title":"Le Pr\u00e9sident du tribunal administratif de Bangui , Dr Georges Jean Michel ANIBIE emp\u00each\u00e9 de sortir du territoire national - centrafricaine","description":"Bangui, R\u00e9publique centrafricaine, mardi, 13 juillet 2021, 03:04:35 ( Corbeaunews-Centrafrique ). Le docteur Georges ...","robots":{"index":"index","follow":"follow","max-snippet":"max-snippet:-1","max-image-preview":"max-image-preview:large","max-video-preview":"max-video-preview:-1"},"canonical":"https:\/\/www.africa-press.net\/centrafricaine\/politique\/rca-le-president-du-tribunal-administratif-de-bangui-dr-georges-jean-michel-anibie-empeche-de-sortir-du-territoire-national","og_locale":"fr_FR","og_type":"article","og_title":"Le Pr\u00e9sident du tribunal administratif de Bangui , Dr Georges Jean Michel ANIBIE emp\u00each\u00e9 de sortir du territoire national","og_description":"Bangui, R\u00e9publique centrafricaine, mardi, 13 juillet 2021, 03:04:35 ( Corbeaunews-Centrafrique ). Le docteur Georges ...","og_url":"https:\/\/www.africa-press.net\/centrafricaine\/politique\/rca-le-president-du-tribunal-administratif-de-bangui-dr-georges-jean-michel-anibie-empeche-de-sortir-du-territoire-national","og_site_name":"centrafricaine","article_published_time":"2021-07-13T18:06:40+00:00","article_modified_time":"2021-07-14T14:14:08+00:00","og_image":[{"width":720,"height":404,"url":"https:\/\/static.africa-press.net\/centrafricaine\/sites\/45\/2021\/07\/img-60edc669602de.jpg","type":"image\/jpeg"}],"author":"cfeditorfr","twitter_card":"summary_large_image","twitter_misc":{"\u00c9crit par":"cfeditorfr","Dur\u00e9e de lecture estim\u00e9e":"3 minutes"},"schema":{"@context":"https:\/\/schema.org","@graph":[{"@type":"Article","@id":"https:\/\/www.africa-press.net\/centrafricaine\/politique\/rca-le-president-du-tribunal-administratif-de-bangui-dr-georges-jean-michel-anibie-empeche-de-sortir-du-territoire-national#article","isPartOf":{"@id":"https:\/\/www.africa-press.net\/centrafricaine\/politique\/rca-le-president-du-tribunal-administratif-de-bangui-dr-georges-jean-michel-anibie-empeche-de-sortir-du-territoire-national"},"author":{"name":"cfeditorfr","@id":"https:\/\/www.africa-press.net\/centrafricaine\/#\/schema\/person\/2b1cf3cd81a31e3cd26889ca66d677f1"},"headline":"Le Pr\u00e9sident du tribunal administratif de Bangui , Dr Georges Jean Michel ANIBIE emp\u00each\u00e9 de sortir du territoire national","datePublished":"2021-07-13T18:06:40+00:00","dateModified":"2021-07-14T14:14:08+00:00","mainEntityOfPage":{"@id":"https:\/\/www.africa-press.net\/centrafricaine\/politique\/rca-le-president-du-tribunal-administratif-de-bangui-dr-georges-jean-michel-anibie-empeche-de-sortir-du-territoire-national"},"wordCount":596,"commentCount":0,"image":{"@id":"https:\/\/www.africa-press.net\/centrafricaine\/politique\/rca-le-president-du-tribunal-administratif-de-bangui-dr-georges-jean-michel-anibie-empeche-de-sortir-du-territoire-national#primaryimage"},"thumbnailUrl":"https:\/\/static.africa-press.net\/centrafricaine\/sites\/45\/2021\/07\/img-60edc669602de.jpg","keywords":["Africa Press","Africa Press-CentrAfricaine","CentrAfricaine"],"articleSection":["homepage-french","Politique","Toutes les actualit\u00e9s"],"inLanguage":"fr-FR","potentialAction":[{"@type":"CommentAction","name":"Comment","target":["https:\/\/www.africa-press.net\/centrafricaine\/politique\/rca-le-president-du-tribunal-administratif-de-bangui-dr-georges-jean-michel-anibie-empeche-de-sortir-du-territoire-national#respond"]}]},{"@type":"WebPage","@id":"https:\/\/www.africa-press.net\/centrafricaine\/politique\/rca-le-president-du-tribunal-administratif-de-bangui-dr-georges-jean-michel-anibie-empeche-de-sortir-du-territoire-national","url":"https:\/\/www.africa-press.net\/centrafricaine\/politique\/rca-le-president-du-tribunal-administratif-de-bangui-dr-georges-jean-michel-anibie-empeche-de-sortir-du-territoire-national","name":"Le Pr\u00e9sident du tribunal administratif de Bangui , Dr Georges Jean Michel ANIBIE emp\u00each\u00e9 de sortir du territoire national - centrafricaine","isPartOf":{"@id":"https:\/\/www.africa-press.net\/centrafricaine\/#website"},"primaryImageOfPage":{"@id":"https:\/\/www.africa-press.net\/centrafricaine\/politique\/rca-le-president-du-tribunal-administratif-de-bangui-dr-georges-jean-michel-anibie-empeche-de-sortir-du-territoire-national#primaryimage"},"image":{"@id":"https:\/\/www.africa-press.net\/centrafricaine\/politique\/rca-le-president-du-tribunal-administratif-de-bangui-dr-georges-jean-michel-anibie-empeche-de-sortir-du-territoire-national#primaryimage"},"thumbnailUrl":"https:\/\/static.africa-press.net\/centrafricaine\/sites\/45\/2021\/07\/img-60edc669602de.jpg","datePublished":"2021-07-13T18:06:40+00:00","dateModified":"2021-07-14T14:14:08+00:00","author":{"@id":"https:\/\/www.africa-press.net\/centrafricaine\/#\/schema\/person\/2b1cf3cd81a31e3cd26889ca66d677f1"},"description":"Bangui, R\u00e9publique centrafricaine, mardi, 13 juillet 2021, 03:04:35 ( Corbeaunews-Centrafrique ). Le docteur Georges ...","breadcrumb":{"@id":"https:\/\/www.africa-press.net\/centrafricaine\/politique\/rca-le-president-du-tribunal-administratif-de-bangui-dr-georges-jean-michel-anibie-empeche-de-sortir-du-territoire-national#breadcrumb"},"inLanguage":"fr-FR","potentialAction":[{"@type":"ReadAction","target":["https:\/\/www.africa-press.net\/centrafricaine\/politique\/rca-le-president-du-tribunal-administratif-de-bangui-dr-georges-jean-michel-anibie-empeche-de-sortir-du-territoire-national"]}]},{"@type":"ImageObject","inLanguage":"fr-FR","@id":"https:\/\/www.africa-press.net\/centrafricaine\/politique\/rca-le-president-du-tribunal-administratif-de-bangui-dr-georges-jean-michel-anibie-empeche-de-sortir-du-territoire-national#primaryimage","url":"https:\/\/static.africa-press.net\/centrafricaine\/sites\/45\/2021\/07\/img-60edc669602de.jpg","contentUrl":"https:\/\/static.africa-press.net\/centrafricaine\/sites\/45\/2021\/07\/img-60edc669602de.jpg","width":720,"height":404,"caption":"RCA\u00a0: Le Pr\u00e9sident du tribunal administratif de Bangui , Dr Georges Jean Michel ANIBIE emp\u00each\u00e9 de sortir du territoire national"},{"@type":"BreadcrumbList","@id":"https:\/\/www.africa-press.net\/centrafricaine\/politique\/rca-le-president-du-tribunal-administratif-de-bangui-dr-georges-jean-michel-anibie-empeche-de-sortir-du-territoire-national#breadcrumb","itemListElement":[{"@type":"ListItem","position":1,"name":"Accueil","item":"https:\/\/www.africa-press.net\/centrafricaine\/"},{"@type":"ListItem","position":2,"name":"Le Pr\u00e9sident du tribunal administratif de Bangui , Dr Georges Jean Michel ANIBIE emp\u00each\u00e9 de sortir du territoire national"}]},{"@type":"WebSite","@id":"https:\/\/www.africa-press.net\/centrafricaine\/#website","url":"https:\/\/www.africa-press.net\/centrafricaine\/","name":"centrafricaine","description":"Just another Africa News Agency Sites site","potentialAction":[{"@type":"SearchAction","target":{"@type":"EntryPoint","urlTemplate":"https:\/\/www.africa-press.net\/centrafricaine\/?s={search_term_string}"},"query-input":{"@type":"PropertyValueSpecification","valueRequired":true,"valueName":"search_term_string"}}],"inLanguage":"fr-FR"},{"@type":"Person","@id":"https:\/\/www.africa-press.net\/centrafricaine\/#\/schema\/person\/2b1cf3cd81a31e3cd26889ca66d677f1","name":"cfeditorfr"}]}},"_links":{"self":[{"href":"https:\/\/www.africa-press.net\/centrafricaine\/wp-json\/wp\/v2\/posts\/8793","targetHints":{"allow":["GET"]}}],"collection":[{"href":"https:\/\/www.africa-press.net\/centrafricaine\/wp-json\/wp\/v2\/posts"}],"about":[{"href":"https:\/\/www.africa-press.net\/centrafricaine\/wp-json\/wp\/v2\/types\/post"}],"author":[{"embeddable":true,"href":"https:\/\/www.africa-press.net\/centrafricaine\/wp-json\/wp\/v2\/users\/82"}],"replies":[{"embeddable":true,"href":"https:\/\/www.africa-press.net\/centrafricaine\/wp-json\/wp\/v2\/comments?post=8793"}],"version-history":[{"count":0,"href":"https:\/\/www.africa-press.net\/centrafricaine\/wp-json\/wp\/v2\/posts\/8793\/revisions"}],"wp:featuredmedia":[{"embeddable":true,"href":"https:\/\/www.africa-press.net\/centrafricaine\/wp-json\/wp\/v2\/media\/8792"}],"wp:attachment":[{"href":"https:\/\/www.africa-press.net\/centrafricaine\/wp-json\/wp\/v2\/media?parent=8793"}],"wp:term":[{"taxonomy":"category","embeddable":true,"href":"https:\/\/www.africa-press.net\/centrafricaine\/wp-json\/wp\/v2\/categories?post=8793"},{"taxonomy":"post_tag","embeddable":true,"href":"https:\/\/www.africa-press.net\/centrafricaine\/wp-json\/wp\/v2\/tags?post=8793"}],"curies":[{"name":"wp","href":"https:\/\/api.w.org\/{rel}","templated":true}]}}