{"id":8796,"date":"2021-07-13T18:12:46","date_gmt":"2021-07-13T18:12:46","guid":{"rendered":"https:\/\/www.africa-press.net\/centrafricaine\/?p=8796"},"modified":"2021-07-14T14:14:14","modified_gmt":"2021-07-14T14:14:14","slug":"epidemie-de-faim-dans-le-monde-la-fao-alerte","status":"publish","type":"post","link":"https:\/\/www.africa-press.net\/centrafricaine\/toutes-les-actualites\/epidemie-de-faim-dans-le-monde-la-fao-alerte","title":{"rendered":"Epid\u00e9mie de faim dans le monde, la FAO alerte"},"content":{"rendered":"<p><span style=\"color: #ff6600\"><strong><a href=\"https:\/\/www.africa-press.net\/\">Africa-Press<\/a> &#8211; <a href=\"https:\/\/www.africa-press.net\/centrafricaine\">CentrAfricaine<\/a>. <\/strong><\/span><b>La pand\u00e9mie de Covid-19 a contribu\u00e9 \u00e0 une envol\u00e9e du nombre de personnes confront\u00e9es \u00e0 la faim et aura des effets \u00e0 long terme sur la s\u00e9curit\u00e9 alimentaire mondiale, avertit l&rsquo;agence des Nations unies pour l&rsquo;agriculture et l&rsquo;alimentation (FAO).<\/b><\/p>\n<p>C&rsquo;est une des cons\u00e9quences de la gestion de la crise sanitaire li\u00e9e au Covid-19. La faim dans le monde a augment\u00e9 de 18% en un an selon l&rsquo;agence sp\u00e9cialis\u00e9e des Nations unies FAO.<\/p>\n<p><b>\u00ab\u00a0En 2020, entre 720 et 811 millions de personnes dans le monde ont \u00e9t\u00e9 confront\u00e9es \u00e0 la faim, soit environ 118 millions de personnes de plus qu&rsquo;en 2019\u00a0\u00bb<\/b><\/p>\n<p>, rapporte la FAO dans ce document publi\u00e9 avec le concours du Fonds international pour le d\u00e9veloppement de l&rsquo;agriculture, de l&rsquo;Unicef, du Programme alimentaire mondial (PAM) et de l&rsquo;Organisation mondiale de la sant\u00e9.<\/p>\n<p>Les mesures prises contre la pand\u00e9mie ont pouss\u00e9 \u00ab\u00a0des millions de personnes dans le ch\u00f4mage et la pauvret\u00e9\u00a0\u00bb, \u00ab\u00a0laissant les gouvernements et les donateurs avec moins de ressources pour r\u00e9pondre aux besoins alimentaires et nutritionnels des plus vuln\u00e9rables\u00a0\u00bb, explique le PAM. Et de poursuivre, \u00ab\u00a0malheureusement, au moment o\u00f9 une famine est d\u00e9clar\u00e9e, il est d\u00e9j\u00e0 trop tard. Des milliers de personnes meurent d\u00e9j\u00e0 de faim\u00a0\u00bb. (Re)voir : Y\u00e9men, des millions d&rsquo;enfants menac\u00e9s par la famine Chargement du lecteur&#8230;<\/p>\n<p><b>Les plus fragiles en premi\u00e8re ligne<\/b><\/p>\n<p>Le PAM estime que 41 millions de personnes sont au bord de la famine dans 43 pays, dont l&rsquo;Afghanistan, la R\u00e9publique Centrafricaine, la R\u00e9publique D\u00e9mocratique du Congo, l&rsquo;\u00c9thiopie, Ha\u00efti, le Honduras, le Soudan du Sud, le Soudan, l&rsquo;Ouganda, le Venezuela, le Y\u00e9men et le Zimbabwe.<\/p>\n<p>Dans certains pays, les restrictions de d\u00e9placement ont emp\u00each\u00e9 les petits agriculteurs d&rsquo;\u00e9couler leur production sur les march\u00e9s, les privant ainsi de revenus. Dans les villes, il y a eu des probl\u00e8mes d&rsquo;approvisionnement, ce qui a fait exploser les prix. (Re)voir : Nigeria, la pand\u00e9mie fait exploser les prix de l&rsquo;alimentation<\/p>\n<p>Chargement du lecteur&#8230; Des effets \u00e0 long terme Avec la pand\u00e9mie, l&rsquo;objectif de l&rsquo;ONU d&rsquo;\u00e9radiquer la faim dans le monde d&rsquo;ici \u00e0 2030 s&rsquo;\u00e9loigne dangereusement.<\/p>\n<p>Pire, selon les projections, quelque \u00ab\u00a0660 millions de personnes environ pourraient conna\u00eetre la faim en 2030, en partie \u00e0 cause des effets \u00e0 long terme de la pand\u00e9mie de Covid-19 sur la s\u00e9curit\u00e9 alimentaire mondiale \u2013 soit 30 millions de plus que dans un sc\u00e9nario o\u00f9 il n&rsquo;y aurait pas eu de pand\u00e9mie\u00a0\u00bb.<\/p>\n<p>Loin d&rsquo;avoir fait disparaitre les effets du r\u00e9chauffement climatique, la crise sanitaire les a au contraire exacerb\u00e9. Face \u00e0 l&rsquo;urgence, un sommet mondial sur les syst\u00e8mes alimentaires aura lieu en septembre \u00e0 New-York.<\/p>\n<p>A cette occasion, \u00ab\u00a0Action contre la Faim\u00a0\u00bb appelle \u00e0 \u00ab\u00a0une refonte globale, radicale et juste des syst\u00e8mes alimentaires en faveur de l&rsquo;agro\u00e9cologie paysanne\u00a0\u00bb. \u00ab\u00a0Il est primordial que les Etats amorcent d\u00e8s maintenant des changements de fond \u00e0 la hauteur de la situation et cessent d&rsquo;abdiquer face aux g\u00e9ants de l\u2019agro-industrie\u00a0\u00bb, estime l&rsquo;ONG dans un communiqu\u00e9.(Re)voir : \u00c9radiquer la faim dans le monde pour 2030, un objectif compromis \u00e0 cause de la pand\u00e9mie Chargement du lecteur&#8230;<\/p>\n","protected":false},"excerpt":{"rendered":"<p>Africa-Press &#8211; CentrAfricaine. La pand\u00e9mie de Covid-19 a contribu\u00e9 \u00e0 une envol\u00e9e du nombre de personnes confront\u00e9es \u00e0 la faim et aura des effets \u00e0 long terme sur la s\u00e9curit\u00e9 alimentaire mondiale, avertit l&rsquo;agence des Nations unies pour l&rsquo;agriculture et l&rsquo;alimentation (FAO). C&rsquo;est une des cons\u00e9quences de la gestion de la crise sanitaire li\u00e9e au [&hellip;]<\/p>\n","protected":false},"author":82,"featured_media":8795,"comment_status":"open","ping_status":"closed","sticky":false,"template":"","format":"standard","meta":{"footnotes":""},"categories":[22,11,10],"tags":[36,58,30],"class_list":["post-8796","post","type-post","status-publish","format-standard","has-post-thumbnail","hentry","category-divers","category-homepage-french","category-toutes-les-actualites","tag-africa-press","tag-africa-press-centrafricaine","tag-centrafricaine"],"yoast_head":"<!-- This site is optimized with the Yoast SEO Premium plugin v26.1 (Yoast SEO v27.0) - https:\/\/yoast.com\/product\/yoast-seo-premium-wordpress\/ -->\n<title>Epid\u00e9mie de faim dans le monde, la FAO alerte - centrafricaine<\/title>\n<meta name=\"description\" content=\"La pand\u00e9mie de Covid-19 a contribu\u00e9 \u00e0 une envol\u00e9e du nombre de personnes confront\u00e9es \u00e0 la faim et aura des effets \u00e0 l ...\" \/>\n<meta name=\"robots\" content=\"index, follow, max-snippet:-1, max-image-preview:large, max-video-preview:-1\" \/>\n<link rel=\"canonical\" href=\"https:\/\/www.africa-press.net\/centrafricaine\/toutes-les-actualites\/epidemie-de-faim-dans-le-monde-la-fao-alerte\" \/>\n<meta property=\"og:locale\" content=\"fr_FR\" \/>\n<meta property=\"og:type\" content=\"article\" \/>\n<meta property=\"og:title\" content=\"Epid\u00e9mie de faim dans le monde, la FAO alerte\" \/>\n<meta property=\"og:description\" content=\"La pand\u00e9mie de Covid-19 a contribu\u00e9 \u00e0 une envol\u00e9e du nombre de personnes confront\u00e9es \u00e0 la faim et aura des effets \u00e0 l ...\" \/>\n<meta property=\"og:url\" content=\"https:\/\/www.africa-press.net\/centrafricaine\/toutes-les-actualites\/epidemie-de-faim-dans-le-monde-la-fao-alerte\" \/>\n<meta property=\"og:site_name\" content=\"centrafricaine\" \/>\n<meta property=\"article:published_time\" content=\"2021-07-13T18:12:46+00:00\" \/>\n<meta property=\"article:modified_time\" content=\"2021-07-14T14:14:14+00:00\" \/>\n<meta property=\"og:image\" content=\"https:\/\/static.africa-press.net\/centrafricaine\/sites\/45\/2021\/07\/img-60edc6e315b32.jpg\" \/>\n\t<meta property=\"og:image:width\" content=\"770\" \/>\n\t<meta property=\"og:image:height\" content=\"513\" \/>\n\t<meta property=\"og:image:type\" content=\"image\/jpeg\" \/>\n<meta name=\"author\" content=\"cfeditorfr\" \/>\n<meta name=\"twitter:card\" content=\"summary_large_image\" \/>\n<meta name=\"twitter:label1\" content=\"\u00c9crit par\" \/>\n\t<meta name=\"twitter:data1\" content=\"cfeditorfr\" \/>\n\t<meta name=\"twitter:label2\" content=\"Dur\u00e9e de lecture estim\u00e9e\" \/>\n\t<meta name=\"twitter:data2\" content=\"3 minutes\" \/>\n<script type=\"application\/ld+json\" class=\"yoast-schema-graph\">{\"@context\":\"https:\/\/schema.org\",\"@graph\":[{\"@type\":\"Article\",\"@id\":\"https:\/\/www.africa-press.net\/centrafricaine\/toutes-les-actualites\/epidemie-de-faim-dans-le-monde-la-fao-alerte#article\",\"isPartOf\":{\"@id\":\"https:\/\/www.africa-press.net\/centrafricaine\/toutes-les-actualites\/epidemie-de-faim-dans-le-monde-la-fao-alerte\"},\"author\":{\"name\":\"cfeditorfr\",\"@id\":\"https:\/\/www.africa-press.net\/centrafricaine\/#\/schema\/person\/2b1cf3cd81a31e3cd26889ca66d677f1\"},\"headline\":\"Epid\u00e9mie de faim dans le monde, la FAO alerte\",\"datePublished\":\"2021-07-13T18:12:46+00:00\",\"dateModified\":\"2021-07-14T14:14:14+00:00\",\"mainEntityOfPage\":{\"@id\":\"https:\/\/www.africa-press.net\/centrafricaine\/toutes-les-actualites\/epidemie-de-faim-dans-le-monde-la-fao-alerte\"},\"wordCount\":557,\"commentCount\":0,\"image\":{\"@id\":\"https:\/\/www.africa-press.net\/centrafricaine\/toutes-les-actualites\/epidemie-de-faim-dans-le-monde-la-fao-alerte#primaryimage\"},\"thumbnailUrl\":\"https:\/\/static.africa-press.net\/centrafricaine\/sites\/45\/2021\/07\/img-60edc6e315b32.jpg\",\"keywords\":[\"Africa Press\",\"Africa Press-CentrAfricaine\",\"CentrAfricaine\"],\"articleSection\":[\"Divers\",\"homepage-french\",\"Toutes les actualit\u00e9s\"],\"inLanguage\":\"fr-FR\",\"potentialAction\":[{\"@type\":\"CommentAction\",\"name\":\"Comment\",\"target\":[\"https:\/\/www.africa-press.net\/centrafricaine\/toutes-les-actualites\/epidemie-de-faim-dans-le-monde-la-fao-alerte#respond\"]}]},{\"@type\":\"WebPage\",\"@id\":\"https:\/\/www.africa-press.net\/centrafricaine\/toutes-les-actualites\/epidemie-de-faim-dans-le-monde-la-fao-alerte\",\"url\":\"https:\/\/www.africa-press.net\/centrafricaine\/toutes-les-actualites\/epidemie-de-faim-dans-le-monde-la-fao-alerte\",\"name\":\"Epid\u00e9mie de faim dans le monde, la FAO alerte - centrafricaine\",\"isPartOf\":{\"@id\":\"https:\/\/www.africa-press.net\/centrafricaine\/#website\"},\"primaryImageOfPage\":{\"@id\":\"https:\/\/www.africa-press.net\/centrafricaine\/toutes-les-actualites\/epidemie-de-faim-dans-le-monde-la-fao-alerte#primaryimage\"},\"image\":{\"@id\":\"https:\/\/www.africa-press.net\/centrafricaine\/toutes-les-actualites\/epidemie-de-faim-dans-le-monde-la-fao-alerte#primaryimage\"},\"thumbnailUrl\":\"https:\/\/static.africa-press.net\/centrafricaine\/sites\/45\/2021\/07\/img-60edc6e315b32.jpg\",\"datePublished\":\"2021-07-13T18:12:46+00:00\",\"dateModified\":\"2021-07-14T14:14:14+00:00\",\"author\":{\"@id\":\"https:\/\/www.africa-press.net\/centrafricaine\/#\/schema\/person\/2b1cf3cd81a31e3cd26889ca66d677f1\"},\"description\":\"La pand\u00e9mie de Covid-19 a contribu\u00e9 \u00e0 une envol\u00e9e du nombre de personnes confront\u00e9es \u00e0 la faim et aura des effets \u00e0 l ...\",\"breadcrumb\":{\"@id\":\"https:\/\/www.africa-press.net\/centrafricaine\/toutes-les-actualites\/epidemie-de-faim-dans-le-monde-la-fao-alerte#breadcrumb\"},\"inLanguage\":\"fr-FR\",\"potentialAction\":[{\"@type\":\"ReadAction\",\"target\":[\"https:\/\/www.africa-press.net\/centrafricaine\/toutes-les-actualites\/epidemie-de-faim-dans-le-monde-la-fao-alerte\"]}]},{\"@type\":\"ImageObject\",\"inLanguage\":\"fr-FR\",\"@id\":\"https:\/\/www.africa-press.net\/centrafricaine\/toutes-les-actualites\/epidemie-de-faim-dans-le-monde-la-fao-alerte#primaryimage\",\"url\":\"https:\/\/static.africa-press.net\/centrafricaine\/sites\/45\/2021\/07\/img-60edc6e315b32.jpg\",\"contentUrl\":\"https:\/\/static.africa-press.net\/centrafricaine\/sites\/45\/2021\/07\/img-60edc6e315b32.jpg\",\"width\":770,\"height\":513,\"caption\":\"Epid\u00e9mie de faim dans le monde, la FAO alerte\"},{\"@type\":\"BreadcrumbList\",\"@id\":\"https:\/\/www.africa-press.net\/centrafricaine\/toutes-les-actualites\/epidemie-de-faim-dans-le-monde-la-fao-alerte#breadcrumb\",\"itemListElement\":[{\"@type\":\"ListItem\",\"position\":1,\"name\":\"Accueil\",\"item\":\"https:\/\/www.africa-press.net\/centrafricaine\/\"},{\"@type\":\"ListItem\",\"position\":2,\"name\":\"Epid\u00e9mie de faim dans le monde, la FAO alerte\"}]},{\"@type\":\"WebSite\",\"@id\":\"https:\/\/www.africa-press.net\/centrafricaine\/#website\",\"url\":\"https:\/\/www.africa-press.net\/centrafricaine\/\",\"name\":\"centrafricaine\",\"description\":\"Just another Africa News Agency Sites site\",\"potentialAction\":[{\"@type\":\"SearchAction\",\"target\":{\"@type\":\"EntryPoint\",\"urlTemplate\":\"https:\/\/www.africa-press.net\/centrafricaine\/?s={search_term_string}\"},\"query-input\":{\"@type\":\"PropertyValueSpecification\",\"valueRequired\":true,\"valueName\":\"search_term_string\"}}],\"inLanguage\":\"fr-FR\"},{\"@type\":\"Person\",\"@id\":\"https:\/\/www.africa-press.net\/centrafricaine\/#\/schema\/person\/2b1cf3cd81a31e3cd26889ca66d677f1\",\"name\":\"cfeditorfr\"}]}<\/script>\n<!-- \/ Yoast SEO Premium plugin. -->","yoast_head_json":{"title":"Epid\u00e9mie de faim dans le monde, la FAO alerte - centrafricaine","description":"La pand\u00e9mie de Covid-19 a contribu\u00e9 \u00e0 une envol\u00e9e du nombre de personnes confront\u00e9es \u00e0 la faim et aura des effets \u00e0 l ...","robots":{"index":"index","follow":"follow","max-snippet":"max-snippet:-1","max-image-preview":"max-image-preview:large","max-video-preview":"max-video-preview:-1"},"canonical":"https:\/\/www.africa-press.net\/centrafricaine\/toutes-les-actualites\/epidemie-de-faim-dans-le-monde-la-fao-alerte","og_locale":"fr_FR","og_type":"article","og_title":"Epid\u00e9mie de faim dans le monde, la FAO alerte","og_description":"La pand\u00e9mie de Covid-19 a contribu\u00e9 \u00e0 une envol\u00e9e du nombre de personnes confront\u00e9es \u00e0 la faim et aura des effets \u00e0 l ...","og_url":"https:\/\/www.africa-press.net\/centrafricaine\/toutes-les-actualites\/epidemie-de-faim-dans-le-monde-la-fao-alerte","og_site_name":"centrafricaine","article_published_time":"2021-07-13T18:12:46+00:00","article_modified_time":"2021-07-14T14:14:14+00:00","og_image":[{"width":770,"height":513,"url":"https:\/\/static.africa-press.net\/centrafricaine\/sites\/45\/2021\/07\/img-60edc6e315b32.jpg","type":"image\/jpeg"}],"author":"cfeditorfr","twitter_card":"summary_large_image","twitter_misc":{"\u00c9crit par":"cfeditorfr","Dur\u00e9e de lecture estim\u00e9e":"3 minutes"},"schema":{"@context":"https:\/\/schema.org","@graph":[{"@type":"Article","@id":"https:\/\/www.africa-press.net\/centrafricaine\/toutes-les-actualites\/epidemie-de-faim-dans-le-monde-la-fao-alerte#article","isPartOf":{"@id":"https:\/\/www.africa-press.net\/centrafricaine\/toutes-les-actualites\/epidemie-de-faim-dans-le-monde-la-fao-alerte"},"author":{"name":"cfeditorfr","@id":"https:\/\/www.africa-press.net\/centrafricaine\/#\/schema\/person\/2b1cf3cd81a31e3cd26889ca66d677f1"},"headline":"Epid\u00e9mie de faim dans le monde, la FAO alerte","datePublished":"2021-07-13T18:12:46+00:00","dateModified":"2021-07-14T14:14:14+00:00","mainEntityOfPage":{"@id":"https:\/\/www.africa-press.net\/centrafricaine\/toutes-les-actualites\/epidemie-de-faim-dans-le-monde-la-fao-alerte"},"wordCount":557,"commentCount":0,"image":{"@id":"https:\/\/www.africa-press.net\/centrafricaine\/toutes-les-actualites\/epidemie-de-faim-dans-le-monde-la-fao-alerte#primaryimage"},"thumbnailUrl":"https:\/\/static.africa-press.net\/centrafricaine\/sites\/45\/2021\/07\/img-60edc6e315b32.jpg","keywords":["Africa Press","Africa Press-CentrAfricaine","CentrAfricaine"],"articleSection":["Divers","homepage-french","Toutes les actualit\u00e9s"],"inLanguage":"fr-FR","potentialAction":[{"@type":"CommentAction","name":"Comment","target":["https:\/\/www.africa-press.net\/centrafricaine\/toutes-les-actualites\/epidemie-de-faim-dans-le-monde-la-fao-alerte#respond"]}]},{"@type":"WebPage","@id":"https:\/\/www.africa-press.net\/centrafricaine\/toutes-les-actualites\/epidemie-de-faim-dans-le-monde-la-fao-alerte","url":"https:\/\/www.africa-press.net\/centrafricaine\/toutes-les-actualites\/epidemie-de-faim-dans-le-monde-la-fao-alerte","name":"Epid\u00e9mie de faim dans le monde, la FAO alerte - centrafricaine","isPartOf":{"@id":"https:\/\/www.africa-press.net\/centrafricaine\/#website"},"primaryImageOfPage":{"@id":"https:\/\/www.africa-press.net\/centrafricaine\/toutes-les-actualites\/epidemie-de-faim-dans-le-monde-la-fao-alerte#primaryimage"},"image":{"@id":"https:\/\/www.africa-press.net\/centrafricaine\/toutes-les-actualites\/epidemie-de-faim-dans-le-monde-la-fao-alerte#primaryimage"},"thumbnailUrl":"https:\/\/static.africa-press.net\/centrafricaine\/sites\/45\/2021\/07\/img-60edc6e315b32.jpg","datePublished":"2021-07-13T18:12:46+00:00","dateModified":"2021-07-14T14:14:14+00:00","author":{"@id":"https:\/\/www.africa-press.net\/centrafricaine\/#\/schema\/person\/2b1cf3cd81a31e3cd26889ca66d677f1"},"description":"La pand\u00e9mie de Covid-19 a contribu\u00e9 \u00e0 une envol\u00e9e du nombre de personnes confront\u00e9es \u00e0 la faim et aura des effets \u00e0 l ...","breadcrumb":{"@id":"https:\/\/www.africa-press.net\/centrafricaine\/toutes-les-actualites\/epidemie-de-faim-dans-le-monde-la-fao-alerte#breadcrumb"},"inLanguage":"fr-FR","potentialAction":[{"@type":"ReadAction","target":["https:\/\/www.africa-press.net\/centrafricaine\/toutes-les-actualites\/epidemie-de-faim-dans-le-monde-la-fao-alerte"]}]},{"@type":"ImageObject","inLanguage":"fr-FR","@id":"https:\/\/www.africa-press.net\/centrafricaine\/toutes-les-actualites\/epidemie-de-faim-dans-le-monde-la-fao-alerte#primaryimage","url":"https:\/\/static.africa-press.net\/centrafricaine\/sites\/45\/2021\/07\/img-60edc6e315b32.jpg","contentUrl":"https:\/\/static.africa-press.net\/centrafricaine\/sites\/45\/2021\/07\/img-60edc6e315b32.jpg","width":770,"height":513,"caption":"Epid\u00e9mie de faim dans le monde, la FAO alerte"},{"@type":"BreadcrumbList","@id":"https:\/\/www.africa-press.net\/centrafricaine\/toutes-les-actualites\/epidemie-de-faim-dans-le-monde-la-fao-alerte#breadcrumb","itemListElement":[{"@type":"ListItem","position":1,"name":"Accueil","item":"https:\/\/www.africa-press.net\/centrafricaine\/"},{"@type":"ListItem","position":2,"name":"Epid\u00e9mie de faim dans le monde, la FAO alerte"}]},{"@type":"WebSite","@id":"https:\/\/www.africa-press.net\/centrafricaine\/#website","url":"https:\/\/www.africa-press.net\/centrafricaine\/","name":"centrafricaine","description":"Just another Africa News Agency Sites site","potentialAction":[{"@type":"SearchAction","target":{"@type":"EntryPoint","urlTemplate":"https:\/\/www.africa-press.net\/centrafricaine\/?s={search_term_string}"},"query-input":{"@type":"PropertyValueSpecification","valueRequired":true,"valueName":"search_term_string"}}],"inLanguage":"fr-FR"},{"@type":"Person","@id":"https:\/\/www.africa-press.net\/centrafricaine\/#\/schema\/person\/2b1cf3cd81a31e3cd26889ca66d677f1","name":"cfeditorfr"}]}},"_links":{"self":[{"href":"https:\/\/www.africa-press.net\/centrafricaine\/wp-json\/wp\/v2\/posts\/8796","targetHints":{"allow":["GET"]}}],"collection":[{"href":"https:\/\/www.africa-press.net\/centrafricaine\/wp-json\/wp\/v2\/posts"}],"about":[{"href":"https:\/\/www.africa-press.net\/centrafricaine\/wp-json\/wp\/v2\/types\/post"}],"author":[{"embeddable":true,"href":"https:\/\/www.africa-press.net\/centrafricaine\/wp-json\/wp\/v2\/users\/82"}],"replies":[{"embeddable":true,"href":"https:\/\/www.africa-press.net\/centrafricaine\/wp-json\/wp\/v2\/comments?post=8796"}],"version-history":[{"count":0,"href":"https:\/\/www.africa-press.net\/centrafricaine\/wp-json\/wp\/v2\/posts\/8796\/revisions"}],"wp:featuredmedia":[{"embeddable":true,"href":"https:\/\/www.africa-press.net\/centrafricaine\/wp-json\/wp\/v2\/media\/8795"}],"wp:attachment":[{"href":"https:\/\/www.africa-press.net\/centrafricaine\/wp-json\/wp\/v2\/media?parent=8796"}],"wp:term":[{"taxonomy":"category","embeddable":true,"href":"https:\/\/www.africa-press.net\/centrafricaine\/wp-json\/wp\/v2\/categories?post=8796"},{"taxonomy":"post_tag","embeddable":true,"href":"https:\/\/www.africa-press.net\/centrafricaine\/wp-json\/wp\/v2\/tags?post=8796"}],"curies":[{"name":"wp","href":"https:\/\/api.w.org\/{rel}","templated":true}]}}