{"id":8809,"date":"2021-07-13T18:56:58","date_gmt":"2021-07-13T18:56:58","guid":{"rendered":"https:\/\/www.africa-press.net\/centrafricaine\/?p=8809"},"modified":"2021-07-13T17:15:16","modified_gmt":"2021-07-13T17:15:16","slug":"le-secretaire-general-de-lonu-monsieur-antonio-guterres-estime-quun-cessez-le-feu-est-crucial-pour-sauver-des-vies-en-centrafrique","status":"publish","type":"post","link":"https:\/\/www.africa-press.net\/centrafricaine\/politique\/le-secretaire-general-de-lonu-monsieur-antonio-guterres-estime-quun-cessez-le-feu-est-crucial-pour-sauver-des-vies-en-centrafrique","title":{"rendered":"Le secr\u00e9taire g\u00e9n\u00e9ral de l\u2019ONU, Monsieur Antonio Guterres estime qu\u2019un cessez-le-feu est crucial pour sauver des vies en Centrafrique"},"content":{"rendered":"<p><span style=\"color: #ff6600\"><strong><a href=\"https:\/\/www.africa-press.net\/\">Africa-Press<\/a> &#8211; <a href=\"https:\/\/www.africa-press.net\/centrafricaine\">CentrAfricaine<\/a>. <\/strong><\/span><b>Bangui, R\u00e9publique centrafricaine,<\/b><\/p>\n<p>mardi, 13 juillet 2021, 09:24:10 ( Corbeaunews-Centrafrique ). Face \u00e0 une situation humanitaire \u00ab extr\u00eamement difficile \u00bb aggrav\u00e9e par la persistance d\u2019entrave \u00e0 l\u2019assistance, le secr\u00e9taire g\u00e9n\u00e9ral de l\u2019ONU Antony Guterres pense qu\u2019un cessez-le-feu pourrait sauver des vies en R\u00e9publique centrafricaine.<\/p>\n<p><b>\u00ab La crise humanitaire en R\u00e9publique centrafricaine continue de s\u2019aggraver. Les travailleurs humanitaires ont besoin d\u2019un acc\u00e8s s\u00fbr et sans entrave \u00e0 la population. Un cessez-le-feu est crucial pour sauver des vies et davantage de fonds sont n\u00e9cessaires pour r\u00e9pondre aux besoins humanitaires aigus de la population \u00bb<\/b><\/p>\n<p>, a d\u00e9clar\u00e9 sur Tweeters Monsieur Antonio Guterres, secr\u00e9taire g\u00e9n\u00e9ral de l\u2019ONU.<\/p>\n<p>Cette d\u00e9claration intervient quelques mois apr\u00e8s celle de madame Denise Brown, la coordinatrice humanitaire des Nations unies en Centrafrique qui s\u2019inqui\u00e8te de l\u2019augmentation des attaques enregistr\u00e9e contre les travailleurs humanitaires en Centrafrique.<\/p>\n<p>Selon OCHA, entre octobre et f\u00e9vrier 2021, 234 cas d\u2019attaque contre les travailleurs humanitaires ont \u00e9t\u00e9 recens\u00e9s faisant deux morts et huit bless\u00e9s, soit une augmentation de 79% par rapport \u00e0 la m\u00eame p\u00e9riode de l\u2019ann\u00e9e derni\u00e8re.<\/p>\n<p>En plus, les experts des Nations unies sur les mercenaires en R\u00e9publique centrafricaine ont fait aussi \u00e9tat des nombreuses exactions imput\u00e9es aux mercenaires de la soci\u00e9t\u00e9 russe Wagner et les rebelles de la coalition des patriotes pour le changement (CPC) contre les travailleurs humanitaires dans le pays.<\/p>\n<p>Journaliste r\u00e9dacteur<\/p>\n<p>Tel : 70 13 39 97<\/p>\n<p><b>Alain Nzilo<\/b><\/p>\n<p>Directeur de publications<\/p>\n<p>Tel\/ WhatsApp : +236 75 72 18 21<\/p>\n<p>Email : alainnzilo@gmail.com<\/p>\n","protected":false},"excerpt":{"rendered":"<p>Africa-Press &#8211; CentrAfricaine. Bangui, R\u00e9publique centrafricaine, mardi, 13 juillet 2021, 09:24:10 ( Corbeaunews-Centrafrique ). Face \u00e0 une situation humanitaire \u00ab extr\u00eamement difficile \u00bb aggrav\u00e9e par la persistance d\u2019entrave \u00e0 l\u2019assistance, le secr\u00e9taire g\u00e9n\u00e9ral de l\u2019ONU Antony Guterres pense qu\u2019un cessez-le-feu pourrait sauver des vies en R\u00e9publique centrafricaine. \u00ab La crise humanitaire en R\u00e9publique centrafricaine continue [&hellip;]<\/p>\n","protected":false},"author":82,"featured_media":8808,"comment_status":"open","ping_status":"closed","sticky":false,"template":"","format":"standard","meta":{"footnotes":""},"categories":[11,2,20,10],"tags":[36,58,30],"class_list":["post-8809","post","type-post","status-publish","format-standard","has-post-thumbnail","hentry","category-homepage-french","category-politique","category-top-nouvelles","category-toutes-les-actualites","tag-africa-press","tag-africa-press-centrafricaine","tag-centrafricaine"],"yoast_head":"<!-- This site is optimized with the Yoast SEO Premium plugin v26.1 (Yoast SEO v27.0) - https:\/\/yoast.com\/product\/yoast-seo-premium-wordpress\/ -->\n<title>Le secr\u00e9taire g\u00e9n\u00e9ral de l\u2019ONU, Monsieur Antonio Guterres estime qu\u2019un cessez-le-feu est crucial pour sauver des vies en Centrafrique - centrafricaine<\/title>\n<meta name=\"description\" content=\"Bangui, R\u00e9publique centrafricaine, mardi, 13 juillet 2021, 09:24:10 ( Corbeaunews-Centrafrique ). Face \u00e0 une sit ...\" \/>\n<meta name=\"robots\" content=\"index, follow, max-snippet:-1, max-image-preview:large, max-video-preview:-1\" \/>\n<link rel=\"canonical\" href=\"https:\/\/www.africa-press.net\/centrafricaine\/politique\/le-secretaire-general-de-lonu-monsieur-antonio-guterres-estime-quun-cessez-le-feu-est-crucial-pour-sauver-des-vies-en-centrafrique\" \/>\n<meta property=\"og:locale\" content=\"fr_FR\" \/>\n<meta property=\"og:type\" content=\"article\" \/>\n<meta property=\"og:title\" content=\"Le secr\u00e9taire g\u00e9n\u00e9ral de l\u2019ONU, Monsieur Antonio Guterres estime qu\u2019un cessez-le-feu est crucial pour sauver des vies en Centrafrique\" \/>\n<meta property=\"og:description\" content=\"Bangui, R\u00e9publique centrafricaine, mardi, 13 juillet 2021, 09:24:10 ( Corbeaunews-Centrafrique ). Face \u00e0 une sit ...\" \/>\n<meta property=\"og:url\" content=\"https:\/\/www.africa-press.net\/centrafricaine\/politique\/le-secretaire-general-de-lonu-monsieur-antonio-guterres-estime-quun-cessez-le-feu-est-crucial-pour-sauver-des-vies-en-centrafrique\" \/>\n<meta property=\"og:site_name\" content=\"centrafricaine\" \/>\n<meta property=\"article:published_time\" content=\"2021-07-13T18:56:58+00:00\" \/>\n<meta property=\"og:image\" content=\"https:\/\/static.africa-press.net\/centrafricaine\/sites\/45\/2021\/07\/img-60edca065e774.jpg\" \/>\n\t<meta property=\"og:image:width\" content=\"720\" \/>\n\t<meta property=\"og:image:height\" content=\"426\" \/>\n\t<meta property=\"og:image:type\" content=\"image\/jpeg\" \/>\n<meta name=\"author\" content=\"cfeditorfr\" \/>\n<meta name=\"twitter:card\" content=\"summary_large_image\" \/>\n<meta name=\"twitter:label1\" content=\"\u00c9crit par\" \/>\n\t<meta name=\"twitter:data1\" content=\"cfeditorfr\" \/>\n\t<meta name=\"twitter:label2\" content=\"Dur\u00e9e de lecture estim\u00e9e\" \/>\n\t<meta name=\"twitter:data2\" content=\"1 minute\" \/>\n<script type=\"application\/ld+json\" class=\"yoast-schema-graph\">{\"@context\":\"https:\/\/schema.org\",\"@graph\":[{\"@type\":\"Article\",\"@id\":\"https:\/\/www.africa-press.net\/centrafricaine\/politique\/le-secretaire-general-de-lonu-monsieur-antonio-guterres-estime-quun-cessez-le-feu-est-crucial-pour-sauver-des-vies-en-centrafrique#article\",\"isPartOf\":{\"@id\":\"https:\/\/www.africa-press.net\/centrafricaine\/politique\/le-secretaire-general-de-lonu-monsieur-antonio-guterres-estime-quun-cessez-le-feu-est-crucial-pour-sauver-des-vies-en-centrafrique\"},\"author\":{\"name\":\"cfeditorfr\",\"@id\":\"https:\/\/www.africa-press.net\/centrafricaine\/#\/schema\/person\/2b1cf3cd81a31e3cd26889ca66d677f1\"},\"headline\":\"Le secr\u00e9taire g\u00e9n\u00e9ral de l\u2019ONU, Monsieur Antonio Guterres estime qu\u2019un cessez-le-feu est crucial pour sauver des vies en Centrafrique\",\"datePublished\":\"2021-07-13T18:56:58+00:00\",\"mainEntityOfPage\":{\"@id\":\"https:\/\/www.africa-press.net\/centrafricaine\/politique\/le-secretaire-general-de-lonu-monsieur-antonio-guterres-estime-quun-cessez-le-feu-est-crucial-pour-sauver-des-vies-en-centrafrique\"},\"wordCount\":286,\"commentCount\":0,\"image\":{\"@id\":\"https:\/\/www.africa-press.net\/centrafricaine\/politique\/le-secretaire-general-de-lonu-monsieur-antonio-guterres-estime-quun-cessez-le-feu-est-crucial-pour-sauver-des-vies-en-centrafrique#primaryimage\"},\"thumbnailUrl\":\"https:\/\/static.africa-press.net\/centrafricaine\/sites\/45\/2021\/07\/img-60edca065e774.jpg\",\"keywords\":[\"Africa Press\",\"Africa Press-CentrAfricaine\",\"CentrAfricaine\"],\"articleSection\":[\"homepage-french\",\"Politique\",\"Top Nouvelles\",\"Toutes les actualit\u00e9s\"],\"inLanguage\":\"fr-FR\",\"potentialAction\":[{\"@type\":\"CommentAction\",\"name\":\"Comment\",\"target\":[\"https:\/\/www.africa-press.net\/centrafricaine\/politique\/le-secretaire-general-de-lonu-monsieur-antonio-guterres-estime-quun-cessez-le-feu-est-crucial-pour-sauver-des-vies-en-centrafrique#respond\"]}]},{\"@type\":\"WebPage\",\"@id\":\"https:\/\/www.africa-press.net\/centrafricaine\/politique\/le-secretaire-general-de-lonu-monsieur-antonio-guterres-estime-quun-cessez-le-feu-est-crucial-pour-sauver-des-vies-en-centrafrique\",\"url\":\"https:\/\/www.africa-press.net\/centrafricaine\/politique\/le-secretaire-general-de-lonu-monsieur-antonio-guterres-estime-quun-cessez-le-feu-est-crucial-pour-sauver-des-vies-en-centrafrique\",\"name\":\"Le secr\u00e9taire g\u00e9n\u00e9ral de l\u2019ONU, Monsieur Antonio Guterres estime qu\u2019un cessez-le-feu est crucial pour sauver des vies en Centrafrique - centrafricaine\",\"isPartOf\":{\"@id\":\"https:\/\/www.africa-press.net\/centrafricaine\/#website\"},\"primaryImageOfPage\":{\"@id\":\"https:\/\/www.africa-press.net\/centrafricaine\/politique\/le-secretaire-general-de-lonu-monsieur-antonio-guterres-estime-quun-cessez-le-feu-est-crucial-pour-sauver-des-vies-en-centrafrique#primaryimage\"},\"image\":{\"@id\":\"https:\/\/www.africa-press.net\/centrafricaine\/politique\/le-secretaire-general-de-lonu-monsieur-antonio-guterres-estime-quun-cessez-le-feu-est-crucial-pour-sauver-des-vies-en-centrafrique#primaryimage\"},\"thumbnailUrl\":\"https:\/\/static.africa-press.net\/centrafricaine\/sites\/45\/2021\/07\/img-60edca065e774.jpg\",\"datePublished\":\"2021-07-13T18:56:58+00:00\",\"author\":{\"@id\":\"https:\/\/www.africa-press.net\/centrafricaine\/#\/schema\/person\/2b1cf3cd81a31e3cd26889ca66d677f1\"},\"description\":\"Bangui, R\u00e9publique centrafricaine, mardi, 13 juillet 2021, 09:24:10 ( Corbeaunews-Centrafrique ). Face \u00e0 une sit ...\",\"breadcrumb\":{\"@id\":\"https:\/\/www.africa-press.net\/centrafricaine\/politique\/le-secretaire-general-de-lonu-monsieur-antonio-guterres-estime-quun-cessez-le-feu-est-crucial-pour-sauver-des-vies-en-centrafrique#breadcrumb\"},\"inLanguage\":\"fr-FR\",\"potentialAction\":[{\"@type\":\"ReadAction\",\"target\":[\"https:\/\/www.africa-press.net\/centrafricaine\/politique\/le-secretaire-general-de-lonu-monsieur-antonio-guterres-estime-quun-cessez-le-feu-est-crucial-pour-sauver-des-vies-en-centrafrique\"]}]},{\"@type\":\"ImageObject\",\"inLanguage\":\"fr-FR\",\"@id\":\"https:\/\/www.africa-press.net\/centrafricaine\/politique\/le-secretaire-general-de-lonu-monsieur-antonio-guterres-estime-quun-cessez-le-feu-est-crucial-pour-sauver-des-vies-en-centrafrique#primaryimage\",\"url\":\"https:\/\/static.africa-press.net\/centrafricaine\/sites\/45\/2021\/07\/img-60edca065e774.jpg\",\"contentUrl\":\"https:\/\/static.africa-press.net\/centrafricaine\/sites\/45\/2021\/07\/img-60edca065e774.jpg\",\"width\":720,\"height\":426,\"caption\":\"Le secr\u00e9taire g\u00e9n\u00e9ral de l\u2019ONU, Monsieur Antonio Guterres estime qu\u2019un cessez-le-feu est crucial pour sauver des vies en Centrafrique\"},{\"@type\":\"BreadcrumbList\",\"@id\":\"https:\/\/www.africa-press.net\/centrafricaine\/politique\/le-secretaire-general-de-lonu-monsieur-antonio-guterres-estime-quun-cessez-le-feu-est-crucial-pour-sauver-des-vies-en-centrafrique#breadcrumb\",\"itemListElement\":[{\"@type\":\"ListItem\",\"position\":1,\"name\":\"Accueil\",\"item\":\"https:\/\/www.africa-press.net\/centrafricaine\/\"},{\"@type\":\"ListItem\",\"position\":2,\"name\":\"Le secr\u00e9taire g\u00e9n\u00e9ral de l\u2019ONU, Monsieur Antonio Guterres estime qu\u2019un cessez-le-feu est crucial pour sauver des vies en Centrafrique\"}]},{\"@type\":\"WebSite\",\"@id\":\"https:\/\/www.africa-press.net\/centrafricaine\/#website\",\"url\":\"https:\/\/www.africa-press.net\/centrafricaine\/\",\"name\":\"centrafricaine\",\"description\":\"Just another Africa News Agency Sites site\",\"potentialAction\":[{\"@type\":\"SearchAction\",\"target\":{\"@type\":\"EntryPoint\",\"urlTemplate\":\"https:\/\/www.africa-press.net\/centrafricaine\/?s={search_term_string}\"},\"query-input\":{\"@type\":\"PropertyValueSpecification\",\"valueRequired\":true,\"valueName\":\"search_term_string\"}}],\"inLanguage\":\"fr-FR\"},{\"@type\":\"Person\",\"@id\":\"https:\/\/www.africa-press.net\/centrafricaine\/#\/schema\/person\/2b1cf3cd81a31e3cd26889ca66d677f1\",\"name\":\"cfeditorfr\"}]}<\/script>\n<!-- \/ Yoast SEO Premium plugin. -->","yoast_head_json":{"title":"Le secr\u00e9taire g\u00e9n\u00e9ral de l\u2019ONU, Monsieur Antonio Guterres estime qu\u2019un cessez-le-feu est crucial pour sauver des vies en Centrafrique - centrafricaine","description":"Bangui, R\u00e9publique centrafricaine, mardi, 13 juillet 2021, 09:24:10 ( Corbeaunews-Centrafrique ). Face \u00e0 une sit ...","robots":{"index":"index","follow":"follow","max-snippet":"max-snippet:-1","max-image-preview":"max-image-preview:large","max-video-preview":"max-video-preview:-1"},"canonical":"https:\/\/www.africa-press.net\/centrafricaine\/politique\/le-secretaire-general-de-lonu-monsieur-antonio-guterres-estime-quun-cessez-le-feu-est-crucial-pour-sauver-des-vies-en-centrafrique","og_locale":"fr_FR","og_type":"article","og_title":"Le secr\u00e9taire g\u00e9n\u00e9ral de l\u2019ONU, Monsieur Antonio Guterres estime qu\u2019un cessez-le-feu est crucial pour sauver des vies en Centrafrique","og_description":"Bangui, R\u00e9publique centrafricaine, mardi, 13 juillet 2021, 09:24:10 ( Corbeaunews-Centrafrique ). Face \u00e0 une sit ...","og_url":"https:\/\/www.africa-press.net\/centrafricaine\/politique\/le-secretaire-general-de-lonu-monsieur-antonio-guterres-estime-quun-cessez-le-feu-est-crucial-pour-sauver-des-vies-en-centrafrique","og_site_name":"centrafricaine","article_published_time":"2021-07-13T18:56:58+00:00","og_image":[{"width":720,"height":426,"url":"https:\/\/static.africa-press.net\/centrafricaine\/sites\/45\/2021\/07\/img-60edca065e774.jpg","type":"image\/jpeg"}],"author":"cfeditorfr","twitter_card":"summary_large_image","twitter_misc":{"\u00c9crit par":"cfeditorfr","Dur\u00e9e de lecture estim\u00e9e":"1 minute"},"schema":{"@context":"https:\/\/schema.org","@graph":[{"@type":"Article","@id":"https:\/\/www.africa-press.net\/centrafricaine\/politique\/le-secretaire-general-de-lonu-monsieur-antonio-guterres-estime-quun-cessez-le-feu-est-crucial-pour-sauver-des-vies-en-centrafrique#article","isPartOf":{"@id":"https:\/\/www.africa-press.net\/centrafricaine\/politique\/le-secretaire-general-de-lonu-monsieur-antonio-guterres-estime-quun-cessez-le-feu-est-crucial-pour-sauver-des-vies-en-centrafrique"},"author":{"name":"cfeditorfr","@id":"https:\/\/www.africa-press.net\/centrafricaine\/#\/schema\/person\/2b1cf3cd81a31e3cd26889ca66d677f1"},"headline":"Le secr\u00e9taire g\u00e9n\u00e9ral de l\u2019ONU, Monsieur Antonio Guterres estime qu\u2019un cessez-le-feu est crucial pour sauver des vies en Centrafrique","datePublished":"2021-07-13T18:56:58+00:00","mainEntityOfPage":{"@id":"https:\/\/www.africa-press.net\/centrafricaine\/politique\/le-secretaire-general-de-lonu-monsieur-antonio-guterres-estime-quun-cessez-le-feu-est-crucial-pour-sauver-des-vies-en-centrafrique"},"wordCount":286,"commentCount":0,"image":{"@id":"https:\/\/www.africa-press.net\/centrafricaine\/politique\/le-secretaire-general-de-lonu-monsieur-antonio-guterres-estime-quun-cessez-le-feu-est-crucial-pour-sauver-des-vies-en-centrafrique#primaryimage"},"thumbnailUrl":"https:\/\/static.africa-press.net\/centrafricaine\/sites\/45\/2021\/07\/img-60edca065e774.jpg","keywords":["Africa Press","Africa Press-CentrAfricaine","CentrAfricaine"],"articleSection":["homepage-french","Politique","Top Nouvelles","Toutes les actualit\u00e9s"],"inLanguage":"fr-FR","potentialAction":[{"@type":"CommentAction","name":"Comment","target":["https:\/\/www.africa-press.net\/centrafricaine\/politique\/le-secretaire-general-de-lonu-monsieur-antonio-guterres-estime-quun-cessez-le-feu-est-crucial-pour-sauver-des-vies-en-centrafrique#respond"]}]},{"@type":"WebPage","@id":"https:\/\/www.africa-press.net\/centrafricaine\/politique\/le-secretaire-general-de-lonu-monsieur-antonio-guterres-estime-quun-cessez-le-feu-est-crucial-pour-sauver-des-vies-en-centrafrique","url":"https:\/\/www.africa-press.net\/centrafricaine\/politique\/le-secretaire-general-de-lonu-monsieur-antonio-guterres-estime-quun-cessez-le-feu-est-crucial-pour-sauver-des-vies-en-centrafrique","name":"Le secr\u00e9taire g\u00e9n\u00e9ral de l\u2019ONU, Monsieur Antonio Guterres estime qu\u2019un cessez-le-feu est crucial pour sauver des vies en Centrafrique - centrafricaine","isPartOf":{"@id":"https:\/\/www.africa-press.net\/centrafricaine\/#website"},"primaryImageOfPage":{"@id":"https:\/\/www.africa-press.net\/centrafricaine\/politique\/le-secretaire-general-de-lonu-monsieur-antonio-guterres-estime-quun-cessez-le-feu-est-crucial-pour-sauver-des-vies-en-centrafrique#primaryimage"},"image":{"@id":"https:\/\/www.africa-press.net\/centrafricaine\/politique\/le-secretaire-general-de-lonu-monsieur-antonio-guterres-estime-quun-cessez-le-feu-est-crucial-pour-sauver-des-vies-en-centrafrique#primaryimage"},"thumbnailUrl":"https:\/\/static.africa-press.net\/centrafricaine\/sites\/45\/2021\/07\/img-60edca065e774.jpg","datePublished":"2021-07-13T18:56:58+00:00","author":{"@id":"https:\/\/www.africa-press.net\/centrafricaine\/#\/schema\/person\/2b1cf3cd81a31e3cd26889ca66d677f1"},"description":"Bangui, R\u00e9publique centrafricaine, mardi, 13 juillet 2021, 09:24:10 ( Corbeaunews-Centrafrique ). Face \u00e0 une sit ...","breadcrumb":{"@id":"https:\/\/www.africa-press.net\/centrafricaine\/politique\/le-secretaire-general-de-lonu-monsieur-antonio-guterres-estime-quun-cessez-le-feu-est-crucial-pour-sauver-des-vies-en-centrafrique#breadcrumb"},"inLanguage":"fr-FR","potentialAction":[{"@type":"ReadAction","target":["https:\/\/www.africa-press.net\/centrafricaine\/politique\/le-secretaire-general-de-lonu-monsieur-antonio-guterres-estime-quun-cessez-le-feu-est-crucial-pour-sauver-des-vies-en-centrafrique"]}]},{"@type":"ImageObject","inLanguage":"fr-FR","@id":"https:\/\/www.africa-press.net\/centrafricaine\/politique\/le-secretaire-general-de-lonu-monsieur-antonio-guterres-estime-quun-cessez-le-feu-est-crucial-pour-sauver-des-vies-en-centrafrique#primaryimage","url":"https:\/\/static.africa-press.net\/centrafricaine\/sites\/45\/2021\/07\/img-60edca065e774.jpg","contentUrl":"https:\/\/static.africa-press.net\/centrafricaine\/sites\/45\/2021\/07\/img-60edca065e774.jpg","width":720,"height":426,"caption":"Le secr\u00e9taire g\u00e9n\u00e9ral de l\u2019ONU, Monsieur Antonio Guterres estime qu\u2019un cessez-le-feu est crucial pour sauver des vies en Centrafrique"},{"@type":"BreadcrumbList","@id":"https:\/\/www.africa-press.net\/centrafricaine\/politique\/le-secretaire-general-de-lonu-monsieur-antonio-guterres-estime-quun-cessez-le-feu-est-crucial-pour-sauver-des-vies-en-centrafrique#breadcrumb","itemListElement":[{"@type":"ListItem","position":1,"name":"Accueil","item":"https:\/\/www.africa-press.net\/centrafricaine\/"},{"@type":"ListItem","position":2,"name":"Le secr\u00e9taire g\u00e9n\u00e9ral de l\u2019ONU, Monsieur Antonio Guterres estime qu\u2019un cessez-le-feu est crucial pour sauver des vies en Centrafrique"}]},{"@type":"WebSite","@id":"https:\/\/www.africa-press.net\/centrafricaine\/#website","url":"https:\/\/www.africa-press.net\/centrafricaine\/","name":"centrafricaine","description":"Just another Africa News Agency Sites site","potentialAction":[{"@type":"SearchAction","target":{"@type":"EntryPoint","urlTemplate":"https:\/\/www.africa-press.net\/centrafricaine\/?s={search_term_string}"},"query-input":{"@type":"PropertyValueSpecification","valueRequired":true,"valueName":"search_term_string"}}],"inLanguage":"fr-FR"},{"@type":"Person","@id":"https:\/\/www.africa-press.net\/centrafricaine\/#\/schema\/person\/2b1cf3cd81a31e3cd26889ca66d677f1","name":"cfeditorfr"}]}},"_links":{"self":[{"href":"https:\/\/www.africa-press.net\/centrafricaine\/wp-json\/wp\/v2\/posts\/8809","targetHints":{"allow":["GET"]}}],"collection":[{"href":"https:\/\/www.africa-press.net\/centrafricaine\/wp-json\/wp\/v2\/posts"}],"about":[{"href":"https:\/\/www.africa-press.net\/centrafricaine\/wp-json\/wp\/v2\/types\/post"}],"author":[{"embeddable":true,"href":"https:\/\/www.africa-press.net\/centrafricaine\/wp-json\/wp\/v2\/users\/82"}],"replies":[{"embeddable":true,"href":"https:\/\/www.africa-press.net\/centrafricaine\/wp-json\/wp\/v2\/comments?post=8809"}],"version-history":[{"count":0,"href":"https:\/\/www.africa-press.net\/centrafricaine\/wp-json\/wp\/v2\/posts\/8809\/revisions"}],"wp:featuredmedia":[{"embeddable":true,"href":"https:\/\/www.africa-press.net\/centrafricaine\/wp-json\/wp\/v2\/media\/8808"}],"wp:attachment":[{"href":"https:\/\/www.africa-press.net\/centrafricaine\/wp-json\/wp\/v2\/media?parent=8809"}],"wp:term":[{"taxonomy":"category","embeddable":true,"href":"https:\/\/www.africa-press.net\/centrafricaine\/wp-json\/wp\/v2\/categories?post=8809"},{"taxonomy":"post_tag","embeddable":true,"href":"https:\/\/www.africa-press.net\/centrafricaine\/wp-json\/wp\/v2\/tags?post=8809"}],"curies":[{"name":"wp","href":"https:\/\/api.w.org\/{rel}","templated":true}]}}