{"id":8885,"date":"2021-07-16T11:13:07","date_gmt":"2021-07-16T11:13:07","guid":{"rendered":"https:\/\/www.africa-press.net\/centrafricaine\/politique\/voila-5-ans-jour-pour-jour-que-lunion-europeenne-a-lance-a-la-demande-du-gouvernement-centrafricain-la-mission-de-formation-de-lunion-europeenne-eutm-en-republique-centrafr"},"modified":"2021-07-16T20:44:18","modified_gmt":"2021-07-16T20:44:18","slug":"voila-5-ans-jour-pour-jour-que-lunion-europeenne-a-lance-a-la-demande-du-gouvernement-centrafricain-la-mission-de-formation-de-lunion-europeenne-eutm-en-republique-centrafr","status":"publish","type":"post","link":"https:\/\/www.africa-press.net\/centrafricaine\/politique\/voila-5-ans-jour-pour-jour-que-lunion-europeenne-a-lance-a-la-demande-du-gouvernement-centrafricain-la-mission-de-formation-de-lunion-europeenne-eutm-en-republique-centrafr","title":{"rendered":"Voil\u00e0\u00a0 5 ans jour pour jour que l\u2019Union europ\u00e9enne a lanc\u00e9, \u00e0 la demande du gouvernement centrafricain, la mission de formation de l\u2019Union europ\u00e9enne (EUTM) en R\u00e9publique centrafricaine."},"content":{"rendered":"<p><span style=\"color: #ff6600\"><strong><a href=\"https:\/\/www.africa-press.net\/\">Africa-Press<\/a> &#8211; <a href=\"https:\/\/www.africa-press.net\/centrafricaine\">CentrAfricaine<\/a>. <\/strong><\/span><b>Initialement lanc\u00e9 pour une dur\u00e9e de deux ans, le mandat de la mission EUTM RCA a \u00e9t\u00e9 renouvel\u00e9 par le Conseil de l\u2019Union europ\u00e9enne jusqu\u2019au 19 septembre 2022. Forts du succ\u00e8s rencontr\u00e9 dans la formation mise en \u0153uvre, les pays membres de l\u2019Union europ\u00e9enne et le gouvernement de la R\u00e9publique centrafricaine ont d\u00e9cid\u00e9 de prolonger la mission pour un troisi\u00e8me mandat.<\/b><\/p>\n<p>Ces mandats permettent de soutenir les autorit\u00e9s centrafricaines dans la pr\u00e9paration et la mise en \u0153uvre de la r\u00e9forme du secteur de la d\u00e9fense. La mission est engag\u00e9e dans trois domaines : conseil strat\u00e9gique, formation militaire op\u00e9rationnelle et \u00e9ducation sp\u00e9cialis\u00e9e. L\u2019objectif est d\u2019appuyer l\u2019arm\u00e9e centrafricaine dans la gestion de son institution et de favoriser la remont\u00e9e en puissance et l\u2019autonomie des Forces Arm\u00e9es Centrafricaines (FACA) pour permettre leur d\u00e9ploiement progressif sur le territoire national et ainsi b\u00e9n\u00e9ficier d\u2019une arm\u00e9e moderne, efficace, ethniquement \u00e9quilibr\u00e9e et d\u00e9mocratiquement responsable.<\/p>\n<p>Depuis le lancement de la mission le 16 juillet 2016, l\u2019EUTM-RCA a form\u00e9 au total environ 9000 FACA.<\/p>\n<p>Une r\u00e9ussite qu\u2019il convient d\u2019attribuer aux efforts conjoints de l\u2019Union europ\u00e9enne, du gouvernement centrafricain, des forces arm\u00e9es centrafricaines et des militaires des 14 nations contributrices engag\u00e9s sur le territoire centrafricain, anim\u00e9s par la m\u00eame volont\u00e9 de servir et attach\u00e9s \u00e0 accomplir leur mission commune.<\/p>\n","protected":false},"excerpt":{"rendered":"<p>Africa-Press &#8211; CentrAfricaine. Initialement lanc\u00e9 pour une dur\u00e9e de deux ans, le mandat de la mission EUTM RCA a \u00e9t\u00e9 renouvel\u00e9 par le Conseil de l\u2019Union europ\u00e9enne jusqu\u2019au 19 septembre 2022. Forts du succ\u00e8s rencontr\u00e9 dans la formation mise en \u0153uvre, les pays membres de l\u2019Union europ\u00e9enne et le gouvernement de la R\u00e9publique centrafricaine ont [&hellip;]<\/p>\n","protected":false},"author":82,"featured_media":8884,"comment_status":"open","ping_status":"closed","sticky":false,"template":"","format":"standard","meta":{"footnotes":""},"categories":[11,2,20,10],"tags":[36,58,30],"class_list":["post-8885","post","type-post","status-publish","format-standard","has-post-thumbnail","hentry","category-homepage-french","category-politique","category-top-nouvelles","category-toutes-les-actualites","tag-africa-press","tag-africa-press-centrafricaine","tag-centrafricaine"],"yoast_head":"<!-- This site is optimized with the Yoast SEO Premium plugin v26.1 (Yoast SEO v27.0) - https:\/\/yoast.com\/product\/yoast-seo-premium-wordpress\/ -->\n<title>Voil\u00e0\u00a0 5 ans jour pour jour que l\u2019Union europ\u00e9enne a lanc\u00e9, \u00e0 la demande du gouvernement centrafricain, la mission de formation de l\u2019Union europ\u00e9enne (EUTM) en R\u00e9publique centrafricaine. - centrafricaine<\/title>\n<meta name=\"description\" content=\"Initialement lanc\u00e9 pour une dur\u00e9e de deux ans, le mandat de la mission EUTM RCA a \u00e9t\u00e9 renouvel\u00e9 par le Conseil de l\u2019U ...\" \/>\n<meta name=\"robots\" content=\"index, follow, max-snippet:-1, max-image-preview:large, max-video-preview:-1\" \/>\n<link rel=\"canonical\" href=\"https:\/\/www.africa-press.net\/centrafricaine\/politique\/voila-5-ans-jour-pour-jour-que-lunion-europeenne-a-lance-a-la-demande-du-gouvernement-centrafricain-la-mission-de-formation-de-lunion-europeenne-eutm-en-republique-centrafr\" \/>\n<meta property=\"og:locale\" content=\"fr_FR\" \/>\n<meta property=\"og:type\" content=\"article\" \/>\n<meta property=\"og:title\" content=\"Voil\u00e0\u00a0 5 ans jour pour jour que l\u2019Union europ\u00e9enne a lanc\u00e9, \u00e0 la demande du gouvernement centrafricain, la mission de formation de l\u2019Union europ\u00e9enne (EUTM) en R\u00e9publique centrafricaine.\" \/>\n<meta property=\"og:description\" content=\"Initialement lanc\u00e9 pour une dur\u00e9e de deux ans, le mandat de la mission EUTM RCA a \u00e9t\u00e9 renouvel\u00e9 par le Conseil de l\u2019U ...\" \/>\n<meta property=\"og:url\" content=\"https:\/\/www.africa-press.net\/centrafricaine\/politique\/voila-5-ans-jour-pour-jour-que-lunion-europeenne-a-lance-a-la-demande-du-gouvernement-centrafricain-la-mission-de-formation-de-lunion-europeenne-eutm-en-republique-centrafr\" \/>\n<meta property=\"og:site_name\" content=\"centrafricaine\" \/>\n<meta property=\"article:published_time\" content=\"2021-07-16T11:13:07+00:00\" \/>\n<meta property=\"article:modified_time\" content=\"2021-07-16T20:44:18+00:00\" \/>\n<meta property=\"og:image\" content=\"https:\/\/static.africa-press.net\/centrafricaine\/sites\/45\/2021\/07\/img-60f1697a4166d.jpg\" \/>\n\t<meta property=\"og:image:width\" content=\"720\" \/>\n\t<meta property=\"og:image:height\" content=\"508\" \/>\n\t<meta property=\"og:image:type\" content=\"image\/jpeg\" \/>\n<meta name=\"author\" content=\"cfeditorfr\" \/>\n<meta name=\"twitter:card\" content=\"summary_large_image\" \/>\n<meta name=\"twitter:label1\" content=\"\u00c9crit par\" \/>\n\t<meta name=\"twitter:data1\" content=\"cfeditorfr\" \/>\n\t<meta name=\"twitter:label2\" content=\"Dur\u00e9e de lecture estim\u00e9e\" \/>\n\t<meta name=\"twitter:data2\" content=\"1 minute\" \/>\n<script type=\"application\/ld+json\" class=\"yoast-schema-graph\">{\"@context\":\"https:\/\/schema.org\",\"@graph\":[{\"@type\":\"Article\",\"@id\":\"https:\/\/www.africa-press.net\/centrafricaine\/politique\/voila-5-ans-jour-pour-jour-que-lunion-europeenne-a-lance-a-la-demande-du-gouvernement-centrafricain-la-mission-de-formation-de-lunion-europeenne-eutm-en-republique-centrafr#article\",\"isPartOf\":{\"@id\":\"https:\/\/www.africa-press.net\/centrafricaine\/politique\/voila-5-ans-jour-pour-jour-que-lunion-europeenne-a-lance-a-la-demande-du-gouvernement-centrafricain-la-mission-de-formation-de-lunion-europeenne-eutm-en-republique-centrafr\"},\"author\":{\"name\":\"cfeditorfr\",\"@id\":\"https:\/\/www.africa-press.net\/centrafricaine\/#\/schema\/person\/2b1cf3cd81a31e3cd26889ca66d677f1\"},\"headline\":\"Voil\u00e0\u00a0 5 ans jour pour jour que l\u2019Union europ\u00e9enne a lanc\u00e9, \u00e0 la demande du gouvernement centrafricain, la mission de formation de l\u2019Union europ\u00e9enne (EUTM) en R\u00e9publique centrafricaine.\",\"datePublished\":\"2021-07-16T11:13:07+00:00\",\"dateModified\":\"2021-07-16T20:44:18+00:00\",\"mainEntityOfPage\":{\"@id\":\"https:\/\/www.africa-press.net\/centrafricaine\/politique\/voila-5-ans-jour-pour-jour-que-lunion-europeenne-a-lance-a-la-demande-du-gouvernement-centrafricain-la-mission-de-formation-de-lunion-europeenne-eutm-en-republique-centrafr\"},\"wordCount\":279,\"commentCount\":0,\"image\":{\"@id\":\"https:\/\/www.africa-press.net\/centrafricaine\/politique\/voila-5-ans-jour-pour-jour-que-lunion-europeenne-a-lance-a-la-demande-du-gouvernement-centrafricain-la-mission-de-formation-de-lunion-europeenne-eutm-en-republique-centrafr#primaryimage\"},\"thumbnailUrl\":\"https:\/\/static.africa-press.net\/centrafricaine\/sites\/45\/2021\/07\/img-60f1697a4166d.jpg\",\"keywords\":[\"Africa Press\",\"Africa Press-CentrAfricaine\",\"CentrAfricaine\"],\"articleSection\":[\"homepage-french\",\"Politique\",\"Top Nouvelles\",\"Toutes les actualit\u00e9s\"],\"inLanguage\":\"fr-FR\",\"potentialAction\":[{\"@type\":\"CommentAction\",\"name\":\"Comment\",\"target\":[\"https:\/\/www.africa-press.net\/centrafricaine\/politique\/voila-5-ans-jour-pour-jour-que-lunion-europeenne-a-lance-a-la-demande-du-gouvernement-centrafricain-la-mission-de-formation-de-lunion-europeenne-eutm-en-republique-centrafr#respond\"]}]},{\"@type\":\"WebPage\",\"@id\":\"https:\/\/www.africa-press.net\/centrafricaine\/politique\/voila-5-ans-jour-pour-jour-que-lunion-europeenne-a-lance-a-la-demande-du-gouvernement-centrafricain-la-mission-de-formation-de-lunion-europeenne-eutm-en-republique-centrafr\",\"url\":\"https:\/\/www.africa-press.net\/centrafricaine\/politique\/voila-5-ans-jour-pour-jour-que-lunion-europeenne-a-lance-a-la-demande-du-gouvernement-centrafricain-la-mission-de-formation-de-lunion-europeenne-eutm-en-republique-centrafr\",\"name\":\"Voil\u00e0\u00a0 5 ans jour pour jour que l\u2019Union europ\u00e9enne a lanc\u00e9, \u00e0 la demande du gouvernement centrafricain, la mission de formation de l\u2019Union europ\u00e9enne (EUTM) en R\u00e9publique centrafricaine. - centrafricaine\",\"isPartOf\":{\"@id\":\"https:\/\/www.africa-press.net\/centrafricaine\/#website\"},\"primaryImageOfPage\":{\"@id\":\"https:\/\/www.africa-press.net\/centrafricaine\/politique\/voila-5-ans-jour-pour-jour-que-lunion-europeenne-a-lance-a-la-demande-du-gouvernement-centrafricain-la-mission-de-formation-de-lunion-europeenne-eutm-en-republique-centrafr#primaryimage\"},\"image\":{\"@id\":\"https:\/\/www.africa-press.net\/centrafricaine\/politique\/voila-5-ans-jour-pour-jour-que-lunion-europeenne-a-lance-a-la-demande-du-gouvernement-centrafricain-la-mission-de-formation-de-lunion-europeenne-eutm-en-republique-centrafr#primaryimage\"},\"thumbnailUrl\":\"https:\/\/static.africa-press.net\/centrafricaine\/sites\/45\/2021\/07\/img-60f1697a4166d.jpg\",\"datePublished\":\"2021-07-16T11:13:07+00:00\",\"dateModified\":\"2021-07-16T20:44:18+00:00\",\"author\":{\"@id\":\"https:\/\/www.africa-press.net\/centrafricaine\/#\/schema\/person\/2b1cf3cd81a31e3cd26889ca66d677f1\"},\"description\":\"Initialement lanc\u00e9 pour une dur\u00e9e de deux ans, le mandat de la mission EUTM RCA a \u00e9t\u00e9 renouvel\u00e9 par le Conseil de l\u2019U ...\",\"breadcrumb\":{\"@id\":\"https:\/\/www.africa-press.net\/centrafricaine\/politique\/voila-5-ans-jour-pour-jour-que-lunion-europeenne-a-lance-a-la-demande-du-gouvernement-centrafricain-la-mission-de-formation-de-lunion-europeenne-eutm-en-republique-centrafr#breadcrumb\"},\"inLanguage\":\"fr-FR\",\"potentialAction\":[{\"@type\":\"ReadAction\",\"target\":[\"https:\/\/www.africa-press.net\/centrafricaine\/politique\/voila-5-ans-jour-pour-jour-que-lunion-europeenne-a-lance-a-la-demande-du-gouvernement-centrafricain-la-mission-de-formation-de-lunion-europeenne-eutm-en-republique-centrafr\"]}]},{\"@type\":\"ImageObject\",\"inLanguage\":\"fr-FR\",\"@id\":\"https:\/\/www.africa-press.net\/centrafricaine\/politique\/voila-5-ans-jour-pour-jour-que-lunion-europeenne-a-lance-a-la-demande-du-gouvernement-centrafricain-la-mission-de-formation-de-lunion-europeenne-eutm-en-republique-centrafr#primaryimage\",\"url\":\"https:\/\/static.africa-press.net\/centrafricaine\/sites\/45\/2021\/07\/img-60f1697a4166d.jpg\",\"contentUrl\":\"https:\/\/static.africa-press.net\/centrafricaine\/sites\/45\/2021\/07\/img-60f1697a4166d.jpg\",\"width\":720,\"height\":508,\"caption\":\"Voil\u00e0\u00a0 5 ans jour pour jour que l\u2019Union europ\u00e9enne a lanc\u00e9, \u00e0 la demande du gouvernement centrafricain, la mission de formation de l\u2019Union europ\u00e9enne (EUTM) en R\u00e9publique centrafricaine.\"},{\"@type\":\"BreadcrumbList\",\"@id\":\"https:\/\/www.africa-press.net\/centrafricaine\/politique\/voila-5-ans-jour-pour-jour-que-lunion-europeenne-a-lance-a-la-demande-du-gouvernement-centrafricain-la-mission-de-formation-de-lunion-europeenne-eutm-en-republique-centrafr#breadcrumb\",\"itemListElement\":[{\"@type\":\"ListItem\",\"position\":1,\"name\":\"Accueil\",\"item\":\"https:\/\/www.africa-press.net\/centrafricaine\/\"},{\"@type\":\"ListItem\",\"position\":2,\"name\":\"Voil\u00e0\u00a0 5 ans jour pour jour que l\u2019Union europ\u00e9enne a lanc\u00e9, \u00e0 la demande du gouvernement centrafricain, la mission de formation de l\u2019Union europ\u00e9enne (EUTM) en R\u00e9publique centrafricaine.\"}]},{\"@type\":\"WebSite\",\"@id\":\"https:\/\/www.africa-press.net\/centrafricaine\/#website\",\"url\":\"https:\/\/www.africa-press.net\/centrafricaine\/\",\"name\":\"centrafricaine\",\"description\":\"Just another Africa News Agency Sites site\",\"potentialAction\":[{\"@type\":\"SearchAction\",\"target\":{\"@type\":\"EntryPoint\",\"urlTemplate\":\"https:\/\/www.africa-press.net\/centrafricaine\/?s={search_term_string}\"},\"query-input\":{\"@type\":\"PropertyValueSpecification\",\"valueRequired\":true,\"valueName\":\"search_term_string\"}}],\"inLanguage\":\"fr-FR\"},{\"@type\":\"Person\",\"@id\":\"https:\/\/www.africa-press.net\/centrafricaine\/#\/schema\/person\/2b1cf3cd81a31e3cd26889ca66d677f1\",\"name\":\"cfeditorfr\"}]}<\/script>\n<!-- \/ Yoast SEO Premium plugin. -->","yoast_head_json":{"title":"Voil\u00e0\u00a0 5 ans jour pour jour que l\u2019Union europ\u00e9enne a lanc\u00e9, \u00e0 la demande du gouvernement centrafricain, la mission de formation de l\u2019Union europ\u00e9enne (EUTM) en R\u00e9publique centrafricaine. - centrafricaine","description":"Initialement lanc\u00e9 pour une dur\u00e9e de deux ans, le mandat de la mission EUTM RCA a \u00e9t\u00e9 renouvel\u00e9 par le Conseil de l\u2019U ...","robots":{"index":"index","follow":"follow","max-snippet":"max-snippet:-1","max-image-preview":"max-image-preview:large","max-video-preview":"max-video-preview:-1"},"canonical":"https:\/\/www.africa-press.net\/centrafricaine\/politique\/voila-5-ans-jour-pour-jour-que-lunion-europeenne-a-lance-a-la-demande-du-gouvernement-centrafricain-la-mission-de-formation-de-lunion-europeenne-eutm-en-republique-centrafr","og_locale":"fr_FR","og_type":"article","og_title":"Voil\u00e0\u00a0 5 ans jour pour jour que l\u2019Union europ\u00e9enne a lanc\u00e9, \u00e0 la demande du gouvernement centrafricain, la mission de formation de l\u2019Union europ\u00e9enne (EUTM) en R\u00e9publique centrafricaine.","og_description":"Initialement lanc\u00e9 pour une dur\u00e9e de deux ans, le mandat de la mission EUTM RCA a \u00e9t\u00e9 renouvel\u00e9 par le Conseil de l\u2019U ...","og_url":"https:\/\/www.africa-press.net\/centrafricaine\/politique\/voila-5-ans-jour-pour-jour-que-lunion-europeenne-a-lance-a-la-demande-du-gouvernement-centrafricain-la-mission-de-formation-de-lunion-europeenne-eutm-en-republique-centrafr","og_site_name":"centrafricaine","article_published_time":"2021-07-16T11:13:07+00:00","article_modified_time":"2021-07-16T20:44:18+00:00","og_image":[{"width":720,"height":508,"url":"https:\/\/static.africa-press.net\/centrafricaine\/sites\/45\/2021\/07\/img-60f1697a4166d.jpg","type":"image\/jpeg"}],"author":"cfeditorfr","twitter_card":"summary_large_image","twitter_misc":{"\u00c9crit par":"cfeditorfr","Dur\u00e9e de lecture estim\u00e9e":"1 minute"},"schema":{"@context":"https:\/\/schema.org","@graph":[{"@type":"Article","@id":"https:\/\/www.africa-press.net\/centrafricaine\/politique\/voila-5-ans-jour-pour-jour-que-lunion-europeenne-a-lance-a-la-demande-du-gouvernement-centrafricain-la-mission-de-formation-de-lunion-europeenne-eutm-en-republique-centrafr#article","isPartOf":{"@id":"https:\/\/www.africa-press.net\/centrafricaine\/politique\/voila-5-ans-jour-pour-jour-que-lunion-europeenne-a-lance-a-la-demande-du-gouvernement-centrafricain-la-mission-de-formation-de-lunion-europeenne-eutm-en-republique-centrafr"},"author":{"name":"cfeditorfr","@id":"https:\/\/www.africa-press.net\/centrafricaine\/#\/schema\/person\/2b1cf3cd81a31e3cd26889ca66d677f1"},"headline":"Voil\u00e0\u00a0 5 ans jour pour jour que l\u2019Union europ\u00e9enne a lanc\u00e9, \u00e0 la demande du gouvernement centrafricain, la mission de formation de l\u2019Union europ\u00e9enne (EUTM) en R\u00e9publique centrafricaine.","datePublished":"2021-07-16T11:13:07+00:00","dateModified":"2021-07-16T20:44:18+00:00","mainEntityOfPage":{"@id":"https:\/\/www.africa-press.net\/centrafricaine\/politique\/voila-5-ans-jour-pour-jour-que-lunion-europeenne-a-lance-a-la-demande-du-gouvernement-centrafricain-la-mission-de-formation-de-lunion-europeenne-eutm-en-republique-centrafr"},"wordCount":279,"commentCount":0,"image":{"@id":"https:\/\/www.africa-press.net\/centrafricaine\/politique\/voila-5-ans-jour-pour-jour-que-lunion-europeenne-a-lance-a-la-demande-du-gouvernement-centrafricain-la-mission-de-formation-de-lunion-europeenne-eutm-en-republique-centrafr#primaryimage"},"thumbnailUrl":"https:\/\/static.africa-press.net\/centrafricaine\/sites\/45\/2021\/07\/img-60f1697a4166d.jpg","keywords":["Africa Press","Africa Press-CentrAfricaine","CentrAfricaine"],"articleSection":["homepage-french","Politique","Top Nouvelles","Toutes les actualit\u00e9s"],"inLanguage":"fr-FR","potentialAction":[{"@type":"CommentAction","name":"Comment","target":["https:\/\/www.africa-press.net\/centrafricaine\/politique\/voila-5-ans-jour-pour-jour-que-lunion-europeenne-a-lance-a-la-demande-du-gouvernement-centrafricain-la-mission-de-formation-de-lunion-europeenne-eutm-en-republique-centrafr#respond"]}]},{"@type":"WebPage","@id":"https:\/\/www.africa-press.net\/centrafricaine\/politique\/voila-5-ans-jour-pour-jour-que-lunion-europeenne-a-lance-a-la-demande-du-gouvernement-centrafricain-la-mission-de-formation-de-lunion-europeenne-eutm-en-republique-centrafr","url":"https:\/\/www.africa-press.net\/centrafricaine\/politique\/voila-5-ans-jour-pour-jour-que-lunion-europeenne-a-lance-a-la-demande-du-gouvernement-centrafricain-la-mission-de-formation-de-lunion-europeenne-eutm-en-republique-centrafr","name":"Voil\u00e0\u00a0 5 ans jour pour jour que l\u2019Union europ\u00e9enne a lanc\u00e9, \u00e0 la demande du gouvernement centrafricain, la mission de formation de l\u2019Union europ\u00e9enne (EUTM) en R\u00e9publique centrafricaine. - centrafricaine","isPartOf":{"@id":"https:\/\/www.africa-press.net\/centrafricaine\/#website"},"primaryImageOfPage":{"@id":"https:\/\/www.africa-press.net\/centrafricaine\/politique\/voila-5-ans-jour-pour-jour-que-lunion-europeenne-a-lance-a-la-demande-du-gouvernement-centrafricain-la-mission-de-formation-de-lunion-europeenne-eutm-en-republique-centrafr#primaryimage"},"image":{"@id":"https:\/\/www.africa-press.net\/centrafricaine\/politique\/voila-5-ans-jour-pour-jour-que-lunion-europeenne-a-lance-a-la-demande-du-gouvernement-centrafricain-la-mission-de-formation-de-lunion-europeenne-eutm-en-republique-centrafr#primaryimage"},"thumbnailUrl":"https:\/\/static.africa-press.net\/centrafricaine\/sites\/45\/2021\/07\/img-60f1697a4166d.jpg","datePublished":"2021-07-16T11:13:07+00:00","dateModified":"2021-07-16T20:44:18+00:00","author":{"@id":"https:\/\/www.africa-press.net\/centrafricaine\/#\/schema\/person\/2b1cf3cd81a31e3cd26889ca66d677f1"},"description":"Initialement lanc\u00e9 pour une dur\u00e9e de deux ans, le mandat de la mission EUTM RCA a \u00e9t\u00e9 renouvel\u00e9 par le Conseil de l\u2019U ...","breadcrumb":{"@id":"https:\/\/www.africa-press.net\/centrafricaine\/politique\/voila-5-ans-jour-pour-jour-que-lunion-europeenne-a-lance-a-la-demande-du-gouvernement-centrafricain-la-mission-de-formation-de-lunion-europeenne-eutm-en-republique-centrafr#breadcrumb"},"inLanguage":"fr-FR","potentialAction":[{"@type":"ReadAction","target":["https:\/\/www.africa-press.net\/centrafricaine\/politique\/voila-5-ans-jour-pour-jour-que-lunion-europeenne-a-lance-a-la-demande-du-gouvernement-centrafricain-la-mission-de-formation-de-lunion-europeenne-eutm-en-republique-centrafr"]}]},{"@type":"ImageObject","inLanguage":"fr-FR","@id":"https:\/\/www.africa-press.net\/centrafricaine\/politique\/voila-5-ans-jour-pour-jour-que-lunion-europeenne-a-lance-a-la-demande-du-gouvernement-centrafricain-la-mission-de-formation-de-lunion-europeenne-eutm-en-republique-centrafr#primaryimage","url":"https:\/\/static.africa-press.net\/centrafricaine\/sites\/45\/2021\/07\/img-60f1697a4166d.jpg","contentUrl":"https:\/\/static.africa-press.net\/centrafricaine\/sites\/45\/2021\/07\/img-60f1697a4166d.jpg","width":720,"height":508,"caption":"Voil\u00e0\u00a0 5 ans jour pour jour que l\u2019Union europ\u00e9enne a lanc\u00e9, \u00e0 la demande du gouvernement centrafricain, la mission de formation de l\u2019Union europ\u00e9enne (EUTM) en R\u00e9publique centrafricaine."},{"@type":"BreadcrumbList","@id":"https:\/\/www.africa-press.net\/centrafricaine\/politique\/voila-5-ans-jour-pour-jour-que-lunion-europeenne-a-lance-a-la-demande-du-gouvernement-centrafricain-la-mission-de-formation-de-lunion-europeenne-eutm-en-republique-centrafr#breadcrumb","itemListElement":[{"@type":"ListItem","position":1,"name":"Accueil","item":"https:\/\/www.africa-press.net\/centrafricaine\/"},{"@type":"ListItem","position":2,"name":"Voil\u00e0\u00a0 5 ans jour pour jour que l\u2019Union europ\u00e9enne a lanc\u00e9, \u00e0 la demande du gouvernement centrafricain, la mission de formation de l\u2019Union europ\u00e9enne (EUTM) en R\u00e9publique centrafricaine."}]},{"@type":"WebSite","@id":"https:\/\/www.africa-press.net\/centrafricaine\/#website","url":"https:\/\/www.africa-press.net\/centrafricaine\/","name":"centrafricaine","description":"Just another Africa News Agency Sites site","potentialAction":[{"@type":"SearchAction","target":{"@type":"EntryPoint","urlTemplate":"https:\/\/www.africa-press.net\/centrafricaine\/?s={search_term_string}"},"query-input":{"@type":"PropertyValueSpecification","valueRequired":true,"valueName":"search_term_string"}}],"inLanguage":"fr-FR"},{"@type":"Person","@id":"https:\/\/www.africa-press.net\/centrafricaine\/#\/schema\/person\/2b1cf3cd81a31e3cd26889ca66d677f1","name":"cfeditorfr"}]}},"_links":{"self":[{"href":"https:\/\/www.africa-press.net\/centrafricaine\/wp-json\/wp\/v2\/posts\/8885","targetHints":{"allow":["GET"]}}],"collection":[{"href":"https:\/\/www.africa-press.net\/centrafricaine\/wp-json\/wp\/v2\/posts"}],"about":[{"href":"https:\/\/www.africa-press.net\/centrafricaine\/wp-json\/wp\/v2\/types\/post"}],"author":[{"embeddable":true,"href":"https:\/\/www.africa-press.net\/centrafricaine\/wp-json\/wp\/v2\/users\/82"}],"replies":[{"embeddable":true,"href":"https:\/\/www.africa-press.net\/centrafricaine\/wp-json\/wp\/v2\/comments?post=8885"}],"version-history":[{"count":0,"href":"https:\/\/www.africa-press.net\/centrafricaine\/wp-json\/wp\/v2\/posts\/8885\/revisions"}],"wp:featuredmedia":[{"embeddable":true,"href":"https:\/\/www.africa-press.net\/centrafricaine\/wp-json\/wp\/v2\/media\/8884"}],"wp:attachment":[{"href":"https:\/\/www.africa-press.net\/centrafricaine\/wp-json\/wp\/v2\/media?parent=8885"}],"wp:term":[{"taxonomy":"category","embeddable":true,"href":"https:\/\/www.africa-press.net\/centrafricaine\/wp-json\/wp\/v2\/categories?post=8885"},{"taxonomy":"post_tag","embeddable":true,"href":"https:\/\/www.africa-press.net\/centrafricaine\/wp-json\/wp\/v2\/tags?post=8885"}],"curies":[{"name":"wp","href":"https:\/\/api.w.org\/{rel}","templated":true}]}}