{"id":8888,"date":"2021-07-16T11:22:52","date_gmt":"2021-07-16T11:22:52","guid":{"rendered":"https:\/\/www.africa-press.net\/centrafricaine\/?p=8888"},"modified":"2021-07-16T20:44:45","modified_gmt":"2021-07-16T20:44:45","slug":"rca-13-motos-incendiees-par-les-rebelles-de-la-cpc-a-loura-dans-la-commune-de-bocaranga","status":"publish","type":"post","link":"https:\/\/www.africa-press.net\/centrafricaine\/toutes-les-actualites\/rca-13-motos-incendiees-par-les-rebelles-de-la-cpc-a-loura-dans-la-commune-de-bocaranga","title":{"rendered":"13 motos incendi\u00e9es par les rebelles de la CPC \u00e0 Loura, dans la commune de Bocaranga"},"content":{"rendered":"<p><span style=\"color: #ff6600\"><strong><a href=\"https:\/\/www.africa-press.net\/\">Africa-Press<\/a> &#8211; <a href=\"https:\/\/www.africa-press.net\/centrafricaine\">CentrAfricaine<\/a>.\u00a0 <\/strong><\/span>\u00a013 motos br\u00fbl\u00e9es, et une dizaine des personnes violent\u00e9es, tel est le r\u00e9cent bilan d\u2019une attaque des \u00e9l\u00e9ments rebelles de 3R, membres de la coalition des patriotes pour le changement (CPC) dans la commune de Loura, dans la circonscription de Bocaranga 3, au nord-ouest de la Centrafrique.<\/p>\n<p>Selon des sources locales, et confirm\u00e9es par Monsieur le maire de Loura interrog\u00e9 par CNC, les faits se sont produit le dimanche dernier \u00e0 Loura lors du march\u00e9 hebdomadaire. C\u2019\u00e9tait en pr\u00e9sence de plusieurs personnes venues des villes p\u00e9riph\u00e9riques que les rebelles ont fait leur apparition dans la ville. Ensuite, ils se sont dirig\u00e9s vers le march\u00e9, causant ainsi le d\u00e9sordre et la panique.<\/p>\n<p>Plusieurs motos des clients ont \u00e9t\u00e9 confisqu\u00e9es et incendi\u00e9es par les rebelles, m\u00eame celle du chef de poste sanitaire de Loura faisait partie. Ils ont confisqu\u00e9 des sommes d\u2019argent aux mains de certains vendeurs et clients, et agress\u00e9s d\u2019autres.<\/p>\n<p>Selon la population locale, les mercenaires russes de la soci\u00e9t\u00e9 Wagner et les soldats FACA faisaient r\u00e9guli\u00e8rement des patrouilles \u00e0 Bocaranga, laissant les autres villages de la r\u00e9gion aux mains des rebelles de la CPC et autre bandit arm\u00e9 qui n\u2019h\u00e9sitent plus \u00e0 commettre des exactions sur les populations.<\/p>\n<p>Selon le maire de Loura, la seule voie d\u2019acc\u00e8s \u00e0 sa commune est celle en provenance de Bouar, mais elle est souvent perturb\u00e9e par les rebelles. Par contre, sur l\u2019axe Paoua Loura et Bocaranga Loura, il est quasi-impossible de circuler sans affronter les malfaiteurs arm\u00e9s qui \u00e9rigent leur barricade partout.<\/p>\n<p>Selon l\u2019adjoint au maire de Loura, un d\u00e9tachement des soldats FACA devrait arriver dans la ville le mois pass\u00e9, mais faute de la logistique, ceci n\u2019a pas eu lieu. Peut-\u00eatre le mois prochain ou l\u2019ann\u00e9e prochaine ? S\u2019interrogea-t-il aupr\u00e8s de notre correspondant da le Region.<\/p>\n<p>Rappelons que depuis le d\u00e9but de l\u2019offensive des soldats FACA et leurs alli\u00e9s russes, Syriens et rwandais contre les positions des rebelles de la CPC, plusieurs d\u2019entre eux se sont repli\u00e9s dans des petits villages p\u00e9riph\u00e9riques, multipliant des exactions sur les populations civiles.<\/p>\n<p><b>\u00a0<\/b><\/p>\n","protected":false},"excerpt":{"rendered":"<p>Africa-Press &#8211; CentrAfricaine.\u00a0 \u00a013 motos br\u00fbl\u00e9es, et une dizaine des personnes violent\u00e9es, tel est le r\u00e9cent bilan d\u2019une attaque des \u00e9l\u00e9ments rebelles de 3R, membres de la coalition des patriotes pour le changement (CPC) dans la commune de Loura, dans la circonscription de Bocaranga 3, au nord-ouest de la Centrafrique. Selon des sources locales, et [&hellip;]<\/p>\n","protected":false},"author":82,"featured_media":8887,"comment_status":"open","ping_status":"closed","sticky":false,"template":"","format":"standard","meta":{"footnotes":""},"categories":[21,11,10],"tags":[36,58,30],"class_list":["post-8888","post","type-post","status-publish","format-standard","has-post-thumbnail","hentry","category-communaute","category-homepage-french","category-toutes-les-actualites","tag-africa-press","tag-africa-press-centrafricaine","tag-centrafricaine"],"yoast_head":"<!-- This site is optimized with the Yoast SEO Premium plugin v26.1 (Yoast SEO v27.0) - https:\/\/yoast.com\/product\/yoast-seo-premium-wordpress\/ -->\n<title>13 motos incendi\u00e9es par les rebelles de la CPC \u00e0 Loura, dans la commune de Bocaranga - centrafricaine<\/title>\n<meta name=\"description\" content=\"Bangui, R\u00e9publique centrafricaine, vendredi, 16 juillet 2021, 03:20:24 ( Corbeaunews-Centrafrique ). 13 motos br ...\" \/>\n<meta name=\"robots\" content=\"index, follow, max-snippet:-1, max-image-preview:large, max-video-preview:-1\" \/>\n<link rel=\"canonical\" href=\"https:\/\/www.africa-press.net\/centrafricaine\/toutes-les-actualites\/rca-13-motos-incendiees-par-les-rebelles-de-la-cpc-a-loura-dans-la-commune-de-bocaranga\" \/>\n<meta property=\"og:locale\" content=\"fr_FR\" \/>\n<meta property=\"og:type\" content=\"article\" \/>\n<meta property=\"og:title\" content=\"13 motos incendi\u00e9es par les rebelles de la CPC \u00e0 Loura, dans la commune de Bocaranga\" \/>\n<meta property=\"og:description\" content=\"Bangui, R\u00e9publique centrafricaine, vendredi, 16 juillet 2021, 03:20:24 ( Corbeaunews-Centrafrique ). 13 motos br ...\" \/>\n<meta property=\"og:url\" content=\"https:\/\/www.africa-press.net\/centrafricaine\/toutes-les-actualites\/rca-13-motos-incendiees-par-les-rebelles-de-la-cpc-a-loura-dans-la-commune-de-bocaranga\" \/>\n<meta property=\"og:site_name\" content=\"centrafricaine\" \/>\n<meta property=\"article:published_time\" content=\"2021-07-16T11:22:52+00:00\" \/>\n<meta property=\"article:modified_time\" content=\"2021-07-16T20:44:45+00:00\" \/>\n<meta property=\"og:image\" content=\"https:\/\/static.africa-press.net\/centrafricaine\/sites\/45\/2021\/07\/img-60f169a742ec3.jpg\" \/>\n\t<meta property=\"og:image:width\" content=\"887\" \/>\n\t<meta property=\"og:image:height\" content=\"500\" \/>\n\t<meta property=\"og:image:type\" content=\"image\/jpeg\" \/>\n<meta name=\"author\" content=\"cfeditorfr\" \/>\n<meta name=\"twitter:card\" content=\"summary_large_image\" \/>\n<meta name=\"twitter:label1\" content=\"\u00c9crit par\" \/>\n\t<meta name=\"twitter:data1\" content=\"cfeditorfr\" \/>\n\t<meta name=\"twitter:label2\" content=\"Dur\u00e9e de lecture estim\u00e9e\" \/>\n\t<meta name=\"twitter:data2\" content=\"2 minutes\" \/>\n<script type=\"application\/ld+json\" class=\"yoast-schema-graph\">{\"@context\":\"https:\/\/schema.org\",\"@graph\":[{\"@type\":\"Article\",\"@id\":\"https:\/\/www.africa-press.net\/centrafricaine\/toutes-les-actualites\/rca-13-motos-incendiees-par-les-rebelles-de-la-cpc-a-loura-dans-la-commune-de-bocaranga#article\",\"isPartOf\":{\"@id\":\"https:\/\/www.africa-press.net\/centrafricaine\/toutes-les-actualites\/rca-13-motos-incendiees-par-les-rebelles-de-la-cpc-a-loura-dans-la-commune-de-bocaranga\"},\"author\":{\"name\":\"cfeditorfr\",\"@id\":\"https:\/\/www.africa-press.net\/centrafricaine\/#\/schema\/person\/2b1cf3cd81a31e3cd26889ca66d677f1\"},\"headline\":\"13 motos incendi\u00e9es par les rebelles de la CPC \u00e0 Loura, dans la commune de Bocaranga\",\"datePublished\":\"2021-07-16T11:22:52+00:00\",\"dateModified\":\"2021-07-16T20:44:45+00:00\",\"mainEntityOfPage\":{\"@id\":\"https:\/\/www.africa-press.net\/centrafricaine\/toutes-les-actualites\/rca-13-motos-incendiees-par-les-rebelles-de-la-cpc-a-loura-dans-la-commune-de-bocaranga\"},\"wordCount\":393,\"commentCount\":0,\"image\":{\"@id\":\"https:\/\/www.africa-press.net\/centrafricaine\/toutes-les-actualites\/rca-13-motos-incendiees-par-les-rebelles-de-la-cpc-a-loura-dans-la-commune-de-bocaranga#primaryimage\"},\"thumbnailUrl\":\"https:\/\/static.africa-press.net\/centrafricaine\/sites\/45\/2021\/07\/img-60f169a742ec3.jpg\",\"keywords\":[\"Africa Press\",\"Africa Press-CentrAfricaine\",\"CentrAfricaine\"],\"articleSection\":[\"Communaut\u00e9\",\"homepage-french\",\"Toutes les actualit\u00e9s\"],\"inLanguage\":\"fr-FR\",\"potentialAction\":[{\"@type\":\"CommentAction\",\"name\":\"Comment\",\"target\":[\"https:\/\/www.africa-press.net\/centrafricaine\/toutes-les-actualites\/rca-13-motos-incendiees-par-les-rebelles-de-la-cpc-a-loura-dans-la-commune-de-bocaranga#respond\"]}]},{\"@type\":\"WebPage\",\"@id\":\"https:\/\/www.africa-press.net\/centrafricaine\/toutes-les-actualites\/rca-13-motos-incendiees-par-les-rebelles-de-la-cpc-a-loura-dans-la-commune-de-bocaranga\",\"url\":\"https:\/\/www.africa-press.net\/centrafricaine\/toutes-les-actualites\/rca-13-motos-incendiees-par-les-rebelles-de-la-cpc-a-loura-dans-la-commune-de-bocaranga\",\"name\":\"13 motos incendi\u00e9es par les rebelles de la CPC \u00e0 Loura, dans la commune de Bocaranga - centrafricaine\",\"isPartOf\":{\"@id\":\"https:\/\/www.africa-press.net\/centrafricaine\/#website\"},\"primaryImageOfPage\":{\"@id\":\"https:\/\/www.africa-press.net\/centrafricaine\/toutes-les-actualites\/rca-13-motos-incendiees-par-les-rebelles-de-la-cpc-a-loura-dans-la-commune-de-bocaranga#primaryimage\"},\"image\":{\"@id\":\"https:\/\/www.africa-press.net\/centrafricaine\/toutes-les-actualites\/rca-13-motos-incendiees-par-les-rebelles-de-la-cpc-a-loura-dans-la-commune-de-bocaranga#primaryimage\"},\"thumbnailUrl\":\"https:\/\/static.africa-press.net\/centrafricaine\/sites\/45\/2021\/07\/img-60f169a742ec3.jpg\",\"datePublished\":\"2021-07-16T11:22:52+00:00\",\"dateModified\":\"2021-07-16T20:44:45+00:00\",\"author\":{\"@id\":\"https:\/\/www.africa-press.net\/centrafricaine\/#\/schema\/person\/2b1cf3cd81a31e3cd26889ca66d677f1\"},\"description\":\"Bangui, R\u00e9publique centrafricaine, vendredi, 16 juillet 2021, 03:20:24 ( Corbeaunews-Centrafrique ). 13 motos br ...\",\"breadcrumb\":{\"@id\":\"https:\/\/www.africa-press.net\/centrafricaine\/toutes-les-actualites\/rca-13-motos-incendiees-par-les-rebelles-de-la-cpc-a-loura-dans-la-commune-de-bocaranga#breadcrumb\"},\"inLanguage\":\"fr-FR\",\"potentialAction\":[{\"@type\":\"ReadAction\",\"target\":[\"https:\/\/www.africa-press.net\/centrafricaine\/toutes-les-actualites\/rca-13-motos-incendiees-par-les-rebelles-de-la-cpc-a-loura-dans-la-commune-de-bocaranga\"]}]},{\"@type\":\"ImageObject\",\"inLanguage\":\"fr-FR\",\"@id\":\"https:\/\/www.africa-press.net\/centrafricaine\/toutes-les-actualites\/rca-13-motos-incendiees-par-les-rebelles-de-la-cpc-a-loura-dans-la-commune-de-bocaranga#primaryimage\",\"url\":\"https:\/\/static.africa-press.net\/centrafricaine\/sites\/45\/2021\/07\/img-60f169a742ec3.jpg\",\"contentUrl\":\"https:\/\/static.africa-press.net\/centrafricaine\/sites\/45\/2021\/07\/img-60f169a742ec3.jpg\",\"width\":887,\"height\":500,\"caption\":\"RCA\u00a0: 13 motos incendi\u00e9es par les rebelles de la CPC \u00e0 Loura, dans la commune de Bocaranga\"},{\"@type\":\"BreadcrumbList\",\"@id\":\"https:\/\/www.africa-press.net\/centrafricaine\/toutes-les-actualites\/rca-13-motos-incendiees-par-les-rebelles-de-la-cpc-a-loura-dans-la-commune-de-bocaranga#breadcrumb\",\"itemListElement\":[{\"@type\":\"ListItem\",\"position\":1,\"name\":\"Accueil\",\"item\":\"https:\/\/www.africa-press.net\/centrafricaine\/\"},{\"@type\":\"ListItem\",\"position\":2,\"name\":\"13 motos incendi\u00e9es par les rebelles de la CPC \u00e0 Loura, dans la commune de Bocaranga\"}]},{\"@type\":\"WebSite\",\"@id\":\"https:\/\/www.africa-press.net\/centrafricaine\/#website\",\"url\":\"https:\/\/www.africa-press.net\/centrafricaine\/\",\"name\":\"centrafricaine\",\"description\":\"Just another Africa News Agency Sites site\",\"potentialAction\":[{\"@type\":\"SearchAction\",\"target\":{\"@type\":\"EntryPoint\",\"urlTemplate\":\"https:\/\/www.africa-press.net\/centrafricaine\/?s={search_term_string}\"},\"query-input\":{\"@type\":\"PropertyValueSpecification\",\"valueRequired\":true,\"valueName\":\"search_term_string\"}}],\"inLanguage\":\"fr-FR\"},{\"@type\":\"Person\",\"@id\":\"https:\/\/www.africa-press.net\/centrafricaine\/#\/schema\/person\/2b1cf3cd81a31e3cd26889ca66d677f1\",\"name\":\"cfeditorfr\"}]}<\/script>\n<!-- \/ Yoast SEO Premium plugin. -->","yoast_head_json":{"title":"13 motos incendi\u00e9es par les rebelles de la CPC \u00e0 Loura, dans la commune de Bocaranga - centrafricaine","description":"Bangui, R\u00e9publique centrafricaine, vendredi, 16 juillet 2021, 03:20:24 ( Corbeaunews-Centrafrique ). 13 motos br ...","robots":{"index":"index","follow":"follow","max-snippet":"max-snippet:-1","max-image-preview":"max-image-preview:large","max-video-preview":"max-video-preview:-1"},"canonical":"https:\/\/www.africa-press.net\/centrafricaine\/toutes-les-actualites\/rca-13-motos-incendiees-par-les-rebelles-de-la-cpc-a-loura-dans-la-commune-de-bocaranga","og_locale":"fr_FR","og_type":"article","og_title":"13 motos incendi\u00e9es par les rebelles de la CPC \u00e0 Loura, dans la commune de Bocaranga","og_description":"Bangui, R\u00e9publique centrafricaine, vendredi, 16 juillet 2021, 03:20:24 ( Corbeaunews-Centrafrique ). 13 motos br ...","og_url":"https:\/\/www.africa-press.net\/centrafricaine\/toutes-les-actualites\/rca-13-motos-incendiees-par-les-rebelles-de-la-cpc-a-loura-dans-la-commune-de-bocaranga","og_site_name":"centrafricaine","article_published_time":"2021-07-16T11:22:52+00:00","article_modified_time":"2021-07-16T20:44:45+00:00","og_image":[{"width":887,"height":500,"url":"https:\/\/static.africa-press.net\/centrafricaine\/sites\/45\/2021\/07\/img-60f169a742ec3.jpg","type":"image\/jpeg"}],"author":"cfeditorfr","twitter_card":"summary_large_image","twitter_misc":{"\u00c9crit par":"cfeditorfr","Dur\u00e9e de lecture estim\u00e9e":"2 minutes"},"schema":{"@context":"https:\/\/schema.org","@graph":[{"@type":"Article","@id":"https:\/\/www.africa-press.net\/centrafricaine\/toutes-les-actualites\/rca-13-motos-incendiees-par-les-rebelles-de-la-cpc-a-loura-dans-la-commune-de-bocaranga#article","isPartOf":{"@id":"https:\/\/www.africa-press.net\/centrafricaine\/toutes-les-actualites\/rca-13-motos-incendiees-par-les-rebelles-de-la-cpc-a-loura-dans-la-commune-de-bocaranga"},"author":{"name":"cfeditorfr","@id":"https:\/\/www.africa-press.net\/centrafricaine\/#\/schema\/person\/2b1cf3cd81a31e3cd26889ca66d677f1"},"headline":"13 motos incendi\u00e9es par les rebelles de la CPC \u00e0 Loura, dans la commune de Bocaranga","datePublished":"2021-07-16T11:22:52+00:00","dateModified":"2021-07-16T20:44:45+00:00","mainEntityOfPage":{"@id":"https:\/\/www.africa-press.net\/centrafricaine\/toutes-les-actualites\/rca-13-motos-incendiees-par-les-rebelles-de-la-cpc-a-loura-dans-la-commune-de-bocaranga"},"wordCount":393,"commentCount":0,"image":{"@id":"https:\/\/www.africa-press.net\/centrafricaine\/toutes-les-actualites\/rca-13-motos-incendiees-par-les-rebelles-de-la-cpc-a-loura-dans-la-commune-de-bocaranga#primaryimage"},"thumbnailUrl":"https:\/\/static.africa-press.net\/centrafricaine\/sites\/45\/2021\/07\/img-60f169a742ec3.jpg","keywords":["Africa Press","Africa Press-CentrAfricaine","CentrAfricaine"],"articleSection":["Communaut\u00e9","homepage-french","Toutes les actualit\u00e9s"],"inLanguage":"fr-FR","potentialAction":[{"@type":"CommentAction","name":"Comment","target":["https:\/\/www.africa-press.net\/centrafricaine\/toutes-les-actualites\/rca-13-motos-incendiees-par-les-rebelles-de-la-cpc-a-loura-dans-la-commune-de-bocaranga#respond"]}]},{"@type":"WebPage","@id":"https:\/\/www.africa-press.net\/centrafricaine\/toutes-les-actualites\/rca-13-motos-incendiees-par-les-rebelles-de-la-cpc-a-loura-dans-la-commune-de-bocaranga","url":"https:\/\/www.africa-press.net\/centrafricaine\/toutes-les-actualites\/rca-13-motos-incendiees-par-les-rebelles-de-la-cpc-a-loura-dans-la-commune-de-bocaranga","name":"13 motos incendi\u00e9es par les rebelles de la CPC \u00e0 Loura, dans la commune de Bocaranga - centrafricaine","isPartOf":{"@id":"https:\/\/www.africa-press.net\/centrafricaine\/#website"},"primaryImageOfPage":{"@id":"https:\/\/www.africa-press.net\/centrafricaine\/toutes-les-actualites\/rca-13-motos-incendiees-par-les-rebelles-de-la-cpc-a-loura-dans-la-commune-de-bocaranga#primaryimage"},"image":{"@id":"https:\/\/www.africa-press.net\/centrafricaine\/toutes-les-actualites\/rca-13-motos-incendiees-par-les-rebelles-de-la-cpc-a-loura-dans-la-commune-de-bocaranga#primaryimage"},"thumbnailUrl":"https:\/\/static.africa-press.net\/centrafricaine\/sites\/45\/2021\/07\/img-60f169a742ec3.jpg","datePublished":"2021-07-16T11:22:52+00:00","dateModified":"2021-07-16T20:44:45+00:00","author":{"@id":"https:\/\/www.africa-press.net\/centrafricaine\/#\/schema\/person\/2b1cf3cd81a31e3cd26889ca66d677f1"},"description":"Bangui, R\u00e9publique centrafricaine, vendredi, 16 juillet 2021, 03:20:24 ( Corbeaunews-Centrafrique ). 13 motos br ...","breadcrumb":{"@id":"https:\/\/www.africa-press.net\/centrafricaine\/toutes-les-actualites\/rca-13-motos-incendiees-par-les-rebelles-de-la-cpc-a-loura-dans-la-commune-de-bocaranga#breadcrumb"},"inLanguage":"fr-FR","potentialAction":[{"@type":"ReadAction","target":["https:\/\/www.africa-press.net\/centrafricaine\/toutes-les-actualites\/rca-13-motos-incendiees-par-les-rebelles-de-la-cpc-a-loura-dans-la-commune-de-bocaranga"]}]},{"@type":"ImageObject","inLanguage":"fr-FR","@id":"https:\/\/www.africa-press.net\/centrafricaine\/toutes-les-actualites\/rca-13-motos-incendiees-par-les-rebelles-de-la-cpc-a-loura-dans-la-commune-de-bocaranga#primaryimage","url":"https:\/\/static.africa-press.net\/centrafricaine\/sites\/45\/2021\/07\/img-60f169a742ec3.jpg","contentUrl":"https:\/\/static.africa-press.net\/centrafricaine\/sites\/45\/2021\/07\/img-60f169a742ec3.jpg","width":887,"height":500,"caption":"RCA\u00a0: 13 motos incendi\u00e9es par les rebelles de la CPC \u00e0 Loura, dans la commune de Bocaranga"},{"@type":"BreadcrumbList","@id":"https:\/\/www.africa-press.net\/centrafricaine\/toutes-les-actualites\/rca-13-motos-incendiees-par-les-rebelles-de-la-cpc-a-loura-dans-la-commune-de-bocaranga#breadcrumb","itemListElement":[{"@type":"ListItem","position":1,"name":"Accueil","item":"https:\/\/www.africa-press.net\/centrafricaine\/"},{"@type":"ListItem","position":2,"name":"13 motos incendi\u00e9es par les rebelles de la CPC \u00e0 Loura, dans la commune de Bocaranga"}]},{"@type":"WebSite","@id":"https:\/\/www.africa-press.net\/centrafricaine\/#website","url":"https:\/\/www.africa-press.net\/centrafricaine\/","name":"centrafricaine","description":"Just another Africa News Agency Sites site","potentialAction":[{"@type":"SearchAction","target":{"@type":"EntryPoint","urlTemplate":"https:\/\/www.africa-press.net\/centrafricaine\/?s={search_term_string}"},"query-input":{"@type":"PropertyValueSpecification","valueRequired":true,"valueName":"search_term_string"}}],"inLanguage":"fr-FR"},{"@type":"Person","@id":"https:\/\/www.africa-press.net\/centrafricaine\/#\/schema\/person\/2b1cf3cd81a31e3cd26889ca66d677f1","name":"cfeditorfr"}]}},"_links":{"self":[{"href":"https:\/\/www.africa-press.net\/centrafricaine\/wp-json\/wp\/v2\/posts\/8888","targetHints":{"allow":["GET"]}}],"collection":[{"href":"https:\/\/www.africa-press.net\/centrafricaine\/wp-json\/wp\/v2\/posts"}],"about":[{"href":"https:\/\/www.africa-press.net\/centrafricaine\/wp-json\/wp\/v2\/types\/post"}],"author":[{"embeddable":true,"href":"https:\/\/www.africa-press.net\/centrafricaine\/wp-json\/wp\/v2\/users\/82"}],"replies":[{"embeddable":true,"href":"https:\/\/www.africa-press.net\/centrafricaine\/wp-json\/wp\/v2\/comments?post=8888"}],"version-history":[{"count":0,"href":"https:\/\/www.africa-press.net\/centrafricaine\/wp-json\/wp\/v2\/posts\/8888\/revisions"}],"wp:featuredmedia":[{"embeddable":true,"href":"https:\/\/www.africa-press.net\/centrafricaine\/wp-json\/wp\/v2\/media\/8887"}],"wp:attachment":[{"href":"https:\/\/www.africa-press.net\/centrafricaine\/wp-json\/wp\/v2\/media?parent=8888"}],"wp:term":[{"taxonomy":"category","embeddable":true,"href":"https:\/\/www.africa-press.net\/centrafricaine\/wp-json\/wp\/v2\/categories?post=8888"},{"taxonomy":"post_tag","embeddable":true,"href":"https:\/\/www.africa-press.net\/centrafricaine\/wp-json\/wp\/v2\/tags?post=8888"}],"curies":[{"name":"wp","href":"https:\/\/api.w.org\/{rel}","templated":true}]}}