{"id":8891,"date":"2021-07-16T11:32:08","date_gmt":"2021-07-16T11:32:08","guid":{"rendered":"https:\/\/www.africa-press.net\/centrafricaine\/?p=8891"},"modified":"2021-07-16T20:44:45","modified_gmt":"2021-07-16T20:44:45","slug":"retour-au-pays-pour-3000-refugies-centrafricains-en-provenance-du-soudan","status":"publish","type":"post","link":"https:\/\/www.africa-press.net\/centrafricaine\/toutes-les-actualites\/retour-au-pays-pour-3000-refugies-centrafricains-en-provenance-du-soudan","title":{"rendered":"Retour au pays pour 3000 r\u00e9fugi\u00e9s centrafricains en provenance du Soudan"},"content":{"rendered":"<p><span style=\"color: #ff6600\"><strong><a href=\"https:\/\/www.africa-press.net\/\">Africa-Press<\/a> &#8211; <a href=\"https:\/\/www.africa-press.net\/centrafricaine\">CentrAfricaine<\/a>. <\/strong><\/span><b>Bangui, R\u00e9publique centrafricaine, jeudi, 15 juillet 2021,<\/b><\/p>\n<p>03:18:45 ( Corbeaunews-Centrafrique ). Apr\u00e8s presque deux ann\u00e9es pass\u00e9es au Soudan, de nombreux Centrafricains, fuyant les r\u00e9centes violences intercommunautaires qui ont secou\u00e9 les villes du nord en 2019, ont commenc\u00e9 \u00e0 regagner leur domicile, selon les autorit\u00e9s locales.<\/p>\n<p>Selon la mairie de Birao, chef-lieu de la pr\u00e9fecture de la Vakaga, pour la premi\u00e8re fois depuis le d\u00e9but de la crise intercommunautaire qui avait secou\u00e9 les villes du nord en 2019, au moins 3200 r\u00e9fugi\u00e9s centrafricains au Soudan ont regagn\u00e9 leur pays. Parmi eux, 1200 sont issus de la ville de Birao, et 2000 autres pour les villages p\u00e9riph\u00e9riques, selon les autorit\u00e9s de Birao qui se disent incapables de les secourir, car la plupart n\u2019ont plus d\u2019habitation pour se loger.<\/p>\n<p><b>\u00ab Je suis retourn\u00e9e \u00e0 Birao quand la paix est revenue. Les gens commencent \u00e0 rentrer progressivement. Faute d\u2019habitation, je me suis install\u00e9e proche de la Minusca. Depuis qu\u2019on est l\u00e0, on ne peut pas aller ailleurs. Notre maison a \u00e9t\u00e9 br\u00fbl\u00e9e, tout est pill\u00e9 c\u2019est pourquoi je me suis install\u00e9e ici \u00bb<\/b><\/p>\n<p>, a d\u00e9clar\u00e9 une m\u00e8re de trois enfants de retour \u00e9galement du Soudan.<\/p>\n<p>Pour la mairie de Birao, le retour de ces r\u00e9fugi\u00e9s est une bonne chose. C\u2019est un signe de paix dans la r\u00e9gion. Elle appelle les ONG de bonne volont\u00e9 \u00e0 leur venir en aide.<\/p>\n<p>Il convient de rappeler que c\u2019\u00e9tait en 2019, suite aux violences intercommunautaires touchant les villes du Nord, la majeure partie de la population de Birao et des villages p\u00e9riph\u00e9riques avait quitt\u00e9 le pays pour trouver refuge au Soudan voisin. M\u00eame si certains rentrent au pays, d\u2019autres craignent encore la d\u00e9t\u00e9rioration de la situation s\u00e9curitaire dans le Nord.<\/p>\n<p><b>Par Mo\u00efse Banafio<\/b><\/p>\n<p>Journaliste r\u00e9dacteur<\/p>\n<p>Tel : 70 13 39 97<\/p>\n<p><b>Alain Nzilo<\/b><\/p>\n<p>Directeur de publications<\/p>\n<p>Tel\/ WhatsApp : +236 75 72 18 21<\/p>\n<p>Email : alainnzilo@gmail.com<\/p>\n","protected":false},"excerpt":{"rendered":"<p>Africa-Press &#8211; CentrAfricaine. Bangui, R\u00e9publique centrafricaine, jeudi, 15 juillet 2021, 03:18:45 ( Corbeaunews-Centrafrique ). Apr\u00e8s presque deux ann\u00e9es pass\u00e9es au Soudan, de nombreux Centrafricains, fuyant les r\u00e9centes violences intercommunautaires qui ont secou\u00e9 les villes du nord en 2019, ont commenc\u00e9 \u00e0 regagner leur domicile, selon les autorit\u00e9s locales. Selon la mairie de Birao, chef-lieu de [&hellip;]<\/p>\n","protected":false},"author":82,"featured_media":8890,"comment_status":"open","ping_status":"closed","sticky":false,"template":"","format":"standard","meta":{"footnotes":""},"categories":[21,11,20,10],"tags":[36,58,30],"class_list":["post-8891","post","type-post","status-publish","format-standard","has-post-thumbnail","hentry","category-communaute","category-homepage-french","category-top-nouvelles","category-toutes-les-actualites","tag-africa-press","tag-africa-press-centrafricaine","tag-centrafricaine"],"yoast_head":"<!-- This site is optimized with the Yoast SEO Premium plugin v26.1 (Yoast SEO v27.0) - https:\/\/yoast.com\/product\/yoast-seo-premium-wordpress\/ -->\n<title>Retour au pays pour 3000 r\u00e9fugi\u00e9s centrafricains en provenance du Soudan - centrafricaine<\/title>\n<meta name=\"description\" content=\"Bangui, R\u00e9publique centrafricaine, jeudi, 15 juillet 2021, 03:18:45 ( Corbeaunews-Centrafrique ). Apr\u00e8s presque ...\" \/>\n<meta name=\"robots\" content=\"index, follow, max-snippet:-1, max-image-preview:large, max-video-preview:-1\" \/>\n<link rel=\"canonical\" href=\"https:\/\/www.africa-press.net\/centrafricaine\/toutes-les-actualites\/retour-au-pays-pour-3000-refugies-centrafricains-en-provenance-du-soudan\" \/>\n<meta property=\"og:locale\" content=\"fr_FR\" \/>\n<meta property=\"og:type\" content=\"article\" \/>\n<meta property=\"og:title\" content=\"Retour au pays pour 3000 r\u00e9fugi\u00e9s centrafricains en provenance du Soudan\" \/>\n<meta property=\"og:description\" content=\"Bangui, R\u00e9publique centrafricaine, jeudi, 15 juillet 2021, 03:18:45 ( Corbeaunews-Centrafrique ). Apr\u00e8s presque ...\" \/>\n<meta property=\"og:url\" content=\"https:\/\/www.africa-press.net\/centrafricaine\/toutes-les-actualites\/retour-au-pays-pour-3000-refugies-centrafricains-en-provenance-du-soudan\" \/>\n<meta property=\"og:site_name\" content=\"centrafricaine\" \/>\n<meta property=\"article:published_time\" content=\"2021-07-16T11:32:08+00:00\" \/>\n<meta property=\"article:modified_time\" content=\"2021-07-16T20:44:45+00:00\" \/>\n<meta property=\"og:image\" content=\"https:\/\/static.africa-press.net\/centrafricaine\/sites\/45\/2021\/07\/img-60f169f276ca9.jpg\" \/>\n\t<meta property=\"og:image:width\" content=\"750\" \/>\n\t<meta property=\"og:image:height\" content=\"422\" \/>\n\t<meta property=\"og:image:type\" content=\"image\/jpeg\" \/>\n<meta name=\"author\" content=\"cfeditorfr\" \/>\n<meta name=\"twitter:card\" content=\"summary_large_image\" \/>\n<meta name=\"twitter:label1\" content=\"\u00c9crit par\" \/>\n\t<meta name=\"twitter:data1\" content=\"cfeditorfr\" \/>\n\t<meta name=\"twitter:label2\" content=\"Dur\u00e9e de lecture estim\u00e9e\" \/>\n\t<meta name=\"twitter:data2\" content=\"2 minutes\" \/>\n<script type=\"application\/ld+json\" class=\"yoast-schema-graph\">{\"@context\":\"https:\/\/schema.org\",\"@graph\":[{\"@type\":\"Article\",\"@id\":\"https:\/\/www.africa-press.net\/centrafricaine\/toutes-les-actualites\/retour-au-pays-pour-3000-refugies-centrafricains-en-provenance-du-soudan#article\",\"isPartOf\":{\"@id\":\"https:\/\/www.africa-press.net\/centrafricaine\/toutes-les-actualites\/retour-au-pays-pour-3000-refugies-centrafricains-en-provenance-du-soudan\"},\"author\":{\"name\":\"cfeditorfr\",\"@id\":\"https:\/\/www.africa-press.net\/centrafricaine\/#\/schema\/person\/2b1cf3cd81a31e3cd26889ca66d677f1\"},\"headline\":\"Retour au pays pour 3000 r\u00e9fugi\u00e9s centrafricains en provenance du Soudan\",\"datePublished\":\"2021-07-16T11:32:08+00:00\",\"dateModified\":\"2021-07-16T20:44:45+00:00\",\"mainEntityOfPage\":{\"@id\":\"https:\/\/www.africa-press.net\/centrafricaine\/toutes-les-actualites\/retour-au-pays-pour-3000-refugies-centrafricains-en-provenance-du-soudan\"},\"wordCount\":337,\"commentCount\":0,\"image\":{\"@id\":\"https:\/\/www.africa-press.net\/centrafricaine\/toutes-les-actualites\/retour-au-pays-pour-3000-refugies-centrafricains-en-provenance-du-soudan#primaryimage\"},\"thumbnailUrl\":\"https:\/\/static.africa-press.net\/centrafricaine\/sites\/45\/2021\/07\/img-60f169f276ca9.jpg\",\"keywords\":[\"Africa Press\",\"Africa Press-CentrAfricaine\",\"CentrAfricaine\"],\"articleSection\":[\"Communaut\u00e9\",\"homepage-french\",\"Top Nouvelles\",\"Toutes les actualit\u00e9s\"],\"inLanguage\":\"fr-FR\",\"potentialAction\":[{\"@type\":\"CommentAction\",\"name\":\"Comment\",\"target\":[\"https:\/\/www.africa-press.net\/centrafricaine\/toutes-les-actualites\/retour-au-pays-pour-3000-refugies-centrafricains-en-provenance-du-soudan#respond\"]}]},{\"@type\":\"WebPage\",\"@id\":\"https:\/\/www.africa-press.net\/centrafricaine\/toutes-les-actualites\/retour-au-pays-pour-3000-refugies-centrafricains-en-provenance-du-soudan\",\"url\":\"https:\/\/www.africa-press.net\/centrafricaine\/toutes-les-actualites\/retour-au-pays-pour-3000-refugies-centrafricains-en-provenance-du-soudan\",\"name\":\"Retour au pays pour 3000 r\u00e9fugi\u00e9s centrafricains en provenance du Soudan - centrafricaine\",\"isPartOf\":{\"@id\":\"https:\/\/www.africa-press.net\/centrafricaine\/#website\"},\"primaryImageOfPage\":{\"@id\":\"https:\/\/www.africa-press.net\/centrafricaine\/toutes-les-actualites\/retour-au-pays-pour-3000-refugies-centrafricains-en-provenance-du-soudan#primaryimage\"},\"image\":{\"@id\":\"https:\/\/www.africa-press.net\/centrafricaine\/toutes-les-actualites\/retour-au-pays-pour-3000-refugies-centrafricains-en-provenance-du-soudan#primaryimage\"},\"thumbnailUrl\":\"https:\/\/static.africa-press.net\/centrafricaine\/sites\/45\/2021\/07\/img-60f169f276ca9.jpg\",\"datePublished\":\"2021-07-16T11:32:08+00:00\",\"dateModified\":\"2021-07-16T20:44:45+00:00\",\"author\":{\"@id\":\"https:\/\/www.africa-press.net\/centrafricaine\/#\/schema\/person\/2b1cf3cd81a31e3cd26889ca66d677f1\"},\"description\":\"Bangui, R\u00e9publique centrafricaine, jeudi, 15 juillet 2021, 03:18:45 ( Corbeaunews-Centrafrique ). Apr\u00e8s presque ...\",\"breadcrumb\":{\"@id\":\"https:\/\/www.africa-press.net\/centrafricaine\/toutes-les-actualites\/retour-au-pays-pour-3000-refugies-centrafricains-en-provenance-du-soudan#breadcrumb\"},\"inLanguage\":\"fr-FR\",\"potentialAction\":[{\"@type\":\"ReadAction\",\"target\":[\"https:\/\/www.africa-press.net\/centrafricaine\/toutes-les-actualites\/retour-au-pays-pour-3000-refugies-centrafricains-en-provenance-du-soudan\"]}]},{\"@type\":\"ImageObject\",\"inLanguage\":\"fr-FR\",\"@id\":\"https:\/\/www.africa-press.net\/centrafricaine\/toutes-les-actualites\/retour-au-pays-pour-3000-refugies-centrafricains-en-provenance-du-soudan#primaryimage\",\"url\":\"https:\/\/static.africa-press.net\/centrafricaine\/sites\/45\/2021\/07\/img-60f169f276ca9.jpg\",\"contentUrl\":\"https:\/\/static.africa-press.net\/centrafricaine\/sites\/45\/2021\/07\/img-60f169f276ca9.jpg\",\"width\":750,\"height\":422,\"caption\":\"Retour au pays pour 3000 r\u00e9fugi\u00e9s centrafricains en provenance du Soudan\"},{\"@type\":\"BreadcrumbList\",\"@id\":\"https:\/\/www.africa-press.net\/centrafricaine\/toutes-les-actualites\/retour-au-pays-pour-3000-refugies-centrafricains-en-provenance-du-soudan#breadcrumb\",\"itemListElement\":[{\"@type\":\"ListItem\",\"position\":1,\"name\":\"Accueil\",\"item\":\"https:\/\/www.africa-press.net\/centrafricaine\/\"},{\"@type\":\"ListItem\",\"position\":2,\"name\":\"Retour au pays pour 3000 r\u00e9fugi\u00e9s centrafricains en provenance du Soudan\"}]},{\"@type\":\"WebSite\",\"@id\":\"https:\/\/www.africa-press.net\/centrafricaine\/#website\",\"url\":\"https:\/\/www.africa-press.net\/centrafricaine\/\",\"name\":\"centrafricaine\",\"description\":\"Just another Africa News Agency Sites site\",\"potentialAction\":[{\"@type\":\"SearchAction\",\"target\":{\"@type\":\"EntryPoint\",\"urlTemplate\":\"https:\/\/www.africa-press.net\/centrafricaine\/?s={search_term_string}\"},\"query-input\":{\"@type\":\"PropertyValueSpecification\",\"valueRequired\":true,\"valueName\":\"search_term_string\"}}],\"inLanguage\":\"fr-FR\"},{\"@type\":\"Person\",\"@id\":\"https:\/\/www.africa-press.net\/centrafricaine\/#\/schema\/person\/2b1cf3cd81a31e3cd26889ca66d677f1\",\"name\":\"cfeditorfr\"}]}<\/script>\n<!-- \/ Yoast SEO Premium plugin. -->","yoast_head_json":{"title":"Retour au pays pour 3000 r\u00e9fugi\u00e9s centrafricains en provenance du Soudan - centrafricaine","description":"Bangui, R\u00e9publique centrafricaine, jeudi, 15 juillet 2021, 03:18:45 ( Corbeaunews-Centrafrique ). Apr\u00e8s presque ...","robots":{"index":"index","follow":"follow","max-snippet":"max-snippet:-1","max-image-preview":"max-image-preview:large","max-video-preview":"max-video-preview:-1"},"canonical":"https:\/\/www.africa-press.net\/centrafricaine\/toutes-les-actualites\/retour-au-pays-pour-3000-refugies-centrafricains-en-provenance-du-soudan","og_locale":"fr_FR","og_type":"article","og_title":"Retour au pays pour 3000 r\u00e9fugi\u00e9s centrafricains en provenance du Soudan","og_description":"Bangui, R\u00e9publique centrafricaine, jeudi, 15 juillet 2021, 03:18:45 ( Corbeaunews-Centrafrique ). Apr\u00e8s presque ...","og_url":"https:\/\/www.africa-press.net\/centrafricaine\/toutes-les-actualites\/retour-au-pays-pour-3000-refugies-centrafricains-en-provenance-du-soudan","og_site_name":"centrafricaine","article_published_time":"2021-07-16T11:32:08+00:00","article_modified_time":"2021-07-16T20:44:45+00:00","og_image":[{"width":750,"height":422,"url":"https:\/\/static.africa-press.net\/centrafricaine\/sites\/45\/2021\/07\/img-60f169f276ca9.jpg","type":"image\/jpeg"}],"author":"cfeditorfr","twitter_card":"summary_large_image","twitter_misc":{"\u00c9crit par":"cfeditorfr","Dur\u00e9e de lecture estim\u00e9e":"2 minutes"},"schema":{"@context":"https:\/\/schema.org","@graph":[{"@type":"Article","@id":"https:\/\/www.africa-press.net\/centrafricaine\/toutes-les-actualites\/retour-au-pays-pour-3000-refugies-centrafricains-en-provenance-du-soudan#article","isPartOf":{"@id":"https:\/\/www.africa-press.net\/centrafricaine\/toutes-les-actualites\/retour-au-pays-pour-3000-refugies-centrafricains-en-provenance-du-soudan"},"author":{"name":"cfeditorfr","@id":"https:\/\/www.africa-press.net\/centrafricaine\/#\/schema\/person\/2b1cf3cd81a31e3cd26889ca66d677f1"},"headline":"Retour au pays pour 3000 r\u00e9fugi\u00e9s centrafricains en provenance du Soudan","datePublished":"2021-07-16T11:32:08+00:00","dateModified":"2021-07-16T20:44:45+00:00","mainEntityOfPage":{"@id":"https:\/\/www.africa-press.net\/centrafricaine\/toutes-les-actualites\/retour-au-pays-pour-3000-refugies-centrafricains-en-provenance-du-soudan"},"wordCount":337,"commentCount":0,"image":{"@id":"https:\/\/www.africa-press.net\/centrafricaine\/toutes-les-actualites\/retour-au-pays-pour-3000-refugies-centrafricains-en-provenance-du-soudan#primaryimage"},"thumbnailUrl":"https:\/\/static.africa-press.net\/centrafricaine\/sites\/45\/2021\/07\/img-60f169f276ca9.jpg","keywords":["Africa Press","Africa Press-CentrAfricaine","CentrAfricaine"],"articleSection":["Communaut\u00e9","homepage-french","Top Nouvelles","Toutes les actualit\u00e9s"],"inLanguage":"fr-FR","potentialAction":[{"@type":"CommentAction","name":"Comment","target":["https:\/\/www.africa-press.net\/centrafricaine\/toutes-les-actualites\/retour-au-pays-pour-3000-refugies-centrafricains-en-provenance-du-soudan#respond"]}]},{"@type":"WebPage","@id":"https:\/\/www.africa-press.net\/centrafricaine\/toutes-les-actualites\/retour-au-pays-pour-3000-refugies-centrafricains-en-provenance-du-soudan","url":"https:\/\/www.africa-press.net\/centrafricaine\/toutes-les-actualites\/retour-au-pays-pour-3000-refugies-centrafricains-en-provenance-du-soudan","name":"Retour au pays pour 3000 r\u00e9fugi\u00e9s centrafricains en provenance du Soudan - centrafricaine","isPartOf":{"@id":"https:\/\/www.africa-press.net\/centrafricaine\/#website"},"primaryImageOfPage":{"@id":"https:\/\/www.africa-press.net\/centrafricaine\/toutes-les-actualites\/retour-au-pays-pour-3000-refugies-centrafricains-en-provenance-du-soudan#primaryimage"},"image":{"@id":"https:\/\/www.africa-press.net\/centrafricaine\/toutes-les-actualites\/retour-au-pays-pour-3000-refugies-centrafricains-en-provenance-du-soudan#primaryimage"},"thumbnailUrl":"https:\/\/static.africa-press.net\/centrafricaine\/sites\/45\/2021\/07\/img-60f169f276ca9.jpg","datePublished":"2021-07-16T11:32:08+00:00","dateModified":"2021-07-16T20:44:45+00:00","author":{"@id":"https:\/\/www.africa-press.net\/centrafricaine\/#\/schema\/person\/2b1cf3cd81a31e3cd26889ca66d677f1"},"description":"Bangui, R\u00e9publique centrafricaine, jeudi, 15 juillet 2021, 03:18:45 ( Corbeaunews-Centrafrique ). Apr\u00e8s presque ...","breadcrumb":{"@id":"https:\/\/www.africa-press.net\/centrafricaine\/toutes-les-actualites\/retour-au-pays-pour-3000-refugies-centrafricains-en-provenance-du-soudan#breadcrumb"},"inLanguage":"fr-FR","potentialAction":[{"@type":"ReadAction","target":["https:\/\/www.africa-press.net\/centrafricaine\/toutes-les-actualites\/retour-au-pays-pour-3000-refugies-centrafricains-en-provenance-du-soudan"]}]},{"@type":"ImageObject","inLanguage":"fr-FR","@id":"https:\/\/www.africa-press.net\/centrafricaine\/toutes-les-actualites\/retour-au-pays-pour-3000-refugies-centrafricains-en-provenance-du-soudan#primaryimage","url":"https:\/\/static.africa-press.net\/centrafricaine\/sites\/45\/2021\/07\/img-60f169f276ca9.jpg","contentUrl":"https:\/\/static.africa-press.net\/centrafricaine\/sites\/45\/2021\/07\/img-60f169f276ca9.jpg","width":750,"height":422,"caption":"Retour au pays pour 3000 r\u00e9fugi\u00e9s centrafricains en provenance du Soudan"},{"@type":"BreadcrumbList","@id":"https:\/\/www.africa-press.net\/centrafricaine\/toutes-les-actualites\/retour-au-pays-pour-3000-refugies-centrafricains-en-provenance-du-soudan#breadcrumb","itemListElement":[{"@type":"ListItem","position":1,"name":"Accueil","item":"https:\/\/www.africa-press.net\/centrafricaine\/"},{"@type":"ListItem","position":2,"name":"Retour au pays pour 3000 r\u00e9fugi\u00e9s centrafricains en provenance du Soudan"}]},{"@type":"WebSite","@id":"https:\/\/www.africa-press.net\/centrafricaine\/#website","url":"https:\/\/www.africa-press.net\/centrafricaine\/","name":"centrafricaine","description":"Just another Africa News Agency Sites site","potentialAction":[{"@type":"SearchAction","target":{"@type":"EntryPoint","urlTemplate":"https:\/\/www.africa-press.net\/centrafricaine\/?s={search_term_string}"},"query-input":{"@type":"PropertyValueSpecification","valueRequired":true,"valueName":"search_term_string"}}],"inLanguage":"fr-FR"},{"@type":"Person","@id":"https:\/\/www.africa-press.net\/centrafricaine\/#\/schema\/person\/2b1cf3cd81a31e3cd26889ca66d677f1","name":"cfeditorfr"}]}},"_links":{"self":[{"href":"https:\/\/www.africa-press.net\/centrafricaine\/wp-json\/wp\/v2\/posts\/8891","targetHints":{"allow":["GET"]}}],"collection":[{"href":"https:\/\/www.africa-press.net\/centrafricaine\/wp-json\/wp\/v2\/posts"}],"about":[{"href":"https:\/\/www.africa-press.net\/centrafricaine\/wp-json\/wp\/v2\/types\/post"}],"author":[{"embeddable":true,"href":"https:\/\/www.africa-press.net\/centrafricaine\/wp-json\/wp\/v2\/users\/82"}],"replies":[{"embeddable":true,"href":"https:\/\/www.africa-press.net\/centrafricaine\/wp-json\/wp\/v2\/comments?post=8891"}],"version-history":[{"count":0,"href":"https:\/\/www.africa-press.net\/centrafricaine\/wp-json\/wp\/v2\/posts\/8891\/revisions"}],"wp:featuredmedia":[{"embeddable":true,"href":"https:\/\/www.africa-press.net\/centrafricaine\/wp-json\/wp\/v2\/media\/8890"}],"wp:attachment":[{"href":"https:\/\/www.africa-press.net\/centrafricaine\/wp-json\/wp\/v2\/media?parent=8891"}],"wp:term":[{"taxonomy":"category","embeddable":true,"href":"https:\/\/www.africa-press.net\/centrafricaine\/wp-json\/wp\/v2\/categories?post=8891"},{"taxonomy":"post_tag","embeddable":true,"href":"https:\/\/www.africa-press.net\/centrafricaine\/wp-json\/wp\/v2\/tags?post=8891"}],"curies":[{"name":"wp","href":"https:\/\/api.w.org\/{rel}","templated":true}]}}