{"id":8900,"date":"2021-07-16T11:57:39","date_gmt":"2021-07-16T11:57:39","guid":{"rendered":"https:\/\/www.africa-press.net\/centrafricaine\/?p=8900"},"modified":"2021-07-16T20:45:37","modified_gmt":"2021-07-16T20:45:37","slug":"en-centrafrique-la-colere-des-conducteurs-des-taxis-brousse-de-la-nana-mambere-circulation-perturbee-sur-laxe-bouar-beloko","status":"publish","type":"post","link":"https:\/\/www.africa-press.net\/centrafricaine\/toutes-les-actualites\/en-centrafrique-la-colere-des-conducteurs-des-taxis-brousse-de-la-nana-mambere-circulation-perturbee-sur-laxe-bouar-beloko","title":{"rendered":"la col\u00e8re des conducteurs des taxis-brousse de la Nana-Mamb\u00e9r\u00e9, circulation perturb\u00e9e sur l\u2019axe Bouar B\u00e9loko"},"content":{"rendered":"<p><span style=\"color: #ff6600\"><strong><a href=\"https:\/\/www.africa-press.net\/\">Africa-Press<\/a> &#8211; <a href=\"https:\/\/www.africa-press.net\/centrafricaine\">CentrAfricaine<\/a>.\u00a0 <\/strong><\/span>Une gr\u00e8ve des conducteurs des taxis-brousse de la Nana-Mamb\u00e9r\u00e9 a totalement paralys\u00e9 le trafic sur la ligne Bouar B\u00e9loko ce jeudi 15 juillet. Ils d\u00e9noncent les tracasseries \u00e0 la fronti\u00e8re du Cameroun, o\u00f9 sont install\u00e9s les hommes de Wagner parmi les douaniers centrafricains.<\/p>\n<p>Selon les conducteurs de ces taxis-brousse de la Nana-Mamb\u00e9r\u00e9, la nouvelle taxation et la fouille mise en place par les Russes de Wagner \u00e0 la douane de B\u00e9loko ne leur permettraient pas de bien faire leur travail.<\/p>\n<p>D\u2019apr\u00e8s eux, pour les petites marchandises achet\u00e9es \u00e0 la fronti\u00e8re c\u00f4t\u00e9 camerounais, les Russes leur demandent de payer 250 000 francs CFA alors qu\u2019avant, au m\u00eame lieu, ils payent la douane \u00e0 50 000 francs CFA pour la m\u00eame quantit\u00e9.<\/p>\n<p><b>\u00ab Ce sont parfois des marchandises fabriqu\u00e9es dans la zone CEMAC comme des jus, biscuits, papiers- toilettes, allumettes et autres, donc on ne doit pas faire la douane dessus, mais ils nous demandent de payer des sommes d\u2019argent \u00bb<\/b><\/p>\n<p>, disaient-ils. En plus, selon eux, lorsqu\u2019ils font la douane \u00e0 la fronti\u00e8re, ils doivent encore payer 20 000 francs CFA ou 30 000 francs \u00e0 la douane de Zawa, de Baboua et autres. Faute de quoi, le conducteur doit d\u00e9charger tout son v\u00e9hicule, et assister \u00e0 la fouille des marchandises .<\/p>\n<p><b>\u00ab C\u2019est un manque \u00e0 gagner pour nous les transporteurs qui jouent sur le temps \u00bb<\/b><\/p>\n<p>, concluent deux conducteurs de taxis-brousse interrog\u00e9s par CNC.<\/p>\n<p>Pour l\u2019heure, aucun taxi-brousse ne circule sur le tron\u00e7on Bouar B\u00e9loko, principal axe de ravitaillement de la capitale de la R\u00e9publique centrafricaine, mais aussi de certaines villes comme Baboua, Bouar, Baoro, Bossempt\u00e9l\u00e9 et Yalok\u00e9.<\/p>\n<p><b>\u00a0<\/b><\/p>\n","protected":false},"excerpt":{"rendered":"<p>Africa-Press &#8211; CentrAfricaine.\u00a0 Une gr\u00e8ve des conducteurs des taxis-brousse de la Nana-Mamb\u00e9r\u00e9 a totalement paralys\u00e9 le trafic sur la ligne Bouar B\u00e9loko ce jeudi 15 juillet. Ils d\u00e9noncent les tracasseries \u00e0 la fronti\u00e8re du Cameroun, o\u00f9 sont install\u00e9s les hommes de Wagner parmi les douaniers centrafricains. Selon les conducteurs de ces taxis-brousse de la Nana-Mamb\u00e9r\u00e9, [&hellip;]<\/p>\n","protected":false},"author":82,"featured_media":8899,"comment_status":"open","ping_status":"closed","sticky":false,"template":"","format":"standard","meta":{"footnotes":""},"categories":[21,11,10],"tags":[36,58,30],"class_list":["post-8900","post","type-post","status-publish","format-standard","has-post-thumbnail","hentry","category-communaute","category-homepage-french","category-toutes-les-actualites","tag-africa-press","tag-africa-press-centrafricaine","tag-centrafricaine"],"yoast_head":"<!-- This site is optimized with the Yoast SEO Premium plugin v26.1 (Yoast SEO v27.0) - https:\/\/yoast.com\/product\/yoast-seo-premium-wordpress\/ -->\n<title>la col\u00e8re des conducteurs des taxis-brousse de la Nana-Mamb\u00e9r\u00e9, circulation perturb\u00e9e sur l\u2019axe Bouar B\u00e9loko - centrafricaine<\/title>\n<meta name=\"description\" content=\"Bangui, R\u00e9publique centrafricaine, jeudi, 15 juillet 2021, 13:55:11 ( Corbeaunews-Centrafrique ). Une gr\u00e8ve des ...\" \/>\n<meta name=\"robots\" content=\"index, follow, max-snippet:-1, max-image-preview:large, max-video-preview:-1\" \/>\n<link rel=\"canonical\" href=\"https:\/\/www.africa-press.net\/centrafricaine\/toutes-les-actualites\/en-centrafrique-la-colere-des-conducteurs-des-taxis-brousse-de-la-nana-mambere-circulation-perturbee-sur-laxe-bouar-beloko\" \/>\n<meta property=\"og:locale\" content=\"fr_FR\" \/>\n<meta property=\"og:type\" content=\"article\" \/>\n<meta property=\"og:title\" content=\"la col\u00e8re des conducteurs des taxis-brousse de la Nana-Mamb\u00e9r\u00e9, circulation perturb\u00e9e sur l\u2019axe Bouar B\u00e9loko\" \/>\n<meta property=\"og:description\" content=\"Bangui, R\u00e9publique centrafricaine, jeudi, 15 juillet 2021, 13:55:11 ( Corbeaunews-Centrafrique ). Une gr\u00e8ve des ...\" \/>\n<meta property=\"og:url\" content=\"https:\/\/www.africa-press.net\/centrafricaine\/toutes-les-actualites\/en-centrafrique-la-colere-des-conducteurs-des-taxis-brousse-de-la-nana-mambere-circulation-perturbee-sur-laxe-bouar-beloko\" \/>\n<meta property=\"og:site_name\" content=\"centrafricaine\" \/>\n<meta property=\"article:published_time\" content=\"2021-07-16T11:57:39+00:00\" \/>\n<meta property=\"article:modified_time\" content=\"2021-07-16T20:45:37+00:00\" \/>\n<meta property=\"og:image\" content=\"https:\/\/static.africa-press.net\/centrafricaine\/sites\/45\/2021\/07\/img-60f16ac79b7fd.jpg\" \/>\n\t<meta property=\"og:image:width\" content=\"720\" \/>\n\t<meta property=\"og:image:height\" content=\"590\" \/>\n\t<meta property=\"og:image:type\" content=\"image\/jpeg\" \/>\n<meta name=\"author\" content=\"cfeditorfr\" \/>\n<meta name=\"twitter:card\" content=\"summary_large_image\" \/>\n<meta name=\"twitter:label1\" content=\"\u00c9crit par\" \/>\n\t<meta name=\"twitter:data1\" content=\"cfeditorfr\" \/>\n\t<meta name=\"twitter:label2\" content=\"Dur\u00e9e de lecture estim\u00e9e\" \/>\n\t<meta name=\"twitter:data2\" content=\"2 minutes\" \/>\n<script type=\"application\/ld+json\" class=\"yoast-schema-graph\">{\"@context\":\"https:\/\/schema.org\",\"@graph\":[{\"@type\":\"Article\",\"@id\":\"https:\/\/www.africa-press.net\/centrafricaine\/toutes-les-actualites\/en-centrafrique-la-colere-des-conducteurs-des-taxis-brousse-de-la-nana-mambere-circulation-perturbee-sur-laxe-bouar-beloko#article\",\"isPartOf\":{\"@id\":\"https:\/\/www.africa-press.net\/centrafricaine\/toutes-les-actualites\/en-centrafrique-la-colere-des-conducteurs-des-taxis-brousse-de-la-nana-mambere-circulation-perturbee-sur-laxe-bouar-beloko\"},\"author\":{\"name\":\"cfeditorfr\",\"@id\":\"https:\/\/www.africa-press.net\/centrafricaine\/#\/schema\/person\/2b1cf3cd81a31e3cd26889ca66d677f1\"},\"headline\":\"la col\u00e8re des conducteurs des taxis-brousse de la Nana-Mamb\u00e9r\u00e9, circulation perturb\u00e9e sur l\u2019axe Bouar B\u00e9loko\",\"datePublished\":\"2021-07-16T11:57:39+00:00\",\"dateModified\":\"2021-07-16T20:45:37+00:00\",\"mainEntityOfPage\":{\"@id\":\"https:\/\/www.africa-press.net\/centrafricaine\/toutes-les-actualites\/en-centrafrique-la-colere-des-conducteurs-des-taxis-brousse-de-la-nana-mambere-circulation-perturbee-sur-laxe-bouar-beloko\"},\"wordCount\":298,\"commentCount\":0,\"image\":{\"@id\":\"https:\/\/www.africa-press.net\/centrafricaine\/toutes-les-actualites\/en-centrafrique-la-colere-des-conducteurs-des-taxis-brousse-de-la-nana-mambere-circulation-perturbee-sur-laxe-bouar-beloko#primaryimage\"},\"thumbnailUrl\":\"https:\/\/static.africa-press.net\/centrafricaine\/sites\/45\/2021\/07\/img-60f16ac79b7fd.jpg\",\"keywords\":[\"Africa Press\",\"Africa Press-CentrAfricaine\",\"CentrAfricaine\"],\"articleSection\":[\"Communaut\u00e9\",\"homepage-french\",\"Toutes les actualit\u00e9s\"],\"inLanguage\":\"fr-FR\",\"potentialAction\":[{\"@type\":\"CommentAction\",\"name\":\"Comment\",\"target\":[\"https:\/\/www.africa-press.net\/centrafricaine\/toutes-les-actualites\/en-centrafrique-la-colere-des-conducteurs-des-taxis-brousse-de-la-nana-mambere-circulation-perturbee-sur-laxe-bouar-beloko#respond\"]}]},{\"@type\":\"WebPage\",\"@id\":\"https:\/\/www.africa-press.net\/centrafricaine\/toutes-les-actualites\/en-centrafrique-la-colere-des-conducteurs-des-taxis-brousse-de-la-nana-mambere-circulation-perturbee-sur-laxe-bouar-beloko\",\"url\":\"https:\/\/www.africa-press.net\/centrafricaine\/toutes-les-actualites\/en-centrafrique-la-colere-des-conducteurs-des-taxis-brousse-de-la-nana-mambere-circulation-perturbee-sur-laxe-bouar-beloko\",\"name\":\"la col\u00e8re des conducteurs des taxis-brousse de la Nana-Mamb\u00e9r\u00e9, circulation perturb\u00e9e sur l\u2019axe Bouar B\u00e9loko - centrafricaine\",\"isPartOf\":{\"@id\":\"https:\/\/www.africa-press.net\/centrafricaine\/#website\"},\"primaryImageOfPage\":{\"@id\":\"https:\/\/www.africa-press.net\/centrafricaine\/toutes-les-actualites\/en-centrafrique-la-colere-des-conducteurs-des-taxis-brousse-de-la-nana-mambere-circulation-perturbee-sur-laxe-bouar-beloko#primaryimage\"},\"image\":{\"@id\":\"https:\/\/www.africa-press.net\/centrafricaine\/toutes-les-actualites\/en-centrafrique-la-colere-des-conducteurs-des-taxis-brousse-de-la-nana-mambere-circulation-perturbee-sur-laxe-bouar-beloko#primaryimage\"},\"thumbnailUrl\":\"https:\/\/static.africa-press.net\/centrafricaine\/sites\/45\/2021\/07\/img-60f16ac79b7fd.jpg\",\"datePublished\":\"2021-07-16T11:57:39+00:00\",\"dateModified\":\"2021-07-16T20:45:37+00:00\",\"author\":{\"@id\":\"https:\/\/www.africa-press.net\/centrafricaine\/#\/schema\/person\/2b1cf3cd81a31e3cd26889ca66d677f1\"},\"description\":\"Bangui, R\u00e9publique centrafricaine, jeudi, 15 juillet 2021, 13:55:11 ( Corbeaunews-Centrafrique ). Une gr\u00e8ve des ...\",\"breadcrumb\":{\"@id\":\"https:\/\/www.africa-press.net\/centrafricaine\/toutes-les-actualites\/en-centrafrique-la-colere-des-conducteurs-des-taxis-brousse-de-la-nana-mambere-circulation-perturbee-sur-laxe-bouar-beloko#breadcrumb\"},\"inLanguage\":\"fr-FR\",\"potentialAction\":[{\"@type\":\"ReadAction\",\"target\":[\"https:\/\/www.africa-press.net\/centrafricaine\/toutes-les-actualites\/en-centrafrique-la-colere-des-conducteurs-des-taxis-brousse-de-la-nana-mambere-circulation-perturbee-sur-laxe-bouar-beloko\"]}]},{\"@type\":\"ImageObject\",\"inLanguage\":\"fr-FR\",\"@id\":\"https:\/\/www.africa-press.net\/centrafricaine\/toutes-les-actualites\/en-centrafrique-la-colere-des-conducteurs-des-taxis-brousse-de-la-nana-mambere-circulation-perturbee-sur-laxe-bouar-beloko#primaryimage\",\"url\":\"https:\/\/static.africa-press.net\/centrafricaine\/sites\/45\/2021\/07\/img-60f16ac79b7fd.jpg\",\"contentUrl\":\"https:\/\/static.africa-press.net\/centrafricaine\/sites\/45\/2021\/07\/img-60f16ac79b7fd.jpg\",\"width\":720,\"height\":590,\"caption\":\"En Centrafrique, la col\u00e8re des conducteurs des taxis-brousse de la Nana-Mamb\u00e9r\u00e9, circulation perturb\u00e9e sur l\u2019axe Bouar B\u00e9loko\"},{\"@type\":\"BreadcrumbList\",\"@id\":\"https:\/\/www.africa-press.net\/centrafricaine\/toutes-les-actualites\/en-centrafrique-la-colere-des-conducteurs-des-taxis-brousse-de-la-nana-mambere-circulation-perturbee-sur-laxe-bouar-beloko#breadcrumb\",\"itemListElement\":[{\"@type\":\"ListItem\",\"position\":1,\"name\":\"Accueil\",\"item\":\"https:\/\/www.africa-press.net\/centrafricaine\/\"},{\"@type\":\"ListItem\",\"position\":2,\"name\":\"la col\u00e8re des conducteurs des taxis-brousse de la Nana-Mamb\u00e9r\u00e9, circulation perturb\u00e9e sur l\u2019axe Bouar B\u00e9loko\"}]},{\"@type\":\"WebSite\",\"@id\":\"https:\/\/www.africa-press.net\/centrafricaine\/#website\",\"url\":\"https:\/\/www.africa-press.net\/centrafricaine\/\",\"name\":\"centrafricaine\",\"description\":\"Just another Africa News Agency Sites site\",\"potentialAction\":[{\"@type\":\"SearchAction\",\"target\":{\"@type\":\"EntryPoint\",\"urlTemplate\":\"https:\/\/www.africa-press.net\/centrafricaine\/?s={search_term_string}\"},\"query-input\":{\"@type\":\"PropertyValueSpecification\",\"valueRequired\":true,\"valueName\":\"search_term_string\"}}],\"inLanguage\":\"fr-FR\"},{\"@type\":\"Person\",\"@id\":\"https:\/\/www.africa-press.net\/centrafricaine\/#\/schema\/person\/2b1cf3cd81a31e3cd26889ca66d677f1\",\"name\":\"cfeditorfr\"}]}<\/script>\n<!-- \/ Yoast SEO Premium plugin. -->","yoast_head_json":{"title":"la col\u00e8re des conducteurs des taxis-brousse de la Nana-Mamb\u00e9r\u00e9, circulation perturb\u00e9e sur l\u2019axe Bouar B\u00e9loko - centrafricaine","description":"Bangui, R\u00e9publique centrafricaine, jeudi, 15 juillet 2021, 13:55:11 ( Corbeaunews-Centrafrique ). Une gr\u00e8ve des ...","robots":{"index":"index","follow":"follow","max-snippet":"max-snippet:-1","max-image-preview":"max-image-preview:large","max-video-preview":"max-video-preview:-1"},"canonical":"https:\/\/www.africa-press.net\/centrafricaine\/toutes-les-actualites\/en-centrafrique-la-colere-des-conducteurs-des-taxis-brousse-de-la-nana-mambere-circulation-perturbee-sur-laxe-bouar-beloko","og_locale":"fr_FR","og_type":"article","og_title":"la col\u00e8re des conducteurs des taxis-brousse de la Nana-Mamb\u00e9r\u00e9, circulation perturb\u00e9e sur l\u2019axe Bouar B\u00e9loko","og_description":"Bangui, R\u00e9publique centrafricaine, jeudi, 15 juillet 2021, 13:55:11 ( Corbeaunews-Centrafrique ). Une gr\u00e8ve des ...","og_url":"https:\/\/www.africa-press.net\/centrafricaine\/toutes-les-actualites\/en-centrafrique-la-colere-des-conducteurs-des-taxis-brousse-de-la-nana-mambere-circulation-perturbee-sur-laxe-bouar-beloko","og_site_name":"centrafricaine","article_published_time":"2021-07-16T11:57:39+00:00","article_modified_time":"2021-07-16T20:45:37+00:00","og_image":[{"width":720,"height":590,"url":"https:\/\/static.africa-press.net\/centrafricaine\/sites\/45\/2021\/07\/img-60f16ac79b7fd.jpg","type":"image\/jpeg"}],"author":"cfeditorfr","twitter_card":"summary_large_image","twitter_misc":{"\u00c9crit par":"cfeditorfr","Dur\u00e9e de lecture estim\u00e9e":"2 minutes"},"schema":{"@context":"https:\/\/schema.org","@graph":[{"@type":"Article","@id":"https:\/\/www.africa-press.net\/centrafricaine\/toutes-les-actualites\/en-centrafrique-la-colere-des-conducteurs-des-taxis-brousse-de-la-nana-mambere-circulation-perturbee-sur-laxe-bouar-beloko#article","isPartOf":{"@id":"https:\/\/www.africa-press.net\/centrafricaine\/toutes-les-actualites\/en-centrafrique-la-colere-des-conducteurs-des-taxis-brousse-de-la-nana-mambere-circulation-perturbee-sur-laxe-bouar-beloko"},"author":{"name":"cfeditorfr","@id":"https:\/\/www.africa-press.net\/centrafricaine\/#\/schema\/person\/2b1cf3cd81a31e3cd26889ca66d677f1"},"headline":"la col\u00e8re des conducteurs des taxis-brousse de la Nana-Mamb\u00e9r\u00e9, circulation perturb\u00e9e sur l\u2019axe Bouar B\u00e9loko","datePublished":"2021-07-16T11:57:39+00:00","dateModified":"2021-07-16T20:45:37+00:00","mainEntityOfPage":{"@id":"https:\/\/www.africa-press.net\/centrafricaine\/toutes-les-actualites\/en-centrafrique-la-colere-des-conducteurs-des-taxis-brousse-de-la-nana-mambere-circulation-perturbee-sur-laxe-bouar-beloko"},"wordCount":298,"commentCount":0,"image":{"@id":"https:\/\/www.africa-press.net\/centrafricaine\/toutes-les-actualites\/en-centrafrique-la-colere-des-conducteurs-des-taxis-brousse-de-la-nana-mambere-circulation-perturbee-sur-laxe-bouar-beloko#primaryimage"},"thumbnailUrl":"https:\/\/static.africa-press.net\/centrafricaine\/sites\/45\/2021\/07\/img-60f16ac79b7fd.jpg","keywords":["Africa Press","Africa Press-CentrAfricaine","CentrAfricaine"],"articleSection":["Communaut\u00e9","homepage-french","Toutes les actualit\u00e9s"],"inLanguage":"fr-FR","potentialAction":[{"@type":"CommentAction","name":"Comment","target":["https:\/\/www.africa-press.net\/centrafricaine\/toutes-les-actualites\/en-centrafrique-la-colere-des-conducteurs-des-taxis-brousse-de-la-nana-mambere-circulation-perturbee-sur-laxe-bouar-beloko#respond"]}]},{"@type":"WebPage","@id":"https:\/\/www.africa-press.net\/centrafricaine\/toutes-les-actualites\/en-centrafrique-la-colere-des-conducteurs-des-taxis-brousse-de-la-nana-mambere-circulation-perturbee-sur-laxe-bouar-beloko","url":"https:\/\/www.africa-press.net\/centrafricaine\/toutes-les-actualites\/en-centrafrique-la-colere-des-conducteurs-des-taxis-brousse-de-la-nana-mambere-circulation-perturbee-sur-laxe-bouar-beloko","name":"la col\u00e8re des conducteurs des taxis-brousse de la Nana-Mamb\u00e9r\u00e9, circulation perturb\u00e9e sur l\u2019axe Bouar B\u00e9loko - centrafricaine","isPartOf":{"@id":"https:\/\/www.africa-press.net\/centrafricaine\/#website"},"primaryImageOfPage":{"@id":"https:\/\/www.africa-press.net\/centrafricaine\/toutes-les-actualites\/en-centrafrique-la-colere-des-conducteurs-des-taxis-brousse-de-la-nana-mambere-circulation-perturbee-sur-laxe-bouar-beloko#primaryimage"},"image":{"@id":"https:\/\/www.africa-press.net\/centrafricaine\/toutes-les-actualites\/en-centrafrique-la-colere-des-conducteurs-des-taxis-brousse-de-la-nana-mambere-circulation-perturbee-sur-laxe-bouar-beloko#primaryimage"},"thumbnailUrl":"https:\/\/static.africa-press.net\/centrafricaine\/sites\/45\/2021\/07\/img-60f16ac79b7fd.jpg","datePublished":"2021-07-16T11:57:39+00:00","dateModified":"2021-07-16T20:45:37+00:00","author":{"@id":"https:\/\/www.africa-press.net\/centrafricaine\/#\/schema\/person\/2b1cf3cd81a31e3cd26889ca66d677f1"},"description":"Bangui, R\u00e9publique centrafricaine, jeudi, 15 juillet 2021, 13:55:11 ( Corbeaunews-Centrafrique ). Une gr\u00e8ve des ...","breadcrumb":{"@id":"https:\/\/www.africa-press.net\/centrafricaine\/toutes-les-actualites\/en-centrafrique-la-colere-des-conducteurs-des-taxis-brousse-de-la-nana-mambere-circulation-perturbee-sur-laxe-bouar-beloko#breadcrumb"},"inLanguage":"fr-FR","potentialAction":[{"@type":"ReadAction","target":["https:\/\/www.africa-press.net\/centrafricaine\/toutes-les-actualites\/en-centrafrique-la-colere-des-conducteurs-des-taxis-brousse-de-la-nana-mambere-circulation-perturbee-sur-laxe-bouar-beloko"]}]},{"@type":"ImageObject","inLanguage":"fr-FR","@id":"https:\/\/www.africa-press.net\/centrafricaine\/toutes-les-actualites\/en-centrafrique-la-colere-des-conducteurs-des-taxis-brousse-de-la-nana-mambere-circulation-perturbee-sur-laxe-bouar-beloko#primaryimage","url":"https:\/\/static.africa-press.net\/centrafricaine\/sites\/45\/2021\/07\/img-60f16ac79b7fd.jpg","contentUrl":"https:\/\/static.africa-press.net\/centrafricaine\/sites\/45\/2021\/07\/img-60f16ac79b7fd.jpg","width":720,"height":590,"caption":"En Centrafrique, la col\u00e8re des conducteurs des taxis-brousse de la Nana-Mamb\u00e9r\u00e9, circulation perturb\u00e9e sur l\u2019axe Bouar B\u00e9loko"},{"@type":"BreadcrumbList","@id":"https:\/\/www.africa-press.net\/centrafricaine\/toutes-les-actualites\/en-centrafrique-la-colere-des-conducteurs-des-taxis-brousse-de-la-nana-mambere-circulation-perturbee-sur-laxe-bouar-beloko#breadcrumb","itemListElement":[{"@type":"ListItem","position":1,"name":"Accueil","item":"https:\/\/www.africa-press.net\/centrafricaine\/"},{"@type":"ListItem","position":2,"name":"la col\u00e8re des conducteurs des taxis-brousse de la Nana-Mamb\u00e9r\u00e9, circulation perturb\u00e9e sur l\u2019axe Bouar B\u00e9loko"}]},{"@type":"WebSite","@id":"https:\/\/www.africa-press.net\/centrafricaine\/#website","url":"https:\/\/www.africa-press.net\/centrafricaine\/","name":"centrafricaine","description":"Just another Africa News Agency Sites site","potentialAction":[{"@type":"SearchAction","target":{"@type":"EntryPoint","urlTemplate":"https:\/\/www.africa-press.net\/centrafricaine\/?s={search_term_string}"},"query-input":{"@type":"PropertyValueSpecification","valueRequired":true,"valueName":"search_term_string"}}],"inLanguage":"fr-FR"},{"@type":"Person","@id":"https:\/\/www.africa-press.net\/centrafricaine\/#\/schema\/person\/2b1cf3cd81a31e3cd26889ca66d677f1","name":"cfeditorfr"}]}},"_links":{"self":[{"href":"https:\/\/www.africa-press.net\/centrafricaine\/wp-json\/wp\/v2\/posts\/8900","targetHints":{"allow":["GET"]}}],"collection":[{"href":"https:\/\/www.africa-press.net\/centrafricaine\/wp-json\/wp\/v2\/posts"}],"about":[{"href":"https:\/\/www.africa-press.net\/centrafricaine\/wp-json\/wp\/v2\/types\/post"}],"author":[{"embeddable":true,"href":"https:\/\/www.africa-press.net\/centrafricaine\/wp-json\/wp\/v2\/users\/82"}],"replies":[{"embeddable":true,"href":"https:\/\/www.africa-press.net\/centrafricaine\/wp-json\/wp\/v2\/comments?post=8900"}],"version-history":[{"count":0,"href":"https:\/\/www.africa-press.net\/centrafricaine\/wp-json\/wp\/v2\/posts\/8900\/revisions"}],"wp:featuredmedia":[{"embeddable":true,"href":"https:\/\/www.africa-press.net\/centrafricaine\/wp-json\/wp\/v2\/media\/8899"}],"wp:attachment":[{"href":"https:\/\/www.africa-press.net\/centrafricaine\/wp-json\/wp\/v2\/media?parent=8900"}],"wp:term":[{"taxonomy":"category","embeddable":true,"href":"https:\/\/www.africa-press.net\/centrafricaine\/wp-json\/wp\/v2\/categories?post=8900"},{"taxonomy":"post_tag","embeddable":true,"href":"https:\/\/www.africa-press.net\/centrafricaine\/wp-json\/wp\/v2\/tags?post=8900"}],"curies":[{"name":"wp","href":"https:\/\/api.w.org\/{rel}","templated":true}]}}