{"id":8903,"date":"2021-07-16T12:02:39","date_gmt":"2021-07-16T12:02:39","guid":{"rendered":"https:\/\/www.africa-press.net\/centrafricaine\/?p=8903"},"modified":"2021-07-16T20:45:55","modified_gmt":"2021-07-16T20:45:55","slug":"rca-le-proces-de-patrice-edouard-ngaissona-et-alfred-yekatom-se-poursuit-devant-la-cpi-avec-laudition-du-quinzieme-temoin-presente-par-laccusation","status":"publish","type":"post","link":"https:\/\/www.africa-press.net\/centrafricaine\/politique\/rca-le-proces-de-patrice-edouard-ngaissona-et-alfred-yekatom-se-poursuit-devant-la-cpi-avec-laudition-du-quinzieme-temoin-presente-par-laccusation","title":{"rendered":"le proc\u00e8s de Patrice \u00c9douard Nga\u00efssona et Alfred Yekatom se poursuit devant la CPI avec l\u2019audition du quinzi\u00e8me t\u00e9moin pr\u00e9sent\u00e9 par l\u2019accusation"},"content":{"rendered":"<p><span style=\"color: #ff6600\"><strong><a href=\"https:\/\/www.africa-press.net\/\">Africa-Press<\/a> &#8211; <a href=\"https:\/\/www.africa-press.net\/centrafricaine\">CentrAfricaine<\/a>.\u00a0 <\/strong><\/span>Le proc\u00e8s de Patrice-Edouard Nga\u00efssona et Alfred Yekatom pour crimes de guerre et crimes contre l\u2019humanit\u00e9 se poursuit devant la cour p\u00e9nale internationale (CPI). L\u2019audience de ce jeudi 15 juillet est consacr\u00e9e toujours \u00e0 la d\u00e9position du quinzi\u00e8me t\u00e9moin pr\u00e9sent\u00e9 par l\u2019accusation.<\/p>\n<p>Selon le bureau de la Cour p\u00e9nale internationale \u00e0 Bangui, l\u2019audience se poursuit avec la d\u00e9position hier du t\u00e9moin P-0884<\/p>\n<p><b>Le 15\u00e8me t\u00e9moin cit\u00e9 par l\u2019Accusation<\/b><\/p>\n<p>&nbsp;<\/p>\n<p>Le t\u00e9moin P-0884 \u2013 devrait d\u00e9poser, entre autres sujets, sur : attaque pr\u00e9sum\u00e9e des Anti-Balaka sur Bangui le 5 d\u00e9cembre 2013 ; r\u00e9union au cours de laquelle M. Nga\u00efssona aurait \u00e9t\u00e9 choisi comme coordinateur g\u00e9n\u00e9ral, peu apr\u00e8s son retour \u00e0 Bangui ; r\u00f4le pr\u00e9sum\u00e9 de M. Yekatom dans les Anti-Balaka, y compris en tant que ComZone de Mba\u00efki, avec un contr\u00f4le des zones de Bimbo et Lobaye, et en tant que chef pr\u00e9sum\u00e9 de l\u2019\u00e9cole Yamwara ; all\u00e9gations de prise et meurtre d\u2019otages par Yekatom \u00e0 l\u2019\u00e9cole Yamwara, entre autres questions.<\/p>\n<p>Rappelons que Patrice \u00c9douard Nga\u00efssona et Alfred Yekatom sont poursuivis devant la cour p\u00e9nale internationale pour crimes contre l\u2019humanit\u00e9 et crimes de guerre commis en 2013 et 2014. La pr\u00e9sentation des \u00e9l\u00e9ments des preuves et des t\u00e9moins de l\u2019accusation a d\u00e9but\u00e9 le 15 mars devant les juges. Cette phase du proc\u00e8s pourrait prendre des mois, selon la Cour p\u00e9nale internationale .<\/p>\n<p><b>\u00a0<\/b><\/p>\n","protected":false},"excerpt":{"rendered":"<p>Africa-Press &#8211; CentrAfricaine.\u00a0 Le proc\u00e8s de Patrice-Edouard Nga\u00efssona et Alfred Yekatom pour crimes de guerre et crimes contre l\u2019humanit\u00e9 se poursuit devant la cour p\u00e9nale internationale (CPI). L\u2019audience de ce jeudi 15 juillet est consacr\u00e9e toujours \u00e0 la d\u00e9position du quinzi\u00e8me t\u00e9moin pr\u00e9sent\u00e9 par l\u2019accusation. Selon le bureau de la Cour p\u00e9nale internationale \u00e0 Bangui, [&hellip;]<\/p>\n","protected":false},"author":82,"featured_media":8902,"comment_status":"open","ping_status":"closed","sticky":false,"template":"","format":"standard","meta":{"footnotes":""},"categories":[11,2,10],"tags":[36,58,30],"class_list":["post-8903","post","type-post","status-publish","format-standard","has-post-thumbnail","hentry","category-homepage-french","category-politique","category-toutes-les-actualites","tag-africa-press","tag-africa-press-centrafricaine","tag-centrafricaine"],"yoast_head":"<!-- This site is optimized with the Yoast SEO Premium plugin v26.1 (Yoast SEO v27.0) - https:\/\/yoast.com\/product\/yoast-seo-premium-wordpress\/ -->\n<title>le proc\u00e8s de Patrice \u00c9douard Nga\u00efssona et Alfred Yekatom se poursuit devant la CPI avec l\u2019audition du quinzi\u00e8me t\u00e9moin pr\u00e9sent\u00e9 par l\u2019accusation - centrafricaine<\/title>\n<meta name=\"description\" content=\"Bangui, R\u00e9publique centrafricaine, vendredi, 16 juillet 2021, 03:26:25 ( Corbeaunews-Centrafrique ). Le proc\u00e8s d ...\" \/>\n<meta name=\"robots\" content=\"index, follow, max-snippet:-1, max-image-preview:large, max-video-preview:-1\" \/>\n<link rel=\"canonical\" href=\"https:\/\/www.africa-press.net\/centrafricaine\/politique\/rca-le-proces-de-patrice-edouard-ngaissona-et-alfred-yekatom-se-poursuit-devant-la-cpi-avec-laudition-du-quinzieme-temoin-presente-par-laccusation\" \/>\n<meta property=\"og:locale\" content=\"fr_FR\" \/>\n<meta property=\"og:type\" content=\"article\" \/>\n<meta property=\"og:title\" content=\"le proc\u00e8s de Patrice \u00c9douard Nga\u00efssona et Alfred Yekatom se poursuit devant la CPI avec l\u2019audition du quinzi\u00e8me t\u00e9moin pr\u00e9sent\u00e9 par l\u2019accusation\" \/>\n<meta property=\"og:description\" content=\"Bangui, R\u00e9publique centrafricaine, vendredi, 16 juillet 2021, 03:26:25 ( Corbeaunews-Centrafrique ). Le proc\u00e8s d ...\" \/>\n<meta property=\"og:url\" content=\"https:\/\/www.africa-press.net\/centrafricaine\/politique\/rca-le-proces-de-patrice-edouard-ngaissona-et-alfred-yekatom-se-poursuit-devant-la-cpi-avec-laudition-du-quinzieme-temoin-presente-par-laccusation\" \/>\n<meta property=\"og:site_name\" content=\"centrafricaine\" \/>\n<meta property=\"article:published_time\" content=\"2021-07-16T12:02:39+00:00\" \/>\n<meta property=\"article:modified_time\" content=\"2021-07-16T20:45:55+00:00\" \/>\n<meta property=\"og:image\" content=\"https:\/\/static.africa-press.net\/centrafricaine\/sites\/45\/2021\/07\/img-60f16aece0c64.jpg\" \/>\n\t<meta property=\"og:image:width\" content=\"1000\" \/>\n\t<meta property=\"og:image:height\" content=\"666\" \/>\n\t<meta property=\"og:image:type\" content=\"image\/jpeg\" \/>\n<meta name=\"author\" content=\"cfeditorfr\" \/>\n<meta name=\"twitter:card\" content=\"summary_large_image\" \/>\n<meta name=\"twitter:label1\" content=\"\u00c9crit par\" \/>\n\t<meta name=\"twitter:data1\" content=\"cfeditorfr\" \/>\n\t<meta name=\"twitter:label2\" content=\"Dur\u00e9e de lecture estim\u00e9e\" \/>\n\t<meta name=\"twitter:data2\" content=\"1 minute\" \/>\n<script type=\"application\/ld+json\" class=\"yoast-schema-graph\">{\"@context\":\"https:\/\/schema.org\",\"@graph\":[{\"@type\":\"Article\",\"@id\":\"https:\/\/www.africa-press.net\/centrafricaine\/politique\/rca-le-proces-de-patrice-edouard-ngaissona-et-alfred-yekatom-se-poursuit-devant-la-cpi-avec-laudition-du-quinzieme-temoin-presente-par-laccusation#article\",\"isPartOf\":{\"@id\":\"https:\/\/www.africa-press.net\/centrafricaine\/politique\/rca-le-proces-de-patrice-edouard-ngaissona-et-alfred-yekatom-se-poursuit-devant-la-cpi-avec-laudition-du-quinzieme-temoin-presente-par-laccusation\"},\"author\":{\"name\":\"cfeditorfr\",\"@id\":\"https:\/\/www.africa-press.net\/centrafricaine\/#\/schema\/person\/2b1cf3cd81a31e3cd26889ca66d677f1\"},\"headline\":\"le proc\u00e8s de Patrice \u00c9douard Nga\u00efssona et Alfred Yekatom se poursuit devant la CPI avec l\u2019audition du quinzi\u00e8me t\u00e9moin pr\u00e9sent\u00e9 par l\u2019accusation\",\"datePublished\":\"2021-07-16T12:02:39+00:00\",\"dateModified\":\"2021-07-16T20:45:55+00:00\",\"mainEntityOfPage\":{\"@id\":\"https:\/\/www.africa-press.net\/centrafricaine\/politique\/rca-le-proces-de-patrice-edouard-ngaissona-et-alfred-yekatom-se-poursuit-devant-la-cpi-avec-laudition-du-quinzieme-temoin-presente-par-laccusation\"},\"wordCount\":283,\"commentCount\":0,\"image\":{\"@id\":\"https:\/\/www.africa-press.net\/centrafricaine\/politique\/rca-le-proces-de-patrice-edouard-ngaissona-et-alfred-yekatom-se-poursuit-devant-la-cpi-avec-laudition-du-quinzieme-temoin-presente-par-laccusation#primaryimage\"},\"thumbnailUrl\":\"https:\/\/static.africa-press.net\/centrafricaine\/sites\/45\/2021\/07\/img-60f16aece0c64.jpg\",\"keywords\":[\"Africa Press\",\"Africa Press-CentrAfricaine\",\"CentrAfricaine\"],\"articleSection\":[\"homepage-french\",\"Politique\",\"Toutes les actualit\u00e9s\"],\"inLanguage\":\"fr-FR\",\"potentialAction\":[{\"@type\":\"CommentAction\",\"name\":\"Comment\",\"target\":[\"https:\/\/www.africa-press.net\/centrafricaine\/politique\/rca-le-proces-de-patrice-edouard-ngaissona-et-alfred-yekatom-se-poursuit-devant-la-cpi-avec-laudition-du-quinzieme-temoin-presente-par-laccusation#respond\"]}]},{\"@type\":\"WebPage\",\"@id\":\"https:\/\/www.africa-press.net\/centrafricaine\/politique\/rca-le-proces-de-patrice-edouard-ngaissona-et-alfred-yekatom-se-poursuit-devant-la-cpi-avec-laudition-du-quinzieme-temoin-presente-par-laccusation\",\"url\":\"https:\/\/www.africa-press.net\/centrafricaine\/politique\/rca-le-proces-de-patrice-edouard-ngaissona-et-alfred-yekatom-se-poursuit-devant-la-cpi-avec-laudition-du-quinzieme-temoin-presente-par-laccusation\",\"name\":\"le proc\u00e8s de Patrice \u00c9douard Nga\u00efssona et Alfred Yekatom se poursuit devant la CPI avec l\u2019audition du quinzi\u00e8me t\u00e9moin pr\u00e9sent\u00e9 par l\u2019accusation - centrafricaine\",\"isPartOf\":{\"@id\":\"https:\/\/www.africa-press.net\/centrafricaine\/#website\"},\"primaryImageOfPage\":{\"@id\":\"https:\/\/www.africa-press.net\/centrafricaine\/politique\/rca-le-proces-de-patrice-edouard-ngaissona-et-alfred-yekatom-se-poursuit-devant-la-cpi-avec-laudition-du-quinzieme-temoin-presente-par-laccusation#primaryimage\"},\"image\":{\"@id\":\"https:\/\/www.africa-press.net\/centrafricaine\/politique\/rca-le-proces-de-patrice-edouard-ngaissona-et-alfred-yekatom-se-poursuit-devant-la-cpi-avec-laudition-du-quinzieme-temoin-presente-par-laccusation#primaryimage\"},\"thumbnailUrl\":\"https:\/\/static.africa-press.net\/centrafricaine\/sites\/45\/2021\/07\/img-60f16aece0c64.jpg\",\"datePublished\":\"2021-07-16T12:02:39+00:00\",\"dateModified\":\"2021-07-16T20:45:55+00:00\",\"author\":{\"@id\":\"https:\/\/www.africa-press.net\/centrafricaine\/#\/schema\/person\/2b1cf3cd81a31e3cd26889ca66d677f1\"},\"description\":\"Bangui, R\u00e9publique centrafricaine, vendredi, 16 juillet 2021, 03:26:25 ( Corbeaunews-Centrafrique ). Le proc\u00e8s d ...\",\"breadcrumb\":{\"@id\":\"https:\/\/www.africa-press.net\/centrafricaine\/politique\/rca-le-proces-de-patrice-edouard-ngaissona-et-alfred-yekatom-se-poursuit-devant-la-cpi-avec-laudition-du-quinzieme-temoin-presente-par-laccusation#breadcrumb\"},\"inLanguage\":\"fr-FR\",\"potentialAction\":[{\"@type\":\"ReadAction\",\"target\":[\"https:\/\/www.africa-press.net\/centrafricaine\/politique\/rca-le-proces-de-patrice-edouard-ngaissona-et-alfred-yekatom-se-poursuit-devant-la-cpi-avec-laudition-du-quinzieme-temoin-presente-par-laccusation\"]}]},{\"@type\":\"ImageObject\",\"inLanguage\":\"fr-FR\",\"@id\":\"https:\/\/www.africa-press.net\/centrafricaine\/politique\/rca-le-proces-de-patrice-edouard-ngaissona-et-alfred-yekatom-se-poursuit-devant-la-cpi-avec-laudition-du-quinzieme-temoin-presente-par-laccusation#primaryimage\",\"url\":\"https:\/\/static.africa-press.net\/centrafricaine\/sites\/45\/2021\/07\/img-60f16aece0c64.jpg\",\"contentUrl\":\"https:\/\/static.africa-press.net\/centrafricaine\/sites\/45\/2021\/07\/img-60f16aece0c64.jpg\",\"width\":1000,\"height\":666,\"caption\":\"RCA\u00a0: le proc\u00e8s de Patrice \u00c9douard Nga\u00efssona et Alfred Yekatom se poursuit devant la CPI avec l\u2019audition du quinzi\u00e8me t\u00e9moin pr\u00e9sent\u00e9 par l\u2019accusation\"},{\"@type\":\"BreadcrumbList\",\"@id\":\"https:\/\/www.africa-press.net\/centrafricaine\/politique\/rca-le-proces-de-patrice-edouard-ngaissona-et-alfred-yekatom-se-poursuit-devant-la-cpi-avec-laudition-du-quinzieme-temoin-presente-par-laccusation#breadcrumb\",\"itemListElement\":[{\"@type\":\"ListItem\",\"position\":1,\"name\":\"Accueil\",\"item\":\"https:\/\/www.africa-press.net\/centrafricaine\/\"},{\"@type\":\"ListItem\",\"position\":2,\"name\":\"le proc\u00e8s de Patrice \u00c9douard Nga\u00efssona et Alfred Yekatom se poursuit devant la CPI avec l\u2019audition du quinzi\u00e8me t\u00e9moin pr\u00e9sent\u00e9 par l\u2019accusation\"}]},{\"@type\":\"WebSite\",\"@id\":\"https:\/\/www.africa-press.net\/centrafricaine\/#website\",\"url\":\"https:\/\/www.africa-press.net\/centrafricaine\/\",\"name\":\"centrafricaine\",\"description\":\"Just another Africa News Agency Sites site\",\"potentialAction\":[{\"@type\":\"SearchAction\",\"target\":{\"@type\":\"EntryPoint\",\"urlTemplate\":\"https:\/\/www.africa-press.net\/centrafricaine\/?s={search_term_string}\"},\"query-input\":{\"@type\":\"PropertyValueSpecification\",\"valueRequired\":true,\"valueName\":\"search_term_string\"}}],\"inLanguage\":\"fr-FR\"},{\"@type\":\"Person\",\"@id\":\"https:\/\/www.africa-press.net\/centrafricaine\/#\/schema\/person\/2b1cf3cd81a31e3cd26889ca66d677f1\",\"name\":\"cfeditorfr\"}]}<\/script>\n<!-- \/ Yoast SEO Premium plugin. -->","yoast_head_json":{"title":"le proc\u00e8s de Patrice \u00c9douard Nga\u00efssona et Alfred Yekatom se poursuit devant la CPI avec l\u2019audition du quinzi\u00e8me t\u00e9moin pr\u00e9sent\u00e9 par l\u2019accusation - centrafricaine","description":"Bangui, R\u00e9publique centrafricaine, vendredi, 16 juillet 2021, 03:26:25 ( Corbeaunews-Centrafrique ). Le proc\u00e8s d ...","robots":{"index":"index","follow":"follow","max-snippet":"max-snippet:-1","max-image-preview":"max-image-preview:large","max-video-preview":"max-video-preview:-1"},"canonical":"https:\/\/www.africa-press.net\/centrafricaine\/politique\/rca-le-proces-de-patrice-edouard-ngaissona-et-alfred-yekatom-se-poursuit-devant-la-cpi-avec-laudition-du-quinzieme-temoin-presente-par-laccusation","og_locale":"fr_FR","og_type":"article","og_title":"le proc\u00e8s de Patrice \u00c9douard Nga\u00efssona et Alfred Yekatom se poursuit devant la CPI avec l\u2019audition du quinzi\u00e8me t\u00e9moin pr\u00e9sent\u00e9 par l\u2019accusation","og_description":"Bangui, R\u00e9publique centrafricaine, vendredi, 16 juillet 2021, 03:26:25 ( Corbeaunews-Centrafrique ). Le proc\u00e8s d ...","og_url":"https:\/\/www.africa-press.net\/centrafricaine\/politique\/rca-le-proces-de-patrice-edouard-ngaissona-et-alfred-yekatom-se-poursuit-devant-la-cpi-avec-laudition-du-quinzieme-temoin-presente-par-laccusation","og_site_name":"centrafricaine","article_published_time":"2021-07-16T12:02:39+00:00","article_modified_time":"2021-07-16T20:45:55+00:00","og_image":[{"width":1000,"height":666,"url":"https:\/\/static.africa-press.net\/centrafricaine\/sites\/45\/2021\/07\/img-60f16aece0c64.jpg","type":"image\/jpeg"}],"author":"cfeditorfr","twitter_card":"summary_large_image","twitter_misc":{"\u00c9crit par":"cfeditorfr","Dur\u00e9e de lecture estim\u00e9e":"1 minute"},"schema":{"@context":"https:\/\/schema.org","@graph":[{"@type":"Article","@id":"https:\/\/www.africa-press.net\/centrafricaine\/politique\/rca-le-proces-de-patrice-edouard-ngaissona-et-alfred-yekatom-se-poursuit-devant-la-cpi-avec-laudition-du-quinzieme-temoin-presente-par-laccusation#article","isPartOf":{"@id":"https:\/\/www.africa-press.net\/centrafricaine\/politique\/rca-le-proces-de-patrice-edouard-ngaissona-et-alfred-yekatom-se-poursuit-devant-la-cpi-avec-laudition-du-quinzieme-temoin-presente-par-laccusation"},"author":{"name":"cfeditorfr","@id":"https:\/\/www.africa-press.net\/centrafricaine\/#\/schema\/person\/2b1cf3cd81a31e3cd26889ca66d677f1"},"headline":"le proc\u00e8s de Patrice \u00c9douard Nga\u00efssona et Alfred Yekatom se poursuit devant la CPI avec l\u2019audition du quinzi\u00e8me t\u00e9moin pr\u00e9sent\u00e9 par l\u2019accusation","datePublished":"2021-07-16T12:02:39+00:00","dateModified":"2021-07-16T20:45:55+00:00","mainEntityOfPage":{"@id":"https:\/\/www.africa-press.net\/centrafricaine\/politique\/rca-le-proces-de-patrice-edouard-ngaissona-et-alfred-yekatom-se-poursuit-devant-la-cpi-avec-laudition-du-quinzieme-temoin-presente-par-laccusation"},"wordCount":283,"commentCount":0,"image":{"@id":"https:\/\/www.africa-press.net\/centrafricaine\/politique\/rca-le-proces-de-patrice-edouard-ngaissona-et-alfred-yekatom-se-poursuit-devant-la-cpi-avec-laudition-du-quinzieme-temoin-presente-par-laccusation#primaryimage"},"thumbnailUrl":"https:\/\/static.africa-press.net\/centrafricaine\/sites\/45\/2021\/07\/img-60f16aece0c64.jpg","keywords":["Africa Press","Africa Press-CentrAfricaine","CentrAfricaine"],"articleSection":["homepage-french","Politique","Toutes les actualit\u00e9s"],"inLanguage":"fr-FR","potentialAction":[{"@type":"CommentAction","name":"Comment","target":["https:\/\/www.africa-press.net\/centrafricaine\/politique\/rca-le-proces-de-patrice-edouard-ngaissona-et-alfred-yekatom-se-poursuit-devant-la-cpi-avec-laudition-du-quinzieme-temoin-presente-par-laccusation#respond"]}]},{"@type":"WebPage","@id":"https:\/\/www.africa-press.net\/centrafricaine\/politique\/rca-le-proces-de-patrice-edouard-ngaissona-et-alfred-yekatom-se-poursuit-devant-la-cpi-avec-laudition-du-quinzieme-temoin-presente-par-laccusation","url":"https:\/\/www.africa-press.net\/centrafricaine\/politique\/rca-le-proces-de-patrice-edouard-ngaissona-et-alfred-yekatom-se-poursuit-devant-la-cpi-avec-laudition-du-quinzieme-temoin-presente-par-laccusation","name":"le proc\u00e8s de Patrice \u00c9douard Nga\u00efssona et Alfred Yekatom se poursuit devant la CPI avec l\u2019audition du quinzi\u00e8me t\u00e9moin pr\u00e9sent\u00e9 par l\u2019accusation - centrafricaine","isPartOf":{"@id":"https:\/\/www.africa-press.net\/centrafricaine\/#website"},"primaryImageOfPage":{"@id":"https:\/\/www.africa-press.net\/centrafricaine\/politique\/rca-le-proces-de-patrice-edouard-ngaissona-et-alfred-yekatom-se-poursuit-devant-la-cpi-avec-laudition-du-quinzieme-temoin-presente-par-laccusation#primaryimage"},"image":{"@id":"https:\/\/www.africa-press.net\/centrafricaine\/politique\/rca-le-proces-de-patrice-edouard-ngaissona-et-alfred-yekatom-se-poursuit-devant-la-cpi-avec-laudition-du-quinzieme-temoin-presente-par-laccusation#primaryimage"},"thumbnailUrl":"https:\/\/static.africa-press.net\/centrafricaine\/sites\/45\/2021\/07\/img-60f16aece0c64.jpg","datePublished":"2021-07-16T12:02:39+00:00","dateModified":"2021-07-16T20:45:55+00:00","author":{"@id":"https:\/\/www.africa-press.net\/centrafricaine\/#\/schema\/person\/2b1cf3cd81a31e3cd26889ca66d677f1"},"description":"Bangui, R\u00e9publique centrafricaine, vendredi, 16 juillet 2021, 03:26:25 ( Corbeaunews-Centrafrique ). Le proc\u00e8s d ...","breadcrumb":{"@id":"https:\/\/www.africa-press.net\/centrafricaine\/politique\/rca-le-proces-de-patrice-edouard-ngaissona-et-alfred-yekatom-se-poursuit-devant-la-cpi-avec-laudition-du-quinzieme-temoin-presente-par-laccusation#breadcrumb"},"inLanguage":"fr-FR","potentialAction":[{"@type":"ReadAction","target":["https:\/\/www.africa-press.net\/centrafricaine\/politique\/rca-le-proces-de-patrice-edouard-ngaissona-et-alfred-yekatom-se-poursuit-devant-la-cpi-avec-laudition-du-quinzieme-temoin-presente-par-laccusation"]}]},{"@type":"ImageObject","inLanguage":"fr-FR","@id":"https:\/\/www.africa-press.net\/centrafricaine\/politique\/rca-le-proces-de-patrice-edouard-ngaissona-et-alfred-yekatom-se-poursuit-devant-la-cpi-avec-laudition-du-quinzieme-temoin-presente-par-laccusation#primaryimage","url":"https:\/\/static.africa-press.net\/centrafricaine\/sites\/45\/2021\/07\/img-60f16aece0c64.jpg","contentUrl":"https:\/\/static.africa-press.net\/centrafricaine\/sites\/45\/2021\/07\/img-60f16aece0c64.jpg","width":1000,"height":666,"caption":"RCA\u00a0: le proc\u00e8s de Patrice \u00c9douard Nga\u00efssona et Alfred Yekatom se poursuit devant la CPI avec l\u2019audition du quinzi\u00e8me t\u00e9moin pr\u00e9sent\u00e9 par l\u2019accusation"},{"@type":"BreadcrumbList","@id":"https:\/\/www.africa-press.net\/centrafricaine\/politique\/rca-le-proces-de-patrice-edouard-ngaissona-et-alfred-yekatom-se-poursuit-devant-la-cpi-avec-laudition-du-quinzieme-temoin-presente-par-laccusation#breadcrumb","itemListElement":[{"@type":"ListItem","position":1,"name":"Accueil","item":"https:\/\/www.africa-press.net\/centrafricaine\/"},{"@type":"ListItem","position":2,"name":"le proc\u00e8s de Patrice \u00c9douard Nga\u00efssona et Alfred Yekatom se poursuit devant la CPI avec l\u2019audition du quinzi\u00e8me t\u00e9moin pr\u00e9sent\u00e9 par l\u2019accusation"}]},{"@type":"WebSite","@id":"https:\/\/www.africa-press.net\/centrafricaine\/#website","url":"https:\/\/www.africa-press.net\/centrafricaine\/","name":"centrafricaine","description":"Just another Africa News Agency Sites site","potentialAction":[{"@type":"SearchAction","target":{"@type":"EntryPoint","urlTemplate":"https:\/\/www.africa-press.net\/centrafricaine\/?s={search_term_string}"},"query-input":{"@type":"PropertyValueSpecification","valueRequired":true,"valueName":"search_term_string"}}],"inLanguage":"fr-FR"},{"@type":"Person","@id":"https:\/\/www.africa-press.net\/centrafricaine\/#\/schema\/person\/2b1cf3cd81a31e3cd26889ca66d677f1","name":"cfeditorfr"}]}},"_links":{"self":[{"href":"https:\/\/www.africa-press.net\/centrafricaine\/wp-json\/wp\/v2\/posts\/8903","targetHints":{"allow":["GET"]}}],"collection":[{"href":"https:\/\/www.africa-press.net\/centrafricaine\/wp-json\/wp\/v2\/posts"}],"about":[{"href":"https:\/\/www.africa-press.net\/centrafricaine\/wp-json\/wp\/v2\/types\/post"}],"author":[{"embeddable":true,"href":"https:\/\/www.africa-press.net\/centrafricaine\/wp-json\/wp\/v2\/users\/82"}],"replies":[{"embeddable":true,"href":"https:\/\/www.africa-press.net\/centrafricaine\/wp-json\/wp\/v2\/comments?post=8903"}],"version-history":[{"count":0,"href":"https:\/\/www.africa-press.net\/centrafricaine\/wp-json\/wp\/v2\/posts\/8903\/revisions"}],"wp:featuredmedia":[{"embeddable":true,"href":"https:\/\/www.africa-press.net\/centrafricaine\/wp-json\/wp\/v2\/media\/8902"}],"wp:attachment":[{"href":"https:\/\/www.africa-press.net\/centrafricaine\/wp-json\/wp\/v2\/media?parent=8903"}],"wp:term":[{"taxonomy":"category","embeddable":true,"href":"https:\/\/www.africa-press.net\/centrafricaine\/wp-json\/wp\/v2\/categories?post=8903"},{"taxonomy":"post_tag","embeddable":true,"href":"https:\/\/www.africa-press.net\/centrafricaine\/wp-json\/wp\/v2\/tags?post=8903"}],"curies":[{"name":"wp","href":"https:\/\/api.w.org\/{rel}","templated":true}]}}