{"id":8906,"date":"2021-07-16T12:12:55","date_gmt":"2021-07-16T12:12:55","guid":{"rendered":"https:\/\/www.africa-press.net\/centrafricaine\/?p=8906"},"modified":"2021-07-16T20:46:09","modified_gmt":"2021-07-16T20:46:09","slug":"le-grand-tour-de-la-justice-a-bangui-unissant-ceux-qui-soutiennent-letat-de-droit-sous-le-drapeau-de-la-justice-en-republique-centrafricaine","status":"publish","type":"post","link":"https:\/\/www.africa-press.net\/centrafricaine\/politique\/le-grand-tour-de-la-justice-a-bangui-unissant-ceux-qui-soutiennent-letat-de-droit-sous-le-drapeau-de-la-justice-en-republique-centrafricaine","title":{"rendered":"\u201dLe Grand Tour de la Justice \u00e0 Bangui\u201d, unissant ceux qui soutiennent l\u2019\u00c9tat de droit sous le drapeau de la justice en R\u00e9publique Centrafricaine"},"content":{"rendered":"<p><span style=\"color: #ff6600\"><strong><a href=\"https:\/\/www.africa-press.net\/\">Africa-Press<\/a> &#8211; <a href=\"https:\/\/www.africa-press.net\/centrafricaine\">CentrAfricaine<\/a>. <\/strong><\/span>Le 17 juillet est un jour o\u00f9, \u00e0 travers le monde, toute l\u2019humanit\u00e9 s\u2019unit contre les pires crimes du monde: les crimes contre l\u2019humanit\u00e9, les crimes de guerre et le g\u00e9nocide.<\/p>\n<p>Pourquoi faisons-nous cela le 17 juillet? Car \u00e0 cette date, en 1998, des pays du monde entier, dont la R\u00e9publique Centrafricaine, se sont r\u00e9unis pour cr\u00e9er la premi\u00e8re cour p\u00e9nale permanente au monde. Cette cour s\u2019appelle la Cour P\u00e9nale Internationale (CPI).<\/p>\n<p>La R\u00e9publique Centrafricaine \u00e9tait un pays membre fondateur de la CPI. Mais la R\u00e9publique Centrafricaine et la CPI ne sont pas seules \u00e0 lutter contre l\u2019impunit\u00e9. La c\u00e9l\u00e9bration de cette ann\u00e9e de la Journ\u00e9e de la Justice P\u00e9nale Internationale reconna\u00eet l\u2019importance vitale que jouent tous les membres de la communaut\u00e9 de l\u2019\u00c9tat de droit. Ces acteurs se r\u00e9uniront, de mani\u00e8re unique, pour participer au premier \u00abGrand Tour de la Justice \u00e0 Bangui\u00bb.<\/p>\n<p>La CPI a toujours \u00e9t\u00e9 destin\u00e9e \u00e0 compl\u00e9ter, et non \u00e0 remplacer, les syst\u00e8mes judiciaires nationaux. En RCA, la CPI travaille aux c\u00f4t\u00e9s de nombreuses autres organisations dans la \u00abmaison de justice\u00bb. Bien que sous le m\u00eame toit et b\u00e2tie sur les m\u00eames fondements juridiques, chaque organisation, y compris la CPI, travaille dans sa propre chambre car, comme toutes les juridictions, la CPI est et doit \u00eatre per\u00e7ue comme ind\u00e9pendante.<\/p>\n<p><b>Qui occupe les autres chambres de la maison de justice<\/b><\/p>\n<p>?<\/p>\n<p>Enfin, d\u2019autres juridictions: les Tribunaux de Grande Instance, \u00e0 Bangui, Bambari et Bouar, et la Cour P\u00e9nale Sp\u00e9ciale (CPS). Mais aussi d\u2019autres \u00e9l\u00e9ments essentiels de la justice: la Police, les Gendarmes, l\u2019 Unit\u00e9 Mixte d\u2019Intervention Rapide et de R\u00e9pression des violences sexuelles (UMIRR), l\u2019Assembl\u00e9e Nationale -o\u00f9 sont faites les lois qui sous-tendent la justice-, le Barreau ind\u00e9pendant, et bien s\u00fbr, le Minist\u00e8re de la Justice.<\/p>\n<p>D\u2019autres occupants sont en dehors du syst\u00e8me de justice directe, mais occupent toujours une chambre dans la maison de justice. Leur soutien \u00e0 la justice est vital. Il s\u2019agit notamment de: des bailleurs de fonds, tels que l\u2019Union Europ\u00e9enne et la France; ceux qui fournissent une assistance technique, tels que le PNUD, la MINUSCA, l\u2019American Bar Association; les m\u00e9dias, qui diffusent des informations sur le processus judiciaire \u00e0 la soci\u00e9t\u00e9 civile; Les ONGs, telles que COOPI, qui mettent en \u0153uvre les programmes d\u2019assistance du Fonds au Profit des Victimes de la CPI; la soci\u00e9t\u00e9 civile elle-m\u00eame, souvent repr\u00e9sent\u00e9e par des organisations telles que l\u2019Association des Victimes des Ev\u00e8nements de 2012-2014 (AVED) et le Collectif des Jeunes pour l\u2019\u00c9ducation et le D\u00e9veloppement (CJED), des victimes et des plateformes religieuses.<\/p>\n<p><b>Toutes ces organisations, et plus encore, jouent un r\u00f4le vital dans l\u2019environnement judiciaire de la RCA<\/b><\/p>\n<p>&nbsp;<\/p>\n<p>En cette ann\u00e9e olympique 2021, le tout premier Grand Tour de la Justice \u00e0 Bangui, remplace la torche olympique par la balance embl\u00e9matique de la justice \u2013 telle qu\u2019elle est repr\u00e9sent\u00e9e sur le drapeau international de la justice. Le drapeau sera port\u00e9 d\u2019une institution judiciaire \u00e0 une autre, symbolisant le chemin vers la responsabilit\u00e9 et la fin de l\u2019impunit\u00e9.<\/p>\n<p>A l\u2019image des athl\u00e8tes centrafricains qui porteront le drapeau, les institutions judiciaires doivent \u00eatre fortes et fiables. Au fur et \u00e0 mesure que les athl\u00e8tes s\u2019entra\u00eenent et concourent, ils deviennent plus forts. Il en va de m\u00eame pour les acteurs de l\u2019\u00c9tat de droit. Les avantages d\u2019une communaut\u00e9 forte et de l\u2019\u00c9tat de droit sont clairs. L\u2019Objectif de D\u00e9veloppement Durable 16 des Nations Unies reconna\u00eet que le renforcement de l\u2019\u00c9tat de droit et la promotion des droits de l\u2019homme r\u00e9duisent toutes les formes de violence et aident \u00e0 trouver des solutions durables aux conflits et \u00e0 l\u2019ins\u00e9curit\u00e9. Car en effet, comme l\u2019a dit le p\u00e8re de RCA, l\u2019ancien Pr\u00e9sident Boganda, \u201cil n\u2019y a pas de paix sans justice, et pas de justice sans d\u00e9veloppement\u201d. Comme le pr\u00e9sident Touad\u00e9ra l\u2019a proclam\u00e9 dans son discours d\u2019investiture en mars 2021, \u201cla justice et l\u2019\u00c9tat de droit sont l\u2019\u00e9pine dorsale sur laquelle tout le reste repose\u201d.<\/p>\n<p><b>Comment fonctionnera \u00abLe Grand Tour de la Justice \u00e0 Bangui\u00bb? Regardons de plus pr\u00e8s.<\/b><\/p>\n<p>Le relais du drapeau de la justice, et le parcours qu\u2019il suivra, ne pourrait \u00eatre plus symbolique. Le drapeau quitte l\u2019Assembl\u00e9e nationale o\u00f9 les lois sont faites. Il sera transmis \u00e0 la CPI, de la m\u00eame mani\u00e8re que la RCA a demand\u00e9 \u00e0 la CPI d\u2019ouvrir des enqu\u00eates sur les \u00e9v\u00e9nements qui se sont d\u00e9roul\u00e9s ici en 2002 et 2013\/14. Port\u00e9 par un athl\u00e8te centrafricain, signifiant les r\u00f4les f\u00e9d\u00e9rateurs du sport et le d\u00e9sir de la jeunesse centrafricaine d\u2019un monde plus juste, il porte le drapeau \u00e0 la radio Ndeke Luka. Cela symbolise l\u2019importance que jouent les m\u00e9dias dans la fourniture d\u2019informations sur le syst\u00e8me judiciaire \u00e0 la population -et \u00e0 travers cette information, leur permettant d\u2019acc\u00e9der \u00e0 la justice. Par la suite, le drapeau sera port\u00e9 aux organisations de d\u00e9veloppement telles que le PNUD et l\u2019American Bar Association; aux acteurs de la soci\u00e9t\u00e9 civile tels que l\u2019AVED et la CJED; aux donateurs internationaux, dont l\u2019UE, et l\u2019Ambassade de France, et, bien s\u00fbr, la Police, la Gendarmerie, l\u2019UMIRR et les tribunaux.<\/p>\n<p>Un repr\u00e9sentant de chaque organisation signera le drapeau, soulignant son soutien \u00e0 la justice. Et enfin, le drapeau sera pr\u00e9sent\u00e9 conjointement par la CPI et la CPS au Ministre de la Justice \u2013 symbolisant le r\u00f4le central et de premier plan que l\u2019\u00c9tat joue dans la justice pour le peuple de la R\u00e9publique Centrafricaine.<\/p>\n<p>L\u2019itin\u00e9raire que suivra le drapeau le 17 juillet est montr\u00e9 sur la carte ci-dessous:<\/p>\n<p>Si vous voyez le relais du drapeau de la justice lors de son passage \u00e0 Bangui, n\u2019h\u00e9sitez pas \u00e0 manifester votre soutien \u00e0 la lutte contre l\u2019impunit\u00e9 en applaudissant et klaxonnant!<\/p>\n<p><b>\u00a0<\/b><\/p>\n","protected":false},"excerpt":{"rendered":"<p>Africa-Press &#8211; CentrAfricaine. Le 17 juillet est un jour o\u00f9, \u00e0 travers le monde, toute l\u2019humanit\u00e9 s\u2019unit contre les pires crimes du monde: les crimes contre l\u2019humanit\u00e9, les crimes de guerre et le g\u00e9nocide. Pourquoi faisons-nous cela le 17 juillet? Car \u00e0 cette date, en 1998, des pays du monde entier, dont la R\u00e9publique Centrafricaine, [&hellip;]<\/p>\n","protected":false},"author":82,"featured_media":8905,"comment_status":"open","ping_status":"closed","sticky":false,"template":"","format":"standard","meta":{"footnotes":""},"categories":[11,2,10],"tags":[36,58,30],"class_list":["post-8906","post","type-post","status-publish","format-standard","has-post-thumbnail","hentry","category-homepage-french","category-politique","category-toutes-les-actualites","tag-africa-press","tag-africa-press-centrafricaine","tag-centrafricaine"],"yoast_head":"<!-- This site is optimized with the Yoast SEO Premium plugin v26.1 (Yoast SEO v27.0) - https:\/\/yoast.com\/product\/yoast-seo-premium-wordpress\/ -->\n<title>\u201dLe Grand Tour de la Justice \u00e0 Bangui\u201d, unissant ceux qui soutiennent l\u2019\u00c9tat de droit sous le drapeau de la justice en R\u00e9publique Centrafricaine - centrafricaine<\/title>\n<meta name=\"description\" content=\"Le 17 juillet est un jour o\u00f9, \u00e0 travers le monde, toute l\u2019humanit\u00e9 s\u2019unit contre les pires crimes du monde: les crimes c ...\" \/>\n<meta name=\"robots\" content=\"index, follow, max-snippet:-1, max-image-preview:large, max-video-preview:-1\" \/>\n<link rel=\"canonical\" href=\"https:\/\/www.africa-press.net\/centrafricaine\/politique\/le-grand-tour-de-la-justice-a-bangui-unissant-ceux-qui-soutiennent-letat-de-droit-sous-le-drapeau-de-la-justice-en-republique-centrafricaine\" \/>\n<meta property=\"og:locale\" content=\"fr_FR\" \/>\n<meta property=\"og:type\" content=\"article\" \/>\n<meta property=\"og:title\" content=\"\u201dLe Grand Tour de la Justice \u00e0 Bangui\u201d, unissant ceux qui soutiennent l\u2019\u00c9tat de droit sous le drapeau de la justice en R\u00e9publique Centrafricaine\" \/>\n<meta property=\"og:description\" content=\"Le 17 juillet est un jour o\u00f9, \u00e0 travers le monde, toute l\u2019humanit\u00e9 s\u2019unit contre les pires crimes du monde: les crimes c ...\" \/>\n<meta property=\"og:url\" content=\"https:\/\/www.africa-press.net\/centrafricaine\/politique\/le-grand-tour-de-la-justice-a-bangui-unissant-ceux-qui-soutiennent-letat-de-droit-sous-le-drapeau-de-la-justice-en-republique-centrafricaine\" \/>\n<meta property=\"og:site_name\" content=\"centrafricaine\" \/>\n<meta property=\"article:published_time\" content=\"2021-07-16T12:12:55+00:00\" \/>\n<meta property=\"article:modified_time\" content=\"2021-07-16T20:46:09+00:00\" \/>\n<meta property=\"og:image\" content=\"https:\/\/static.africa-press.net\/centrafricaine\/sites\/45\/2021\/07\/img-60f16b4f8eaa4.jpg\" \/>\n\t<meta property=\"og:image:width\" content=\"720\" \/>\n\t<meta property=\"og:image:height\" content=\"480\" \/>\n\t<meta property=\"og:image:type\" content=\"image\/jpeg\" \/>\n<meta name=\"author\" content=\"cfeditorfr\" \/>\n<meta name=\"twitter:card\" content=\"summary_large_image\" \/>\n<meta name=\"twitter:label1\" content=\"\u00c9crit par\" \/>\n\t<meta name=\"twitter:data1\" content=\"cfeditorfr\" \/>\n\t<meta name=\"twitter:label2\" content=\"Dur\u00e9e de lecture estim\u00e9e\" \/>\n\t<meta name=\"twitter:data2\" content=\"5 minutes\" \/>\n<script type=\"application\/ld+json\" class=\"yoast-schema-graph\">{\"@context\":\"https:\/\/schema.org\",\"@graph\":[{\"@type\":\"Article\",\"@id\":\"https:\/\/www.africa-press.net\/centrafricaine\/politique\/le-grand-tour-de-la-justice-a-bangui-unissant-ceux-qui-soutiennent-letat-de-droit-sous-le-drapeau-de-la-justice-en-republique-centrafricaine#article\",\"isPartOf\":{\"@id\":\"https:\/\/www.africa-press.net\/centrafricaine\/politique\/le-grand-tour-de-la-justice-a-bangui-unissant-ceux-qui-soutiennent-letat-de-droit-sous-le-drapeau-de-la-justice-en-republique-centrafricaine\"},\"author\":{\"name\":\"cfeditorfr\",\"@id\":\"https:\/\/www.africa-press.net\/centrafricaine\/#\/schema\/person\/2b1cf3cd81a31e3cd26889ca66d677f1\"},\"headline\":\"\u201dLe Grand Tour de la Justice \u00e0 Bangui\u201d, unissant ceux qui soutiennent l\u2019\u00c9tat de droit sous le drapeau de la justice en R\u00e9publique Centrafricaine\",\"datePublished\":\"2021-07-16T12:12:55+00:00\",\"dateModified\":\"2021-07-16T20:46:09+00:00\",\"mainEntityOfPage\":{\"@id\":\"https:\/\/www.africa-press.net\/centrafricaine\/politique\/le-grand-tour-de-la-justice-a-bangui-unissant-ceux-qui-soutiennent-letat-de-droit-sous-le-drapeau-de-la-justice-en-republique-centrafricaine\"},\"wordCount\":1063,\"commentCount\":0,\"image\":{\"@id\":\"https:\/\/www.africa-press.net\/centrafricaine\/politique\/le-grand-tour-de-la-justice-a-bangui-unissant-ceux-qui-soutiennent-letat-de-droit-sous-le-drapeau-de-la-justice-en-republique-centrafricaine#primaryimage\"},\"thumbnailUrl\":\"https:\/\/static.africa-press.net\/centrafricaine\/sites\/45\/2021\/07\/img-60f16b4f8eaa4.jpg\",\"keywords\":[\"Africa Press\",\"Africa Press-CentrAfricaine\",\"CentrAfricaine\"],\"articleSection\":[\"homepage-french\",\"Politique\",\"Toutes les actualit\u00e9s\"],\"inLanguage\":\"fr-FR\",\"potentialAction\":[{\"@type\":\"CommentAction\",\"name\":\"Comment\",\"target\":[\"https:\/\/www.africa-press.net\/centrafricaine\/politique\/le-grand-tour-de-la-justice-a-bangui-unissant-ceux-qui-soutiennent-letat-de-droit-sous-le-drapeau-de-la-justice-en-republique-centrafricaine#respond\"]}]},{\"@type\":\"WebPage\",\"@id\":\"https:\/\/www.africa-press.net\/centrafricaine\/politique\/le-grand-tour-de-la-justice-a-bangui-unissant-ceux-qui-soutiennent-letat-de-droit-sous-le-drapeau-de-la-justice-en-republique-centrafricaine\",\"url\":\"https:\/\/www.africa-press.net\/centrafricaine\/politique\/le-grand-tour-de-la-justice-a-bangui-unissant-ceux-qui-soutiennent-letat-de-droit-sous-le-drapeau-de-la-justice-en-republique-centrafricaine\",\"name\":\"\u201dLe Grand Tour de la Justice \u00e0 Bangui\u201d, unissant ceux qui soutiennent l\u2019\u00c9tat de droit sous le drapeau de la justice en R\u00e9publique Centrafricaine - centrafricaine\",\"isPartOf\":{\"@id\":\"https:\/\/www.africa-press.net\/centrafricaine\/#website\"},\"primaryImageOfPage\":{\"@id\":\"https:\/\/www.africa-press.net\/centrafricaine\/politique\/le-grand-tour-de-la-justice-a-bangui-unissant-ceux-qui-soutiennent-letat-de-droit-sous-le-drapeau-de-la-justice-en-republique-centrafricaine#primaryimage\"},\"image\":{\"@id\":\"https:\/\/www.africa-press.net\/centrafricaine\/politique\/le-grand-tour-de-la-justice-a-bangui-unissant-ceux-qui-soutiennent-letat-de-droit-sous-le-drapeau-de-la-justice-en-republique-centrafricaine#primaryimage\"},\"thumbnailUrl\":\"https:\/\/static.africa-press.net\/centrafricaine\/sites\/45\/2021\/07\/img-60f16b4f8eaa4.jpg\",\"datePublished\":\"2021-07-16T12:12:55+00:00\",\"dateModified\":\"2021-07-16T20:46:09+00:00\",\"author\":{\"@id\":\"https:\/\/www.africa-press.net\/centrafricaine\/#\/schema\/person\/2b1cf3cd81a31e3cd26889ca66d677f1\"},\"description\":\"Le 17 juillet est un jour o\u00f9, \u00e0 travers le monde, toute l\u2019humanit\u00e9 s\u2019unit contre les pires crimes du monde: les crimes c ...\",\"breadcrumb\":{\"@id\":\"https:\/\/www.africa-press.net\/centrafricaine\/politique\/le-grand-tour-de-la-justice-a-bangui-unissant-ceux-qui-soutiennent-letat-de-droit-sous-le-drapeau-de-la-justice-en-republique-centrafricaine#breadcrumb\"},\"inLanguage\":\"fr-FR\",\"potentialAction\":[{\"@type\":\"ReadAction\",\"target\":[\"https:\/\/www.africa-press.net\/centrafricaine\/politique\/le-grand-tour-de-la-justice-a-bangui-unissant-ceux-qui-soutiennent-letat-de-droit-sous-le-drapeau-de-la-justice-en-republique-centrafricaine\"]}]},{\"@type\":\"ImageObject\",\"inLanguage\":\"fr-FR\",\"@id\":\"https:\/\/www.africa-press.net\/centrafricaine\/politique\/le-grand-tour-de-la-justice-a-bangui-unissant-ceux-qui-soutiennent-letat-de-droit-sous-le-drapeau-de-la-justice-en-republique-centrafricaine#primaryimage\",\"url\":\"https:\/\/static.africa-press.net\/centrafricaine\/sites\/45\/2021\/07\/img-60f16b4f8eaa4.jpg\",\"contentUrl\":\"https:\/\/static.africa-press.net\/centrafricaine\/sites\/45\/2021\/07\/img-60f16b4f8eaa4.jpg\",\"width\":720,\"height\":480,\"caption\":\"\u201dLe Grand Tour de la Justice \u00e0 Bangui\u201d, unissant ceux qui soutiennent l\u2019\u00c9tat de droit sous le drapeau de la justice en R\u00e9publique Centrafricaine\"},{\"@type\":\"BreadcrumbList\",\"@id\":\"https:\/\/www.africa-press.net\/centrafricaine\/politique\/le-grand-tour-de-la-justice-a-bangui-unissant-ceux-qui-soutiennent-letat-de-droit-sous-le-drapeau-de-la-justice-en-republique-centrafricaine#breadcrumb\",\"itemListElement\":[{\"@type\":\"ListItem\",\"position\":1,\"name\":\"Accueil\",\"item\":\"https:\/\/www.africa-press.net\/centrafricaine\/\"},{\"@type\":\"ListItem\",\"position\":2,\"name\":\"\u201dLe Grand Tour de la Justice \u00e0 Bangui\u201d, unissant ceux qui soutiennent l\u2019\u00c9tat de droit sous le drapeau de la justice en R\u00e9publique Centrafricaine\"}]},{\"@type\":\"WebSite\",\"@id\":\"https:\/\/www.africa-press.net\/centrafricaine\/#website\",\"url\":\"https:\/\/www.africa-press.net\/centrafricaine\/\",\"name\":\"centrafricaine\",\"description\":\"Just another Africa News Agency Sites site\",\"potentialAction\":[{\"@type\":\"SearchAction\",\"target\":{\"@type\":\"EntryPoint\",\"urlTemplate\":\"https:\/\/www.africa-press.net\/centrafricaine\/?s={search_term_string}\"},\"query-input\":{\"@type\":\"PropertyValueSpecification\",\"valueRequired\":true,\"valueName\":\"search_term_string\"}}],\"inLanguage\":\"fr-FR\"},{\"@type\":\"Person\",\"@id\":\"https:\/\/www.africa-press.net\/centrafricaine\/#\/schema\/person\/2b1cf3cd81a31e3cd26889ca66d677f1\",\"name\":\"cfeditorfr\"}]}<\/script>\n<!-- \/ Yoast SEO Premium plugin. -->","yoast_head_json":{"title":"\u201dLe Grand Tour de la Justice \u00e0 Bangui\u201d, unissant ceux qui soutiennent l\u2019\u00c9tat de droit sous le drapeau de la justice en R\u00e9publique Centrafricaine - centrafricaine","description":"Le 17 juillet est un jour o\u00f9, \u00e0 travers le monde, toute l\u2019humanit\u00e9 s\u2019unit contre les pires crimes du monde: les crimes c ...","robots":{"index":"index","follow":"follow","max-snippet":"max-snippet:-1","max-image-preview":"max-image-preview:large","max-video-preview":"max-video-preview:-1"},"canonical":"https:\/\/www.africa-press.net\/centrafricaine\/politique\/le-grand-tour-de-la-justice-a-bangui-unissant-ceux-qui-soutiennent-letat-de-droit-sous-le-drapeau-de-la-justice-en-republique-centrafricaine","og_locale":"fr_FR","og_type":"article","og_title":"\u201dLe Grand Tour de la Justice \u00e0 Bangui\u201d, unissant ceux qui soutiennent l\u2019\u00c9tat de droit sous le drapeau de la justice en R\u00e9publique Centrafricaine","og_description":"Le 17 juillet est un jour o\u00f9, \u00e0 travers le monde, toute l\u2019humanit\u00e9 s\u2019unit contre les pires crimes du monde: les crimes c ...","og_url":"https:\/\/www.africa-press.net\/centrafricaine\/politique\/le-grand-tour-de-la-justice-a-bangui-unissant-ceux-qui-soutiennent-letat-de-droit-sous-le-drapeau-de-la-justice-en-republique-centrafricaine","og_site_name":"centrafricaine","article_published_time":"2021-07-16T12:12:55+00:00","article_modified_time":"2021-07-16T20:46:09+00:00","og_image":[{"width":720,"height":480,"url":"https:\/\/static.africa-press.net\/centrafricaine\/sites\/45\/2021\/07\/img-60f16b4f8eaa4.jpg","type":"image\/jpeg"}],"author":"cfeditorfr","twitter_card":"summary_large_image","twitter_misc":{"\u00c9crit par":"cfeditorfr","Dur\u00e9e de lecture estim\u00e9e":"5 minutes"},"schema":{"@context":"https:\/\/schema.org","@graph":[{"@type":"Article","@id":"https:\/\/www.africa-press.net\/centrafricaine\/politique\/le-grand-tour-de-la-justice-a-bangui-unissant-ceux-qui-soutiennent-letat-de-droit-sous-le-drapeau-de-la-justice-en-republique-centrafricaine#article","isPartOf":{"@id":"https:\/\/www.africa-press.net\/centrafricaine\/politique\/le-grand-tour-de-la-justice-a-bangui-unissant-ceux-qui-soutiennent-letat-de-droit-sous-le-drapeau-de-la-justice-en-republique-centrafricaine"},"author":{"name":"cfeditorfr","@id":"https:\/\/www.africa-press.net\/centrafricaine\/#\/schema\/person\/2b1cf3cd81a31e3cd26889ca66d677f1"},"headline":"\u201dLe Grand Tour de la Justice \u00e0 Bangui\u201d, unissant ceux qui soutiennent l\u2019\u00c9tat de droit sous le drapeau de la justice en R\u00e9publique Centrafricaine","datePublished":"2021-07-16T12:12:55+00:00","dateModified":"2021-07-16T20:46:09+00:00","mainEntityOfPage":{"@id":"https:\/\/www.africa-press.net\/centrafricaine\/politique\/le-grand-tour-de-la-justice-a-bangui-unissant-ceux-qui-soutiennent-letat-de-droit-sous-le-drapeau-de-la-justice-en-republique-centrafricaine"},"wordCount":1063,"commentCount":0,"image":{"@id":"https:\/\/www.africa-press.net\/centrafricaine\/politique\/le-grand-tour-de-la-justice-a-bangui-unissant-ceux-qui-soutiennent-letat-de-droit-sous-le-drapeau-de-la-justice-en-republique-centrafricaine#primaryimage"},"thumbnailUrl":"https:\/\/static.africa-press.net\/centrafricaine\/sites\/45\/2021\/07\/img-60f16b4f8eaa4.jpg","keywords":["Africa Press","Africa Press-CentrAfricaine","CentrAfricaine"],"articleSection":["homepage-french","Politique","Toutes les actualit\u00e9s"],"inLanguage":"fr-FR","potentialAction":[{"@type":"CommentAction","name":"Comment","target":["https:\/\/www.africa-press.net\/centrafricaine\/politique\/le-grand-tour-de-la-justice-a-bangui-unissant-ceux-qui-soutiennent-letat-de-droit-sous-le-drapeau-de-la-justice-en-republique-centrafricaine#respond"]}]},{"@type":"WebPage","@id":"https:\/\/www.africa-press.net\/centrafricaine\/politique\/le-grand-tour-de-la-justice-a-bangui-unissant-ceux-qui-soutiennent-letat-de-droit-sous-le-drapeau-de-la-justice-en-republique-centrafricaine","url":"https:\/\/www.africa-press.net\/centrafricaine\/politique\/le-grand-tour-de-la-justice-a-bangui-unissant-ceux-qui-soutiennent-letat-de-droit-sous-le-drapeau-de-la-justice-en-republique-centrafricaine","name":"\u201dLe Grand Tour de la Justice \u00e0 Bangui\u201d, unissant ceux qui soutiennent l\u2019\u00c9tat de droit sous le drapeau de la justice en R\u00e9publique Centrafricaine - centrafricaine","isPartOf":{"@id":"https:\/\/www.africa-press.net\/centrafricaine\/#website"},"primaryImageOfPage":{"@id":"https:\/\/www.africa-press.net\/centrafricaine\/politique\/le-grand-tour-de-la-justice-a-bangui-unissant-ceux-qui-soutiennent-letat-de-droit-sous-le-drapeau-de-la-justice-en-republique-centrafricaine#primaryimage"},"image":{"@id":"https:\/\/www.africa-press.net\/centrafricaine\/politique\/le-grand-tour-de-la-justice-a-bangui-unissant-ceux-qui-soutiennent-letat-de-droit-sous-le-drapeau-de-la-justice-en-republique-centrafricaine#primaryimage"},"thumbnailUrl":"https:\/\/static.africa-press.net\/centrafricaine\/sites\/45\/2021\/07\/img-60f16b4f8eaa4.jpg","datePublished":"2021-07-16T12:12:55+00:00","dateModified":"2021-07-16T20:46:09+00:00","author":{"@id":"https:\/\/www.africa-press.net\/centrafricaine\/#\/schema\/person\/2b1cf3cd81a31e3cd26889ca66d677f1"},"description":"Le 17 juillet est un jour o\u00f9, \u00e0 travers le monde, toute l\u2019humanit\u00e9 s\u2019unit contre les pires crimes du monde: les crimes c ...","breadcrumb":{"@id":"https:\/\/www.africa-press.net\/centrafricaine\/politique\/le-grand-tour-de-la-justice-a-bangui-unissant-ceux-qui-soutiennent-letat-de-droit-sous-le-drapeau-de-la-justice-en-republique-centrafricaine#breadcrumb"},"inLanguage":"fr-FR","potentialAction":[{"@type":"ReadAction","target":["https:\/\/www.africa-press.net\/centrafricaine\/politique\/le-grand-tour-de-la-justice-a-bangui-unissant-ceux-qui-soutiennent-letat-de-droit-sous-le-drapeau-de-la-justice-en-republique-centrafricaine"]}]},{"@type":"ImageObject","inLanguage":"fr-FR","@id":"https:\/\/www.africa-press.net\/centrafricaine\/politique\/le-grand-tour-de-la-justice-a-bangui-unissant-ceux-qui-soutiennent-letat-de-droit-sous-le-drapeau-de-la-justice-en-republique-centrafricaine#primaryimage","url":"https:\/\/static.africa-press.net\/centrafricaine\/sites\/45\/2021\/07\/img-60f16b4f8eaa4.jpg","contentUrl":"https:\/\/static.africa-press.net\/centrafricaine\/sites\/45\/2021\/07\/img-60f16b4f8eaa4.jpg","width":720,"height":480,"caption":"\u201dLe Grand Tour de la Justice \u00e0 Bangui\u201d, unissant ceux qui soutiennent l\u2019\u00c9tat de droit sous le drapeau de la justice en R\u00e9publique Centrafricaine"},{"@type":"BreadcrumbList","@id":"https:\/\/www.africa-press.net\/centrafricaine\/politique\/le-grand-tour-de-la-justice-a-bangui-unissant-ceux-qui-soutiennent-letat-de-droit-sous-le-drapeau-de-la-justice-en-republique-centrafricaine#breadcrumb","itemListElement":[{"@type":"ListItem","position":1,"name":"Accueil","item":"https:\/\/www.africa-press.net\/centrafricaine\/"},{"@type":"ListItem","position":2,"name":"\u201dLe Grand Tour de la Justice \u00e0 Bangui\u201d, unissant ceux qui soutiennent l\u2019\u00c9tat de droit sous le drapeau de la justice en R\u00e9publique Centrafricaine"}]},{"@type":"WebSite","@id":"https:\/\/www.africa-press.net\/centrafricaine\/#website","url":"https:\/\/www.africa-press.net\/centrafricaine\/","name":"centrafricaine","description":"Just another Africa News Agency Sites site","potentialAction":[{"@type":"SearchAction","target":{"@type":"EntryPoint","urlTemplate":"https:\/\/www.africa-press.net\/centrafricaine\/?s={search_term_string}"},"query-input":{"@type":"PropertyValueSpecification","valueRequired":true,"valueName":"search_term_string"}}],"inLanguage":"fr-FR"},{"@type":"Person","@id":"https:\/\/www.africa-press.net\/centrafricaine\/#\/schema\/person\/2b1cf3cd81a31e3cd26889ca66d677f1","name":"cfeditorfr"}]}},"_links":{"self":[{"href":"https:\/\/www.africa-press.net\/centrafricaine\/wp-json\/wp\/v2\/posts\/8906","targetHints":{"allow":["GET"]}}],"collection":[{"href":"https:\/\/www.africa-press.net\/centrafricaine\/wp-json\/wp\/v2\/posts"}],"about":[{"href":"https:\/\/www.africa-press.net\/centrafricaine\/wp-json\/wp\/v2\/types\/post"}],"author":[{"embeddable":true,"href":"https:\/\/www.africa-press.net\/centrafricaine\/wp-json\/wp\/v2\/users\/82"}],"replies":[{"embeddable":true,"href":"https:\/\/www.africa-press.net\/centrafricaine\/wp-json\/wp\/v2\/comments?post=8906"}],"version-history":[{"count":0,"href":"https:\/\/www.africa-press.net\/centrafricaine\/wp-json\/wp\/v2\/posts\/8906\/revisions"}],"wp:featuredmedia":[{"embeddable":true,"href":"https:\/\/www.africa-press.net\/centrafricaine\/wp-json\/wp\/v2\/media\/8905"}],"wp:attachment":[{"href":"https:\/\/www.africa-press.net\/centrafricaine\/wp-json\/wp\/v2\/media?parent=8906"}],"wp:term":[{"taxonomy":"category","embeddable":true,"href":"https:\/\/www.africa-press.net\/centrafricaine\/wp-json\/wp\/v2\/categories?post=8906"},{"taxonomy":"post_tag","embeddable":true,"href":"https:\/\/www.africa-press.net\/centrafricaine\/wp-json\/wp\/v2\/tags?post=8906"}],"curies":[{"name":"wp","href":"https:\/\/api.w.org\/{rel}","templated":true}]}}