{"id":8909,"date":"2021-07-16T12:21:41","date_gmt":"2021-07-16T12:21:41","guid":{"rendered":"https:\/\/www.africa-press.net\/centrafricaine\/?p=8909"},"modified":"2021-07-16T20:46:30","modified_gmt":"2021-07-16T20:46:30","slug":"rca-monsieur-tanza-saint-cyr-est-il-devenu-la-nouvelle-cible-du-pouvoir","status":"publish","type":"post","link":"https:\/\/www.africa-press.net\/centrafricaine\/politique\/rca-monsieur-tanza-saint-cyr-est-il-devenu-la-nouvelle-cible-du-pouvoir","title":{"rendered":"Monsieur Tanza Saint-Cyr est-il \u00a0devenu la nouvelle cible du pouvoir ?"},"content":{"rendered":"<p><span style=\"color: #ff6600\"><strong><a href=\"https:\/\/www.africa-press.net\/\">Africa-Press<\/a> &#8211; <a href=\"https:\/\/www.africa-press.net\/centrafricaine\">CentrAfricaine<\/a>.\u00a0 <\/strong><\/span>Dans la nuit du lundi \u00e0 mardi 13 juillet, monsieur Tanza Saint-Cyr, ex-candidat du parti URCA aux l\u00e9gislatives dans la premi\u00e8re circonscription du troisi\u00e8me arrondissement de Bangui, a \u00e9chapp\u00e9, de justesse, \u00e0 une tentative de son enl\u00e8vement par les \u00ab REQUINS \u00bb, une milice du pouvoir. Depuis, l\u2019homme vit dans l\u2019ombre, et sa vie est menac\u00e9e. Alors, est-il devenu d\u00e9sormais la cible des autorit\u00e9s du pays ?<\/p>\n<p>Selon le t\u00e9moignage fait par l\u2019int\u00e9ress\u00e9, dans la nuit du lundi \u00e0 mardi 13 juillet, vers 2 heures du matin, un groupe des miliciens arm\u00e9s du pouvoir sont arriv\u00e9s chez lui. Ils ont cass\u00e9 la porte principale et sont entr\u00e9s par effraction dans sa maison alors que tout le monde dormait encore. Ne connaissant pas les identit\u00e9s des assaillants, Monsieur Tanza Saint-Cyr a eu une g\u00e9niale id\u00e9e de s\u2019extirper par la fen\u00eatre de sa chambre et prendre la poudre d\u2019escampette.<\/p>\n<p>Pendant ce temps, les assaillants, qui ont constat\u00e9 sa fuite sur la cl\u00f4ture de la concession, ont fait des tirs derri\u00e8re lui en vain. Au m\u00eame moment, ses voisins, r\u00e9veill\u00e9s par les tirs des requins, croyaient avoir affaire aux braqueurs. Ils ont commenc\u00e9 \u00e0 faire le concert de casserole assourdissant jusqu\u2019au d\u00e9part des assaillants.<\/p>\n<p>D\u2019apr\u00e8s lui, son \u00e9pouse a \u00e9t\u00e9 violent\u00e9e par ces miliciens cagoul\u00e9s qui ont emport\u00e9 ensuite sa moto, son t\u00e9l\u00e9viseur et son ordinateur ainsi que d\u2019autres bien<\/p>\n<p>Pour l\u2019heure, on ignore les raisons exactes de cette intervention nocturne au domicile d\u2019un citoyen, mais tout porte \u00e0 croire que ses nombreuses prises de position sur les r\u00e9seaux sociaux contre le pouvoir seraient \u00e0 l\u2019origine. D\u2019ailleurs ce n\u2019est pas pour la premi\u00e8re fois qu\u2019il fait face aux miliciens arm\u00e9s du pouvoir. En 2020, il a \u00e9t\u00e9 victime d\u2019une grave menace de mort prof\u00e9r\u00e9e par ces m\u00eames requins.<\/p>\n<p>&nbsp;<\/p>\n","protected":false},"excerpt":{"rendered":"<p>Africa-Press &#8211; CentrAfricaine.\u00a0 Dans la nuit du lundi \u00e0 mardi 13 juillet, monsieur Tanza Saint-Cyr, ex-candidat du parti URCA aux l\u00e9gislatives dans la premi\u00e8re circonscription du troisi\u00e8me arrondissement de Bangui, a \u00e9chapp\u00e9, de justesse, \u00e0 une tentative de son enl\u00e8vement par les \u00ab REQUINS \u00bb, une milice du pouvoir. Depuis, l\u2019homme vit dans l\u2019ombre, et [&hellip;]<\/p>\n","protected":false},"author":82,"featured_media":8908,"comment_status":"open","ping_status":"closed","sticky":false,"template":"","format":"standard","meta":{"footnotes":""},"categories":[11,2,10],"tags":[36,58,30],"class_list":["post-8909","post","type-post","status-publish","format-standard","has-post-thumbnail","hentry","category-homepage-french","category-politique","category-toutes-les-actualites","tag-africa-press","tag-africa-press-centrafricaine","tag-centrafricaine"],"yoast_head":"<!-- This site is optimized with the Yoast SEO Premium plugin v26.1 (Yoast SEO v27.0) - https:\/\/yoast.com\/product\/yoast-seo-premium-wordpress\/ -->\n<title>Monsieur Tanza Saint-Cyr est-il \u00a0devenu la nouvelle cible du pouvoir ? - centrafricaine<\/title>\n<meta name=\"description\" content=\"Bangui, R\u00e9publique centrafricaine, jeudi, 15 juillet 2021, 03:21:15 ( Corbeaunews-Centrafrique ). Dans la nuit d ...unissant\" \/>\n<meta name=\"robots\" content=\"index, follow, max-snippet:-1, max-image-preview:large, max-video-preview:-1\" \/>\n<link rel=\"canonical\" href=\"https:\/\/www.africa-press.net\/centrafricaine\/politique\/rca-monsieur-tanza-saint-cyr-est-il-devenu-la-nouvelle-cible-du-pouvoir\" \/>\n<meta property=\"og:locale\" content=\"fr_FR\" \/>\n<meta property=\"og:type\" content=\"article\" \/>\n<meta property=\"og:title\" content=\"Monsieur Tanza Saint-Cyr est-il \u00a0devenu la nouvelle cible du pouvoir ?\" \/>\n<meta property=\"og:description\" content=\"Bangui, R\u00e9publique centrafricaine, jeudi, 15 juillet 2021, 03:21:15 ( Corbeaunews-Centrafrique ). Dans la nuit d ...unissant\" \/>\n<meta property=\"og:url\" content=\"https:\/\/www.africa-press.net\/centrafricaine\/politique\/rca-monsieur-tanza-saint-cyr-est-il-devenu-la-nouvelle-cible-du-pouvoir\" \/>\n<meta property=\"og:site_name\" content=\"centrafricaine\" \/>\n<meta property=\"article:published_time\" content=\"2021-07-16T12:21:41+00:00\" \/>\n<meta property=\"article:modified_time\" content=\"2021-07-16T20:46:30+00:00\" \/>\n<meta property=\"og:image\" content=\"https:\/\/static.africa-press.net\/centrafricaine\/sites\/45\/2021\/07\/img-60f16bf3c18b9.jpg\" \/>\n\t<meta property=\"og:image:width\" content=\"720\" \/>\n\t<meta property=\"og:image:height\" content=\"604\" \/>\n\t<meta property=\"og:image:type\" content=\"image\/jpeg\" \/>\n<meta name=\"author\" content=\"cfeditorfr\" \/>\n<meta name=\"twitter:card\" content=\"summary_large_image\" \/>\n<meta name=\"twitter:label1\" content=\"\u00c9crit par\" \/>\n\t<meta name=\"twitter:data1\" content=\"cfeditorfr\" \/>\n\t<meta name=\"twitter:label2\" content=\"Dur\u00e9e de lecture estim\u00e9e\" \/>\n\t<meta name=\"twitter:data2\" content=\"2 minutes\" \/>\n<script type=\"application\/ld+json\" class=\"yoast-schema-graph\">{\"@context\":\"https:\/\/schema.org\",\"@graph\":[{\"@type\":\"Article\",\"@id\":\"https:\/\/www.africa-press.net\/centrafricaine\/politique\/rca-monsieur-tanza-saint-cyr-est-il-devenu-la-nouvelle-cible-du-pouvoir#article\",\"isPartOf\":{\"@id\":\"https:\/\/www.africa-press.net\/centrafricaine\/politique\/rca-monsieur-tanza-saint-cyr-est-il-devenu-la-nouvelle-cible-du-pouvoir\"},\"author\":{\"name\":\"cfeditorfr\",\"@id\":\"https:\/\/www.africa-press.net\/centrafricaine\/#\/schema\/person\/2b1cf3cd81a31e3cd26889ca66d677f1\"},\"headline\":\"Monsieur Tanza Saint-Cyr est-il \u00a0devenu la nouvelle cible du pouvoir ?\",\"datePublished\":\"2021-07-16T12:21:41+00:00\",\"dateModified\":\"2021-07-16T20:46:30+00:00\",\"mainEntityOfPage\":{\"@id\":\"https:\/\/www.africa-press.net\/centrafricaine\/politique\/rca-monsieur-tanza-saint-cyr-est-il-devenu-la-nouvelle-cible-du-pouvoir\"},\"wordCount\":344,\"commentCount\":0,\"image\":{\"@id\":\"https:\/\/www.africa-press.net\/centrafricaine\/politique\/rca-monsieur-tanza-saint-cyr-est-il-devenu-la-nouvelle-cible-du-pouvoir#primaryimage\"},\"thumbnailUrl\":\"https:\/\/static.africa-press.net\/centrafricaine\/sites\/45\/2021\/07\/img-60f16bf3c18b9.jpg\",\"keywords\":[\"Africa Press\",\"Africa Press-CentrAfricaine\",\"CentrAfricaine\"],\"articleSection\":[\"homepage-french\",\"Politique\",\"Toutes les actualit\u00e9s\"],\"inLanguage\":\"fr-FR\",\"potentialAction\":[{\"@type\":\"CommentAction\",\"name\":\"Comment\",\"target\":[\"https:\/\/www.africa-press.net\/centrafricaine\/politique\/rca-monsieur-tanza-saint-cyr-est-il-devenu-la-nouvelle-cible-du-pouvoir#respond\"]}]},{\"@type\":\"WebPage\",\"@id\":\"https:\/\/www.africa-press.net\/centrafricaine\/politique\/rca-monsieur-tanza-saint-cyr-est-il-devenu-la-nouvelle-cible-du-pouvoir\",\"url\":\"https:\/\/www.africa-press.net\/centrafricaine\/politique\/rca-monsieur-tanza-saint-cyr-est-il-devenu-la-nouvelle-cible-du-pouvoir\",\"name\":\"Monsieur Tanza Saint-Cyr est-il \u00a0devenu la nouvelle cible du pouvoir ? - centrafricaine\",\"isPartOf\":{\"@id\":\"https:\/\/www.africa-press.net\/centrafricaine\/#website\"},\"primaryImageOfPage\":{\"@id\":\"https:\/\/www.africa-press.net\/centrafricaine\/politique\/rca-monsieur-tanza-saint-cyr-est-il-devenu-la-nouvelle-cible-du-pouvoir#primaryimage\"},\"image\":{\"@id\":\"https:\/\/www.africa-press.net\/centrafricaine\/politique\/rca-monsieur-tanza-saint-cyr-est-il-devenu-la-nouvelle-cible-du-pouvoir#primaryimage\"},\"thumbnailUrl\":\"https:\/\/static.africa-press.net\/centrafricaine\/sites\/45\/2021\/07\/img-60f16bf3c18b9.jpg\",\"datePublished\":\"2021-07-16T12:21:41+00:00\",\"dateModified\":\"2021-07-16T20:46:30+00:00\",\"author\":{\"@id\":\"https:\/\/www.africa-press.net\/centrafricaine\/#\/schema\/person\/2b1cf3cd81a31e3cd26889ca66d677f1\"},\"description\":\"Bangui, R\u00e9publique centrafricaine, jeudi, 15 juillet 2021, 03:21:15 ( Corbeaunews-Centrafrique ). Dans la nuit d ...unissant\",\"breadcrumb\":{\"@id\":\"https:\/\/www.africa-press.net\/centrafricaine\/politique\/rca-monsieur-tanza-saint-cyr-est-il-devenu-la-nouvelle-cible-du-pouvoir#breadcrumb\"},\"inLanguage\":\"fr-FR\",\"potentialAction\":[{\"@type\":\"ReadAction\",\"target\":[\"https:\/\/www.africa-press.net\/centrafricaine\/politique\/rca-monsieur-tanza-saint-cyr-est-il-devenu-la-nouvelle-cible-du-pouvoir\"]}]},{\"@type\":\"ImageObject\",\"inLanguage\":\"fr-FR\",\"@id\":\"https:\/\/www.africa-press.net\/centrafricaine\/politique\/rca-monsieur-tanza-saint-cyr-est-il-devenu-la-nouvelle-cible-du-pouvoir#primaryimage\",\"url\":\"https:\/\/static.africa-press.net\/centrafricaine\/sites\/45\/2021\/07\/img-60f16bf3c18b9.jpg\",\"contentUrl\":\"https:\/\/static.africa-press.net\/centrafricaine\/sites\/45\/2021\/07\/img-60f16bf3c18b9.jpg\",\"width\":720,\"height\":604,\"caption\":\"RCA\u00a0: Monsieur Tanza Saint-Cyr est-il \u00a0devenu la nouvelle cible du pouvoir ?\"},{\"@type\":\"BreadcrumbList\",\"@id\":\"https:\/\/www.africa-press.net\/centrafricaine\/politique\/rca-monsieur-tanza-saint-cyr-est-il-devenu-la-nouvelle-cible-du-pouvoir#breadcrumb\",\"itemListElement\":[{\"@type\":\"ListItem\",\"position\":1,\"name\":\"Accueil\",\"item\":\"https:\/\/www.africa-press.net\/centrafricaine\/\"},{\"@type\":\"ListItem\",\"position\":2,\"name\":\"Monsieur Tanza Saint-Cyr est-il \u00a0devenu la nouvelle cible du pouvoir ?\"}]},{\"@type\":\"WebSite\",\"@id\":\"https:\/\/www.africa-press.net\/centrafricaine\/#website\",\"url\":\"https:\/\/www.africa-press.net\/centrafricaine\/\",\"name\":\"centrafricaine\",\"description\":\"Just another Africa News Agency Sites site\",\"potentialAction\":[{\"@type\":\"SearchAction\",\"target\":{\"@type\":\"EntryPoint\",\"urlTemplate\":\"https:\/\/www.africa-press.net\/centrafricaine\/?s={search_term_string}\"},\"query-input\":{\"@type\":\"PropertyValueSpecification\",\"valueRequired\":true,\"valueName\":\"search_term_string\"}}],\"inLanguage\":\"fr-FR\"},{\"@type\":\"Person\",\"@id\":\"https:\/\/www.africa-press.net\/centrafricaine\/#\/schema\/person\/2b1cf3cd81a31e3cd26889ca66d677f1\",\"name\":\"cfeditorfr\"}]}<\/script>\n<!-- \/ Yoast SEO Premium plugin. -->","yoast_head_json":{"title":"Monsieur Tanza Saint-Cyr est-il \u00a0devenu la nouvelle cible du pouvoir ? - centrafricaine","description":"Bangui, R\u00e9publique centrafricaine, jeudi, 15 juillet 2021, 03:21:15 ( Corbeaunews-Centrafrique ). Dans la nuit d ...unissant","robots":{"index":"index","follow":"follow","max-snippet":"max-snippet:-1","max-image-preview":"max-image-preview:large","max-video-preview":"max-video-preview:-1"},"canonical":"https:\/\/www.africa-press.net\/centrafricaine\/politique\/rca-monsieur-tanza-saint-cyr-est-il-devenu-la-nouvelle-cible-du-pouvoir","og_locale":"fr_FR","og_type":"article","og_title":"Monsieur Tanza Saint-Cyr est-il \u00a0devenu la nouvelle cible du pouvoir ?","og_description":"Bangui, R\u00e9publique centrafricaine, jeudi, 15 juillet 2021, 03:21:15 ( Corbeaunews-Centrafrique ). Dans la nuit d ...unissant","og_url":"https:\/\/www.africa-press.net\/centrafricaine\/politique\/rca-monsieur-tanza-saint-cyr-est-il-devenu-la-nouvelle-cible-du-pouvoir","og_site_name":"centrafricaine","article_published_time":"2021-07-16T12:21:41+00:00","article_modified_time":"2021-07-16T20:46:30+00:00","og_image":[{"width":720,"height":604,"url":"https:\/\/static.africa-press.net\/centrafricaine\/sites\/45\/2021\/07\/img-60f16bf3c18b9.jpg","type":"image\/jpeg"}],"author":"cfeditorfr","twitter_card":"summary_large_image","twitter_misc":{"\u00c9crit par":"cfeditorfr","Dur\u00e9e de lecture estim\u00e9e":"2 minutes"},"schema":{"@context":"https:\/\/schema.org","@graph":[{"@type":"Article","@id":"https:\/\/www.africa-press.net\/centrafricaine\/politique\/rca-monsieur-tanza-saint-cyr-est-il-devenu-la-nouvelle-cible-du-pouvoir#article","isPartOf":{"@id":"https:\/\/www.africa-press.net\/centrafricaine\/politique\/rca-monsieur-tanza-saint-cyr-est-il-devenu-la-nouvelle-cible-du-pouvoir"},"author":{"name":"cfeditorfr","@id":"https:\/\/www.africa-press.net\/centrafricaine\/#\/schema\/person\/2b1cf3cd81a31e3cd26889ca66d677f1"},"headline":"Monsieur Tanza Saint-Cyr est-il \u00a0devenu la nouvelle cible du pouvoir ?","datePublished":"2021-07-16T12:21:41+00:00","dateModified":"2021-07-16T20:46:30+00:00","mainEntityOfPage":{"@id":"https:\/\/www.africa-press.net\/centrafricaine\/politique\/rca-monsieur-tanza-saint-cyr-est-il-devenu-la-nouvelle-cible-du-pouvoir"},"wordCount":344,"commentCount":0,"image":{"@id":"https:\/\/www.africa-press.net\/centrafricaine\/politique\/rca-monsieur-tanza-saint-cyr-est-il-devenu-la-nouvelle-cible-du-pouvoir#primaryimage"},"thumbnailUrl":"https:\/\/static.africa-press.net\/centrafricaine\/sites\/45\/2021\/07\/img-60f16bf3c18b9.jpg","keywords":["Africa Press","Africa Press-CentrAfricaine","CentrAfricaine"],"articleSection":["homepage-french","Politique","Toutes les actualit\u00e9s"],"inLanguage":"fr-FR","potentialAction":[{"@type":"CommentAction","name":"Comment","target":["https:\/\/www.africa-press.net\/centrafricaine\/politique\/rca-monsieur-tanza-saint-cyr-est-il-devenu-la-nouvelle-cible-du-pouvoir#respond"]}]},{"@type":"WebPage","@id":"https:\/\/www.africa-press.net\/centrafricaine\/politique\/rca-monsieur-tanza-saint-cyr-est-il-devenu-la-nouvelle-cible-du-pouvoir","url":"https:\/\/www.africa-press.net\/centrafricaine\/politique\/rca-monsieur-tanza-saint-cyr-est-il-devenu-la-nouvelle-cible-du-pouvoir","name":"Monsieur Tanza Saint-Cyr est-il \u00a0devenu la nouvelle cible du pouvoir ? - centrafricaine","isPartOf":{"@id":"https:\/\/www.africa-press.net\/centrafricaine\/#website"},"primaryImageOfPage":{"@id":"https:\/\/www.africa-press.net\/centrafricaine\/politique\/rca-monsieur-tanza-saint-cyr-est-il-devenu-la-nouvelle-cible-du-pouvoir#primaryimage"},"image":{"@id":"https:\/\/www.africa-press.net\/centrafricaine\/politique\/rca-monsieur-tanza-saint-cyr-est-il-devenu-la-nouvelle-cible-du-pouvoir#primaryimage"},"thumbnailUrl":"https:\/\/static.africa-press.net\/centrafricaine\/sites\/45\/2021\/07\/img-60f16bf3c18b9.jpg","datePublished":"2021-07-16T12:21:41+00:00","dateModified":"2021-07-16T20:46:30+00:00","author":{"@id":"https:\/\/www.africa-press.net\/centrafricaine\/#\/schema\/person\/2b1cf3cd81a31e3cd26889ca66d677f1"},"description":"Bangui, R\u00e9publique centrafricaine, jeudi, 15 juillet 2021, 03:21:15 ( Corbeaunews-Centrafrique ). Dans la nuit d ...unissant","breadcrumb":{"@id":"https:\/\/www.africa-press.net\/centrafricaine\/politique\/rca-monsieur-tanza-saint-cyr-est-il-devenu-la-nouvelle-cible-du-pouvoir#breadcrumb"},"inLanguage":"fr-FR","potentialAction":[{"@type":"ReadAction","target":["https:\/\/www.africa-press.net\/centrafricaine\/politique\/rca-monsieur-tanza-saint-cyr-est-il-devenu-la-nouvelle-cible-du-pouvoir"]}]},{"@type":"ImageObject","inLanguage":"fr-FR","@id":"https:\/\/www.africa-press.net\/centrafricaine\/politique\/rca-monsieur-tanza-saint-cyr-est-il-devenu-la-nouvelle-cible-du-pouvoir#primaryimage","url":"https:\/\/static.africa-press.net\/centrafricaine\/sites\/45\/2021\/07\/img-60f16bf3c18b9.jpg","contentUrl":"https:\/\/static.africa-press.net\/centrafricaine\/sites\/45\/2021\/07\/img-60f16bf3c18b9.jpg","width":720,"height":604,"caption":"RCA\u00a0: Monsieur Tanza Saint-Cyr est-il \u00a0devenu la nouvelle cible du pouvoir ?"},{"@type":"BreadcrumbList","@id":"https:\/\/www.africa-press.net\/centrafricaine\/politique\/rca-monsieur-tanza-saint-cyr-est-il-devenu-la-nouvelle-cible-du-pouvoir#breadcrumb","itemListElement":[{"@type":"ListItem","position":1,"name":"Accueil","item":"https:\/\/www.africa-press.net\/centrafricaine\/"},{"@type":"ListItem","position":2,"name":"Monsieur Tanza Saint-Cyr est-il \u00a0devenu la nouvelle cible du pouvoir ?"}]},{"@type":"WebSite","@id":"https:\/\/www.africa-press.net\/centrafricaine\/#website","url":"https:\/\/www.africa-press.net\/centrafricaine\/","name":"centrafricaine","description":"Just another Africa News Agency Sites site","potentialAction":[{"@type":"SearchAction","target":{"@type":"EntryPoint","urlTemplate":"https:\/\/www.africa-press.net\/centrafricaine\/?s={search_term_string}"},"query-input":{"@type":"PropertyValueSpecification","valueRequired":true,"valueName":"search_term_string"}}],"inLanguage":"fr-FR"},{"@type":"Person","@id":"https:\/\/www.africa-press.net\/centrafricaine\/#\/schema\/person\/2b1cf3cd81a31e3cd26889ca66d677f1","name":"cfeditorfr"}]}},"_links":{"self":[{"href":"https:\/\/www.africa-press.net\/centrafricaine\/wp-json\/wp\/v2\/posts\/8909","targetHints":{"allow":["GET"]}}],"collection":[{"href":"https:\/\/www.africa-press.net\/centrafricaine\/wp-json\/wp\/v2\/posts"}],"about":[{"href":"https:\/\/www.africa-press.net\/centrafricaine\/wp-json\/wp\/v2\/types\/post"}],"author":[{"embeddable":true,"href":"https:\/\/www.africa-press.net\/centrafricaine\/wp-json\/wp\/v2\/users\/82"}],"replies":[{"embeddable":true,"href":"https:\/\/www.africa-press.net\/centrafricaine\/wp-json\/wp\/v2\/comments?post=8909"}],"version-history":[{"count":0,"href":"https:\/\/www.africa-press.net\/centrafricaine\/wp-json\/wp\/v2\/posts\/8909\/revisions"}],"wp:featuredmedia":[{"embeddable":true,"href":"https:\/\/www.africa-press.net\/centrafricaine\/wp-json\/wp\/v2\/media\/8908"}],"wp:attachment":[{"href":"https:\/\/www.africa-press.net\/centrafricaine\/wp-json\/wp\/v2\/media?parent=8909"}],"wp:term":[{"taxonomy":"category","embeddable":true,"href":"https:\/\/www.africa-press.net\/centrafricaine\/wp-json\/wp\/v2\/categories?post=8909"},{"taxonomy":"post_tag","embeddable":true,"href":"https:\/\/www.africa-press.net\/centrafricaine\/wp-json\/wp\/v2\/tags?post=8909"}],"curies":[{"name":"wp","href":"https:\/\/api.w.org\/{rel}","templated":true}]}}