{"id":8947,"date":"2021-07-17T10:14:49","date_gmt":"2021-07-17T10:14:49","guid":{"rendered":"https:\/\/www.africa-press.net\/centrafricaine\/?p=8947"},"modified":"2021-07-18T03:39:42","modified_gmt":"2021-07-18T03:39:42","slug":"rca-le-commandant-de-brigade-de-gendarmerie-de-carnot-victime-des-coups-et-blessures-volontaires","status":"publish","type":"post","link":"https:\/\/www.africa-press.net\/centrafricaine\/politique\/rca-le-commandant-de-brigade-de-gendarmerie-de-carnot-victime-des-coups-et-blessures-volontaires","title":{"rendered":"Le commandant de brigade de gendarmerie de Carnot, victime des coups et blessures volontaires"},"content":{"rendered":"<p><span style=\"color: #ff6600\"><strong><a href=\"https:\/\/www.africa-press.net\/\">Africa-Press<\/a> &#8211; <a href=\"https:\/\/www.africa-press.net\/centrafricaine\">CentrAfricaine<\/a>.\u00a0 <\/strong><\/span>Le commandant a \u00e9t\u00e9 transf\u00e9 r\u00e9 aux urgences de l\u2019h\u00f4pital de Carnot apr\u00e8s son agression par les soldats des forces arm\u00e9es centrafricaines (FACA). C\u2019est un incident grave, d\u00e9nonce le directeur g\u00e9n\u00e9ral de la gendarmerie.<\/p>\n<p><b>Selon les t\u00e9moins de la sc\u00e8ne, les faits criminels se sont produits le mercredi 14 juillet 2021 vers 20 heures.<\/b><\/p>\n<p>D\u2019apr\u00e8s eux, pour avoir refus\u00e9 de donner sa motocyclette aux \u00e9l\u00e9ments des forces arm\u00e9es centrafricaines (FACA) pour soi-disant une intervention, le commandant de brigade de la gendarmerie de Carnot a \u00e9t\u00e9 pass\u00e9 \u00e0 tabac comme un vulgaire individu par les soldats FACA.<\/p>\n<p>Victime des coups et blessures volontaires perp\u00e9tr\u00e9s par ces militaires, le commandant a \u00e9t\u00e9 transf\u00e9r\u00e9 en urgence \u00e0 l\u2019h\u00f4pital de Carnot pour y recevoir des soins n\u00e9cessaires.<\/p>\n<p>Pour les populations locales, ce genre de comportement copi\u00e9 chez les mercenaires russes de la soci\u00e9t\u00e9 Wagner n\u2019est pas digne des soldats des forces arm\u00e9es centrafricaines tant admir\u00e9s<\/p>\n<p>Par le peuple centrafricain. Ceci montre \u00e0 quel point la coop\u00e9ration militaire avec Wagner est tr\u00e8s p\u00e9nalisante pour la R\u00e9publique centrafricaine et tout son peuple. En plus d\u2019\u00eatre inefficaces face aux rebelles, ces militaires malfrats se tournent vers leurs coll\u00e8gues de la police et de la gendarmerie, voire m\u00eame des civils. De braquage, des viols, des agressions sexuelles et bien d\u2019autres sont devenus leur quotidien.<\/p>\n<p><b>\u00a0<\/b><\/p>\n","protected":false},"excerpt":{"rendered":"<p>Africa-Press &#8211; CentrAfricaine.\u00a0 Le commandant a \u00e9t\u00e9 transf\u00e9 r\u00e9 aux urgences de l\u2019h\u00f4pital de Carnot apr\u00e8s son agression par les soldats des forces arm\u00e9es centrafricaines (FACA). C\u2019est un incident grave, d\u00e9nonce le directeur g\u00e9n\u00e9ral de la gendarmerie. Selon les t\u00e9moins de la sc\u00e8ne, les faits criminels se sont produits le mercredi 14 juillet 2021 vers [&hellip;]<\/p>\n","protected":false},"author":82,"featured_media":8946,"comment_status":"open","ping_status":"closed","sticky":false,"template":"","format":"standard","meta":{"footnotes":""},"categories":[11,2,10],"tags":[36,58,30],"class_list":["post-8947","post","type-post","status-publish","format-standard","has-post-thumbnail","hentry","category-homepage-french","category-politique","category-toutes-les-actualites","tag-africa-press","tag-africa-press-centrafricaine","tag-centrafricaine"],"yoast_head":"<!-- This site is optimized with the Yoast SEO Premium plugin v26.1 (Yoast SEO v27.0) - https:\/\/yoast.com\/product\/yoast-seo-premium-wordpress\/ -->\n<title>Le commandant de brigade de gendarmerie de Carnot, victime des coups et blessures volontaires - centrafricaine<\/title>\n<meta name=\"description\" content=\"Bangui, R\u00e9publique centrafricaine, vendredi, 16 juillet 2021, 16:59:47 ( Corbeaunews-Centrafrique ). Le commanda ...\" \/>\n<meta name=\"robots\" content=\"index, follow, max-snippet:-1, max-image-preview:large, max-video-preview:-1\" \/>\n<link rel=\"canonical\" href=\"https:\/\/www.africa-press.net\/centrafricaine\/politique\/rca-le-commandant-de-brigade-de-gendarmerie-de-carnot-victime-des-coups-et-blessures-volontaires\" \/>\n<meta property=\"og:locale\" content=\"fr_FR\" \/>\n<meta property=\"og:type\" content=\"article\" \/>\n<meta property=\"og:title\" content=\"Le commandant de brigade de gendarmerie de Carnot, victime des coups et blessures volontaires\" \/>\n<meta property=\"og:description\" content=\"Bangui, R\u00e9publique centrafricaine, vendredi, 16 juillet 2021, 16:59:47 ( Corbeaunews-Centrafrique ). Le commanda ...\" \/>\n<meta property=\"og:url\" content=\"https:\/\/www.africa-press.net\/centrafricaine\/politique\/rca-le-commandant-de-brigade-de-gendarmerie-de-carnot-victime-des-coups-et-blessures-volontaires\" \/>\n<meta property=\"og:site_name\" content=\"centrafricaine\" \/>\n<meta property=\"article:published_time\" content=\"2021-07-17T10:14:49+00:00\" \/>\n<meta property=\"article:modified_time\" content=\"2021-07-18T03:39:42+00:00\" \/>\n<meta property=\"og:image\" content=\"https:\/\/static.africa-press.net\/centrafricaine\/sites\/45\/2021\/07\/img-60f2ac9427be4.jpg\" \/>\n\t<meta property=\"og:image:width\" content=\"750\" \/>\n\t<meta property=\"og:image:height\" content=\"690\" \/>\n\t<meta property=\"og:image:type\" content=\"image\/jpeg\" \/>\n<meta name=\"author\" content=\"cfeditorfr\" \/>\n<meta name=\"twitter:card\" content=\"summary_large_image\" \/>\n<meta name=\"twitter:label1\" content=\"\u00c9crit par\" \/>\n\t<meta name=\"twitter:data1\" content=\"cfeditorfr\" \/>\n\t<meta name=\"twitter:label2\" content=\"Dur\u00e9e de lecture estim\u00e9e\" \/>\n\t<meta name=\"twitter:data2\" content=\"1 minute\" \/>\n<script type=\"application\/ld+json\" class=\"yoast-schema-graph\">{\"@context\":\"https:\/\/schema.org\",\"@graph\":[{\"@type\":\"Article\",\"@id\":\"https:\/\/www.africa-press.net\/centrafricaine\/politique\/rca-le-commandant-de-brigade-de-gendarmerie-de-carnot-victime-des-coups-et-blessures-volontaires#article\",\"isPartOf\":{\"@id\":\"https:\/\/www.africa-press.net\/centrafricaine\/politique\/rca-le-commandant-de-brigade-de-gendarmerie-de-carnot-victime-des-coups-et-blessures-volontaires\"},\"author\":{\"name\":\"cfeditorfr\",\"@id\":\"https:\/\/www.africa-press.net\/centrafricaine\/#\/schema\/person\/2b1cf3cd81a31e3cd26889ca66d677f1\"},\"headline\":\"Le commandant de brigade de gendarmerie de Carnot, victime des coups et blessures volontaires\",\"datePublished\":\"2021-07-17T10:14:49+00:00\",\"dateModified\":\"2021-07-18T03:39:42+00:00\",\"mainEntityOfPage\":{\"@id\":\"https:\/\/www.africa-press.net\/centrafricaine\/politique\/rca-le-commandant-de-brigade-de-gendarmerie-de-carnot-victime-des-coups-et-blessures-volontaires\"},\"wordCount\":259,\"commentCount\":0,\"image\":{\"@id\":\"https:\/\/www.africa-press.net\/centrafricaine\/politique\/rca-le-commandant-de-brigade-de-gendarmerie-de-carnot-victime-des-coups-et-blessures-volontaires#primaryimage\"},\"thumbnailUrl\":\"https:\/\/static.africa-press.net\/centrafricaine\/sites\/45\/2021\/07\/img-60f2ac9427be4.jpg\",\"keywords\":[\"Africa Press\",\"Africa Press-CentrAfricaine\",\"CentrAfricaine\"],\"articleSection\":[\"homepage-french\",\"Politique\",\"Toutes les actualit\u00e9s\"],\"inLanguage\":\"fr-FR\",\"potentialAction\":[{\"@type\":\"CommentAction\",\"name\":\"Comment\",\"target\":[\"https:\/\/www.africa-press.net\/centrafricaine\/politique\/rca-le-commandant-de-brigade-de-gendarmerie-de-carnot-victime-des-coups-et-blessures-volontaires#respond\"]}]},{\"@type\":\"WebPage\",\"@id\":\"https:\/\/www.africa-press.net\/centrafricaine\/politique\/rca-le-commandant-de-brigade-de-gendarmerie-de-carnot-victime-des-coups-et-blessures-volontaires\",\"url\":\"https:\/\/www.africa-press.net\/centrafricaine\/politique\/rca-le-commandant-de-brigade-de-gendarmerie-de-carnot-victime-des-coups-et-blessures-volontaires\",\"name\":\"Le commandant de brigade de gendarmerie de Carnot, victime des coups et blessures volontaires - centrafricaine\",\"isPartOf\":{\"@id\":\"https:\/\/www.africa-press.net\/centrafricaine\/#website\"},\"primaryImageOfPage\":{\"@id\":\"https:\/\/www.africa-press.net\/centrafricaine\/politique\/rca-le-commandant-de-brigade-de-gendarmerie-de-carnot-victime-des-coups-et-blessures-volontaires#primaryimage\"},\"image\":{\"@id\":\"https:\/\/www.africa-press.net\/centrafricaine\/politique\/rca-le-commandant-de-brigade-de-gendarmerie-de-carnot-victime-des-coups-et-blessures-volontaires#primaryimage\"},\"thumbnailUrl\":\"https:\/\/static.africa-press.net\/centrafricaine\/sites\/45\/2021\/07\/img-60f2ac9427be4.jpg\",\"datePublished\":\"2021-07-17T10:14:49+00:00\",\"dateModified\":\"2021-07-18T03:39:42+00:00\",\"author\":{\"@id\":\"https:\/\/www.africa-press.net\/centrafricaine\/#\/schema\/person\/2b1cf3cd81a31e3cd26889ca66d677f1\"},\"description\":\"Bangui, R\u00e9publique centrafricaine, vendredi, 16 juillet 2021, 16:59:47 ( Corbeaunews-Centrafrique ). Le commanda ...\",\"breadcrumb\":{\"@id\":\"https:\/\/www.africa-press.net\/centrafricaine\/politique\/rca-le-commandant-de-brigade-de-gendarmerie-de-carnot-victime-des-coups-et-blessures-volontaires#breadcrumb\"},\"inLanguage\":\"fr-FR\",\"potentialAction\":[{\"@type\":\"ReadAction\",\"target\":[\"https:\/\/www.africa-press.net\/centrafricaine\/politique\/rca-le-commandant-de-brigade-de-gendarmerie-de-carnot-victime-des-coups-et-blessures-volontaires\"]}]},{\"@type\":\"ImageObject\",\"inLanguage\":\"fr-FR\",\"@id\":\"https:\/\/www.africa-press.net\/centrafricaine\/politique\/rca-le-commandant-de-brigade-de-gendarmerie-de-carnot-victime-des-coups-et-blessures-volontaires#primaryimage\",\"url\":\"https:\/\/static.africa-press.net\/centrafricaine\/sites\/45\/2021\/07\/img-60f2ac9427be4.jpg\",\"contentUrl\":\"https:\/\/static.africa-press.net\/centrafricaine\/sites\/45\/2021\/07\/img-60f2ac9427be4.jpg\",\"width\":750,\"height\":690,\"caption\":\"RCA\u00a0: Le commandant de brigade de gendarmerie de Carnot, victime des coups et blessures volontaires\"},{\"@type\":\"BreadcrumbList\",\"@id\":\"https:\/\/www.africa-press.net\/centrafricaine\/politique\/rca-le-commandant-de-brigade-de-gendarmerie-de-carnot-victime-des-coups-et-blessures-volontaires#breadcrumb\",\"itemListElement\":[{\"@type\":\"ListItem\",\"position\":1,\"name\":\"Accueil\",\"item\":\"https:\/\/www.africa-press.net\/centrafricaine\/\"},{\"@type\":\"ListItem\",\"position\":2,\"name\":\"Le commandant de brigade de gendarmerie de Carnot, victime des coups et blessures volontaires\"}]},{\"@type\":\"WebSite\",\"@id\":\"https:\/\/www.africa-press.net\/centrafricaine\/#website\",\"url\":\"https:\/\/www.africa-press.net\/centrafricaine\/\",\"name\":\"centrafricaine\",\"description\":\"Just another Africa News Agency Sites site\",\"potentialAction\":[{\"@type\":\"SearchAction\",\"target\":{\"@type\":\"EntryPoint\",\"urlTemplate\":\"https:\/\/www.africa-press.net\/centrafricaine\/?s={search_term_string}\"},\"query-input\":{\"@type\":\"PropertyValueSpecification\",\"valueRequired\":true,\"valueName\":\"search_term_string\"}}],\"inLanguage\":\"fr-FR\"},{\"@type\":\"Person\",\"@id\":\"https:\/\/www.africa-press.net\/centrafricaine\/#\/schema\/person\/2b1cf3cd81a31e3cd26889ca66d677f1\",\"name\":\"cfeditorfr\"}]}<\/script>\n<!-- \/ Yoast SEO Premium plugin. -->","yoast_head_json":{"title":"Le commandant de brigade de gendarmerie de Carnot, victime des coups et blessures volontaires - centrafricaine","description":"Bangui, R\u00e9publique centrafricaine, vendredi, 16 juillet 2021, 16:59:47 ( Corbeaunews-Centrafrique ). Le commanda ...","robots":{"index":"index","follow":"follow","max-snippet":"max-snippet:-1","max-image-preview":"max-image-preview:large","max-video-preview":"max-video-preview:-1"},"canonical":"https:\/\/www.africa-press.net\/centrafricaine\/politique\/rca-le-commandant-de-brigade-de-gendarmerie-de-carnot-victime-des-coups-et-blessures-volontaires","og_locale":"fr_FR","og_type":"article","og_title":"Le commandant de brigade de gendarmerie de Carnot, victime des coups et blessures volontaires","og_description":"Bangui, R\u00e9publique centrafricaine, vendredi, 16 juillet 2021, 16:59:47 ( Corbeaunews-Centrafrique ). Le commanda ...","og_url":"https:\/\/www.africa-press.net\/centrafricaine\/politique\/rca-le-commandant-de-brigade-de-gendarmerie-de-carnot-victime-des-coups-et-blessures-volontaires","og_site_name":"centrafricaine","article_published_time":"2021-07-17T10:14:49+00:00","article_modified_time":"2021-07-18T03:39:42+00:00","og_image":[{"width":750,"height":690,"url":"https:\/\/static.africa-press.net\/centrafricaine\/sites\/45\/2021\/07\/img-60f2ac9427be4.jpg","type":"image\/jpeg"}],"author":"cfeditorfr","twitter_card":"summary_large_image","twitter_misc":{"\u00c9crit par":"cfeditorfr","Dur\u00e9e de lecture estim\u00e9e":"1 minute"},"schema":{"@context":"https:\/\/schema.org","@graph":[{"@type":"Article","@id":"https:\/\/www.africa-press.net\/centrafricaine\/politique\/rca-le-commandant-de-brigade-de-gendarmerie-de-carnot-victime-des-coups-et-blessures-volontaires#article","isPartOf":{"@id":"https:\/\/www.africa-press.net\/centrafricaine\/politique\/rca-le-commandant-de-brigade-de-gendarmerie-de-carnot-victime-des-coups-et-blessures-volontaires"},"author":{"name":"cfeditorfr","@id":"https:\/\/www.africa-press.net\/centrafricaine\/#\/schema\/person\/2b1cf3cd81a31e3cd26889ca66d677f1"},"headline":"Le commandant de brigade de gendarmerie de Carnot, victime des coups et blessures volontaires","datePublished":"2021-07-17T10:14:49+00:00","dateModified":"2021-07-18T03:39:42+00:00","mainEntityOfPage":{"@id":"https:\/\/www.africa-press.net\/centrafricaine\/politique\/rca-le-commandant-de-brigade-de-gendarmerie-de-carnot-victime-des-coups-et-blessures-volontaires"},"wordCount":259,"commentCount":0,"image":{"@id":"https:\/\/www.africa-press.net\/centrafricaine\/politique\/rca-le-commandant-de-brigade-de-gendarmerie-de-carnot-victime-des-coups-et-blessures-volontaires#primaryimage"},"thumbnailUrl":"https:\/\/static.africa-press.net\/centrafricaine\/sites\/45\/2021\/07\/img-60f2ac9427be4.jpg","keywords":["Africa Press","Africa Press-CentrAfricaine","CentrAfricaine"],"articleSection":["homepage-french","Politique","Toutes les actualit\u00e9s"],"inLanguage":"fr-FR","potentialAction":[{"@type":"CommentAction","name":"Comment","target":["https:\/\/www.africa-press.net\/centrafricaine\/politique\/rca-le-commandant-de-brigade-de-gendarmerie-de-carnot-victime-des-coups-et-blessures-volontaires#respond"]}]},{"@type":"WebPage","@id":"https:\/\/www.africa-press.net\/centrafricaine\/politique\/rca-le-commandant-de-brigade-de-gendarmerie-de-carnot-victime-des-coups-et-blessures-volontaires","url":"https:\/\/www.africa-press.net\/centrafricaine\/politique\/rca-le-commandant-de-brigade-de-gendarmerie-de-carnot-victime-des-coups-et-blessures-volontaires","name":"Le commandant de brigade de gendarmerie de Carnot, victime des coups et blessures volontaires - centrafricaine","isPartOf":{"@id":"https:\/\/www.africa-press.net\/centrafricaine\/#website"},"primaryImageOfPage":{"@id":"https:\/\/www.africa-press.net\/centrafricaine\/politique\/rca-le-commandant-de-brigade-de-gendarmerie-de-carnot-victime-des-coups-et-blessures-volontaires#primaryimage"},"image":{"@id":"https:\/\/www.africa-press.net\/centrafricaine\/politique\/rca-le-commandant-de-brigade-de-gendarmerie-de-carnot-victime-des-coups-et-blessures-volontaires#primaryimage"},"thumbnailUrl":"https:\/\/static.africa-press.net\/centrafricaine\/sites\/45\/2021\/07\/img-60f2ac9427be4.jpg","datePublished":"2021-07-17T10:14:49+00:00","dateModified":"2021-07-18T03:39:42+00:00","author":{"@id":"https:\/\/www.africa-press.net\/centrafricaine\/#\/schema\/person\/2b1cf3cd81a31e3cd26889ca66d677f1"},"description":"Bangui, R\u00e9publique centrafricaine, vendredi, 16 juillet 2021, 16:59:47 ( Corbeaunews-Centrafrique ). Le commanda ...","breadcrumb":{"@id":"https:\/\/www.africa-press.net\/centrafricaine\/politique\/rca-le-commandant-de-brigade-de-gendarmerie-de-carnot-victime-des-coups-et-blessures-volontaires#breadcrumb"},"inLanguage":"fr-FR","potentialAction":[{"@type":"ReadAction","target":["https:\/\/www.africa-press.net\/centrafricaine\/politique\/rca-le-commandant-de-brigade-de-gendarmerie-de-carnot-victime-des-coups-et-blessures-volontaires"]}]},{"@type":"ImageObject","inLanguage":"fr-FR","@id":"https:\/\/www.africa-press.net\/centrafricaine\/politique\/rca-le-commandant-de-brigade-de-gendarmerie-de-carnot-victime-des-coups-et-blessures-volontaires#primaryimage","url":"https:\/\/static.africa-press.net\/centrafricaine\/sites\/45\/2021\/07\/img-60f2ac9427be4.jpg","contentUrl":"https:\/\/static.africa-press.net\/centrafricaine\/sites\/45\/2021\/07\/img-60f2ac9427be4.jpg","width":750,"height":690,"caption":"RCA\u00a0: Le commandant de brigade de gendarmerie de Carnot, victime des coups et blessures volontaires"},{"@type":"BreadcrumbList","@id":"https:\/\/www.africa-press.net\/centrafricaine\/politique\/rca-le-commandant-de-brigade-de-gendarmerie-de-carnot-victime-des-coups-et-blessures-volontaires#breadcrumb","itemListElement":[{"@type":"ListItem","position":1,"name":"Accueil","item":"https:\/\/www.africa-press.net\/centrafricaine\/"},{"@type":"ListItem","position":2,"name":"Le commandant de brigade de gendarmerie de Carnot, victime des coups et blessures volontaires"}]},{"@type":"WebSite","@id":"https:\/\/www.africa-press.net\/centrafricaine\/#website","url":"https:\/\/www.africa-press.net\/centrafricaine\/","name":"centrafricaine","description":"Just another Africa News Agency Sites site","potentialAction":[{"@type":"SearchAction","target":{"@type":"EntryPoint","urlTemplate":"https:\/\/www.africa-press.net\/centrafricaine\/?s={search_term_string}"},"query-input":{"@type":"PropertyValueSpecification","valueRequired":true,"valueName":"search_term_string"}}],"inLanguage":"fr-FR"},{"@type":"Person","@id":"https:\/\/www.africa-press.net\/centrafricaine\/#\/schema\/person\/2b1cf3cd81a31e3cd26889ca66d677f1","name":"cfeditorfr"}]}},"_links":{"self":[{"href":"https:\/\/www.africa-press.net\/centrafricaine\/wp-json\/wp\/v2\/posts\/8947","targetHints":{"allow":["GET"]}}],"collection":[{"href":"https:\/\/www.africa-press.net\/centrafricaine\/wp-json\/wp\/v2\/posts"}],"about":[{"href":"https:\/\/www.africa-press.net\/centrafricaine\/wp-json\/wp\/v2\/types\/post"}],"author":[{"embeddable":true,"href":"https:\/\/www.africa-press.net\/centrafricaine\/wp-json\/wp\/v2\/users\/82"}],"replies":[{"embeddable":true,"href":"https:\/\/www.africa-press.net\/centrafricaine\/wp-json\/wp\/v2\/comments?post=8947"}],"version-history":[{"count":0,"href":"https:\/\/www.africa-press.net\/centrafricaine\/wp-json\/wp\/v2\/posts\/8947\/revisions"}],"wp:featuredmedia":[{"embeddable":true,"href":"https:\/\/www.africa-press.net\/centrafricaine\/wp-json\/wp\/v2\/media\/8946"}],"wp:attachment":[{"href":"https:\/\/www.africa-press.net\/centrafricaine\/wp-json\/wp\/v2\/media?parent=8947"}],"wp:term":[{"taxonomy":"category","embeddable":true,"href":"https:\/\/www.africa-press.net\/centrafricaine\/wp-json\/wp\/v2\/categories?post=8947"},{"taxonomy":"post_tag","embeddable":true,"href":"https:\/\/www.africa-press.net\/centrafricaine\/wp-json\/wp\/v2\/tags?post=8947"}],"curies":[{"name":"wp","href":"https:\/\/api.w.org\/{rel}","templated":true}]}}