{"id":8950,"date":"2021-07-17T10:20:37","date_gmt":"2021-07-17T10:20:37","guid":{"rendered":"https:\/\/www.africa-press.net\/centrafricaine\/?p=8950"},"modified":"2021-07-18T03:39:51","modified_gmt":"2021-07-18T03:39:51","slug":"rca-interpellation-a-rafai-de-trois-individus-suspectes-detre-des-rebelles","status":"publish","type":"post","link":"https:\/\/www.africa-press.net\/centrafricaine\/politique\/rca-interpellation-a-rafai-de-trois-individus-suspectes-detre-des-rebelles","title":{"rendered":"interpellation \u00e0 Rafa\u00ef de trois individus suspect\u00e9s d\u2019\u00eatre des rebelles"},"content":{"rendered":"<p><span style=\"color: #ff6600\"><strong><a href=\"https:\/\/www.africa-press.net\/\">Africa-Press<\/a> &#8211; <a href=\"https:\/\/www.africa-press.net\/centrafricaine\">CentrAfricaine<\/a>.\u00a0 <\/strong><\/span>Les trois suspects arr\u00eat\u00e9s par un groupe des jeunes locaux ont \u00e9t\u00e9 remis \u00e0 la gendarmerie qui les ont remis \u00e0 son tour \u00e0 la Minusca, mais leurs identit\u00e9s suscitent des nombreuses interrogations. S\u2019agit-il des rebelles ? La pol\u00e9mique enfle, mais les habitants de Rafa\u00ef confirment que ce sont bel et bien des rebelles. Comment ?<\/p>\n<p>Selon la gendarmerie de Rafa\u00ef, les trois suspects ont \u00e9t\u00e9 interpell\u00e9s jeudi 15 juillet par un groupe des jeunes de Rafa\u00ef qui les ont suspect\u00e9s d\u2019appartenir au groupe rebelle de l\u2019unit\u00e9 pour la paix en Centrafrique en provenance de la ville de Mboki. Or, ces individus n\u2019ont aucune arme de guerre sur eux, seulement des couteaux. Cependant, dans la poche de l\u2019un des suspects, on retrouve un papier pr\u00e9sent\u00e9 comme un ordre de mission par les notables locaux.<\/p>\n<p><b>\u00ab Pr\u00e9sentement o\u00f9 je vous parle, ils sont \u00e0 la gendarmerie de Rafa\u00ef. Ce qu\u2019on a retrouv\u00e9 sur eux est des couteaux, mais ils cachent leurs armes avant de sortir\u2026 \u00bb<\/b><\/p>\n<p>, d\u00e9clare-t-il.<\/p>\n<p>Il y\u2019a lieu de noter que la ville de Rafa\u00ef dans la pr\u00e9fecture de Mbomou est plong\u00e9e depuis pr\u00e8s d\u2019une semaine dans la peur. La pr\u00e9sence des hommes en armes est signal\u00e9e \u00e0 25 kilom\u00e8tres de la ville serait \u00e0 l\u2019origine de cette angoisse.<\/p>\n<p><b>\u00a0<\/b><\/p>\n<p><b>\u00a0<\/b><\/p>\n","protected":false},"excerpt":{"rendered":"<p>Africa-Press &#8211; CentrAfricaine.\u00a0 Les trois suspects arr\u00eat\u00e9s par un groupe des jeunes locaux ont \u00e9t\u00e9 remis \u00e0 la gendarmerie qui les ont remis \u00e0 son tour \u00e0 la Minusca, mais leurs identit\u00e9s suscitent des nombreuses interrogations. S\u2019agit-il des rebelles ? La pol\u00e9mique enfle, mais les habitants de Rafa\u00ef confirment que ce sont bel et bien [&hellip;]<\/p>\n","protected":false},"author":82,"featured_media":8949,"comment_status":"open","ping_status":"closed","sticky":false,"template":"","format":"standard","meta":{"footnotes":""},"categories":[11,2,10],"tags":[36,58,30],"class_list":["post-8950","post","type-post","status-publish","format-standard","has-post-thumbnail","hentry","category-homepage-french","category-politique","category-toutes-les-actualites","tag-africa-press","tag-africa-press-centrafricaine","tag-centrafricaine"],"yoast_head":"<!-- This site is optimized with the Yoast SEO Premium plugin v26.1 (Yoast SEO v27.0) - https:\/\/yoast.com\/product\/yoast-seo-premium-wordpress\/ -->\n<title>interpellation \u00e0 Rafa\u00ef de trois individus suspect\u00e9s d\u2019\u00eatre des rebelles - centrafricaine<\/title>\n<meta name=\"description\" content=\"Bangui, R\u00e9publique centrafricaine, samedi, 17 juillet 2021, 03:09:48 ( Corbeaunews-Centrafrique ). Les trois sus ...\" \/>\n<meta name=\"robots\" content=\"index, follow, max-snippet:-1, max-image-preview:large, max-video-preview:-1\" \/>\n<link rel=\"canonical\" href=\"https:\/\/www.africa-press.net\/centrafricaine\/politique\/rca-interpellation-a-rafai-de-trois-individus-suspectes-detre-des-rebelles\" \/>\n<meta property=\"og:locale\" content=\"fr_FR\" \/>\n<meta property=\"og:type\" content=\"article\" \/>\n<meta property=\"og:title\" content=\"interpellation \u00e0 Rafa\u00ef de trois individus suspect\u00e9s d\u2019\u00eatre des rebelles\" \/>\n<meta property=\"og:description\" content=\"Bangui, R\u00e9publique centrafricaine, samedi, 17 juillet 2021, 03:09:48 ( Corbeaunews-Centrafrique ). Les trois sus ...\" \/>\n<meta property=\"og:url\" content=\"https:\/\/www.africa-press.net\/centrafricaine\/politique\/rca-interpellation-a-rafai-de-trois-individus-suspectes-detre-des-rebelles\" \/>\n<meta property=\"og:site_name\" content=\"centrafricaine\" \/>\n<meta property=\"article:published_time\" content=\"2021-07-17T10:20:37+00:00\" \/>\n<meta property=\"article:modified_time\" content=\"2021-07-18T03:39:51+00:00\" \/>\n<meta property=\"og:image\" content=\"https:\/\/static.africa-press.net\/centrafricaine\/sites\/45\/2021\/07\/img-60f2accd3c0d5.jpg\" \/>\n\t<meta property=\"og:image:width\" content=\"1000\" \/>\n\t<meta property=\"og:image:height\" content=\"564\" \/>\n\t<meta property=\"og:image:type\" content=\"image\/jpeg\" \/>\n<meta name=\"author\" content=\"cfeditorfr\" \/>\n<meta name=\"twitter:card\" content=\"summary_large_image\" \/>\n<meta name=\"twitter:label1\" content=\"\u00c9crit par\" \/>\n\t<meta name=\"twitter:data1\" content=\"cfeditorfr\" \/>\n\t<meta name=\"twitter:label2\" content=\"Dur\u00e9e de lecture estim\u00e9e\" \/>\n\t<meta name=\"twitter:data2\" content=\"1 minute\" \/>\n<script type=\"application\/ld+json\" class=\"yoast-schema-graph\">{\"@context\":\"https:\/\/schema.org\",\"@graph\":[{\"@type\":\"Article\",\"@id\":\"https:\/\/www.africa-press.net\/centrafricaine\/politique\/rca-interpellation-a-rafai-de-trois-individus-suspectes-detre-des-rebelles#article\",\"isPartOf\":{\"@id\":\"https:\/\/www.africa-press.net\/centrafricaine\/politique\/rca-interpellation-a-rafai-de-trois-individus-suspectes-detre-des-rebelles\"},\"author\":{\"name\":\"cfeditorfr\",\"@id\":\"https:\/\/www.africa-press.net\/centrafricaine\/#\/schema\/person\/2b1cf3cd81a31e3cd26889ca66d677f1\"},\"headline\":\"interpellation \u00e0 Rafa\u00ef de trois individus suspect\u00e9s d\u2019\u00eatre des rebelles\",\"datePublished\":\"2021-07-17T10:20:37+00:00\",\"dateModified\":\"2021-07-18T03:39:51+00:00\",\"mainEntityOfPage\":{\"@id\":\"https:\/\/www.africa-press.net\/centrafricaine\/politique\/rca-interpellation-a-rafai-de-trois-individus-suspectes-detre-des-rebelles\"},\"wordCount\":236,\"commentCount\":0,\"image\":{\"@id\":\"https:\/\/www.africa-press.net\/centrafricaine\/politique\/rca-interpellation-a-rafai-de-trois-individus-suspectes-detre-des-rebelles#primaryimage\"},\"thumbnailUrl\":\"https:\/\/static.africa-press.net\/centrafricaine\/sites\/45\/2021\/07\/img-60f2accd3c0d5.jpg\",\"keywords\":[\"Africa Press\",\"Africa Press-CentrAfricaine\",\"CentrAfricaine\"],\"articleSection\":[\"homepage-french\",\"Politique\",\"Toutes les actualit\u00e9s\"],\"inLanguage\":\"fr-FR\",\"potentialAction\":[{\"@type\":\"CommentAction\",\"name\":\"Comment\",\"target\":[\"https:\/\/www.africa-press.net\/centrafricaine\/politique\/rca-interpellation-a-rafai-de-trois-individus-suspectes-detre-des-rebelles#respond\"]}]},{\"@type\":\"WebPage\",\"@id\":\"https:\/\/www.africa-press.net\/centrafricaine\/politique\/rca-interpellation-a-rafai-de-trois-individus-suspectes-detre-des-rebelles\",\"url\":\"https:\/\/www.africa-press.net\/centrafricaine\/politique\/rca-interpellation-a-rafai-de-trois-individus-suspectes-detre-des-rebelles\",\"name\":\"interpellation \u00e0 Rafa\u00ef de trois individus suspect\u00e9s d\u2019\u00eatre des rebelles - centrafricaine\",\"isPartOf\":{\"@id\":\"https:\/\/www.africa-press.net\/centrafricaine\/#website\"},\"primaryImageOfPage\":{\"@id\":\"https:\/\/www.africa-press.net\/centrafricaine\/politique\/rca-interpellation-a-rafai-de-trois-individus-suspectes-detre-des-rebelles#primaryimage\"},\"image\":{\"@id\":\"https:\/\/www.africa-press.net\/centrafricaine\/politique\/rca-interpellation-a-rafai-de-trois-individus-suspectes-detre-des-rebelles#primaryimage\"},\"thumbnailUrl\":\"https:\/\/static.africa-press.net\/centrafricaine\/sites\/45\/2021\/07\/img-60f2accd3c0d5.jpg\",\"datePublished\":\"2021-07-17T10:20:37+00:00\",\"dateModified\":\"2021-07-18T03:39:51+00:00\",\"author\":{\"@id\":\"https:\/\/www.africa-press.net\/centrafricaine\/#\/schema\/person\/2b1cf3cd81a31e3cd26889ca66d677f1\"},\"description\":\"Bangui, R\u00e9publique centrafricaine, samedi, 17 juillet 2021, 03:09:48 ( Corbeaunews-Centrafrique ). Les trois sus ...\",\"breadcrumb\":{\"@id\":\"https:\/\/www.africa-press.net\/centrafricaine\/politique\/rca-interpellation-a-rafai-de-trois-individus-suspectes-detre-des-rebelles#breadcrumb\"},\"inLanguage\":\"fr-FR\",\"potentialAction\":[{\"@type\":\"ReadAction\",\"target\":[\"https:\/\/www.africa-press.net\/centrafricaine\/politique\/rca-interpellation-a-rafai-de-trois-individus-suspectes-detre-des-rebelles\"]}]},{\"@type\":\"ImageObject\",\"inLanguage\":\"fr-FR\",\"@id\":\"https:\/\/www.africa-press.net\/centrafricaine\/politique\/rca-interpellation-a-rafai-de-trois-individus-suspectes-detre-des-rebelles#primaryimage\",\"url\":\"https:\/\/static.africa-press.net\/centrafricaine\/sites\/45\/2021\/07\/img-60f2accd3c0d5.jpg\",\"contentUrl\":\"https:\/\/static.africa-press.net\/centrafricaine\/sites\/45\/2021\/07\/img-60f2accd3c0d5.jpg\",\"width\":1000,\"height\":564,\"caption\":\"RCA\u00a0: interpellation \u00e0 Rafa\u00ef de trois individus suspect\u00e9s d\u2019\u00eatre des rebelles\"},{\"@type\":\"BreadcrumbList\",\"@id\":\"https:\/\/www.africa-press.net\/centrafricaine\/politique\/rca-interpellation-a-rafai-de-trois-individus-suspectes-detre-des-rebelles#breadcrumb\",\"itemListElement\":[{\"@type\":\"ListItem\",\"position\":1,\"name\":\"Accueil\",\"item\":\"https:\/\/www.africa-press.net\/centrafricaine\/\"},{\"@type\":\"ListItem\",\"position\":2,\"name\":\"interpellation \u00e0 Rafa\u00ef de trois individus suspect\u00e9s d\u2019\u00eatre des rebelles\"}]},{\"@type\":\"WebSite\",\"@id\":\"https:\/\/www.africa-press.net\/centrafricaine\/#website\",\"url\":\"https:\/\/www.africa-press.net\/centrafricaine\/\",\"name\":\"centrafricaine\",\"description\":\"Just another Africa News Agency Sites site\",\"potentialAction\":[{\"@type\":\"SearchAction\",\"target\":{\"@type\":\"EntryPoint\",\"urlTemplate\":\"https:\/\/www.africa-press.net\/centrafricaine\/?s={search_term_string}\"},\"query-input\":{\"@type\":\"PropertyValueSpecification\",\"valueRequired\":true,\"valueName\":\"search_term_string\"}}],\"inLanguage\":\"fr-FR\"},{\"@type\":\"Person\",\"@id\":\"https:\/\/www.africa-press.net\/centrafricaine\/#\/schema\/person\/2b1cf3cd81a31e3cd26889ca66d677f1\",\"name\":\"cfeditorfr\"}]}<\/script>\n<!-- \/ Yoast SEO Premium plugin. -->","yoast_head_json":{"title":"interpellation \u00e0 Rafa\u00ef de trois individus suspect\u00e9s d\u2019\u00eatre des rebelles - centrafricaine","description":"Bangui, R\u00e9publique centrafricaine, samedi, 17 juillet 2021, 03:09:48 ( Corbeaunews-Centrafrique ). Les trois sus ...","robots":{"index":"index","follow":"follow","max-snippet":"max-snippet:-1","max-image-preview":"max-image-preview:large","max-video-preview":"max-video-preview:-1"},"canonical":"https:\/\/www.africa-press.net\/centrafricaine\/politique\/rca-interpellation-a-rafai-de-trois-individus-suspectes-detre-des-rebelles","og_locale":"fr_FR","og_type":"article","og_title":"interpellation \u00e0 Rafa\u00ef de trois individus suspect\u00e9s d\u2019\u00eatre des rebelles","og_description":"Bangui, R\u00e9publique centrafricaine, samedi, 17 juillet 2021, 03:09:48 ( Corbeaunews-Centrafrique ). Les trois sus ...","og_url":"https:\/\/www.africa-press.net\/centrafricaine\/politique\/rca-interpellation-a-rafai-de-trois-individus-suspectes-detre-des-rebelles","og_site_name":"centrafricaine","article_published_time":"2021-07-17T10:20:37+00:00","article_modified_time":"2021-07-18T03:39:51+00:00","og_image":[{"width":1000,"height":564,"url":"https:\/\/static.africa-press.net\/centrafricaine\/sites\/45\/2021\/07\/img-60f2accd3c0d5.jpg","type":"image\/jpeg"}],"author":"cfeditorfr","twitter_card":"summary_large_image","twitter_misc":{"\u00c9crit par":"cfeditorfr","Dur\u00e9e de lecture estim\u00e9e":"1 minute"},"schema":{"@context":"https:\/\/schema.org","@graph":[{"@type":"Article","@id":"https:\/\/www.africa-press.net\/centrafricaine\/politique\/rca-interpellation-a-rafai-de-trois-individus-suspectes-detre-des-rebelles#article","isPartOf":{"@id":"https:\/\/www.africa-press.net\/centrafricaine\/politique\/rca-interpellation-a-rafai-de-trois-individus-suspectes-detre-des-rebelles"},"author":{"name":"cfeditorfr","@id":"https:\/\/www.africa-press.net\/centrafricaine\/#\/schema\/person\/2b1cf3cd81a31e3cd26889ca66d677f1"},"headline":"interpellation \u00e0 Rafa\u00ef de trois individus suspect\u00e9s d\u2019\u00eatre des rebelles","datePublished":"2021-07-17T10:20:37+00:00","dateModified":"2021-07-18T03:39:51+00:00","mainEntityOfPage":{"@id":"https:\/\/www.africa-press.net\/centrafricaine\/politique\/rca-interpellation-a-rafai-de-trois-individus-suspectes-detre-des-rebelles"},"wordCount":236,"commentCount":0,"image":{"@id":"https:\/\/www.africa-press.net\/centrafricaine\/politique\/rca-interpellation-a-rafai-de-trois-individus-suspectes-detre-des-rebelles#primaryimage"},"thumbnailUrl":"https:\/\/static.africa-press.net\/centrafricaine\/sites\/45\/2021\/07\/img-60f2accd3c0d5.jpg","keywords":["Africa Press","Africa Press-CentrAfricaine","CentrAfricaine"],"articleSection":["homepage-french","Politique","Toutes les actualit\u00e9s"],"inLanguage":"fr-FR","potentialAction":[{"@type":"CommentAction","name":"Comment","target":["https:\/\/www.africa-press.net\/centrafricaine\/politique\/rca-interpellation-a-rafai-de-trois-individus-suspectes-detre-des-rebelles#respond"]}]},{"@type":"WebPage","@id":"https:\/\/www.africa-press.net\/centrafricaine\/politique\/rca-interpellation-a-rafai-de-trois-individus-suspectes-detre-des-rebelles","url":"https:\/\/www.africa-press.net\/centrafricaine\/politique\/rca-interpellation-a-rafai-de-trois-individus-suspectes-detre-des-rebelles","name":"interpellation \u00e0 Rafa\u00ef de trois individus suspect\u00e9s d\u2019\u00eatre des rebelles - centrafricaine","isPartOf":{"@id":"https:\/\/www.africa-press.net\/centrafricaine\/#website"},"primaryImageOfPage":{"@id":"https:\/\/www.africa-press.net\/centrafricaine\/politique\/rca-interpellation-a-rafai-de-trois-individus-suspectes-detre-des-rebelles#primaryimage"},"image":{"@id":"https:\/\/www.africa-press.net\/centrafricaine\/politique\/rca-interpellation-a-rafai-de-trois-individus-suspectes-detre-des-rebelles#primaryimage"},"thumbnailUrl":"https:\/\/static.africa-press.net\/centrafricaine\/sites\/45\/2021\/07\/img-60f2accd3c0d5.jpg","datePublished":"2021-07-17T10:20:37+00:00","dateModified":"2021-07-18T03:39:51+00:00","author":{"@id":"https:\/\/www.africa-press.net\/centrafricaine\/#\/schema\/person\/2b1cf3cd81a31e3cd26889ca66d677f1"},"description":"Bangui, R\u00e9publique centrafricaine, samedi, 17 juillet 2021, 03:09:48 ( Corbeaunews-Centrafrique ). Les trois sus ...","breadcrumb":{"@id":"https:\/\/www.africa-press.net\/centrafricaine\/politique\/rca-interpellation-a-rafai-de-trois-individus-suspectes-detre-des-rebelles#breadcrumb"},"inLanguage":"fr-FR","potentialAction":[{"@type":"ReadAction","target":["https:\/\/www.africa-press.net\/centrafricaine\/politique\/rca-interpellation-a-rafai-de-trois-individus-suspectes-detre-des-rebelles"]}]},{"@type":"ImageObject","inLanguage":"fr-FR","@id":"https:\/\/www.africa-press.net\/centrafricaine\/politique\/rca-interpellation-a-rafai-de-trois-individus-suspectes-detre-des-rebelles#primaryimage","url":"https:\/\/static.africa-press.net\/centrafricaine\/sites\/45\/2021\/07\/img-60f2accd3c0d5.jpg","contentUrl":"https:\/\/static.africa-press.net\/centrafricaine\/sites\/45\/2021\/07\/img-60f2accd3c0d5.jpg","width":1000,"height":564,"caption":"RCA\u00a0: interpellation \u00e0 Rafa\u00ef de trois individus suspect\u00e9s d\u2019\u00eatre des rebelles"},{"@type":"BreadcrumbList","@id":"https:\/\/www.africa-press.net\/centrafricaine\/politique\/rca-interpellation-a-rafai-de-trois-individus-suspectes-detre-des-rebelles#breadcrumb","itemListElement":[{"@type":"ListItem","position":1,"name":"Accueil","item":"https:\/\/www.africa-press.net\/centrafricaine\/"},{"@type":"ListItem","position":2,"name":"interpellation \u00e0 Rafa\u00ef de trois individus suspect\u00e9s d\u2019\u00eatre des rebelles"}]},{"@type":"WebSite","@id":"https:\/\/www.africa-press.net\/centrafricaine\/#website","url":"https:\/\/www.africa-press.net\/centrafricaine\/","name":"centrafricaine","description":"Just another Africa News Agency Sites site","potentialAction":[{"@type":"SearchAction","target":{"@type":"EntryPoint","urlTemplate":"https:\/\/www.africa-press.net\/centrafricaine\/?s={search_term_string}"},"query-input":{"@type":"PropertyValueSpecification","valueRequired":true,"valueName":"search_term_string"}}],"inLanguage":"fr-FR"},{"@type":"Person","@id":"https:\/\/www.africa-press.net\/centrafricaine\/#\/schema\/person\/2b1cf3cd81a31e3cd26889ca66d677f1","name":"cfeditorfr"}]}},"_links":{"self":[{"href":"https:\/\/www.africa-press.net\/centrafricaine\/wp-json\/wp\/v2\/posts\/8950","targetHints":{"allow":["GET"]}}],"collection":[{"href":"https:\/\/www.africa-press.net\/centrafricaine\/wp-json\/wp\/v2\/posts"}],"about":[{"href":"https:\/\/www.africa-press.net\/centrafricaine\/wp-json\/wp\/v2\/types\/post"}],"author":[{"embeddable":true,"href":"https:\/\/www.africa-press.net\/centrafricaine\/wp-json\/wp\/v2\/users\/82"}],"replies":[{"embeddable":true,"href":"https:\/\/www.africa-press.net\/centrafricaine\/wp-json\/wp\/v2\/comments?post=8950"}],"version-history":[{"count":0,"href":"https:\/\/www.africa-press.net\/centrafricaine\/wp-json\/wp\/v2\/posts\/8950\/revisions"}],"wp:featuredmedia":[{"embeddable":true,"href":"https:\/\/www.africa-press.net\/centrafricaine\/wp-json\/wp\/v2\/media\/8949"}],"wp:attachment":[{"href":"https:\/\/www.africa-press.net\/centrafricaine\/wp-json\/wp\/v2\/media?parent=8950"}],"wp:term":[{"taxonomy":"category","embeddable":true,"href":"https:\/\/www.africa-press.net\/centrafricaine\/wp-json\/wp\/v2\/categories?post=8950"},{"taxonomy":"post_tag","embeddable":true,"href":"https:\/\/www.africa-press.net\/centrafricaine\/wp-json\/wp\/v2\/tags?post=8950"}],"curies":[{"name":"wp","href":"https:\/\/api.w.org\/{rel}","templated":true}]}}