{"id":8962,"date":"2021-07-17T10:52:12","date_gmt":"2021-07-17T10:52:12","guid":{"rendered":"https:\/\/www.africa-press.net\/centrafricaine\/?p=8962"},"modified":"2021-07-18T03:40:44","modified_gmt":"2021-07-18T03:40:44","slug":"rca-les-deplaces-continuent-daffluer-a-bozoum","status":"publish","type":"post","link":"https:\/\/www.africa-press.net\/centrafricaine\/politique\/rca-les-deplaces-continuent-daffluer-a-bozoum","title":{"rendered":"Les d\u00e9plac\u00e9s continuent d\u2019affluer \u00e0 Bozoum"},"content":{"rendered":"<p><span style=\"color: #ff6600\"><strong><a href=\"https:\/\/www.africa-press.net\/\">Africa-Press<\/a> &#8211; <a href=\"https:\/\/www.africa-press.net\/centrafricaine\">CentrAfricaine<\/a>.\u00a0 <\/strong><\/span>Dans le nord-ouest de la RCA, les d\u00e9plac\u00e9s continuent d\u2019affluer dans la ville de Bozoum et aux alentours pour fuir les exactions attribu\u00e9es aux combattants rebelles de la coalition des patriotes pour le changement (CPC). Selon la Croix-Rouge locale, ils seraient actuellement plus de 2000, et ont besoin d\u2019assistance humanitaire d\u2019urgence.<\/p>\n<p>24 heures apr\u00e8s leur retrait sur certains axes menant \u00e0 la ville de Bozoum, les rebelles de 3R, membres du CPC se sont repli\u00e9es en majorit\u00e9 sur des chantiers miniers dans les villages p\u00e9riph\u00e9rie de Bozoum. Leur pr\u00e9sence a fait fuir les populations civiles vers Bozoum centre. Certains parlent d\u2019agression et de viol des femmes et des jeunes filles par ces rebelles.<\/p>\n<p>Selon la croix \u2013 rouge et les autorit\u00e9s locales, ces d\u00e9plac\u00e9s vivent dans des conditions d\u00e9plorables. Ils manquent de tout, m\u00eame de la nourriture et des m\u00e9dicaments. Elles appellent \u00e0 l\u2019aide Bangui, mais \u00e9galement certaines ONG nationales ou internationales \u00e0 leur porter secours.<\/p>\n<p>Pour l\u2019heure, les forces de l\u2019ordre et leurs alli\u00e9s sont au centre Bozoum, et ne peuvent plus lutter efficacement contre la mobilit\u00e9 strat\u00e9gique des rebelles de la coalition des patriotes pour le changement (CPC) qui multiplient des d\u00e9g\u00e2ts et des violences sur les populations civiles.<\/p>\n<p>Rappelons que le mardi 13 juillet dernier, les combattants rebelles de 3R, membres de la coalition des patriotes pour le changement (CPC), ont de nouveau bloqu\u00e9 les quatre axes routiers menant \u00e0 la ville de Bozoum, chef-lieu de la pr\u00e9fecture de l\u2019Ouham-P\u00e9nd\u00e9.<\/p>\n<p>Selon les autorit\u00e9s locales, sur l\u2019axe Bozoum Bouar, les rebelles se sont positionn\u00e9s \u00e0 12 kilom\u00e8tres de Bozoum, plus pr\u00e9cis\u00e9ment au village Kpar\u00e9. De m\u00eame sur l\u2019axe Bozoum Paoua, ils ont bloqu\u00e9 la route au niveau du village Tal\u00e9, situ\u00e9 \u00e0 45 kilom\u00e8tres de Bozoum. Ils avaient mis des barricades et contr\u00f4lent toutes les circulations dans cette localit\u00e9. En plus, sur l\u2019axe Bozoum Bossangoa, c\u2019est toujours la m\u00eame pratique, y compris sur la route de Bozoum Bossempt\u00e9l\u00e9, o\u00f9 ils avaient \u00e9rig\u00e9 \u00e9galement des barricades au village Bokongo, 15 km de Bozoum, a Boyabane, 25 km de Bozoum, puis \u00e0 Bongbalo situ\u00e9 \u00e0 37 km de Bozoum.<\/p>\n<p>Pour l\u2019heure, ils ont quitt\u00e9 toutes ces localit\u00e9s pour les zones mini\u00e8res.<\/p>\n<p><b>\u00a0<\/b><\/p>\n","protected":false},"excerpt":{"rendered":"<p>Africa-Press &#8211; CentrAfricaine.\u00a0 Dans le nord-ouest de la RCA, les d\u00e9plac\u00e9s continuent d\u2019affluer dans la ville de Bozoum et aux alentours pour fuir les exactions attribu\u00e9es aux combattants rebelles de la coalition des patriotes pour le changement (CPC). Selon la Croix-Rouge locale, ils seraient actuellement plus de 2000, et ont besoin d\u2019assistance humanitaire d\u2019urgence. 24 [&hellip;]<\/p>\n","protected":false},"author":82,"featured_media":8961,"comment_status":"open","ping_status":"closed","sticky":false,"template":"","format":"standard","meta":{"footnotes":""},"categories":[11,2,10],"tags":[36,58,30],"class_list":["post-8962","post","type-post","status-publish","format-standard","has-post-thumbnail","hentry","category-homepage-french","category-politique","category-toutes-les-actualites","tag-africa-press","tag-africa-press-centrafricaine","tag-centrafricaine"],"yoast_head":"<!-- This site is optimized with the Yoast SEO Premium plugin v26.1 (Yoast SEO v27.0) - https:\/\/yoast.com\/product\/yoast-seo-premium-wordpress\/ -->\n<title>Les d\u00e9plac\u00e9s continuent d\u2019affluer \u00e0 Bozoum - centrafricaine<\/title>\n<meta name=\"description\" content=\"Bangui, R\u00e9publique centrafricaine, vendredi, 16 juillet 2021, 14:00:18 ( Corbeaunews-Centrafrique ). Dans le nor ...\" \/>\n<meta name=\"robots\" content=\"index, follow, max-snippet:-1, max-image-preview:large, max-video-preview:-1\" \/>\n<link rel=\"canonical\" href=\"https:\/\/www.africa-press.net\/centrafricaine\/politique\/rca-les-deplaces-continuent-daffluer-a-bozoum\" \/>\n<meta property=\"og:locale\" content=\"fr_FR\" \/>\n<meta property=\"og:type\" content=\"article\" \/>\n<meta property=\"og:title\" content=\"Les d\u00e9plac\u00e9s continuent d\u2019affluer \u00e0 Bozoum\" \/>\n<meta property=\"og:description\" content=\"Bangui, R\u00e9publique centrafricaine, vendredi, 16 juillet 2021, 14:00:18 ( Corbeaunews-Centrafrique ). Dans le nor ...\" \/>\n<meta property=\"og:url\" content=\"https:\/\/www.africa-press.net\/centrafricaine\/politique\/rca-les-deplaces-continuent-daffluer-a-bozoum\" \/>\n<meta property=\"og:site_name\" content=\"centrafricaine\" \/>\n<meta property=\"article:published_time\" content=\"2021-07-17T10:52:12+00:00\" \/>\n<meta property=\"article:modified_time\" content=\"2021-07-18T03:40:44+00:00\" \/>\n<meta property=\"og:image\" content=\"https:\/\/static.africa-press.net\/centrafricaine\/sites\/45\/2021\/07\/img-60f2ad6702f6b.jpg\" \/>\n\t<meta property=\"og:image:width\" content=\"1779\" \/>\n\t<meta property=\"og:image:height\" content=\"1000\" \/>\n\t<meta property=\"og:image:type\" content=\"image\/jpeg\" \/>\n<meta name=\"author\" content=\"cfeditorfr\" \/>\n<meta name=\"twitter:card\" content=\"summary_large_image\" \/>\n<meta name=\"twitter:label1\" content=\"\u00c9crit par\" \/>\n\t<meta name=\"twitter:data1\" content=\"cfeditorfr\" \/>\n\t<meta name=\"twitter:label2\" content=\"Dur\u00e9e de lecture estim\u00e9e\" \/>\n\t<meta name=\"twitter:data2\" content=\"2 minutes\" \/>\n<script type=\"application\/ld+json\" class=\"yoast-schema-graph\">{\"@context\":\"https:\/\/schema.org\",\"@graph\":[{\"@type\":\"Article\",\"@id\":\"https:\/\/www.africa-press.net\/centrafricaine\/politique\/rca-les-deplaces-continuent-daffluer-a-bozoum#article\",\"isPartOf\":{\"@id\":\"https:\/\/www.africa-press.net\/centrafricaine\/politique\/rca-les-deplaces-continuent-daffluer-a-bozoum\"},\"author\":{\"name\":\"cfeditorfr\",\"@id\":\"https:\/\/www.africa-press.net\/centrafricaine\/#\/schema\/person\/2b1cf3cd81a31e3cd26889ca66d677f1\"},\"headline\":\"Les d\u00e9plac\u00e9s continuent d\u2019affluer \u00e0 Bozoum\",\"datePublished\":\"2021-07-17T10:52:12+00:00\",\"dateModified\":\"2021-07-18T03:40:44+00:00\",\"mainEntityOfPage\":{\"@id\":\"https:\/\/www.africa-press.net\/centrafricaine\/politique\/rca-les-deplaces-continuent-daffluer-a-bozoum\"},\"wordCount\":400,\"commentCount\":0,\"image\":{\"@id\":\"https:\/\/www.africa-press.net\/centrafricaine\/politique\/rca-les-deplaces-continuent-daffluer-a-bozoum#primaryimage\"},\"thumbnailUrl\":\"https:\/\/static.africa-press.net\/centrafricaine\/sites\/45\/2021\/07\/img-60f2ad6702f6b.jpg\",\"keywords\":[\"Africa Press\",\"Africa Press-CentrAfricaine\",\"CentrAfricaine\"],\"articleSection\":[\"homepage-french\",\"Politique\",\"Toutes les actualit\u00e9s\"],\"inLanguage\":\"fr-FR\",\"potentialAction\":[{\"@type\":\"CommentAction\",\"name\":\"Comment\",\"target\":[\"https:\/\/www.africa-press.net\/centrafricaine\/politique\/rca-les-deplaces-continuent-daffluer-a-bozoum#respond\"]}]},{\"@type\":\"WebPage\",\"@id\":\"https:\/\/www.africa-press.net\/centrafricaine\/politique\/rca-les-deplaces-continuent-daffluer-a-bozoum\",\"url\":\"https:\/\/www.africa-press.net\/centrafricaine\/politique\/rca-les-deplaces-continuent-daffluer-a-bozoum\",\"name\":\"Les d\u00e9plac\u00e9s continuent d\u2019affluer \u00e0 Bozoum - centrafricaine\",\"isPartOf\":{\"@id\":\"https:\/\/www.africa-press.net\/centrafricaine\/#website\"},\"primaryImageOfPage\":{\"@id\":\"https:\/\/www.africa-press.net\/centrafricaine\/politique\/rca-les-deplaces-continuent-daffluer-a-bozoum#primaryimage\"},\"image\":{\"@id\":\"https:\/\/www.africa-press.net\/centrafricaine\/politique\/rca-les-deplaces-continuent-daffluer-a-bozoum#primaryimage\"},\"thumbnailUrl\":\"https:\/\/static.africa-press.net\/centrafricaine\/sites\/45\/2021\/07\/img-60f2ad6702f6b.jpg\",\"datePublished\":\"2021-07-17T10:52:12+00:00\",\"dateModified\":\"2021-07-18T03:40:44+00:00\",\"author\":{\"@id\":\"https:\/\/www.africa-press.net\/centrafricaine\/#\/schema\/person\/2b1cf3cd81a31e3cd26889ca66d677f1\"},\"description\":\"Bangui, R\u00e9publique centrafricaine, vendredi, 16 juillet 2021, 14:00:18 ( Corbeaunews-Centrafrique ). Dans le nor ...\",\"breadcrumb\":{\"@id\":\"https:\/\/www.africa-press.net\/centrafricaine\/politique\/rca-les-deplaces-continuent-daffluer-a-bozoum#breadcrumb\"},\"inLanguage\":\"fr-FR\",\"potentialAction\":[{\"@type\":\"ReadAction\",\"target\":[\"https:\/\/www.africa-press.net\/centrafricaine\/politique\/rca-les-deplaces-continuent-daffluer-a-bozoum\"]}]},{\"@type\":\"ImageObject\",\"inLanguage\":\"fr-FR\",\"@id\":\"https:\/\/www.africa-press.net\/centrafricaine\/politique\/rca-les-deplaces-continuent-daffluer-a-bozoum#primaryimage\",\"url\":\"https:\/\/static.africa-press.net\/centrafricaine\/sites\/45\/2021\/07\/img-60f2ad6702f6b.jpg\",\"contentUrl\":\"https:\/\/static.africa-press.net\/centrafricaine\/sites\/45\/2021\/07\/img-60f2ad6702f6b.jpg\",\"width\":1779,\"height\":1000,\"caption\":\"RCA\u00a0: Les d\u00e9plac\u00e9s continuent d\u2019affluer \u00e0 Bozoum\"},{\"@type\":\"BreadcrumbList\",\"@id\":\"https:\/\/www.africa-press.net\/centrafricaine\/politique\/rca-les-deplaces-continuent-daffluer-a-bozoum#breadcrumb\",\"itemListElement\":[{\"@type\":\"ListItem\",\"position\":1,\"name\":\"Accueil\",\"item\":\"https:\/\/www.africa-press.net\/centrafricaine\/\"},{\"@type\":\"ListItem\",\"position\":2,\"name\":\"Les d\u00e9plac\u00e9s continuent d\u2019affluer \u00e0 Bozoum\"}]},{\"@type\":\"WebSite\",\"@id\":\"https:\/\/www.africa-press.net\/centrafricaine\/#website\",\"url\":\"https:\/\/www.africa-press.net\/centrafricaine\/\",\"name\":\"centrafricaine\",\"description\":\"Just another Africa News Agency Sites site\",\"potentialAction\":[{\"@type\":\"SearchAction\",\"target\":{\"@type\":\"EntryPoint\",\"urlTemplate\":\"https:\/\/www.africa-press.net\/centrafricaine\/?s={search_term_string}\"},\"query-input\":{\"@type\":\"PropertyValueSpecification\",\"valueRequired\":true,\"valueName\":\"search_term_string\"}}],\"inLanguage\":\"fr-FR\"},{\"@type\":\"Person\",\"@id\":\"https:\/\/www.africa-press.net\/centrafricaine\/#\/schema\/person\/2b1cf3cd81a31e3cd26889ca66d677f1\",\"name\":\"cfeditorfr\"}]}<\/script>\n<!-- \/ Yoast SEO Premium plugin. -->","yoast_head_json":{"title":"Les d\u00e9plac\u00e9s continuent d\u2019affluer \u00e0 Bozoum - centrafricaine","description":"Bangui, R\u00e9publique centrafricaine, vendredi, 16 juillet 2021, 14:00:18 ( Corbeaunews-Centrafrique ). Dans le nor ...","robots":{"index":"index","follow":"follow","max-snippet":"max-snippet:-1","max-image-preview":"max-image-preview:large","max-video-preview":"max-video-preview:-1"},"canonical":"https:\/\/www.africa-press.net\/centrafricaine\/politique\/rca-les-deplaces-continuent-daffluer-a-bozoum","og_locale":"fr_FR","og_type":"article","og_title":"Les d\u00e9plac\u00e9s continuent d\u2019affluer \u00e0 Bozoum","og_description":"Bangui, R\u00e9publique centrafricaine, vendredi, 16 juillet 2021, 14:00:18 ( Corbeaunews-Centrafrique ). Dans le nor ...","og_url":"https:\/\/www.africa-press.net\/centrafricaine\/politique\/rca-les-deplaces-continuent-daffluer-a-bozoum","og_site_name":"centrafricaine","article_published_time":"2021-07-17T10:52:12+00:00","article_modified_time":"2021-07-18T03:40:44+00:00","og_image":[{"width":1779,"height":1000,"url":"https:\/\/static.africa-press.net\/centrafricaine\/sites\/45\/2021\/07\/img-60f2ad6702f6b.jpg","type":"image\/jpeg"}],"author":"cfeditorfr","twitter_card":"summary_large_image","twitter_misc":{"\u00c9crit par":"cfeditorfr","Dur\u00e9e de lecture estim\u00e9e":"2 minutes"},"schema":{"@context":"https:\/\/schema.org","@graph":[{"@type":"Article","@id":"https:\/\/www.africa-press.net\/centrafricaine\/politique\/rca-les-deplaces-continuent-daffluer-a-bozoum#article","isPartOf":{"@id":"https:\/\/www.africa-press.net\/centrafricaine\/politique\/rca-les-deplaces-continuent-daffluer-a-bozoum"},"author":{"name":"cfeditorfr","@id":"https:\/\/www.africa-press.net\/centrafricaine\/#\/schema\/person\/2b1cf3cd81a31e3cd26889ca66d677f1"},"headline":"Les d\u00e9plac\u00e9s continuent d\u2019affluer \u00e0 Bozoum","datePublished":"2021-07-17T10:52:12+00:00","dateModified":"2021-07-18T03:40:44+00:00","mainEntityOfPage":{"@id":"https:\/\/www.africa-press.net\/centrafricaine\/politique\/rca-les-deplaces-continuent-daffluer-a-bozoum"},"wordCount":400,"commentCount":0,"image":{"@id":"https:\/\/www.africa-press.net\/centrafricaine\/politique\/rca-les-deplaces-continuent-daffluer-a-bozoum#primaryimage"},"thumbnailUrl":"https:\/\/static.africa-press.net\/centrafricaine\/sites\/45\/2021\/07\/img-60f2ad6702f6b.jpg","keywords":["Africa Press","Africa Press-CentrAfricaine","CentrAfricaine"],"articleSection":["homepage-french","Politique","Toutes les actualit\u00e9s"],"inLanguage":"fr-FR","potentialAction":[{"@type":"CommentAction","name":"Comment","target":["https:\/\/www.africa-press.net\/centrafricaine\/politique\/rca-les-deplaces-continuent-daffluer-a-bozoum#respond"]}]},{"@type":"WebPage","@id":"https:\/\/www.africa-press.net\/centrafricaine\/politique\/rca-les-deplaces-continuent-daffluer-a-bozoum","url":"https:\/\/www.africa-press.net\/centrafricaine\/politique\/rca-les-deplaces-continuent-daffluer-a-bozoum","name":"Les d\u00e9plac\u00e9s continuent d\u2019affluer \u00e0 Bozoum - centrafricaine","isPartOf":{"@id":"https:\/\/www.africa-press.net\/centrafricaine\/#website"},"primaryImageOfPage":{"@id":"https:\/\/www.africa-press.net\/centrafricaine\/politique\/rca-les-deplaces-continuent-daffluer-a-bozoum#primaryimage"},"image":{"@id":"https:\/\/www.africa-press.net\/centrafricaine\/politique\/rca-les-deplaces-continuent-daffluer-a-bozoum#primaryimage"},"thumbnailUrl":"https:\/\/static.africa-press.net\/centrafricaine\/sites\/45\/2021\/07\/img-60f2ad6702f6b.jpg","datePublished":"2021-07-17T10:52:12+00:00","dateModified":"2021-07-18T03:40:44+00:00","author":{"@id":"https:\/\/www.africa-press.net\/centrafricaine\/#\/schema\/person\/2b1cf3cd81a31e3cd26889ca66d677f1"},"description":"Bangui, R\u00e9publique centrafricaine, vendredi, 16 juillet 2021, 14:00:18 ( Corbeaunews-Centrafrique ). Dans le nor ...","breadcrumb":{"@id":"https:\/\/www.africa-press.net\/centrafricaine\/politique\/rca-les-deplaces-continuent-daffluer-a-bozoum#breadcrumb"},"inLanguage":"fr-FR","potentialAction":[{"@type":"ReadAction","target":["https:\/\/www.africa-press.net\/centrafricaine\/politique\/rca-les-deplaces-continuent-daffluer-a-bozoum"]}]},{"@type":"ImageObject","inLanguage":"fr-FR","@id":"https:\/\/www.africa-press.net\/centrafricaine\/politique\/rca-les-deplaces-continuent-daffluer-a-bozoum#primaryimage","url":"https:\/\/static.africa-press.net\/centrafricaine\/sites\/45\/2021\/07\/img-60f2ad6702f6b.jpg","contentUrl":"https:\/\/static.africa-press.net\/centrafricaine\/sites\/45\/2021\/07\/img-60f2ad6702f6b.jpg","width":1779,"height":1000,"caption":"RCA\u00a0: Les d\u00e9plac\u00e9s continuent d\u2019affluer \u00e0 Bozoum"},{"@type":"BreadcrumbList","@id":"https:\/\/www.africa-press.net\/centrafricaine\/politique\/rca-les-deplaces-continuent-daffluer-a-bozoum#breadcrumb","itemListElement":[{"@type":"ListItem","position":1,"name":"Accueil","item":"https:\/\/www.africa-press.net\/centrafricaine\/"},{"@type":"ListItem","position":2,"name":"Les d\u00e9plac\u00e9s continuent d\u2019affluer \u00e0 Bozoum"}]},{"@type":"WebSite","@id":"https:\/\/www.africa-press.net\/centrafricaine\/#website","url":"https:\/\/www.africa-press.net\/centrafricaine\/","name":"centrafricaine","description":"Just another Africa News Agency Sites site","potentialAction":[{"@type":"SearchAction","target":{"@type":"EntryPoint","urlTemplate":"https:\/\/www.africa-press.net\/centrafricaine\/?s={search_term_string}"},"query-input":{"@type":"PropertyValueSpecification","valueRequired":true,"valueName":"search_term_string"}}],"inLanguage":"fr-FR"},{"@type":"Person","@id":"https:\/\/www.africa-press.net\/centrafricaine\/#\/schema\/person\/2b1cf3cd81a31e3cd26889ca66d677f1","name":"cfeditorfr"}]}},"_links":{"self":[{"href":"https:\/\/www.africa-press.net\/centrafricaine\/wp-json\/wp\/v2\/posts\/8962","targetHints":{"allow":["GET"]}}],"collection":[{"href":"https:\/\/www.africa-press.net\/centrafricaine\/wp-json\/wp\/v2\/posts"}],"about":[{"href":"https:\/\/www.africa-press.net\/centrafricaine\/wp-json\/wp\/v2\/types\/post"}],"author":[{"embeddable":true,"href":"https:\/\/www.africa-press.net\/centrafricaine\/wp-json\/wp\/v2\/users\/82"}],"replies":[{"embeddable":true,"href":"https:\/\/www.africa-press.net\/centrafricaine\/wp-json\/wp\/v2\/comments?post=8962"}],"version-history":[{"count":0,"href":"https:\/\/www.africa-press.net\/centrafricaine\/wp-json\/wp\/v2\/posts\/8962\/revisions"}],"wp:featuredmedia":[{"embeddable":true,"href":"https:\/\/www.africa-press.net\/centrafricaine\/wp-json\/wp\/v2\/media\/8961"}],"wp:attachment":[{"href":"https:\/\/www.africa-press.net\/centrafricaine\/wp-json\/wp\/v2\/media?parent=8962"}],"wp:term":[{"taxonomy":"category","embeddable":true,"href":"https:\/\/www.africa-press.net\/centrafricaine\/wp-json\/wp\/v2\/categories?post=8962"},{"taxonomy":"post_tag","embeddable":true,"href":"https:\/\/www.africa-press.net\/centrafricaine\/wp-json\/wp\/v2\/tags?post=8962"}],"curies":[{"name":"wp","href":"https:\/\/api.w.org\/{rel}","templated":true}]}}