{"id":8980,"date":"2021-07-18T14:58:14","date_gmt":"2021-07-18T14:58:14","guid":{"rendered":"https:\/\/www.africa-press.net\/centrafricaine\/politique\/centrafrique-que-restera-t-il-dun-dialogue-politique-sil-nest-pas-inclusif-transparent-et-democratique"},"modified":"2021-07-18T21:03:49","modified_gmt":"2021-07-18T21:03:49","slug":"centrafrique-que-restera-t-il-dun-dialogue-politique-sil-nest-pas-inclusif-transparent-et-democratique","status":"publish","type":"post","link":"https:\/\/www.africa-press.net\/centrafricaine\/politique\/centrafrique-que-restera-t-il-dun-dialogue-politique-sil-nest-pas-inclusif-transparent-et-democratique","title":{"rendered":"QUE RESTERA T-IL D\u2019UN DIALOGUE POLITIQUE S\u2019IL N\u2019EST PAS INCLUSIF, TRANSPARENT ET D\u00c9MOCRATIQUE ?"},"content":{"rendered":"<p><span style=\"color: #ff6600\"><strong><a href=\"https:\/\/www.africa-press.net\/\">Africa-Press<\/a> &#8211; <a href=\"https:\/\/www.africa-press.net\/centrafricaine\">CentrAfricaine<\/a>. <\/strong><\/span><b>\u00a0Depuis le retour \u00e0 l\u2019ordre constitutionnelle jusqu\u2019\u00e0 la r\u00e9\u00e9lection tr\u00e8s contest\u00e9e du pr\u00e9sident de la r\u00e9publique, les autorit\u00e9s \u00e9tablies peinent \u00e0 restaurer la paix vecteur de tout d\u00e9veloppement. En effet, les offensives militaires des forces arm\u00e9es centrafricaines appuy\u00e9es par les alli\u00e9s russes et rwandais ont permis la reconqu\u00eate virtuelle des territoires sans v\u00e9ritablement ramener la paix de fa\u00e7on durable et d\u00e9finitive.<\/b><\/p>\n<p>Convaincu d\u2019avoir dompt\u00e9 toutes les institutions de la r\u00e9publique teint\u00e9es majoritairement de la couleur du parti au pouvoir, le pr\u00e9sident de la r\u00e9publique a initi\u00e9 un dialogue politique qualifi\u00e9 de \u00ab r\u00e9publicain \u00bb qui exclut syst\u00e9matiquement les principaux acteurs de la crise. Ce qualificatif de \u00ab r\u00e9publicain \u00bb voulu \u00e0 desseins par le chef de l\u2019\u00e9tat oblige les intellectuels et l\u2019opinion publique nationale de cerner et de d\u00e9crypter la d\u00e9finition \u00e9tymologique de la notion au point de s\u2019interroger sur les crit\u00e8res d\u2019\u00eatre r\u00e9publicain.<\/p>\n<p>Au demeurant, un dialogue politique r\u00e9fl\u00e9chi sens\u00e9 garantir une paix durable n\u00e9cessite la participation des v\u00e9ritables acteurs et non une cooptation entre des entit\u00e9s satellites ou hybrides destin\u00e9es \u00e0 biaiser l\u2019objectif. En cons\u00e9quence de ce qui pr\u00e9c\u00e8de, le d\u00e9cret portant cr\u00e9ation et organisation du comit\u00e9 pr\u00e9paratoire des travaux doit \u00eatre r\u00e9vis\u00e9 en recherchant l\u2019\u00e9quit\u00e9 et la comp\u00e9tence. D\u2019ailleurs, la r\u00e9ception de la classe politique par le directeur du cabinet pr\u00e9sidentiel est un d\u00e9but de prise de conscience et nous devons l\u2019encourager \u00e0 aller au bout de sa logique. Satisfait de la d\u00e9marche du proche collaborateur du pr\u00e9sident de la r\u00e9publique, le citoyen lambda ne peut se priver de quelques interrogations :<\/p>\n<p>Le but recherch\u00e9 par ce dialogue politique est-il v\u00e9ritablement la r\u00e9solution durable de la crise ?<\/p>\n<p>Comment peut-on comprendre une esquisse de r\u00e8glement de conflits sans les principaux acteurs ?<\/p>\n<p>Comment peut-on comprendre le refus de dialoguer avec les groupes arm\u00e9s qui sont des partenaires d\u2019hier alors qu\u2019ils sont majoritairement repr\u00e9sent\u00e9s dans le nouveau gouvernement ?<\/p>\n<p>Comment peut-on reconna\u00eetre la part de responsabilit\u00e9s de chacun si les autres sont exclus ?<\/p>\n<p>Cette parodie de dialogue ne s\u2019\u00e9rigeait-il pas en une cour martiale qui ne privil\u00e9giera que les int\u00e9r\u00eats de celui qui a gagn\u00e9 la guerre ?<\/p>\n<p>Que craignent les autorit\u00e9s \u00e9tablies d\u00e8s lors que toutes les institutions r\u00e9publicaines pr\u00e9vues par la constitution sont d\u00e9j\u00e0 install\u00e9es aux couleurs du MCU y compris le nouveau gouvernement ?<\/p>\n<p>Le refus syst\u00e9matique et cat\u00e9gorique du caract\u00e8re inclusif du dialogue politique cache t-il un projet \u00e9go\u00efste et machiav\u00e9lique ?<\/p>\n<p>Les autorit\u00e9s de Bangui pensent-elles d\u00e9tenir la v\u00e9rit\u00e9 absolue sur le format du dialogue politique contre cette horde ou cohorte de citoyens qui r\u00e9clame un dialogue politique inclusif ?<\/p>\n<p>Visiblement le patronyme du pr\u00e9sident de la Coalition des Patriotes pour le Changement (CPC) les d\u00e9range ou les irrite, en cons\u00e9quence un dialogue politique inclusif sans la pr\u00e9sence physique du pr\u00e9sident de la CPC est-il envisageable ?<\/p>\n<p>Se r\u00e9f\u00e9rant de la vieille maxime politique qui dit que \u00ab gouverner, c\u2019est pr\u00e9voir \u00bb, nous tenons \u00e0 rappeler humblement le pr\u00e9sident de la r\u00e9publique que dialoguer exclusivement avec les siens est synonyme de monologue qui constitue un sympt\u00f4me ou un signe ext\u00e9rieur d\u2019un syst\u00e8me gripp\u00e9, qui disjoncte c\u2019est \u00e0 dire en total d\u00e9phasage avec la r\u00e9alit\u00e9\u2026source d\u2019inqui\u00e9tudes des investisseurs internationaux.<\/p>\n<p>Fort de ce qui pr\u00e9c\u00e8de, le comit\u00e9 pr\u00e9paratoire et le dialogue politique lui-m\u00eame doit \u00eatre largement inclusif pour int\u00e9grer les diff\u00e9rentes th\u00e9matiques vitales d\u00e9riv\u00e9es de la crise. Pour ce faire et pour des raisons de fluidit\u00e9, l\u2019acceptation d\u2019un m\u00e9diateur international et ind\u00e9pendant est indispensable pour garantir la neutralit\u00e9 ou l\u2019impartialit\u00e9, la transparence et la cr\u00e9dibilit\u00e9 aupr\u00e8s de la communaut\u00e9 internationale.<\/p>\n<p>Mais attention, ne le dites \u00e0 personne. Si on vous demande, ne dites surtout pas que c\u2019est moi.<\/p>\n<p>&nbsp;<\/p>\n","protected":false},"excerpt":{"rendered":"<p>Africa-Press &#8211; CentrAfricaine. \u00a0Depuis le retour \u00e0 l\u2019ordre constitutionnelle jusqu\u2019\u00e0 la r\u00e9\u00e9lection tr\u00e8s contest\u00e9e du pr\u00e9sident de la r\u00e9publique, les autorit\u00e9s \u00e9tablies peinent \u00e0 restaurer la paix vecteur de tout d\u00e9veloppement. En effet, les offensives militaires des forces arm\u00e9es centrafricaines appuy\u00e9es par les alli\u00e9s russes et rwandais ont permis la reconqu\u00eate virtuelle des territoires sans [&hellip;]<\/p>\n","protected":false},"author":82,"featured_media":8979,"comment_status":"open","ping_status":"closed","sticky":false,"template":"","format":"standard","meta":{"footnotes":""},"categories":[11,2,10],"tags":[36,58,30],"class_list":["post-8980","post","type-post","status-publish","format-standard","has-post-thumbnail","hentry","category-homepage-french","category-politique","category-toutes-les-actualites","tag-africa-press","tag-africa-press-centrafricaine","tag-centrafricaine"],"yoast_head":"<!-- This site is optimized with the Yoast SEO Premium plugin v26.1 (Yoast SEO v27.0) - https:\/\/yoast.com\/product\/yoast-seo-premium-wordpress\/ -->\n<title>QUE RESTERA T-IL D\u2019UN DIALOGUE POLITIQUE S\u2019IL N\u2019EST PAS INCLUSIF, TRANSPARENT ET D\u00c9MOCRATIQUE ? - centrafricaine<\/title>\n<meta name=\"description\" content=\"Bangui, R\u00e9publique centrafricaine, samedi, 17 juillet 2021 ( Corbeaunews \u2013 Centrafrique ). Depuis le retour \u00e0 l\u2019ordre ...\" \/>\n<meta name=\"robots\" content=\"index, follow, max-snippet:-1, max-image-preview:large, max-video-preview:-1\" \/>\n<link rel=\"canonical\" href=\"https:\/\/www.africa-press.net\/centrafricaine\/politique\/centrafrique-que-restera-t-il-dun-dialogue-politique-sil-nest-pas-inclusif-transparent-et-democratique\" \/>\n<meta property=\"og:locale\" content=\"fr_FR\" \/>\n<meta property=\"og:type\" content=\"article\" \/>\n<meta property=\"og:title\" content=\"QUE RESTERA T-IL D\u2019UN DIALOGUE POLITIQUE S\u2019IL N\u2019EST PAS INCLUSIF, TRANSPARENT ET D\u00c9MOCRATIQUE ?\" \/>\n<meta property=\"og:description\" content=\"Bangui, R\u00e9publique centrafricaine, samedi, 17 juillet 2021 ( Corbeaunews \u2013 Centrafrique ). Depuis le retour \u00e0 l\u2019ordre ...\" \/>\n<meta property=\"og:url\" content=\"https:\/\/www.africa-press.net\/centrafricaine\/politique\/centrafrique-que-restera-t-il-dun-dialogue-politique-sil-nest-pas-inclusif-transparent-et-democratique\" \/>\n<meta property=\"og:site_name\" content=\"centrafricaine\" \/>\n<meta property=\"article:published_time\" content=\"2021-07-18T14:58:14+00:00\" \/>\n<meta property=\"article:modified_time\" content=\"2021-07-18T21:03:49+00:00\" \/>\n<meta property=\"og:image\" content=\"https:\/\/static.africa-press.net\/centrafricaine\/sites\/45\/2021\/07\/img-60f4413eb5a7a.jpg\" \/>\n\t<meta property=\"og:image:width\" content=\"750\" \/>\n\t<meta property=\"og:image:height\" content=\"500\" \/>\n\t<meta property=\"og:image:type\" content=\"image\/jpeg\" \/>\n<meta name=\"author\" content=\"cfeditorfr\" \/>\n<meta name=\"twitter:card\" content=\"summary_large_image\" \/>\n<meta name=\"twitter:label1\" content=\"\u00c9crit par\" \/>\n\t<meta name=\"twitter:data1\" content=\"cfeditorfr\" \/>\n\t<meta name=\"twitter:label2\" content=\"Dur\u00e9e de lecture estim\u00e9e\" \/>\n\t<meta name=\"twitter:data2\" content=\"3 minutes\" \/>\n<script type=\"application\/ld+json\" class=\"yoast-schema-graph\">{\"@context\":\"https:\/\/schema.org\",\"@graph\":[{\"@type\":\"Article\",\"@id\":\"https:\/\/www.africa-press.net\/centrafricaine\/politique\/centrafrique-que-restera-t-il-dun-dialogue-politique-sil-nest-pas-inclusif-transparent-et-democratique#article\",\"isPartOf\":{\"@id\":\"https:\/\/www.africa-press.net\/centrafricaine\/politique\/centrafrique-que-restera-t-il-dun-dialogue-politique-sil-nest-pas-inclusif-transparent-et-democratique\"},\"author\":{\"name\":\"cfeditorfr\",\"@id\":\"https:\/\/www.africa-press.net\/centrafricaine\/#\/schema\/person\/2b1cf3cd81a31e3cd26889ca66d677f1\"},\"headline\":\"QUE RESTERA T-IL D\u2019UN DIALOGUE POLITIQUE S\u2019IL N\u2019EST PAS INCLUSIF, TRANSPARENT ET D\u00c9MOCRATIQUE ?\",\"datePublished\":\"2021-07-18T14:58:14+00:00\",\"dateModified\":\"2021-07-18T21:03:49+00:00\",\"mainEntityOfPage\":{\"@id\":\"https:\/\/www.africa-press.net\/centrafricaine\/politique\/centrafrique-que-restera-t-il-dun-dialogue-politique-sil-nest-pas-inclusif-transparent-et-democratique\"},\"wordCount\":723,\"commentCount\":0,\"image\":{\"@id\":\"https:\/\/www.africa-press.net\/centrafricaine\/politique\/centrafrique-que-restera-t-il-dun-dialogue-politique-sil-nest-pas-inclusif-transparent-et-democratique#primaryimage\"},\"thumbnailUrl\":\"https:\/\/static.africa-press.net\/centrafricaine\/sites\/45\/2021\/07\/img-60f4413eb5a7a.jpg\",\"keywords\":[\"Africa Press\",\"Africa Press-CentrAfricaine\",\"CentrAfricaine\"],\"articleSection\":[\"homepage-french\",\"Politique\",\"Toutes les actualit\u00e9s\"],\"inLanguage\":\"fr-FR\",\"potentialAction\":[{\"@type\":\"CommentAction\",\"name\":\"Comment\",\"target\":[\"https:\/\/www.africa-press.net\/centrafricaine\/politique\/centrafrique-que-restera-t-il-dun-dialogue-politique-sil-nest-pas-inclusif-transparent-et-democratique#respond\"]}]},{\"@type\":\"WebPage\",\"@id\":\"https:\/\/www.africa-press.net\/centrafricaine\/politique\/centrafrique-que-restera-t-il-dun-dialogue-politique-sil-nest-pas-inclusif-transparent-et-democratique\",\"url\":\"https:\/\/www.africa-press.net\/centrafricaine\/politique\/centrafrique-que-restera-t-il-dun-dialogue-politique-sil-nest-pas-inclusif-transparent-et-democratique\",\"name\":\"QUE RESTERA T-IL D\u2019UN DIALOGUE POLITIQUE S\u2019IL N\u2019EST PAS INCLUSIF, TRANSPARENT ET D\u00c9MOCRATIQUE ? - centrafricaine\",\"isPartOf\":{\"@id\":\"https:\/\/www.africa-press.net\/centrafricaine\/#website\"},\"primaryImageOfPage\":{\"@id\":\"https:\/\/www.africa-press.net\/centrafricaine\/politique\/centrafrique-que-restera-t-il-dun-dialogue-politique-sil-nest-pas-inclusif-transparent-et-democratique#primaryimage\"},\"image\":{\"@id\":\"https:\/\/www.africa-press.net\/centrafricaine\/politique\/centrafrique-que-restera-t-il-dun-dialogue-politique-sil-nest-pas-inclusif-transparent-et-democratique#primaryimage\"},\"thumbnailUrl\":\"https:\/\/static.africa-press.net\/centrafricaine\/sites\/45\/2021\/07\/img-60f4413eb5a7a.jpg\",\"datePublished\":\"2021-07-18T14:58:14+00:00\",\"dateModified\":\"2021-07-18T21:03:49+00:00\",\"author\":{\"@id\":\"https:\/\/www.africa-press.net\/centrafricaine\/#\/schema\/person\/2b1cf3cd81a31e3cd26889ca66d677f1\"},\"description\":\"Bangui, R\u00e9publique centrafricaine, samedi, 17 juillet 2021 ( Corbeaunews \u2013 Centrafrique ). Depuis le retour \u00e0 l\u2019ordre ...\",\"breadcrumb\":{\"@id\":\"https:\/\/www.africa-press.net\/centrafricaine\/politique\/centrafrique-que-restera-t-il-dun-dialogue-politique-sil-nest-pas-inclusif-transparent-et-democratique#breadcrumb\"},\"inLanguage\":\"fr-FR\",\"potentialAction\":[{\"@type\":\"ReadAction\",\"target\":[\"https:\/\/www.africa-press.net\/centrafricaine\/politique\/centrafrique-que-restera-t-il-dun-dialogue-politique-sil-nest-pas-inclusif-transparent-et-democratique\"]}]},{\"@type\":\"ImageObject\",\"inLanguage\":\"fr-FR\",\"@id\":\"https:\/\/www.africa-press.net\/centrafricaine\/politique\/centrafrique-que-restera-t-il-dun-dialogue-politique-sil-nest-pas-inclusif-transparent-et-democratique#primaryimage\",\"url\":\"https:\/\/static.africa-press.net\/centrafricaine\/sites\/45\/2021\/07\/img-60f4413eb5a7a.jpg\",\"contentUrl\":\"https:\/\/static.africa-press.net\/centrafricaine\/sites\/45\/2021\/07\/img-60f4413eb5a7a.jpg\",\"width\":750,\"height\":500,\"caption\":\"CENTRAFRIQUE : QUE RESTERA T-IL D\u2019UN DIALOGUE POLITIQUE S\u2019IL N\u2019EST PAS INCLUSIF, TRANSPARENT ET D\u00c9MOCRATIQUE ?\"},{\"@type\":\"BreadcrumbList\",\"@id\":\"https:\/\/www.africa-press.net\/centrafricaine\/politique\/centrafrique-que-restera-t-il-dun-dialogue-politique-sil-nest-pas-inclusif-transparent-et-democratique#breadcrumb\",\"itemListElement\":[{\"@type\":\"ListItem\",\"position\":1,\"name\":\"Accueil\",\"item\":\"https:\/\/www.africa-press.net\/centrafricaine\/\"},{\"@type\":\"ListItem\",\"position\":2,\"name\":\"QUE RESTERA T-IL D\u2019UN DIALOGUE POLITIQUE S\u2019IL N\u2019EST PAS INCLUSIF, TRANSPARENT ET D\u00c9MOCRATIQUE ?\"}]},{\"@type\":\"WebSite\",\"@id\":\"https:\/\/www.africa-press.net\/centrafricaine\/#website\",\"url\":\"https:\/\/www.africa-press.net\/centrafricaine\/\",\"name\":\"centrafricaine\",\"description\":\"Just another Africa News Agency Sites site\",\"potentialAction\":[{\"@type\":\"SearchAction\",\"target\":{\"@type\":\"EntryPoint\",\"urlTemplate\":\"https:\/\/www.africa-press.net\/centrafricaine\/?s={search_term_string}\"},\"query-input\":{\"@type\":\"PropertyValueSpecification\",\"valueRequired\":true,\"valueName\":\"search_term_string\"}}],\"inLanguage\":\"fr-FR\"},{\"@type\":\"Person\",\"@id\":\"https:\/\/www.africa-press.net\/centrafricaine\/#\/schema\/person\/2b1cf3cd81a31e3cd26889ca66d677f1\",\"name\":\"cfeditorfr\"}]}<\/script>\n<!-- \/ Yoast SEO Premium plugin. -->","yoast_head_json":{"title":"QUE RESTERA T-IL D\u2019UN DIALOGUE POLITIQUE S\u2019IL N\u2019EST PAS INCLUSIF, TRANSPARENT ET D\u00c9MOCRATIQUE ? - centrafricaine","description":"Bangui, R\u00e9publique centrafricaine, samedi, 17 juillet 2021 ( Corbeaunews \u2013 Centrafrique ). Depuis le retour \u00e0 l\u2019ordre ...","robots":{"index":"index","follow":"follow","max-snippet":"max-snippet:-1","max-image-preview":"max-image-preview:large","max-video-preview":"max-video-preview:-1"},"canonical":"https:\/\/www.africa-press.net\/centrafricaine\/politique\/centrafrique-que-restera-t-il-dun-dialogue-politique-sil-nest-pas-inclusif-transparent-et-democratique","og_locale":"fr_FR","og_type":"article","og_title":"QUE RESTERA T-IL D\u2019UN DIALOGUE POLITIQUE S\u2019IL N\u2019EST PAS INCLUSIF, TRANSPARENT ET D\u00c9MOCRATIQUE ?","og_description":"Bangui, R\u00e9publique centrafricaine, samedi, 17 juillet 2021 ( Corbeaunews \u2013 Centrafrique ). Depuis le retour \u00e0 l\u2019ordre ...","og_url":"https:\/\/www.africa-press.net\/centrafricaine\/politique\/centrafrique-que-restera-t-il-dun-dialogue-politique-sil-nest-pas-inclusif-transparent-et-democratique","og_site_name":"centrafricaine","article_published_time":"2021-07-18T14:58:14+00:00","article_modified_time":"2021-07-18T21:03:49+00:00","og_image":[{"width":750,"height":500,"url":"https:\/\/static.africa-press.net\/centrafricaine\/sites\/45\/2021\/07\/img-60f4413eb5a7a.jpg","type":"image\/jpeg"}],"author":"cfeditorfr","twitter_card":"summary_large_image","twitter_misc":{"\u00c9crit par":"cfeditorfr","Dur\u00e9e de lecture estim\u00e9e":"3 minutes"},"schema":{"@context":"https:\/\/schema.org","@graph":[{"@type":"Article","@id":"https:\/\/www.africa-press.net\/centrafricaine\/politique\/centrafrique-que-restera-t-il-dun-dialogue-politique-sil-nest-pas-inclusif-transparent-et-democratique#article","isPartOf":{"@id":"https:\/\/www.africa-press.net\/centrafricaine\/politique\/centrafrique-que-restera-t-il-dun-dialogue-politique-sil-nest-pas-inclusif-transparent-et-democratique"},"author":{"name":"cfeditorfr","@id":"https:\/\/www.africa-press.net\/centrafricaine\/#\/schema\/person\/2b1cf3cd81a31e3cd26889ca66d677f1"},"headline":"QUE RESTERA T-IL D\u2019UN DIALOGUE POLITIQUE S\u2019IL N\u2019EST PAS INCLUSIF, TRANSPARENT ET D\u00c9MOCRATIQUE ?","datePublished":"2021-07-18T14:58:14+00:00","dateModified":"2021-07-18T21:03:49+00:00","mainEntityOfPage":{"@id":"https:\/\/www.africa-press.net\/centrafricaine\/politique\/centrafrique-que-restera-t-il-dun-dialogue-politique-sil-nest-pas-inclusif-transparent-et-democratique"},"wordCount":723,"commentCount":0,"image":{"@id":"https:\/\/www.africa-press.net\/centrafricaine\/politique\/centrafrique-que-restera-t-il-dun-dialogue-politique-sil-nest-pas-inclusif-transparent-et-democratique#primaryimage"},"thumbnailUrl":"https:\/\/static.africa-press.net\/centrafricaine\/sites\/45\/2021\/07\/img-60f4413eb5a7a.jpg","keywords":["Africa Press","Africa Press-CentrAfricaine","CentrAfricaine"],"articleSection":["homepage-french","Politique","Toutes les actualit\u00e9s"],"inLanguage":"fr-FR","potentialAction":[{"@type":"CommentAction","name":"Comment","target":["https:\/\/www.africa-press.net\/centrafricaine\/politique\/centrafrique-que-restera-t-il-dun-dialogue-politique-sil-nest-pas-inclusif-transparent-et-democratique#respond"]}]},{"@type":"WebPage","@id":"https:\/\/www.africa-press.net\/centrafricaine\/politique\/centrafrique-que-restera-t-il-dun-dialogue-politique-sil-nest-pas-inclusif-transparent-et-democratique","url":"https:\/\/www.africa-press.net\/centrafricaine\/politique\/centrafrique-que-restera-t-il-dun-dialogue-politique-sil-nest-pas-inclusif-transparent-et-democratique","name":"QUE RESTERA T-IL D\u2019UN DIALOGUE POLITIQUE S\u2019IL N\u2019EST PAS INCLUSIF, TRANSPARENT ET D\u00c9MOCRATIQUE ? - centrafricaine","isPartOf":{"@id":"https:\/\/www.africa-press.net\/centrafricaine\/#website"},"primaryImageOfPage":{"@id":"https:\/\/www.africa-press.net\/centrafricaine\/politique\/centrafrique-que-restera-t-il-dun-dialogue-politique-sil-nest-pas-inclusif-transparent-et-democratique#primaryimage"},"image":{"@id":"https:\/\/www.africa-press.net\/centrafricaine\/politique\/centrafrique-que-restera-t-il-dun-dialogue-politique-sil-nest-pas-inclusif-transparent-et-democratique#primaryimage"},"thumbnailUrl":"https:\/\/static.africa-press.net\/centrafricaine\/sites\/45\/2021\/07\/img-60f4413eb5a7a.jpg","datePublished":"2021-07-18T14:58:14+00:00","dateModified":"2021-07-18T21:03:49+00:00","author":{"@id":"https:\/\/www.africa-press.net\/centrafricaine\/#\/schema\/person\/2b1cf3cd81a31e3cd26889ca66d677f1"},"description":"Bangui, R\u00e9publique centrafricaine, samedi, 17 juillet 2021 ( Corbeaunews \u2013 Centrafrique ). Depuis le retour \u00e0 l\u2019ordre ...","breadcrumb":{"@id":"https:\/\/www.africa-press.net\/centrafricaine\/politique\/centrafrique-que-restera-t-il-dun-dialogue-politique-sil-nest-pas-inclusif-transparent-et-democratique#breadcrumb"},"inLanguage":"fr-FR","potentialAction":[{"@type":"ReadAction","target":["https:\/\/www.africa-press.net\/centrafricaine\/politique\/centrafrique-que-restera-t-il-dun-dialogue-politique-sil-nest-pas-inclusif-transparent-et-democratique"]}]},{"@type":"ImageObject","inLanguage":"fr-FR","@id":"https:\/\/www.africa-press.net\/centrafricaine\/politique\/centrafrique-que-restera-t-il-dun-dialogue-politique-sil-nest-pas-inclusif-transparent-et-democratique#primaryimage","url":"https:\/\/static.africa-press.net\/centrafricaine\/sites\/45\/2021\/07\/img-60f4413eb5a7a.jpg","contentUrl":"https:\/\/static.africa-press.net\/centrafricaine\/sites\/45\/2021\/07\/img-60f4413eb5a7a.jpg","width":750,"height":500,"caption":"CENTRAFRIQUE : QUE RESTERA T-IL D\u2019UN DIALOGUE POLITIQUE S\u2019IL N\u2019EST PAS INCLUSIF, TRANSPARENT ET D\u00c9MOCRATIQUE ?"},{"@type":"BreadcrumbList","@id":"https:\/\/www.africa-press.net\/centrafricaine\/politique\/centrafrique-que-restera-t-il-dun-dialogue-politique-sil-nest-pas-inclusif-transparent-et-democratique#breadcrumb","itemListElement":[{"@type":"ListItem","position":1,"name":"Accueil","item":"https:\/\/www.africa-press.net\/centrafricaine\/"},{"@type":"ListItem","position":2,"name":"QUE RESTERA T-IL D\u2019UN DIALOGUE POLITIQUE S\u2019IL N\u2019EST PAS INCLUSIF, TRANSPARENT ET D\u00c9MOCRATIQUE ?"}]},{"@type":"WebSite","@id":"https:\/\/www.africa-press.net\/centrafricaine\/#website","url":"https:\/\/www.africa-press.net\/centrafricaine\/","name":"centrafricaine","description":"Just another Africa News Agency Sites site","potentialAction":[{"@type":"SearchAction","target":{"@type":"EntryPoint","urlTemplate":"https:\/\/www.africa-press.net\/centrafricaine\/?s={search_term_string}"},"query-input":{"@type":"PropertyValueSpecification","valueRequired":true,"valueName":"search_term_string"}}],"inLanguage":"fr-FR"},{"@type":"Person","@id":"https:\/\/www.africa-press.net\/centrafricaine\/#\/schema\/person\/2b1cf3cd81a31e3cd26889ca66d677f1","name":"cfeditorfr"}]}},"_links":{"self":[{"href":"https:\/\/www.africa-press.net\/centrafricaine\/wp-json\/wp\/v2\/posts\/8980","targetHints":{"allow":["GET"]}}],"collection":[{"href":"https:\/\/www.africa-press.net\/centrafricaine\/wp-json\/wp\/v2\/posts"}],"about":[{"href":"https:\/\/www.africa-press.net\/centrafricaine\/wp-json\/wp\/v2\/types\/post"}],"author":[{"embeddable":true,"href":"https:\/\/www.africa-press.net\/centrafricaine\/wp-json\/wp\/v2\/users\/82"}],"replies":[{"embeddable":true,"href":"https:\/\/www.africa-press.net\/centrafricaine\/wp-json\/wp\/v2\/comments?post=8980"}],"version-history":[{"count":0,"href":"https:\/\/www.africa-press.net\/centrafricaine\/wp-json\/wp\/v2\/posts\/8980\/revisions"}],"wp:featuredmedia":[{"embeddable":true,"href":"https:\/\/www.africa-press.net\/centrafricaine\/wp-json\/wp\/v2\/media\/8979"}],"wp:attachment":[{"href":"https:\/\/www.africa-press.net\/centrafricaine\/wp-json\/wp\/v2\/media?parent=8980"}],"wp:term":[{"taxonomy":"category","embeddable":true,"href":"https:\/\/www.africa-press.net\/centrafricaine\/wp-json\/wp\/v2\/categories?post=8980"},{"taxonomy":"post_tag","embeddable":true,"href":"https:\/\/www.africa-press.net\/centrafricaine\/wp-json\/wp\/v2\/tags?post=8980"}],"curies":[{"name":"wp","href":"https:\/\/api.w.org\/{rel}","templated":true}]}}