{"id":8983,"date":"2021-07-18T15:07:58","date_gmt":"2021-07-18T15:07:58","guid":{"rendered":"https:\/\/www.africa-press.net\/centrafricaine\/?p=8983"},"modified":"2021-07-18T21:04:02","modified_gmt":"2021-07-18T21:04:02","slug":"sept-morts-dans-des-affrontements-a-la-frontiere-rdc-ouganda","status":"publish","type":"post","link":"https:\/\/www.africa-press.net\/centrafricaine\/politique\/sept-morts-dans-des-affrontements-a-la-frontiere-rdc-ouganda","title":{"rendered":"Sept morts dans des affrontements \u00e0 la fronti\u00e8re RDC-Ouganda"},"content":{"rendered":"<p><span style=\"color: #ff6600\"><strong><a href=\"https:\/\/www.africa-press.net\/\">Africa-Press<\/a> &#8211; <a href=\"https:\/\/www.africa-press.net\/centrafricaine\">CentrAfricaine<\/a>. <\/strong><\/span><b>\u00a0Le minist\u00e8re ougandais de la D\u00e9fense a annonc\u00e9 samedi qu\u2019un soldat et six assaillants venus de la R\u00e9publique d\u00e9mocratique du Congo (RDC) avaient \u00e9t\u00e9 tu\u00e9s dans des affrontements dans la for\u00eat de Zeu, pr\u00e8s de la fronti\u00e8re.<\/b><\/p>\n<p>Quelque vingt hommes arm\u00e9s, d\u00e9guis\u00e9s en b\u00fbcherons et venus de la RDC, ont attaqu\u00e9 vendredi matin un poste militaire, dans une r\u00e9gion couverte de jungle dans le Nord-Ouest du pays, a expliqu\u00e9 \u00e0 l\u2019AFP une porte-parole du minist\u00e8re, Flavia Byekwaso.Six assaillants, qui appartiendraient \u00e0 l\u2019ethnie Lendu, ont \u00e9t\u00e9 tu\u00e9s et quatre ont \u00e9t\u00e9 faits prisonniers, a-t-elle ajout\u00e9.\u201dNous avons perdu un soldat au cours de cette attaque men\u00e9e par des hommes arm\u00e9s congolais\u201d, a poursuivi la porte-parole pr\u00e9cisant que trois autres soldats avaient \u00e9t\u00e9 bless\u00e9s et \u00e9vacu\u00e9s par air vers un h\u00f4pital militaire pr\u00e8s de Kampala.Des armes, dont une mitrailleuse, des arcs et des fl\u00e8ches ainsi que des machettes, ont \u00e9t\u00e9 saisies et le reste des assaillants poursuivis, en coordination avec les autorit\u00e9s congolaises, a soulign\u00e9 Flavia Byekwaso.\u201dNous avons subi r\u00e9cemment un certain nombre d\u2019attaques men\u00e9e par des miliciens congolais contre plusieurs de nos bases militaires, mais aussi des infrastructures civiles. Nous esp\u00e9rons que les autorit\u00e9s de ce pays vont prendre les mesures n\u00e9cessaires pour les emp\u00eacher de se reproduire\u201d, a affirm\u00e9 la porte-parole.L\u2019Ouganda et la RDC ont des relations complexes. La Cour internationale de justice (CIJ) \u00e9tudie actuellement le montant des r\u00e9parations qui doit \u00eatre vers\u00e9 par Kampala \u00e0 Kinshasa, pour avoir envahi la RDC en 1998-2003. Le conflit avait impliqu\u00e9 jusqu\u2019\u00e0 neuf pays africains, l\u2019Ouganda et le Rwanda soutenant des forces rebelles contre le gouvernement de Kinshasa dans l\u2019Est congolais riche en minerai, et fait trois millions de morts.<\/p>\n<p>&nbsp;<\/p>\n","protected":false},"excerpt":{"rendered":"<p>Africa-Press &#8211; CentrAfricaine. \u00a0Le minist\u00e8re ougandais de la D\u00e9fense a annonc\u00e9 samedi qu\u2019un soldat et six assaillants venus de la R\u00e9publique d\u00e9mocratique du Congo (RDC) avaient \u00e9t\u00e9 tu\u00e9s dans des affrontements dans la for\u00eat de Zeu, pr\u00e8s de la fronti\u00e8re. Quelque vingt hommes arm\u00e9s, d\u00e9guis\u00e9s en b\u00fbcherons et venus de la RDC, ont attaqu\u00e9 vendredi [&hellip;]<\/p>\n","protected":false},"author":82,"featured_media":8982,"comment_status":"open","ping_status":"closed","sticky":false,"template":"","format":"standard","meta":{"footnotes":""},"categories":[11,2,10],"tags":[36,58,30],"class_list":["post-8983","post","type-post","status-publish","format-standard","has-post-thumbnail","hentry","category-homepage-french","category-politique","category-toutes-les-actualites","tag-africa-press","tag-africa-press-centrafricaine","tag-centrafricaine"],"yoast_head":"<!-- This site is optimized with the Yoast SEO Premium plugin v26.1 (Yoast SEO v27.0) - https:\/\/yoast.com\/product\/yoast-seo-premium-wordpress\/ -->\n<title>Sept morts dans des affrontements \u00e0 la fronti\u00e8re RDC-Ouganda - centrafricaine<\/title>\n<meta name=\"description\" content=\"Bangui ( R\u00e9publique centrafricaine ) \u2013 Le minist\u00e8re ougandais de la D\u00e9fense a annonc\u00e9 samedi qu\u2019un soldat et six assa ...\" \/>\n<meta name=\"robots\" content=\"index, follow, max-snippet:-1, max-image-preview:large, max-video-preview:-1\" \/>\n<link rel=\"canonical\" href=\"https:\/\/www.africa-press.net\/centrafricaine\/politique\/sept-morts-dans-des-affrontements-a-la-frontiere-rdc-ouganda\" \/>\n<meta property=\"og:locale\" content=\"fr_FR\" \/>\n<meta property=\"og:type\" content=\"article\" \/>\n<meta property=\"og:title\" content=\"Sept morts dans des affrontements \u00e0 la fronti\u00e8re RDC-Ouganda\" \/>\n<meta property=\"og:description\" content=\"Bangui ( R\u00e9publique centrafricaine ) \u2013 Le minist\u00e8re ougandais de la D\u00e9fense a annonc\u00e9 samedi qu\u2019un soldat et six assa ...\" \/>\n<meta property=\"og:url\" content=\"https:\/\/www.africa-press.net\/centrafricaine\/politique\/sept-morts-dans-des-affrontements-a-la-frontiere-rdc-ouganda\" \/>\n<meta property=\"og:site_name\" content=\"centrafricaine\" \/>\n<meta property=\"article:published_time\" content=\"2021-07-18T15:07:58+00:00\" \/>\n<meta property=\"article:modified_time\" content=\"2021-07-18T21:04:02+00:00\" \/>\n<meta property=\"og:image\" content=\"https:\/\/static.africa-press.net\/centrafricaine\/sites\/45\/2021\/07\/img-60f44169131bd.jpg\" \/>\n\t<meta property=\"og:image:width\" content=\"720\" \/>\n\t<meta property=\"og:image:height\" content=\"405\" \/>\n\t<meta property=\"og:image:type\" content=\"image\/jpeg\" \/>\n<meta name=\"author\" content=\"cfeditorfr\" \/>\n<meta name=\"twitter:card\" content=\"summary_large_image\" \/>\n<meta name=\"twitter:label1\" content=\"\u00c9crit par\" \/>\n\t<meta name=\"twitter:data1\" content=\"cfeditorfr\" \/>\n\t<meta name=\"twitter:label2\" content=\"Dur\u00e9e de lecture estim\u00e9e\" \/>\n\t<meta name=\"twitter:data2\" content=\"2 minutes\" \/>\n<script type=\"application\/ld+json\" class=\"yoast-schema-graph\">{\"@context\":\"https:\/\/schema.org\",\"@graph\":[{\"@type\":\"Article\",\"@id\":\"https:\/\/www.africa-press.net\/centrafricaine\/politique\/sept-morts-dans-des-affrontements-a-la-frontiere-rdc-ouganda#article\",\"isPartOf\":{\"@id\":\"https:\/\/www.africa-press.net\/centrafricaine\/politique\/sept-morts-dans-des-affrontements-a-la-frontiere-rdc-ouganda\"},\"author\":{\"name\":\"cfeditorfr\",\"@id\":\"https:\/\/www.africa-press.net\/centrafricaine\/#\/schema\/person\/2b1cf3cd81a31e3cd26889ca66d677f1\"},\"headline\":\"Sept morts dans des affrontements \u00e0 la fronti\u00e8re RDC-Ouganda\",\"datePublished\":\"2021-07-18T15:07:58+00:00\",\"dateModified\":\"2021-07-18T21:04:02+00:00\",\"mainEntityOfPage\":{\"@id\":\"https:\/\/www.africa-press.net\/centrafricaine\/politique\/sept-morts-dans-des-affrontements-a-la-frontiere-rdc-ouganda\"},\"wordCount\":330,\"commentCount\":0,\"image\":{\"@id\":\"https:\/\/www.africa-press.net\/centrafricaine\/politique\/sept-morts-dans-des-affrontements-a-la-frontiere-rdc-ouganda#primaryimage\"},\"thumbnailUrl\":\"https:\/\/static.africa-press.net\/centrafricaine\/sites\/45\/2021\/07\/img-60f44169131bd.jpg\",\"keywords\":[\"Africa Press\",\"Africa Press-CentrAfricaine\",\"CentrAfricaine\"],\"articleSection\":[\"homepage-french\",\"Politique\",\"Toutes les actualit\u00e9s\"],\"inLanguage\":\"fr-FR\",\"potentialAction\":[{\"@type\":\"CommentAction\",\"name\":\"Comment\",\"target\":[\"https:\/\/www.africa-press.net\/centrafricaine\/politique\/sept-morts-dans-des-affrontements-a-la-frontiere-rdc-ouganda#respond\"]}]},{\"@type\":\"WebPage\",\"@id\":\"https:\/\/www.africa-press.net\/centrafricaine\/politique\/sept-morts-dans-des-affrontements-a-la-frontiere-rdc-ouganda\",\"url\":\"https:\/\/www.africa-press.net\/centrafricaine\/politique\/sept-morts-dans-des-affrontements-a-la-frontiere-rdc-ouganda\",\"name\":\"Sept morts dans des affrontements \u00e0 la fronti\u00e8re RDC-Ouganda - centrafricaine\",\"isPartOf\":{\"@id\":\"https:\/\/www.africa-press.net\/centrafricaine\/#website\"},\"primaryImageOfPage\":{\"@id\":\"https:\/\/www.africa-press.net\/centrafricaine\/politique\/sept-morts-dans-des-affrontements-a-la-frontiere-rdc-ouganda#primaryimage\"},\"image\":{\"@id\":\"https:\/\/www.africa-press.net\/centrafricaine\/politique\/sept-morts-dans-des-affrontements-a-la-frontiere-rdc-ouganda#primaryimage\"},\"thumbnailUrl\":\"https:\/\/static.africa-press.net\/centrafricaine\/sites\/45\/2021\/07\/img-60f44169131bd.jpg\",\"datePublished\":\"2021-07-18T15:07:58+00:00\",\"dateModified\":\"2021-07-18T21:04:02+00:00\",\"author\":{\"@id\":\"https:\/\/www.africa-press.net\/centrafricaine\/#\/schema\/person\/2b1cf3cd81a31e3cd26889ca66d677f1\"},\"description\":\"Bangui ( R\u00e9publique centrafricaine ) \u2013 Le minist\u00e8re ougandais de la D\u00e9fense a annonc\u00e9 samedi qu\u2019un soldat et six assa ...\",\"breadcrumb\":{\"@id\":\"https:\/\/www.africa-press.net\/centrafricaine\/politique\/sept-morts-dans-des-affrontements-a-la-frontiere-rdc-ouganda#breadcrumb\"},\"inLanguage\":\"fr-FR\",\"potentialAction\":[{\"@type\":\"ReadAction\",\"target\":[\"https:\/\/www.africa-press.net\/centrafricaine\/politique\/sept-morts-dans-des-affrontements-a-la-frontiere-rdc-ouganda\"]}]},{\"@type\":\"ImageObject\",\"inLanguage\":\"fr-FR\",\"@id\":\"https:\/\/www.africa-press.net\/centrafricaine\/politique\/sept-morts-dans-des-affrontements-a-la-frontiere-rdc-ouganda#primaryimage\",\"url\":\"https:\/\/static.africa-press.net\/centrafricaine\/sites\/45\/2021\/07\/img-60f44169131bd.jpg\",\"contentUrl\":\"https:\/\/static.africa-press.net\/centrafricaine\/sites\/45\/2021\/07\/img-60f44169131bd.jpg\",\"width\":720,\"height\":405,\"caption\":\"Sept morts dans des affrontements \u00e0 la fronti\u00e8re RDC-Ouganda\"},{\"@type\":\"BreadcrumbList\",\"@id\":\"https:\/\/www.africa-press.net\/centrafricaine\/politique\/sept-morts-dans-des-affrontements-a-la-frontiere-rdc-ouganda#breadcrumb\",\"itemListElement\":[{\"@type\":\"ListItem\",\"position\":1,\"name\":\"Accueil\",\"item\":\"https:\/\/www.africa-press.net\/centrafricaine\/\"},{\"@type\":\"ListItem\",\"position\":2,\"name\":\"Sept morts dans des affrontements \u00e0 la fronti\u00e8re RDC-Ouganda\"}]},{\"@type\":\"WebSite\",\"@id\":\"https:\/\/www.africa-press.net\/centrafricaine\/#website\",\"url\":\"https:\/\/www.africa-press.net\/centrafricaine\/\",\"name\":\"centrafricaine\",\"description\":\"Just another Africa News Agency Sites site\",\"potentialAction\":[{\"@type\":\"SearchAction\",\"target\":{\"@type\":\"EntryPoint\",\"urlTemplate\":\"https:\/\/www.africa-press.net\/centrafricaine\/?s={search_term_string}\"},\"query-input\":{\"@type\":\"PropertyValueSpecification\",\"valueRequired\":true,\"valueName\":\"search_term_string\"}}],\"inLanguage\":\"fr-FR\"},{\"@type\":\"Person\",\"@id\":\"https:\/\/www.africa-press.net\/centrafricaine\/#\/schema\/person\/2b1cf3cd81a31e3cd26889ca66d677f1\",\"name\":\"cfeditorfr\"}]}<\/script>\n<!-- \/ Yoast SEO Premium plugin. -->","yoast_head_json":{"title":"Sept morts dans des affrontements \u00e0 la fronti\u00e8re RDC-Ouganda - centrafricaine","description":"Bangui ( R\u00e9publique centrafricaine ) \u2013 Le minist\u00e8re ougandais de la D\u00e9fense a annonc\u00e9 samedi qu\u2019un soldat et six assa ...","robots":{"index":"index","follow":"follow","max-snippet":"max-snippet:-1","max-image-preview":"max-image-preview:large","max-video-preview":"max-video-preview:-1"},"canonical":"https:\/\/www.africa-press.net\/centrafricaine\/politique\/sept-morts-dans-des-affrontements-a-la-frontiere-rdc-ouganda","og_locale":"fr_FR","og_type":"article","og_title":"Sept morts dans des affrontements \u00e0 la fronti\u00e8re RDC-Ouganda","og_description":"Bangui ( R\u00e9publique centrafricaine ) \u2013 Le minist\u00e8re ougandais de la D\u00e9fense a annonc\u00e9 samedi qu\u2019un soldat et six assa ...","og_url":"https:\/\/www.africa-press.net\/centrafricaine\/politique\/sept-morts-dans-des-affrontements-a-la-frontiere-rdc-ouganda","og_site_name":"centrafricaine","article_published_time":"2021-07-18T15:07:58+00:00","article_modified_time":"2021-07-18T21:04:02+00:00","og_image":[{"width":720,"height":405,"url":"https:\/\/static.africa-press.net\/centrafricaine\/sites\/45\/2021\/07\/img-60f44169131bd.jpg","type":"image\/jpeg"}],"author":"cfeditorfr","twitter_card":"summary_large_image","twitter_misc":{"\u00c9crit par":"cfeditorfr","Dur\u00e9e de lecture estim\u00e9e":"2 minutes"},"schema":{"@context":"https:\/\/schema.org","@graph":[{"@type":"Article","@id":"https:\/\/www.africa-press.net\/centrafricaine\/politique\/sept-morts-dans-des-affrontements-a-la-frontiere-rdc-ouganda#article","isPartOf":{"@id":"https:\/\/www.africa-press.net\/centrafricaine\/politique\/sept-morts-dans-des-affrontements-a-la-frontiere-rdc-ouganda"},"author":{"name":"cfeditorfr","@id":"https:\/\/www.africa-press.net\/centrafricaine\/#\/schema\/person\/2b1cf3cd81a31e3cd26889ca66d677f1"},"headline":"Sept morts dans des affrontements \u00e0 la fronti\u00e8re RDC-Ouganda","datePublished":"2021-07-18T15:07:58+00:00","dateModified":"2021-07-18T21:04:02+00:00","mainEntityOfPage":{"@id":"https:\/\/www.africa-press.net\/centrafricaine\/politique\/sept-morts-dans-des-affrontements-a-la-frontiere-rdc-ouganda"},"wordCount":330,"commentCount":0,"image":{"@id":"https:\/\/www.africa-press.net\/centrafricaine\/politique\/sept-morts-dans-des-affrontements-a-la-frontiere-rdc-ouganda#primaryimage"},"thumbnailUrl":"https:\/\/static.africa-press.net\/centrafricaine\/sites\/45\/2021\/07\/img-60f44169131bd.jpg","keywords":["Africa Press","Africa Press-CentrAfricaine","CentrAfricaine"],"articleSection":["homepage-french","Politique","Toutes les actualit\u00e9s"],"inLanguage":"fr-FR","potentialAction":[{"@type":"CommentAction","name":"Comment","target":["https:\/\/www.africa-press.net\/centrafricaine\/politique\/sept-morts-dans-des-affrontements-a-la-frontiere-rdc-ouganda#respond"]}]},{"@type":"WebPage","@id":"https:\/\/www.africa-press.net\/centrafricaine\/politique\/sept-morts-dans-des-affrontements-a-la-frontiere-rdc-ouganda","url":"https:\/\/www.africa-press.net\/centrafricaine\/politique\/sept-morts-dans-des-affrontements-a-la-frontiere-rdc-ouganda","name":"Sept morts dans des affrontements \u00e0 la fronti\u00e8re RDC-Ouganda - centrafricaine","isPartOf":{"@id":"https:\/\/www.africa-press.net\/centrafricaine\/#website"},"primaryImageOfPage":{"@id":"https:\/\/www.africa-press.net\/centrafricaine\/politique\/sept-morts-dans-des-affrontements-a-la-frontiere-rdc-ouganda#primaryimage"},"image":{"@id":"https:\/\/www.africa-press.net\/centrafricaine\/politique\/sept-morts-dans-des-affrontements-a-la-frontiere-rdc-ouganda#primaryimage"},"thumbnailUrl":"https:\/\/static.africa-press.net\/centrafricaine\/sites\/45\/2021\/07\/img-60f44169131bd.jpg","datePublished":"2021-07-18T15:07:58+00:00","dateModified":"2021-07-18T21:04:02+00:00","author":{"@id":"https:\/\/www.africa-press.net\/centrafricaine\/#\/schema\/person\/2b1cf3cd81a31e3cd26889ca66d677f1"},"description":"Bangui ( R\u00e9publique centrafricaine ) \u2013 Le minist\u00e8re ougandais de la D\u00e9fense a annonc\u00e9 samedi qu\u2019un soldat et six assa ...","breadcrumb":{"@id":"https:\/\/www.africa-press.net\/centrafricaine\/politique\/sept-morts-dans-des-affrontements-a-la-frontiere-rdc-ouganda#breadcrumb"},"inLanguage":"fr-FR","potentialAction":[{"@type":"ReadAction","target":["https:\/\/www.africa-press.net\/centrafricaine\/politique\/sept-morts-dans-des-affrontements-a-la-frontiere-rdc-ouganda"]}]},{"@type":"ImageObject","inLanguage":"fr-FR","@id":"https:\/\/www.africa-press.net\/centrafricaine\/politique\/sept-morts-dans-des-affrontements-a-la-frontiere-rdc-ouganda#primaryimage","url":"https:\/\/static.africa-press.net\/centrafricaine\/sites\/45\/2021\/07\/img-60f44169131bd.jpg","contentUrl":"https:\/\/static.africa-press.net\/centrafricaine\/sites\/45\/2021\/07\/img-60f44169131bd.jpg","width":720,"height":405,"caption":"Sept morts dans des affrontements \u00e0 la fronti\u00e8re RDC-Ouganda"},{"@type":"BreadcrumbList","@id":"https:\/\/www.africa-press.net\/centrafricaine\/politique\/sept-morts-dans-des-affrontements-a-la-frontiere-rdc-ouganda#breadcrumb","itemListElement":[{"@type":"ListItem","position":1,"name":"Accueil","item":"https:\/\/www.africa-press.net\/centrafricaine\/"},{"@type":"ListItem","position":2,"name":"Sept morts dans des affrontements \u00e0 la fronti\u00e8re RDC-Ouganda"}]},{"@type":"WebSite","@id":"https:\/\/www.africa-press.net\/centrafricaine\/#website","url":"https:\/\/www.africa-press.net\/centrafricaine\/","name":"centrafricaine","description":"Just another Africa News Agency Sites site","potentialAction":[{"@type":"SearchAction","target":{"@type":"EntryPoint","urlTemplate":"https:\/\/www.africa-press.net\/centrafricaine\/?s={search_term_string}"},"query-input":{"@type":"PropertyValueSpecification","valueRequired":true,"valueName":"search_term_string"}}],"inLanguage":"fr-FR"},{"@type":"Person","@id":"https:\/\/www.africa-press.net\/centrafricaine\/#\/schema\/person\/2b1cf3cd81a31e3cd26889ca66d677f1","name":"cfeditorfr"}]}},"_links":{"self":[{"href":"https:\/\/www.africa-press.net\/centrafricaine\/wp-json\/wp\/v2\/posts\/8983","targetHints":{"allow":["GET"]}}],"collection":[{"href":"https:\/\/www.africa-press.net\/centrafricaine\/wp-json\/wp\/v2\/posts"}],"about":[{"href":"https:\/\/www.africa-press.net\/centrafricaine\/wp-json\/wp\/v2\/types\/post"}],"author":[{"embeddable":true,"href":"https:\/\/www.africa-press.net\/centrafricaine\/wp-json\/wp\/v2\/users\/82"}],"replies":[{"embeddable":true,"href":"https:\/\/www.africa-press.net\/centrafricaine\/wp-json\/wp\/v2\/comments?post=8983"}],"version-history":[{"count":0,"href":"https:\/\/www.africa-press.net\/centrafricaine\/wp-json\/wp\/v2\/posts\/8983\/revisions"}],"wp:featuredmedia":[{"embeddable":true,"href":"https:\/\/www.africa-press.net\/centrafricaine\/wp-json\/wp\/v2\/media\/8982"}],"wp:attachment":[{"href":"https:\/\/www.africa-press.net\/centrafricaine\/wp-json\/wp\/v2\/media?parent=8983"}],"wp:term":[{"taxonomy":"category","embeddable":true,"href":"https:\/\/www.africa-press.net\/centrafricaine\/wp-json\/wp\/v2\/categories?post=8983"},{"taxonomy":"post_tag","embeddable":true,"href":"https:\/\/www.africa-press.net\/centrafricaine\/wp-json\/wp\/v2\/tags?post=8983"}],"curies":[{"name":"wp","href":"https:\/\/api.w.org\/{rel}","templated":true}]}}