{"id":8996,"date":"2021-07-19T12:37:31","date_gmt":"2021-07-19T12:37:31","guid":{"rendered":"https:\/\/www.africa-press.net\/centrafricaine\/?p=8996"},"modified":"2021-07-19T17:44:17","modified_gmt":"2021-07-19T17:44:17","slug":"ippy-un-homme-confondu-avec-le-journaliste-moise-banafio-a-ete-grievement-agresse-et-place-en-detention-par-les-soldats-faca","status":"publish","type":"post","link":"https:\/\/www.africa-press.net\/centrafricaine\/politique\/ippy-un-homme-confondu-avec-le-journaliste-moise-banafio-a-ete-grievement-agresse-et-place-en-detention-par-les-soldats-faca","title":{"rendered":"Ippy, un homme confondu avec le journaliste Mo\u00efse Banafio a \u00e9t\u00e9 gri\u00e8vement agress\u00e9 et plac\u00e9 en d\u00e9tention par les soldats FACA"},"content":{"rendered":"<p><span style=\"color: #ff6600\"><strong><a href=\"https:\/\/www.africa-press.net\/\">Africa-Press<\/a> &#8211; <a href=\"https:\/\/www.africa-press.net\/centrafricaine\">CentrAfricaine<\/a>.\u00a0 <\/strong><\/span>\u00a0La v\u00e9ritable chasse physique des journalistes du CNC, apr\u00e8s des menaces verbales d\u2019arrestations, de tortures et de mort, commence d\u00e9j\u00e0. Apparemment, les mercenaires de Wagner et les soldats FACA n\u2019ont plus d\u2019ennemi \u00e0 combattre. Ils se focalisent d\u00e9sormais sur les journalistes et d\u2019autres personnes. C\u2019est le cas de l\u2019arrestation et la d\u00e9tention ce dimanche \u00e0 Ippy d\u2019un homme confondu avec le journaliste du CNC Mo\u00efse Banafio.<\/p>\n<p>Depuis deux semaines, \u00e0 Bangui, Bambari, Paoua, Boda, Bouar, Bria et Ippy, les journalistes du CNC dans ces localit\u00e9s sont activement recherch\u00e9s par les soldats requins et leurs alli\u00e9s russes. Plusieurs de nos journalistes ont pris la fuite, et abandonnent leurs activit\u00e9s. Mais \u00e0 Bria et Ippy, notre correspondant r\u00e9gional Mo\u00efse Banafio ne veut pas se laisser intimider. Les mercenaires de la soci\u00e9t\u00e9 Wagner et les soldats requins ont mis sa t\u00eate \u00e0 prix.<\/p>\n<p>Comme \u00e0 Bria, les Wagner laissent des consignes suivantes partout dans la ville :<\/p>\n<p><b>\u00ab Si vous voyiez un homme venu de Bria ou d\u2019ailleurs, et poss\u00e8de un ordinateur, un appareil photo, un t\u00e9l\u00e9phone et pose beaucoup des questions, vous nous alertez imm\u00e9diatement. C\u2019est probablement celui qu\u2019on cherche \u00bb<\/b><\/p>\n<p>, disaient les Russes aux soldats FACA et \u00e0 la population.<\/p>\n<p>Malheureusement, ce dimanche 18 juillet vers 15 heures, un homme, en provenance de Bangui, et h\u00e9berg\u00e9 chez son oncle \u00e0 Ippy pour acheter des viandes, a \u00e9t\u00e9 signal\u00e9 et interpell\u00e9 par les soldats FACA. Copieusement tabass\u00e9, l\u2019homme est actuellement d\u00e9tenu dans la base des FACA. Il est confondu avec le journaliste Mo\u00efse Banafio. Son argent de commerce, son appareil t\u00e9l\u00e9phone et son ordinateur ont \u00e9t\u00e9 confisqu\u00e9s par les mercenaires de Wagner. Selon eux, c\u2019est l\u2019argent du CNC, financ\u00e9 par les opposants qui ne veulent pas dans le pays.<\/p>\n<p>Pour l\u2019heure, l\u2019homme croupit toujours dans la ge\u00f4le des FACA \u00e0 Ippy. Mais Mo\u00efse Banafio, lui, est toujours dans la ville. Il quitte ce jour lundi pour la ville de Bria pour poursuivre ses activit\u00e9s.<\/p>\n<p><b>\u00ab Je suis toujours en libert\u00e9. S\u2019ils me cherchent, ils vont sans doute me trouver sur eux \u00bb<\/b><\/p>\n<p>&nbsp;<\/p>\n","protected":false},"excerpt":{"rendered":"<p>Africa-Press &#8211; CentrAfricaine.\u00a0 \u00a0La v\u00e9ritable chasse physique des journalistes du CNC, apr\u00e8s des menaces verbales d\u2019arrestations, de tortures et de mort, commence d\u00e9j\u00e0. Apparemment, les mercenaires de Wagner et les soldats FACA n\u2019ont plus d\u2019ennemi \u00e0 combattre. Ils se focalisent d\u00e9sormais sur les journalistes et d\u2019autres personnes. C\u2019est le cas de l\u2019arrestation et la d\u00e9tention [&hellip;]<\/p>\n","protected":false},"author":82,"featured_media":8995,"comment_status":"open","ping_status":"closed","sticky":false,"template":"","format":"standard","meta":{"footnotes":""},"categories":[11,2,20,10],"tags":[36,58,30],"class_list":["post-8996","post","type-post","status-publish","format-standard","has-post-thumbnail","hentry","category-homepage-french","category-politique","category-top-nouvelles","category-toutes-les-actualites","tag-africa-press","tag-africa-press-centrafricaine","tag-centrafricaine"],"yoast_head":"<!-- This site is optimized with the Yoast SEO Premium plugin v26.1 (Yoast SEO v27.0) - https:\/\/yoast.com\/product\/yoast-seo-premium-wordpress\/ -->\n<title>Ippy, un homme confondu avec le journaliste Mo\u00efse Banafio a \u00e9t\u00e9 gri\u00e8vement agress\u00e9 et plac\u00e9 en d\u00e9tention par les soldats FACA - centrafricaine<\/title>\n<meta name=\"description\" content=\"Bangui, R\u00e9publique centrafricaine, lundi, 19 juillet 2021, 06:23:18 ( Corbeaunews-Centrafrique ). La v\u00e9ritable c ...\" \/>\n<meta name=\"robots\" content=\"index, follow, max-snippet:-1, max-image-preview:large, max-video-preview:-1\" \/>\n<link rel=\"canonical\" href=\"https:\/\/www.africa-press.net\/centrafricaine\/politique\/ippy-un-homme-confondu-avec-le-journaliste-moise-banafio-a-ete-grievement-agresse-et-place-en-detention-par-les-soldats-faca\" \/>\n<meta property=\"og:locale\" content=\"fr_FR\" \/>\n<meta property=\"og:type\" content=\"article\" \/>\n<meta property=\"og:title\" content=\"Ippy, un homme confondu avec le journaliste Mo\u00efse Banafio a \u00e9t\u00e9 gri\u00e8vement agress\u00e9 et plac\u00e9 en d\u00e9tention par les soldats FACA\" \/>\n<meta property=\"og:description\" content=\"Bangui, R\u00e9publique centrafricaine, lundi, 19 juillet 2021, 06:23:18 ( Corbeaunews-Centrafrique ). La v\u00e9ritable c ...\" \/>\n<meta property=\"og:url\" content=\"https:\/\/www.africa-press.net\/centrafricaine\/politique\/ippy-un-homme-confondu-avec-le-journaliste-moise-banafio-a-ete-grievement-agresse-et-place-en-detention-par-les-soldats-faca\" \/>\n<meta property=\"og:site_name\" content=\"centrafricaine\" \/>\n<meta property=\"article:published_time\" content=\"2021-07-19T12:37:31+00:00\" \/>\n<meta property=\"article:modified_time\" content=\"2021-07-19T17:44:17+00:00\" \/>\n<meta property=\"og:image\" content=\"https:\/\/static.africa-press.net\/centrafricaine\/sites\/45\/2021\/07\/img-60f5710f5b9af.jpg\" \/>\n\t<meta property=\"og:image:width\" content=\"720\" \/>\n\t<meta property=\"og:image:height\" content=\"406\" \/>\n\t<meta property=\"og:image:type\" content=\"image\/jpeg\" \/>\n<meta name=\"author\" content=\"cfeditorfr\" \/>\n<meta name=\"twitter:card\" content=\"summary_large_image\" \/>\n<meta name=\"twitter:label1\" content=\"\u00c9crit par\" \/>\n\t<meta name=\"twitter:data1\" content=\"cfeditorfr\" \/>\n\t<meta name=\"twitter:label2\" content=\"Dur\u00e9e de lecture estim\u00e9e\" \/>\n\t<meta name=\"twitter:data2\" content=\"2 minutes\" \/>\n<script type=\"application\/ld+json\" class=\"yoast-schema-graph\">{\"@context\":\"https:\/\/schema.org\",\"@graph\":[{\"@type\":\"Article\",\"@id\":\"https:\/\/www.africa-press.net\/centrafricaine\/politique\/ippy-un-homme-confondu-avec-le-journaliste-moise-banafio-a-ete-grievement-agresse-et-place-en-detention-par-les-soldats-faca#article\",\"isPartOf\":{\"@id\":\"https:\/\/www.africa-press.net\/centrafricaine\/politique\/ippy-un-homme-confondu-avec-le-journaliste-moise-banafio-a-ete-grievement-agresse-et-place-en-detention-par-les-soldats-faca\"},\"author\":{\"name\":\"cfeditorfr\",\"@id\":\"https:\/\/www.africa-press.net\/centrafricaine\/#\/schema\/person\/2b1cf3cd81a31e3cd26889ca66d677f1\"},\"headline\":\"Ippy, un homme confondu avec le journaliste Mo\u00efse Banafio a \u00e9t\u00e9 gri\u00e8vement agress\u00e9 et plac\u00e9 en d\u00e9tention par les soldats FACA\",\"datePublished\":\"2021-07-19T12:37:31+00:00\",\"dateModified\":\"2021-07-19T17:44:17+00:00\",\"mainEntityOfPage\":{\"@id\":\"https:\/\/www.africa-press.net\/centrafricaine\/politique\/ippy-un-homme-confondu-avec-le-journaliste-moise-banafio-a-ete-grievement-agresse-et-place-en-detention-par-les-soldats-faca\"},\"wordCount\":395,\"commentCount\":0,\"image\":{\"@id\":\"https:\/\/www.africa-press.net\/centrafricaine\/politique\/ippy-un-homme-confondu-avec-le-journaliste-moise-banafio-a-ete-grievement-agresse-et-place-en-detention-par-les-soldats-faca#primaryimage\"},\"thumbnailUrl\":\"https:\/\/static.africa-press.net\/centrafricaine\/sites\/45\/2021\/07\/img-60f5710f5b9af.jpg\",\"keywords\":[\"Africa Press\",\"Africa Press-CentrAfricaine\",\"CentrAfricaine\"],\"articleSection\":[\"homepage-french\",\"Politique\",\"Top Nouvelles\",\"Toutes les actualit\u00e9s\"],\"inLanguage\":\"fr-FR\",\"potentialAction\":[{\"@type\":\"CommentAction\",\"name\":\"Comment\",\"target\":[\"https:\/\/www.africa-press.net\/centrafricaine\/politique\/ippy-un-homme-confondu-avec-le-journaliste-moise-banafio-a-ete-grievement-agresse-et-place-en-detention-par-les-soldats-faca#respond\"]}]},{\"@type\":\"WebPage\",\"@id\":\"https:\/\/www.africa-press.net\/centrafricaine\/politique\/ippy-un-homme-confondu-avec-le-journaliste-moise-banafio-a-ete-grievement-agresse-et-place-en-detention-par-les-soldats-faca\",\"url\":\"https:\/\/www.africa-press.net\/centrafricaine\/politique\/ippy-un-homme-confondu-avec-le-journaliste-moise-banafio-a-ete-grievement-agresse-et-place-en-detention-par-les-soldats-faca\",\"name\":\"Ippy, un homme confondu avec le journaliste Mo\u00efse Banafio a \u00e9t\u00e9 gri\u00e8vement agress\u00e9 et plac\u00e9 en d\u00e9tention par les soldats FACA - centrafricaine\",\"isPartOf\":{\"@id\":\"https:\/\/www.africa-press.net\/centrafricaine\/#website\"},\"primaryImageOfPage\":{\"@id\":\"https:\/\/www.africa-press.net\/centrafricaine\/politique\/ippy-un-homme-confondu-avec-le-journaliste-moise-banafio-a-ete-grievement-agresse-et-place-en-detention-par-les-soldats-faca#primaryimage\"},\"image\":{\"@id\":\"https:\/\/www.africa-press.net\/centrafricaine\/politique\/ippy-un-homme-confondu-avec-le-journaliste-moise-banafio-a-ete-grievement-agresse-et-place-en-detention-par-les-soldats-faca#primaryimage\"},\"thumbnailUrl\":\"https:\/\/static.africa-press.net\/centrafricaine\/sites\/45\/2021\/07\/img-60f5710f5b9af.jpg\",\"datePublished\":\"2021-07-19T12:37:31+00:00\",\"dateModified\":\"2021-07-19T17:44:17+00:00\",\"author\":{\"@id\":\"https:\/\/www.africa-press.net\/centrafricaine\/#\/schema\/person\/2b1cf3cd81a31e3cd26889ca66d677f1\"},\"description\":\"Bangui, R\u00e9publique centrafricaine, lundi, 19 juillet 2021, 06:23:18 ( Corbeaunews-Centrafrique ). La v\u00e9ritable c ...\",\"breadcrumb\":{\"@id\":\"https:\/\/www.africa-press.net\/centrafricaine\/politique\/ippy-un-homme-confondu-avec-le-journaliste-moise-banafio-a-ete-grievement-agresse-et-place-en-detention-par-les-soldats-faca#breadcrumb\"},\"inLanguage\":\"fr-FR\",\"potentialAction\":[{\"@type\":\"ReadAction\",\"target\":[\"https:\/\/www.africa-press.net\/centrafricaine\/politique\/ippy-un-homme-confondu-avec-le-journaliste-moise-banafio-a-ete-grievement-agresse-et-place-en-detention-par-les-soldats-faca\"]}]},{\"@type\":\"ImageObject\",\"inLanguage\":\"fr-FR\",\"@id\":\"https:\/\/www.africa-press.net\/centrafricaine\/politique\/ippy-un-homme-confondu-avec-le-journaliste-moise-banafio-a-ete-grievement-agresse-et-place-en-detention-par-les-soldats-faca#primaryimage\",\"url\":\"https:\/\/static.africa-press.net\/centrafricaine\/sites\/45\/2021\/07\/img-60f5710f5b9af.jpg\",\"contentUrl\":\"https:\/\/static.africa-press.net\/centrafricaine\/sites\/45\/2021\/07\/img-60f5710f5b9af.jpg\",\"width\":720,\"height\":406,\"caption\":\"Ippy, un homme confondu avec le journaliste Mo\u00efse Banafio a \u00e9t\u00e9 gri\u00e8vement agress\u00e9 et plac\u00e9 en d\u00e9tention par les soldats FACA\"},{\"@type\":\"BreadcrumbList\",\"@id\":\"https:\/\/www.africa-press.net\/centrafricaine\/politique\/ippy-un-homme-confondu-avec-le-journaliste-moise-banafio-a-ete-grievement-agresse-et-place-en-detention-par-les-soldats-faca#breadcrumb\",\"itemListElement\":[{\"@type\":\"ListItem\",\"position\":1,\"name\":\"Accueil\",\"item\":\"https:\/\/www.africa-press.net\/centrafricaine\/\"},{\"@type\":\"ListItem\",\"position\":2,\"name\":\"Ippy, un homme confondu avec le journaliste Mo\u00efse Banafio a \u00e9t\u00e9 gri\u00e8vement agress\u00e9 et plac\u00e9 en d\u00e9tention par les soldats FACA\"}]},{\"@type\":\"WebSite\",\"@id\":\"https:\/\/www.africa-press.net\/centrafricaine\/#website\",\"url\":\"https:\/\/www.africa-press.net\/centrafricaine\/\",\"name\":\"centrafricaine\",\"description\":\"Just another Africa News Agency Sites site\",\"potentialAction\":[{\"@type\":\"SearchAction\",\"target\":{\"@type\":\"EntryPoint\",\"urlTemplate\":\"https:\/\/www.africa-press.net\/centrafricaine\/?s={search_term_string}\"},\"query-input\":{\"@type\":\"PropertyValueSpecification\",\"valueRequired\":true,\"valueName\":\"search_term_string\"}}],\"inLanguage\":\"fr-FR\"},{\"@type\":\"Person\",\"@id\":\"https:\/\/www.africa-press.net\/centrafricaine\/#\/schema\/person\/2b1cf3cd81a31e3cd26889ca66d677f1\",\"name\":\"cfeditorfr\"}]}<\/script>\n<!-- \/ Yoast SEO Premium plugin. -->","yoast_head_json":{"title":"Ippy, un homme confondu avec le journaliste Mo\u00efse Banafio a \u00e9t\u00e9 gri\u00e8vement agress\u00e9 et plac\u00e9 en d\u00e9tention par les soldats FACA - centrafricaine","description":"Bangui, R\u00e9publique centrafricaine, lundi, 19 juillet 2021, 06:23:18 ( Corbeaunews-Centrafrique ). La v\u00e9ritable c ...","robots":{"index":"index","follow":"follow","max-snippet":"max-snippet:-1","max-image-preview":"max-image-preview:large","max-video-preview":"max-video-preview:-1"},"canonical":"https:\/\/www.africa-press.net\/centrafricaine\/politique\/ippy-un-homme-confondu-avec-le-journaliste-moise-banafio-a-ete-grievement-agresse-et-place-en-detention-par-les-soldats-faca","og_locale":"fr_FR","og_type":"article","og_title":"Ippy, un homme confondu avec le journaliste Mo\u00efse Banafio a \u00e9t\u00e9 gri\u00e8vement agress\u00e9 et plac\u00e9 en d\u00e9tention par les soldats FACA","og_description":"Bangui, R\u00e9publique centrafricaine, lundi, 19 juillet 2021, 06:23:18 ( Corbeaunews-Centrafrique ). La v\u00e9ritable c ...","og_url":"https:\/\/www.africa-press.net\/centrafricaine\/politique\/ippy-un-homme-confondu-avec-le-journaliste-moise-banafio-a-ete-grievement-agresse-et-place-en-detention-par-les-soldats-faca","og_site_name":"centrafricaine","article_published_time":"2021-07-19T12:37:31+00:00","article_modified_time":"2021-07-19T17:44:17+00:00","og_image":[{"width":720,"height":406,"url":"https:\/\/static.africa-press.net\/centrafricaine\/sites\/45\/2021\/07\/img-60f5710f5b9af.jpg","type":"image\/jpeg"}],"author":"cfeditorfr","twitter_card":"summary_large_image","twitter_misc":{"\u00c9crit par":"cfeditorfr","Dur\u00e9e de lecture estim\u00e9e":"2 minutes"},"schema":{"@context":"https:\/\/schema.org","@graph":[{"@type":"Article","@id":"https:\/\/www.africa-press.net\/centrafricaine\/politique\/ippy-un-homme-confondu-avec-le-journaliste-moise-banafio-a-ete-grievement-agresse-et-place-en-detention-par-les-soldats-faca#article","isPartOf":{"@id":"https:\/\/www.africa-press.net\/centrafricaine\/politique\/ippy-un-homme-confondu-avec-le-journaliste-moise-banafio-a-ete-grievement-agresse-et-place-en-detention-par-les-soldats-faca"},"author":{"name":"cfeditorfr","@id":"https:\/\/www.africa-press.net\/centrafricaine\/#\/schema\/person\/2b1cf3cd81a31e3cd26889ca66d677f1"},"headline":"Ippy, un homme confondu avec le journaliste Mo\u00efse Banafio a \u00e9t\u00e9 gri\u00e8vement agress\u00e9 et plac\u00e9 en d\u00e9tention par les soldats FACA","datePublished":"2021-07-19T12:37:31+00:00","dateModified":"2021-07-19T17:44:17+00:00","mainEntityOfPage":{"@id":"https:\/\/www.africa-press.net\/centrafricaine\/politique\/ippy-un-homme-confondu-avec-le-journaliste-moise-banafio-a-ete-grievement-agresse-et-place-en-detention-par-les-soldats-faca"},"wordCount":395,"commentCount":0,"image":{"@id":"https:\/\/www.africa-press.net\/centrafricaine\/politique\/ippy-un-homme-confondu-avec-le-journaliste-moise-banafio-a-ete-grievement-agresse-et-place-en-detention-par-les-soldats-faca#primaryimage"},"thumbnailUrl":"https:\/\/static.africa-press.net\/centrafricaine\/sites\/45\/2021\/07\/img-60f5710f5b9af.jpg","keywords":["Africa Press","Africa Press-CentrAfricaine","CentrAfricaine"],"articleSection":["homepage-french","Politique","Top Nouvelles","Toutes les actualit\u00e9s"],"inLanguage":"fr-FR","potentialAction":[{"@type":"CommentAction","name":"Comment","target":["https:\/\/www.africa-press.net\/centrafricaine\/politique\/ippy-un-homme-confondu-avec-le-journaliste-moise-banafio-a-ete-grievement-agresse-et-place-en-detention-par-les-soldats-faca#respond"]}]},{"@type":"WebPage","@id":"https:\/\/www.africa-press.net\/centrafricaine\/politique\/ippy-un-homme-confondu-avec-le-journaliste-moise-banafio-a-ete-grievement-agresse-et-place-en-detention-par-les-soldats-faca","url":"https:\/\/www.africa-press.net\/centrafricaine\/politique\/ippy-un-homme-confondu-avec-le-journaliste-moise-banafio-a-ete-grievement-agresse-et-place-en-detention-par-les-soldats-faca","name":"Ippy, un homme confondu avec le journaliste Mo\u00efse Banafio a \u00e9t\u00e9 gri\u00e8vement agress\u00e9 et plac\u00e9 en d\u00e9tention par les soldats FACA - centrafricaine","isPartOf":{"@id":"https:\/\/www.africa-press.net\/centrafricaine\/#website"},"primaryImageOfPage":{"@id":"https:\/\/www.africa-press.net\/centrafricaine\/politique\/ippy-un-homme-confondu-avec-le-journaliste-moise-banafio-a-ete-grievement-agresse-et-place-en-detention-par-les-soldats-faca#primaryimage"},"image":{"@id":"https:\/\/www.africa-press.net\/centrafricaine\/politique\/ippy-un-homme-confondu-avec-le-journaliste-moise-banafio-a-ete-grievement-agresse-et-place-en-detention-par-les-soldats-faca#primaryimage"},"thumbnailUrl":"https:\/\/static.africa-press.net\/centrafricaine\/sites\/45\/2021\/07\/img-60f5710f5b9af.jpg","datePublished":"2021-07-19T12:37:31+00:00","dateModified":"2021-07-19T17:44:17+00:00","author":{"@id":"https:\/\/www.africa-press.net\/centrafricaine\/#\/schema\/person\/2b1cf3cd81a31e3cd26889ca66d677f1"},"description":"Bangui, R\u00e9publique centrafricaine, lundi, 19 juillet 2021, 06:23:18 ( Corbeaunews-Centrafrique ). La v\u00e9ritable c ...","breadcrumb":{"@id":"https:\/\/www.africa-press.net\/centrafricaine\/politique\/ippy-un-homme-confondu-avec-le-journaliste-moise-banafio-a-ete-grievement-agresse-et-place-en-detention-par-les-soldats-faca#breadcrumb"},"inLanguage":"fr-FR","potentialAction":[{"@type":"ReadAction","target":["https:\/\/www.africa-press.net\/centrafricaine\/politique\/ippy-un-homme-confondu-avec-le-journaliste-moise-banafio-a-ete-grievement-agresse-et-place-en-detention-par-les-soldats-faca"]}]},{"@type":"ImageObject","inLanguage":"fr-FR","@id":"https:\/\/www.africa-press.net\/centrafricaine\/politique\/ippy-un-homme-confondu-avec-le-journaliste-moise-banafio-a-ete-grievement-agresse-et-place-en-detention-par-les-soldats-faca#primaryimage","url":"https:\/\/static.africa-press.net\/centrafricaine\/sites\/45\/2021\/07\/img-60f5710f5b9af.jpg","contentUrl":"https:\/\/static.africa-press.net\/centrafricaine\/sites\/45\/2021\/07\/img-60f5710f5b9af.jpg","width":720,"height":406,"caption":"Ippy, un homme confondu avec le journaliste Mo\u00efse Banafio a \u00e9t\u00e9 gri\u00e8vement agress\u00e9 et plac\u00e9 en d\u00e9tention par les soldats FACA"},{"@type":"BreadcrumbList","@id":"https:\/\/www.africa-press.net\/centrafricaine\/politique\/ippy-un-homme-confondu-avec-le-journaliste-moise-banafio-a-ete-grievement-agresse-et-place-en-detention-par-les-soldats-faca#breadcrumb","itemListElement":[{"@type":"ListItem","position":1,"name":"Accueil","item":"https:\/\/www.africa-press.net\/centrafricaine\/"},{"@type":"ListItem","position":2,"name":"Ippy, un homme confondu avec le journaliste Mo\u00efse Banafio a \u00e9t\u00e9 gri\u00e8vement agress\u00e9 et plac\u00e9 en d\u00e9tention par les soldats FACA"}]},{"@type":"WebSite","@id":"https:\/\/www.africa-press.net\/centrafricaine\/#website","url":"https:\/\/www.africa-press.net\/centrafricaine\/","name":"centrafricaine","description":"Just another Africa News Agency Sites site","potentialAction":[{"@type":"SearchAction","target":{"@type":"EntryPoint","urlTemplate":"https:\/\/www.africa-press.net\/centrafricaine\/?s={search_term_string}"},"query-input":{"@type":"PropertyValueSpecification","valueRequired":true,"valueName":"search_term_string"}}],"inLanguage":"fr-FR"},{"@type":"Person","@id":"https:\/\/www.africa-press.net\/centrafricaine\/#\/schema\/person\/2b1cf3cd81a31e3cd26889ca66d677f1","name":"cfeditorfr"}]}},"_links":{"self":[{"href":"https:\/\/www.africa-press.net\/centrafricaine\/wp-json\/wp\/v2\/posts\/8996","targetHints":{"allow":["GET"]}}],"collection":[{"href":"https:\/\/www.africa-press.net\/centrafricaine\/wp-json\/wp\/v2\/posts"}],"about":[{"href":"https:\/\/www.africa-press.net\/centrafricaine\/wp-json\/wp\/v2\/types\/post"}],"author":[{"embeddable":true,"href":"https:\/\/www.africa-press.net\/centrafricaine\/wp-json\/wp\/v2\/users\/82"}],"replies":[{"embeddable":true,"href":"https:\/\/www.africa-press.net\/centrafricaine\/wp-json\/wp\/v2\/comments?post=8996"}],"version-history":[{"count":0,"href":"https:\/\/www.africa-press.net\/centrafricaine\/wp-json\/wp\/v2\/posts\/8996\/revisions"}],"wp:featuredmedia":[{"embeddable":true,"href":"https:\/\/www.africa-press.net\/centrafricaine\/wp-json\/wp\/v2\/media\/8995"}],"wp:attachment":[{"href":"https:\/\/www.africa-press.net\/centrafricaine\/wp-json\/wp\/v2\/media?parent=8996"}],"wp:term":[{"taxonomy":"category","embeddable":true,"href":"https:\/\/www.africa-press.net\/centrafricaine\/wp-json\/wp\/v2\/categories?post=8996"},{"taxonomy":"post_tag","embeddable":true,"href":"https:\/\/www.africa-press.net\/centrafricaine\/wp-json\/wp\/v2\/tags?post=8996"}],"curies":[{"name":"wp","href":"https:\/\/api.w.org\/{rel}","templated":true}]}}