{"id":9002,"date":"2021-07-19T12:52:57","date_gmt":"2021-07-19T12:52:57","guid":{"rendered":"https:\/\/www.africa-press.net\/centrafricaine\/?p=9002"},"modified":"2021-07-19T17:44:44","modified_gmt":"2021-07-19T17:44:44","slug":"rca-ndele-les-combattants-rebelles-de-la-cpc-accuses-de-pillage-dans-le-village-miamani","status":"publish","type":"post","link":"https:\/\/www.africa-press.net\/centrafricaine\/politique\/rca-ndele-les-combattants-rebelles-de-la-cpc-accuses-de-pillage-dans-le-village-miamani","title":{"rendered":"Nd\u00e9l\u00e9, les combattants rebelles de la  CPC accus\u00e9s de pillage dans le village Miamani"},"content":{"rendered":"<p><span style=\"color: #ff6600\"><strong><a href=\"https:\/\/www.africa-press.net\/\">Africa-Press<\/a> &#8211; <a href=\"https:\/\/www.africa-press.net\/centrafricaine\">CentrAfricaine<\/a>. <\/strong><\/span>\u00a0Le jeudi 15 juillet dernier, une incursion des hommes lourdement arm\u00e9s, identifi\u00e9s formellement comme des combattants rebelles de la coalition des patriotes pour le changement (CPC) a \u00e9t\u00e9 signal\u00e9e dans le village Miamani, situ\u00e9 \u00e0 environ 125 kilom\u00e8tres de Nd\u00e9l\u00e9 sur l\u2019axe Golongosso. Les populations d\u00e9noncent des exactions commises par les assaillants.<\/p>\n<p><b>Selon des informations recueillies sur place,<\/b><\/p>\n<p>une dizaine des individus arm\u00e9s, identifi\u00e9s formellement comme des rebelles du CPC auraient fait une incursion jeudi dans le village Miamani. Les assaillants auraient pill\u00e9 plusieurs boutiques et braqu\u00e9 des particuliers avant de quitter le lieu quelques minutes plus tard. Aucun cas d\u2019agression physique n\u2019a \u00e9t\u00e9 signal\u00e9. Mais les populations, victimes \u00e0 r\u00e9p\u00e9tition des actes criminels de ces malfrats, appellent le gouvernement \u00e0 l\u2019aide pour la s\u00e9curisation de la zone. Selon l\u2019\u00c9tat major militaire de la zone de d\u00e9fense du Nord, les soldats FACA devraient \u00eatre d\u00e9ploy\u00e9s dans le village pour tenter de rassurer les populations, mais quant tenu de l\u2019insuffisance des moyens logistiques militaires, ce d\u00e9tachement a \u00e9t\u00e9 report\u00e9 \u00e0 une date ult\u00e9rieure.<\/p>\n<p>Rappelons que la ville de Nd\u00e9l\u00e9, autrefois bastion du Front populaire pour la renaissance de Centrafrique (FPRC) de Nourredine ADAM, est d\u00e9sormais sous contr\u00f4le des soldats FACA et de leurs alli\u00e9s russes et rwandais.<\/p>\n<p><b>\u00a0<\/b><\/p>\n","protected":false},"excerpt":{"rendered":"<p>Africa-Press &#8211; CentrAfricaine. \u00a0Le jeudi 15 juillet dernier, une incursion des hommes lourdement arm\u00e9s, identifi\u00e9s formellement comme des combattants rebelles de la coalition des patriotes pour le changement (CPC) a \u00e9t\u00e9 signal\u00e9e dans le village Miamani, situ\u00e9 \u00e0 environ 125 kilom\u00e8tres de Nd\u00e9l\u00e9 sur l\u2019axe Golongosso. Les populations d\u00e9noncent des exactions commises par les assaillants. [&hellip;]<\/p>\n","protected":false},"author":82,"featured_media":9001,"comment_status":"open","ping_status":"closed","sticky":false,"template":"","format":"standard","meta":{"footnotes":""},"categories":[11,2,10],"tags":[36,58,30],"class_list":["post-9002","post","type-post","status-publish","format-standard","has-post-thumbnail","hentry","category-homepage-french","category-politique","category-toutes-les-actualites","tag-africa-press","tag-africa-press-centrafricaine","tag-centrafricaine"],"yoast_head":"<!-- This site is optimized with the Yoast SEO Premium plugin v26.1 (Yoast SEO v27.0) - https:\/\/yoast.com\/product\/yoast-seo-premium-wordpress\/ -->\n<title>Nd\u00e9l\u00e9, les combattants rebelles de la CPC accus\u00e9s de pillage dans le village Miamani - centrafricaine<\/title>\n<meta name=\"description\" content=\"Bangui, R\u00e9publique centrafricaine, lundi, 19 juillet 2021, 03:43:09 ( Corbeaunews-Centrafrique ). Le jeudi 15 ...\" \/>\n<meta name=\"robots\" content=\"index, follow, max-snippet:-1, max-image-preview:large, max-video-preview:-1\" \/>\n<link rel=\"canonical\" href=\"https:\/\/www.africa-press.net\/centrafricaine\/politique\/rca-ndele-les-combattants-rebelles-de-la-cpc-accuses-de-pillage-dans-le-village-miamani\" \/>\n<meta property=\"og:locale\" content=\"fr_FR\" \/>\n<meta property=\"og:type\" content=\"article\" \/>\n<meta property=\"og:title\" content=\"Nd\u00e9l\u00e9, les combattants rebelles de la CPC accus\u00e9s de pillage dans le village Miamani\" \/>\n<meta property=\"og:description\" content=\"Bangui, R\u00e9publique centrafricaine, lundi, 19 juillet 2021, 03:43:09 ( Corbeaunews-Centrafrique ). Le jeudi 15 ...\" \/>\n<meta property=\"og:url\" content=\"https:\/\/www.africa-press.net\/centrafricaine\/politique\/rca-ndele-les-combattants-rebelles-de-la-cpc-accuses-de-pillage-dans-le-village-miamani\" \/>\n<meta property=\"og:site_name\" content=\"centrafricaine\" \/>\n<meta property=\"article:published_time\" content=\"2021-07-19T12:52:57+00:00\" \/>\n<meta property=\"article:modified_time\" content=\"2021-07-19T17:44:44+00:00\" \/>\n<meta property=\"og:image\" content=\"https:\/\/static.africa-press.net\/centrafricaine\/sites\/45\/2021\/07\/img-60f571a1031ed.jpg\" \/>\n\t<meta property=\"og:image:width\" content=\"750\" \/>\n\t<meta property=\"og:image:height\" content=\"406\" \/>\n\t<meta property=\"og:image:type\" content=\"image\/jpeg\" \/>\n<meta name=\"author\" content=\"cfeditorfr\" \/>\n<meta name=\"twitter:card\" content=\"summary_large_image\" \/>\n<meta name=\"twitter:label1\" content=\"\u00c9crit par\" \/>\n\t<meta name=\"twitter:data1\" content=\"cfeditorfr\" \/>\n\t<meta name=\"twitter:label2\" content=\"Dur\u00e9e de lecture estim\u00e9e\" \/>\n\t<meta name=\"twitter:data2\" content=\"1 minute\" \/>\n<script type=\"application\/ld+json\" class=\"yoast-schema-graph\">{\"@context\":\"https:\/\/schema.org\",\"@graph\":[{\"@type\":\"Article\",\"@id\":\"https:\/\/www.africa-press.net\/centrafricaine\/politique\/rca-ndele-les-combattants-rebelles-de-la-cpc-accuses-de-pillage-dans-le-village-miamani#article\",\"isPartOf\":{\"@id\":\"https:\/\/www.africa-press.net\/centrafricaine\/politique\/rca-ndele-les-combattants-rebelles-de-la-cpc-accuses-de-pillage-dans-le-village-miamani\"},\"author\":{\"name\":\"cfeditorfr\",\"@id\":\"https:\/\/www.africa-press.net\/centrafricaine\/#\/schema\/person\/2b1cf3cd81a31e3cd26889ca66d677f1\"},\"headline\":\"Nd\u00e9l\u00e9, les combattants rebelles de la CPC accus\u00e9s de pillage dans le village Miamani\",\"datePublished\":\"2021-07-19T12:52:57+00:00\",\"dateModified\":\"2021-07-19T17:44:44+00:00\",\"mainEntityOfPage\":{\"@id\":\"https:\/\/www.africa-press.net\/centrafricaine\/politique\/rca-ndele-les-combattants-rebelles-de-la-cpc-accuses-de-pillage-dans-le-village-miamani\"},\"wordCount\":245,\"commentCount\":0,\"image\":{\"@id\":\"https:\/\/www.africa-press.net\/centrafricaine\/politique\/rca-ndele-les-combattants-rebelles-de-la-cpc-accuses-de-pillage-dans-le-village-miamani#primaryimage\"},\"thumbnailUrl\":\"https:\/\/static.africa-press.net\/centrafricaine\/sites\/45\/2021\/07\/img-60f571a1031ed.jpg\",\"keywords\":[\"Africa Press\",\"Africa Press-CentrAfricaine\",\"CentrAfricaine\"],\"articleSection\":[\"homepage-french\",\"Politique\",\"Toutes les actualit\u00e9s\"],\"inLanguage\":\"fr-FR\",\"potentialAction\":[{\"@type\":\"CommentAction\",\"name\":\"Comment\",\"target\":[\"https:\/\/www.africa-press.net\/centrafricaine\/politique\/rca-ndele-les-combattants-rebelles-de-la-cpc-accuses-de-pillage-dans-le-village-miamani#respond\"]}]},{\"@type\":\"WebPage\",\"@id\":\"https:\/\/www.africa-press.net\/centrafricaine\/politique\/rca-ndele-les-combattants-rebelles-de-la-cpc-accuses-de-pillage-dans-le-village-miamani\",\"url\":\"https:\/\/www.africa-press.net\/centrafricaine\/politique\/rca-ndele-les-combattants-rebelles-de-la-cpc-accuses-de-pillage-dans-le-village-miamani\",\"name\":\"Nd\u00e9l\u00e9, les combattants rebelles de la CPC accus\u00e9s de pillage dans le village Miamani - centrafricaine\",\"isPartOf\":{\"@id\":\"https:\/\/www.africa-press.net\/centrafricaine\/#website\"},\"primaryImageOfPage\":{\"@id\":\"https:\/\/www.africa-press.net\/centrafricaine\/politique\/rca-ndele-les-combattants-rebelles-de-la-cpc-accuses-de-pillage-dans-le-village-miamani#primaryimage\"},\"image\":{\"@id\":\"https:\/\/www.africa-press.net\/centrafricaine\/politique\/rca-ndele-les-combattants-rebelles-de-la-cpc-accuses-de-pillage-dans-le-village-miamani#primaryimage\"},\"thumbnailUrl\":\"https:\/\/static.africa-press.net\/centrafricaine\/sites\/45\/2021\/07\/img-60f571a1031ed.jpg\",\"datePublished\":\"2021-07-19T12:52:57+00:00\",\"dateModified\":\"2021-07-19T17:44:44+00:00\",\"author\":{\"@id\":\"https:\/\/www.africa-press.net\/centrafricaine\/#\/schema\/person\/2b1cf3cd81a31e3cd26889ca66d677f1\"},\"description\":\"Bangui, R\u00e9publique centrafricaine, lundi, 19 juillet 2021, 03:43:09 ( Corbeaunews-Centrafrique ). Le jeudi 15 ...\",\"breadcrumb\":{\"@id\":\"https:\/\/www.africa-press.net\/centrafricaine\/politique\/rca-ndele-les-combattants-rebelles-de-la-cpc-accuses-de-pillage-dans-le-village-miamani#breadcrumb\"},\"inLanguage\":\"fr-FR\",\"potentialAction\":[{\"@type\":\"ReadAction\",\"target\":[\"https:\/\/www.africa-press.net\/centrafricaine\/politique\/rca-ndele-les-combattants-rebelles-de-la-cpc-accuses-de-pillage-dans-le-village-miamani\"]}]},{\"@type\":\"ImageObject\",\"inLanguage\":\"fr-FR\",\"@id\":\"https:\/\/www.africa-press.net\/centrafricaine\/politique\/rca-ndele-les-combattants-rebelles-de-la-cpc-accuses-de-pillage-dans-le-village-miamani#primaryimage\",\"url\":\"https:\/\/static.africa-press.net\/centrafricaine\/sites\/45\/2021\/07\/img-60f571a1031ed.jpg\",\"contentUrl\":\"https:\/\/static.africa-press.net\/centrafricaine\/sites\/45\/2021\/07\/img-60f571a1031ed.jpg\",\"width\":750,\"height\":406,\"caption\":\"RCA\u00a0: Nd\u00e9l\u00e9, les combattants rebelles de la CPC accus\u00e9s de pillage dans le village Miamani\"},{\"@type\":\"BreadcrumbList\",\"@id\":\"https:\/\/www.africa-press.net\/centrafricaine\/politique\/rca-ndele-les-combattants-rebelles-de-la-cpc-accuses-de-pillage-dans-le-village-miamani#breadcrumb\",\"itemListElement\":[{\"@type\":\"ListItem\",\"position\":1,\"name\":\"Accueil\",\"item\":\"https:\/\/www.africa-press.net\/centrafricaine\/\"},{\"@type\":\"ListItem\",\"position\":2,\"name\":\"Nd\u00e9l\u00e9, les combattants rebelles de la CPC accus\u00e9s de pillage dans le village Miamani\"}]},{\"@type\":\"WebSite\",\"@id\":\"https:\/\/www.africa-press.net\/centrafricaine\/#website\",\"url\":\"https:\/\/www.africa-press.net\/centrafricaine\/\",\"name\":\"centrafricaine\",\"description\":\"Just another Africa News Agency Sites site\",\"potentialAction\":[{\"@type\":\"SearchAction\",\"target\":{\"@type\":\"EntryPoint\",\"urlTemplate\":\"https:\/\/www.africa-press.net\/centrafricaine\/?s={search_term_string}\"},\"query-input\":{\"@type\":\"PropertyValueSpecification\",\"valueRequired\":true,\"valueName\":\"search_term_string\"}}],\"inLanguage\":\"fr-FR\"},{\"@type\":\"Person\",\"@id\":\"https:\/\/www.africa-press.net\/centrafricaine\/#\/schema\/person\/2b1cf3cd81a31e3cd26889ca66d677f1\",\"name\":\"cfeditorfr\"}]}<\/script>\n<!-- \/ Yoast SEO Premium plugin. -->","yoast_head_json":{"title":"Nd\u00e9l\u00e9, les combattants rebelles de la CPC accus\u00e9s de pillage dans le village Miamani - centrafricaine","description":"Bangui, R\u00e9publique centrafricaine, lundi, 19 juillet 2021, 03:43:09 ( Corbeaunews-Centrafrique ). Le jeudi 15 ...","robots":{"index":"index","follow":"follow","max-snippet":"max-snippet:-1","max-image-preview":"max-image-preview:large","max-video-preview":"max-video-preview:-1"},"canonical":"https:\/\/www.africa-press.net\/centrafricaine\/politique\/rca-ndele-les-combattants-rebelles-de-la-cpc-accuses-de-pillage-dans-le-village-miamani","og_locale":"fr_FR","og_type":"article","og_title":"Nd\u00e9l\u00e9, les combattants rebelles de la CPC accus\u00e9s de pillage dans le village Miamani","og_description":"Bangui, R\u00e9publique centrafricaine, lundi, 19 juillet 2021, 03:43:09 ( Corbeaunews-Centrafrique ). Le jeudi 15 ...","og_url":"https:\/\/www.africa-press.net\/centrafricaine\/politique\/rca-ndele-les-combattants-rebelles-de-la-cpc-accuses-de-pillage-dans-le-village-miamani","og_site_name":"centrafricaine","article_published_time":"2021-07-19T12:52:57+00:00","article_modified_time":"2021-07-19T17:44:44+00:00","og_image":[{"width":750,"height":406,"url":"https:\/\/static.africa-press.net\/centrafricaine\/sites\/45\/2021\/07\/img-60f571a1031ed.jpg","type":"image\/jpeg"}],"author":"cfeditorfr","twitter_card":"summary_large_image","twitter_misc":{"\u00c9crit par":"cfeditorfr","Dur\u00e9e de lecture estim\u00e9e":"1 minute"},"schema":{"@context":"https:\/\/schema.org","@graph":[{"@type":"Article","@id":"https:\/\/www.africa-press.net\/centrafricaine\/politique\/rca-ndele-les-combattants-rebelles-de-la-cpc-accuses-de-pillage-dans-le-village-miamani#article","isPartOf":{"@id":"https:\/\/www.africa-press.net\/centrafricaine\/politique\/rca-ndele-les-combattants-rebelles-de-la-cpc-accuses-de-pillage-dans-le-village-miamani"},"author":{"name":"cfeditorfr","@id":"https:\/\/www.africa-press.net\/centrafricaine\/#\/schema\/person\/2b1cf3cd81a31e3cd26889ca66d677f1"},"headline":"Nd\u00e9l\u00e9, les combattants rebelles de la CPC accus\u00e9s de pillage dans le village Miamani","datePublished":"2021-07-19T12:52:57+00:00","dateModified":"2021-07-19T17:44:44+00:00","mainEntityOfPage":{"@id":"https:\/\/www.africa-press.net\/centrafricaine\/politique\/rca-ndele-les-combattants-rebelles-de-la-cpc-accuses-de-pillage-dans-le-village-miamani"},"wordCount":245,"commentCount":0,"image":{"@id":"https:\/\/www.africa-press.net\/centrafricaine\/politique\/rca-ndele-les-combattants-rebelles-de-la-cpc-accuses-de-pillage-dans-le-village-miamani#primaryimage"},"thumbnailUrl":"https:\/\/static.africa-press.net\/centrafricaine\/sites\/45\/2021\/07\/img-60f571a1031ed.jpg","keywords":["Africa Press","Africa Press-CentrAfricaine","CentrAfricaine"],"articleSection":["homepage-french","Politique","Toutes les actualit\u00e9s"],"inLanguage":"fr-FR","potentialAction":[{"@type":"CommentAction","name":"Comment","target":["https:\/\/www.africa-press.net\/centrafricaine\/politique\/rca-ndele-les-combattants-rebelles-de-la-cpc-accuses-de-pillage-dans-le-village-miamani#respond"]}]},{"@type":"WebPage","@id":"https:\/\/www.africa-press.net\/centrafricaine\/politique\/rca-ndele-les-combattants-rebelles-de-la-cpc-accuses-de-pillage-dans-le-village-miamani","url":"https:\/\/www.africa-press.net\/centrafricaine\/politique\/rca-ndele-les-combattants-rebelles-de-la-cpc-accuses-de-pillage-dans-le-village-miamani","name":"Nd\u00e9l\u00e9, les combattants rebelles de la CPC accus\u00e9s de pillage dans le village Miamani - centrafricaine","isPartOf":{"@id":"https:\/\/www.africa-press.net\/centrafricaine\/#website"},"primaryImageOfPage":{"@id":"https:\/\/www.africa-press.net\/centrafricaine\/politique\/rca-ndele-les-combattants-rebelles-de-la-cpc-accuses-de-pillage-dans-le-village-miamani#primaryimage"},"image":{"@id":"https:\/\/www.africa-press.net\/centrafricaine\/politique\/rca-ndele-les-combattants-rebelles-de-la-cpc-accuses-de-pillage-dans-le-village-miamani#primaryimage"},"thumbnailUrl":"https:\/\/static.africa-press.net\/centrafricaine\/sites\/45\/2021\/07\/img-60f571a1031ed.jpg","datePublished":"2021-07-19T12:52:57+00:00","dateModified":"2021-07-19T17:44:44+00:00","author":{"@id":"https:\/\/www.africa-press.net\/centrafricaine\/#\/schema\/person\/2b1cf3cd81a31e3cd26889ca66d677f1"},"description":"Bangui, R\u00e9publique centrafricaine, lundi, 19 juillet 2021, 03:43:09 ( Corbeaunews-Centrafrique ). Le jeudi 15 ...","breadcrumb":{"@id":"https:\/\/www.africa-press.net\/centrafricaine\/politique\/rca-ndele-les-combattants-rebelles-de-la-cpc-accuses-de-pillage-dans-le-village-miamani#breadcrumb"},"inLanguage":"fr-FR","potentialAction":[{"@type":"ReadAction","target":["https:\/\/www.africa-press.net\/centrafricaine\/politique\/rca-ndele-les-combattants-rebelles-de-la-cpc-accuses-de-pillage-dans-le-village-miamani"]}]},{"@type":"ImageObject","inLanguage":"fr-FR","@id":"https:\/\/www.africa-press.net\/centrafricaine\/politique\/rca-ndele-les-combattants-rebelles-de-la-cpc-accuses-de-pillage-dans-le-village-miamani#primaryimage","url":"https:\/\/static.africa-press.net\/centrafricaine\/sites\/45\/2021\/07\/img-60f571a1031ed.jpg","contentUrl":"https:\/\/static.africa-press.net\/centrafricaine\/sites\/45\/2021\/07\/img-60f571a1031ed.jpg","width":750,"height":406,"caption":"RCA\u00a0: Nd\u00e9l\u00e9, les combattants rebelles de la CPC accus\u00e9s de pillage dans le village Miamani"},{"@type":"BreadcrumbList","@id":"https:\/\/www.africa-press.net\/centrafricaine\/politique\/rca-ndele-les-combattants-rebelles-de-la-cpc-accuses-de-pillage-dans-le-village-miamani#breadcrumb","itemListElement":[{"@type":"ListItem","position":1,"name":"Accueil","item":"https:\/\/www.africa-press.net\/centrafricaine\/"},{"@type":"ListItem","position":2,"name":"Nd\u00e9l\u00e9, les combattants rebelles de la CPC accus\u00e9s de pillage dans le village Miamani"}]},{"@type":"WebSite","@id":"https:\/\/www.africa-press.net\/centrafricaine\/#website","url":"https:\/\/www.africa-press.net\/centrafricaine\/","name":"centrafricaine","description":"Just another Africa News Agency Sites site","potentialAction":[{"@type":"SearchAction","target":{"@type":"EntryPoint","urlTemplate":"https:\/\/www.africa-press.net\/centrafricaine\/?s={search_term_string}"},"query-input":{"@type":"PropertyValueSpecification","valueRequired":true,"valueName":"search_term_string"}}],"inLanguage":"fr-FR"},{"@type":"Person","@id":"https:\/\/www.africa-press.net\/centrafricaine\/#\/schema\/person\/2b1cf3cd81a31e3cd26889ca66d677f1","name":"cfeditorfr"}]}},"_links":{"self":[{"href":"https:\/\/www.africa-press.net\/centrafricaine\/wp-json\/wp\/v2\/posts\/9002","targetHints":{"allow":["GET"]}}],"collection":[{"href":"https:\/\/www.africa-press.net\/centrafricaine\/wp-json\/wp\/v2\/posts"}],"about":[{"href":"https:\/\/www.africa-press.net\/centrafricaine\/wp-json\/wp\/v2\/types\/post"}],"author":[{"embeddable":true,"href":"https:\/\/www.africa-press.net\/centrafricaine\/wp-json\/wp\/v2\/users\/82"}],"replies":[{"embeddable":true,"href":"https:\/\/www.africa-press.net\/centrafricaine\/wp-json\/wp\/v2\/comments?post=9002"}],"version-history":[{"count":0,"href":"https:\/\/www.africa-press.net\/centrafricaine\/wp-json\/wp\/v2\/posts\/9002\/revisions"}],"wp:featuredmedia":[{"embeddable":true,"href":"https:\/\/www.africa-press.net\/centrafricaine\/wp-json\/wp\/v2\/media\/9001"}],"wp:attachment":[{"href":"https:\/\/www.africa-press.net\/centrafricaine\/wp-json\/wp\/v2\/media?parent=9002"}],"wp:term":[{"taxonomy":"category","embeddable":true,"href":"https:\/\/www.africa-press.net\/centrafricaine\/wp-json\/wp\/v2\/categories?post=9002"},{"taxonomy":"post_tag","embeddable":true,"href":"https:\/\/www.africa-press.net\/centrafricaine\/wp-json\/wp\/v2\/tags?post=9002"}],"curies":[{"name":"wp","href":"https:\/\/api.w.org\/{rel}","templated":true}]}}